{"id":5845,"date":"2025-05-29T18:59:43","date_gmt":"2025-05-29T16:59:43","guid":{"rendered":"https:\/\/m8.mech.pk.edu.pl\/?p=5845"},"modified":"2025-05-29T19:32:52","modified_gmt":"2025-05-29T17:32:52","slug":"katedra-pojazdow-szynowych-i-transportu-pk-partnerem-iv-ogolnopolskiego-zjazdu-uczniow-klas-kolejowych-w-krakowie","status":"publish","type":"post","link":"https:\/\/m8.mech.pk.edu.pl\/index.php\/2025\/05\/29\/katedra-pojazdow-szynowych-i-transportu-pk-partnerem-iv-ogolnopolskiego-zjazdu-uczniow-klas-kolejowych-w-krakowie\/","title":{"rendered":"Katedra Pojazd\u00f3w Szynowych i Transportu PK Partnerem IV Og\u00f3lnopolskiego Zjazdu Uczni\u00f3w Klas Kolejowych w Krakowie"},"content":{"rendered":"\n<p><\/p>\n\n\n\n<p>Katedra Pojazd\u00f3w Szynowych i Transportu PK by\u0142a partnerem IV edycji Og\u00f3lnopolskiego Zjazdu Uczni\u00f3w Klas Kolejowych zorganizowanego przez Technikum Komunikacyjne nr 25 &#8211; <a href=\"https:\/\/tk.krakow.pl\/zjazdy-kolejowe\" target=\"_blank\" rel=\"noreferrer noopener\">https:\/\/tk.krakow.pl\/zjazdy-kolejowe<\/a>, kt\u00f3ry odby\u0142 si\u0119 w Krakowie, w dniach 28-29 maja 2025 r.<br>W wydarzeniu uczestniczyli nauczyciele i uczniowie szk\u00f3\u0142 \u015brednich kszta\u0142c\u0105cych w zawodach zwi\u0105zanych z kolejnictwem m.in. z Krakowa, Warszawy, Rzeszowa, Katowic, Sosnowca, Jastrz\u0119bia -Zdr\u00f3j, \u0141az i E\u0142ku.<\/p>\n\n\n\n<!--more-->\n\n\n\n<p>W pierwszym dniu wydarzeniu program obejmowa\u0142 referat dr in\u017c. Macieja Michneja z M-08 nt.: \u201eNowoczesne metody badania zu\u017cycia i uszkodze\u0144 pojazd\u00f3w szynowych\u201d, natomiast w drugim dniu uczestnicy Zjazdu zostali zaproszeni na Wydzia\u0142 Mechaniczny PK w celu prezentacji oferty dydaktycznej i badawczej w obszarze pojazd\u00f3w szynowych i logistyki kolejowej, kt\u00f3ra zosta\u0142a zaprezentowana przez dr hab. in\u017c. Macieja Szkod\u0119, prof. PK, lic. Agnieszk\u0119 Mo\u015bcick\u0105 i dr Macieja G\u00f3rowskiego.<\/p>\n\n\n\n<p>Poza wyk\u0142adami, uczestnicy Zjazdu przy wsparciu mgr in\u017c. Aleksandry Lisowskiej i mgr in\u017c. Bart\u0142omieja Romowicza mieli okazj\u0119 zapozna\u0107 si\u0119 z wybranymi laboratoriami Wydzia\u0142u Mechanicznego, m.in.: Symulatorem Tramwaju NGT6, Stanowiskiem eksploatacji pojazd\u00f3w i zarz\u0105dzania ruchem kolejowym (M-08), Laboratorium Bada\u0144 Technoklimatycznych (M-11) oraz edukacyjn\u0105 lini\u0105 przemys\u0142ow\u0105 (M-06).<\/p>\n\n\n\n<p>Cieszymy si\u0119, \u017ce Katedra Pojazd\u00f3w Szynowych i Transportu PK po raz kolejny mog\u0142a by\u0107 cz\u0119\u015bci\u0105 tego wydarzenia i zainspirowa\u0107 mi\u0142o\u015bnik\u00f3w kolei nowo\u015bciami technicznymi oraz kontynuowaniem edukacji na kierunkowych studiach wy\u017cszych.<\/p>\n\n\n\n<figure class=\"wp-block-gallery has-nested-images columns-default is-cropped wp-block-gallery-1 is-layout-flex wp-block-gallery-is-layout-flex\">\n<figure class=\"wp-block-image size-large\"><img loading=\"lazy\" decoding=\"async\" width=\"1024\" height=\"576\" data-id=\"5846\" src=\"https:\/\/m8.mech.pk.edu.pl\/wp-content\/uploads\/2025\/05\/IMG-20250529-WA0004-1024x576.jpg\" alt=\"\" class=\"wp-image-5846\" srcset=\"https:\/\/m8.mech.pk.edu.pl\/wp-content\/uploads\/2025\/05\/IMG-20250529-WA0004-1024x576.jpg 1024w, https:\/\/m8.mech.pk.edu.pl\/wp-content\/uploads\/2025\/05\/IMG-20250529-WA0004-300x169.jpg 300w, https:\/\/m8.mech.pk.edu.pl\/wp-content\/uploads\/2025\/05\/IMG-20250529-WA0004-768x432.jpg 768w, https:\/\/m8.mech.pk.edu.pl\/wp-content\/uploads\/2025\/05\/IMG-20250529-WA0004.jpg 1200w\" sizes=\"auto, (max-width: 1024px) 100vw, 1024px\" \/><\/figure>\n\n\n\n<figure class=\"wp-block-image size-large\"><img loading=\"lazy\" decoding=\"async\" width=\"1024\" height=\"576\" data-id=\"5858\" src=\"https:\/\/m8.mech.pk.edu.pl\/wp-content\/uploads\/2025\/05\/Zdj1-1024x576.jpg\" alt=\"\" class=\"wp-image-5858\" srcset=\"https:\/\/m8.mech.pk.edu.pl\/wp-content\/uploads\/2025\/05\/Zdj1-1024x576.jpg 1024w, https:\/\/m8.mech.pk.edu.pl\/wp-content\/uploads\/2025\/05\/Zdj1-300x169.jpg 300w, https:\/\/m8.mech.pk.edu.pl\/wp-content\/uploads\/2025\/05\/Zdj1-768x432.jpg 768w, https:\/\/m8.mech.pk.edu.pl\/wp-content\/uploads\/2025\/05\/Zdj1.jpg 1200w\" sizes=\"auto, (max-width: 1024px) 100vw, 1024px\" \/><\/figure>\n\n\n\n<figure class=\"wp-block-image size-large\"><img loading=\"lazy\" decoding=\"async\" width=\"1024\" height=\"576\" data-id=\"5847\" src=\"https:\/\/m8.mech.pk.edu.pl\/wp-content\/uploads\/2025\/05\/IMG-20250529-WA0015-1024x576.jpg\" alt=\"\" class=\"wp-image-5847\" srcset=\"https:\/\/m8.mech.pk.edu.pl\/wp-content\/uploads\/2025\/05\/IMG-20250529-WA0015-1024x576.jpg 1024w, https:\/\/m8.mech.pk.edu.pl\/wp-content\/uploads\/2025\/05\/IMG-20250529-WA0015-300x169.jpg 300w, https:\/\/m8.mech.pk.edu.pl\/wp-content\/uploads\/2025\/05\/IMG-20250529-WA0015-768x432.jpg 768w, https:\/\/m8.mech.pk.edu.pl\/wp-content\/uploads\/2025\/05\/IMG-20250529-WA0015.jpg 1200w\" sizes=\"auto, (max-width: 1024px) 100vw, 1024px\" \/><\/figure>\n\n\n\n<figure class=\"wp-block-image size-large\"><img loading=\"lazy\" decoding=\"async\" width=\"1024\" height=\"576\" data-id=\"5848\" src=\"https:\/\/m8.mech.pk.edu.pl\/wp-content\/uploads\/2025\/05\/IMG-20250529-WA0016-1024x576.jpg\" alt=\"\" class=\"wp-image-5848\" srcset=\"https:\/\/m8.mech.pk.edu.pl\/wp-content\/uploads\/2025\/05\/IMG-20250529-WA0016-1024x576.jpg 1024w, https:\/\/m8.mech.pk.edu.pl\/wp-content\/uploads\/2025\/05\/IMG-20250529-WA0016-300x169.jpg 300w, https:\/\/m8.mech.pk.edu.pl\/wp-content\/uploads\/2025\/05\/IMG-20250529-WA0016-768x432.jpg 768w, https:\/\/m8.mech.pk.edu.pl\/wp-content\/uploads\/2025\/05\/IMG-20250529-WA0016.jpg 1200w\" sizes=\"auto, (max-width: 1024px) 100vw, 1024px\" \/><\/figure>\n\n\n\n<figure class=\"wp-block-image size-large\"><img loading=\"lazy\" decoding=\"async\" width=\"900\" height=\"675\" data-id=\"5849\" src=\"https:\/\/m8.mech.pk.edu.pl\/wp-content\/uploads\/2025\/05\/IMG-20250529-WA0020.jpg\" alt=\"\" class=\"wp-image-5849\" srcset=\"https:\/\/m8.mech.pk.edu.pl\/wp-content\/uploads\/2025\/05\/IMG-20250529-WA0020.jpg 900w, https:\/\/m8.mech.pk.edu.pl\/wp-content\/uploads\/2025\/05\/IMG-20250529-WA0020-300x225.jpg 300w, https:\/\/m8.mech.pk.edu.pl\/wp-content\/uploads\/2025\/05\/IMG-20250529-WA0020-768x576.jpg 768w\" sizes=\"auto, (max-width: 900px) 100vw, 900px\" \/><\/figure>\n\n\n\n<figure class=\"wp-block-image size-large\"><img loading=\"lazy\" decoding=\"async\" width=\"1024\" height=\"576\" data-id=\"5853\" src=\"https:\/\/m8.mech.pk.edu.pl\/wp-content\/uploads\/2025\/05\/IMG-20250529-WA0060-1024x576.jpg\" alt=\"\" class=\"wp-image-5853\" srcset=\"https:\/\/m8.mech.pk.edu.pl\/wp-content\/uploads\/2025\/05\/IMG-20250529-WA0060-1024x576.jpg 1024w, https:\/\/m8.mech.pk.edu.pl\/wp-content\/uploads\/2025\/05\/IMG-20250529-WA0060-300x169.jpg 300w, https:\/\/m8.mech.pk.edu.pl\/wp-content\/uploads\/2025\/05\/IMG-20250529-WA0060-768x432.jpg 768w, https:\/\/m8.mech.pk.edu.pl\/wp-content\/uploads\/2025\/05\/IMG-20250529-WA0060.jpg 1333w\" sizes=\"auto, (max-width: 1024px) 100vw, 1024px\" \/><\/figure>\n\n\n\n<figure class=\"wp-block-image size-large\"><img loading=\"lazy\" decoding=\"async\" width=\"1024\" height=\"576\" data-id=\"5852\" src=\"https:\/\/m8.mech.pk.edu.pl\/wp-content\/uploads\/2025\/05\/IMG-20250529-WA0058-1024x576.jpg\" alt=\"\" class=\"wp-image-5852\" srcset=\"https:\/\/m8.mech.pk.edu.pl\/wp-content\/uploads\/2025\/05\/IMG-20250529-WA0058-1024x576.jpg 1024w, https:\/\/m8.mech.pk.edu.pl\/wp-content\/uploads\/2025\/05\/IMG-20250529-WA0058-300x169.jpg 300w, https:\/\/m8.mech.pk.edu.pl\/wp-content\/uploads\/2025\/05\/IMG-20250529-WA0058-768x432.jpg 768w, https:\/\/m8.mech.pk.edu.pl\/wp-content\/uploads\/2025\/05\/IMG-20250529-WA0058.jpg 1200w\" sizes=\"auto, (max-width: 1024px) 100vw, 1024px\" \/><\/figure>\n\n\n\n<figure class=\"wp-block-image size-large\"><img loading=\"lazy\" decoding=\"async\" width=\"1024\" height=\"576\" data-id=\"5855\" src=\"https:\/\/m8.mech.pk.edu.pl\/wp-content\/uploads\/2025\/05\/IMG-20250529-WA0063-1024x576.jpg\" alt=\"\" class=\"wp-image-5855\" srcset=\"https:\/\/m8.mech.pk.edu.pl\/wp-content\/uploads\/2025\/05\/IMG-20250529-WA0063-1024x576.jpg 1024w, https:\/\/m8.mech.pk.edu.pl\/wp-content\/uploads\/2025\/05\/IMG-20250529-WA0063-300x169.jpg 300w, https:\/\/m8.mech.pk.edu.pl\/wp-content\/uploads\/2025\/05\/IMG-20250529-WA0063-768x432.jpg 768w, https:\/\/m8.mech.pk.edu.pl\/wp-content\/uploads\/2025\/05\/IMG-20250529-WA0063.jpg 1200w\" sizes=\"auto, (max-width: 1024px) 100vw, 1024px\" \/><\/figure>\n\n\n\n<figure class=\"wp-block-image size-large\"><img loading=\"lazy\" decoding=\"async\" width=\"1024\" height=\"768\" data-id=\"5857\" src=\"https:\/\/m8.mech.pk.edu.pl\/wp-content\/uploads\/2025\/05\/IMG-20250529-WA0070-1024x768.jpg\" alt=\"\" class=\"wp-image-5857\" srcset=\"https:\/\/m8.mech.pk.edu.pl\/wp-content\/uploads\/2025\/05\/IMG-20250529-WA0070-1024x768.jpg 1024w, https:\/\/m8.mech.pk.edu.pl\/wp-content\/uploads\/2025\/05\/IMG-20250529-WA0070-300x225.jpg 300w, https:\/\/m8.mech.pk.edu.pl\/wp-content\/uploads\/2025\/05\/IMG-20250529-WA0070-768x576.jpg 768w, https:\/\/m8.mech.pk.edu.pl\/wp-content\/uploads\/2025\/05\/IMG-20250529-WA0070.jpg 1445w\" sizes=\"auto, (max-width: 1024px) 100vw, 1024px\" \/><\/figure>\n\n\n\n<figure class=\"wp-block-image size-large\"><img loading=\"lazy\" decoding=\"async\" width=\"1024\" height=\"576\" data-id=\"5859\" src=\"https:\/\/m8.mech.pk.edu.pl\/wp-content\/uploads\/2025\/05\/Zdjecie-WhatsApp-2025-05-29-o-13.12.47_4fefac53-1024x576.jpg\" alt=\"\" class=\"wp-image-5859\" srcset=\"https:\/\/m8.mech.pk.edu.pl\/wp-content\/uploads\/2025\/05\/Zdjecie-WhatsApp-2025-05-29-o-13.12.47_4fefac53-1024x576.jpg 1024w, https:\/\/m8.mech.pk.edu.pl\/wp-content\/uploads\/2025\/05\/Zdjecie-WhatsApp-2025-05-29-o-13.12.47_4fefac53-300x169.jpg 300w, https:\/\/m8.mech.pk.edu.pl\/wp-content\/uploads\/2025\/05\/Zdjecie-WhatsApp-2025-05-29-o-13.12.47_4fefac53-768x432.jpg 768w, https:\/\/m8.mech.pk.edu.pl\/wp-content\/uploads\/2025\/05\/Zdjecie-WhatsApp-2025-05-29-o-13.12.47_4fefac53.jpg 1200w\" sizes=\"auto, (max-width: 1024px) 100vw, 1024px\" \/><\/figure>\n<\/figure>\n\n\n\n<p>fot. B. Romowicz<\/p>\n","protected":false},"excerpt":{"rendered":"<p>Katedra Pojazd\u00f3w Szynowych i Transportu PK by\u0142a partnerem IV edycji Og\u00f3lnopolskiego Zjazdu Uczni\u00f3w Klas Kolejowych zorganizowanego przez Technikum Komunikacyjne nr 25 &#8211; https:\/\/tk.krakow.pl\/zjazdy-kolejowe, kt\u00f3ry odby\u0142 si\u0119 w Krakowie, w dniach 28-29 maja 2025 r.W wydarzeniu uczestniczyli nauczyciele i uczniowie szk\u00f3\u0142 \u015brednich kszta\u0142c\u0105cych w zawodach zwi\u0105zanych z kolejnictwem m.in. z Krakowa, Warszawy, Rzeszowa, Katowic, Sosnowca, Jastrz\u0119bia [&hellip;]<\/p>\n","protected":false},"author":5,"featured_media":5846,"comment_status":"closed","ping_status":"open","sticky":false,"template":"","format":"standard","meta":{"footnotes":""},"categories":[1],"tags":[],"class_list":["post-5845","post","type-post","status-publish","format-standard","has-post-thumbnail","hentry","category-bez-kategorii"],"yoast_head":"<!-- This site is optimized with the Yoast SEO plugin v27.5 - https:\/\/yoast.com\/product\/yoast-seo-wordpress\/ -->\n<title>Katedra Pojazd\u00f3w Szynowych i Transportu PK Partnerem IV Og\u00f3lnopolskiego Zjazdu Uczni\u00f3w Klas Kolejowych w Krakowie - Katedra Pojazd\u00f3w Szynowych i Transportu<\/title>\n<meta name=\"robots\" content=\"index, follow, max-snippet:-1, max-image-preview:large, max-video-preview:-1\" \/>\n<link rel=\"canonical\" href=\"https:\/\/m8.mech.pk.edu.pl\/index.php\/2025\/05\/29\/katedra-pojazdow-szynowych-i-transportu-pk-partnerem-iv-ogolnopolskiego-zjazdu-uczniow-klas-kolejowych-w-krakowie\/\" \/>\n<meta property=\"og:locale\" content=\"pl_PL\" \/>\n<meta property=\"og:type\" content=\"article\" \/>\n<meta property=\"og:title\" content=\"Katedra Pojazd\u00f3w Szynowych i Transportu PK Partnerem IV Og\u00f3lnopolskiego Zjazdu Uczni\u00f3w Klas Kolejowych w Krakowie - Katedra Pojazd\u00f3w Szynowych i Transportu\" \/>\n<meta property=\"og:description\" content=\"Katedra Pojazd\u00f3w Szynowych i Transportu PK by\u0142a partnerem IV edycji Og\u00f3lnopolskiego Zjazdu Uczni\u00f3w Klas Kolejowych zorganizowanego przez Technikum Komunikacyjne nr 25 &#8211; https:\/\/tk.krakow.pl\/zjazdy-kolejowe, kt\u00f3ry odby\u0142 si\u0119 w Krakowie, w dniach 28-29 maja 2025 r.W wydarzeniu uczestniczyli nauczyciele i uczniowie szk\u00f3\u0142 \u015brednich kszta\u0142c\u0105cych w zawodach zwi\u0105zanych z kolejnictwem m.in. z Krakowa, Warszawy, Rzeszowa, Katowic, Sosnowca, Jastrz\u0119bia [&hellip;]\" \/>\n<meta property=\"og:url\" content=\"https:\/\/m8.mech.pk.edu.pl\/index.php\/2025\/05\/29\/katedra-pojazdow-szynowych-i-transportu-pk-partnerem-iv-ogolnopolskiego-zjazdu-uczniow-klas-kolejowych-w-krakowie\/\" \/>\n<meta property=\"og:site_name\" content=\"Katedra Pojazd\u00f3w Szynowych i Transportu\" \/>\n<meta property=\"article:publisher\" content=\"https:\/\/facebook.com\/KPSzTPK\" \/>\n<meta property=\"article:published_time\" content=\"2025-05-29T16:59:43+00:00\" \/>\n<meta property=\"article:modified_time\" content=\"2025-05-29T17:32:52+00:00\" \/>\n<meta property=\"og:image\" content=\"https:\/\/m8.mech.pk.edu.pl\/wp-content\/uploads\/2025\/05\/IMG-20250529-WA0004.jpg\" \/>\n\t<meta property=\"og:image:width\" content=\"1200\" \/>\n\t<meta property=\"og:image:height\" content=\"675\" \/>\n\t<meta property=\"og:image:type\" content=\"image\/jpeg\" \/>\n<meta name=\"author\" content=\"Maciej\" \/>\n<meta name=\"twitter:card\" content=\"summary_large_image\" \/>\n<meta name=\"twitter:label1\" content=\"Napisane przez\" \/>\n\t<meta name=\"twitter:data1\" content=\"Maciej\" \/>\n\t<meta name=\"twitter:label2\" content=\"Szacowany czas czytania\" \/>\n\t<meta name=\"twitter:data2\" content=\"4 minuty\" \/>\n<script type=\"application\/ld+json\" class=\"yoast-schema-graph\">{\"@context\":\"https:\\\/\\\/schema.org\",\"@graph\":[{\"@type\":\"Article\",\"@id\":\"https:\\\/\\\/m8.mech.pk.edu.pl\\\/index.php\\\/2025\\\/05\\\/29\\\/katedra-pojazdow-szynowych-i-transportu-pk-partnerem-iv-ogolnopolskiego-zjazdu-uczniow-klas-kolejowych-w-krakowie\\\/#article\",\"isPartOf\":{\"@id\":\"https:\\\/\\\/m8.mech.pk.edu.pl\\\/index.php\\\/2025\\\/05\\\/29\\\/katedra-pojazdow-szynowych-i-transportu-pk-partnerem-iv-ogolnopolskiego-zjazdu-uczniow-klas-kolejowych-w-krakowie\\\/\"},\"author\":{\"name\":\"Maciej\",\"@id\":\"https:\\\/\\\/m8.mech.pk.edu.pl\\\/#\\\/schema\\\/person\\\/d8f6c9a11add49a79e366c6d4261d14e\"},\"headline\":\"Katedra Pojazd\u00f3w Szynowych i Transportu PK Partnerem IV Og\u00f3lnopolskiego Zjazdu Uczni\u00f3w Klas Kolejowych w Krakowie\",\"datePublished\":\"2025-05-29T16:59:43+00:00\",\"dateModified\":\"2025-05-29T17:32:52+00:00\",\"mainEntityOfPage\":{\"@id\":\"https:\\\/\\\/m8.mech.pk.edu.pl\\\/index.php\\\/2025\\\/05\\\/29\\\/katedra-pojazdow-szynowych-i-transportu-pk-partnerem-iv-ogolnopolskiego-zjazdu-uczniow-klas-kolejowych-w-krakowie\\\/\"},\"wordCount\":258,\"publisher\":{\"@id\":\"https:\\\/\\\/m8.mech.pk.edu.pl\\\/#organization\"},\"image\":{\"@id\":\"https:\\\/\\\/m8.mech.pk.edu.pl\\\/index.php\\\/2025\\\/05\\\/29\\\/katedra-pojazdow-szynowych-i-transportu-pk-partnerem-iv-ogolnopolskiego-zjazdu-uczniow-klas-kolejowych-w-krakowie\\\/#primaryimage\"},\"thumbnailUrl\":\"https:\\\/\\\/m8.mech.pk.edu.pl\\\/wp-content\\\/uploads\\\/2025\\\/05\\\/IMG-20250529-WA0004.jpg\",\"inLanguage\":\"pl-PL\"},{\"@type\":\"WebPage\",\"@id\":\"https:\\\/\\\/m8.mech.pk.edu.pl\\\/index.php\\\/2025\\\/05\\\/29\\\/katedra-pojazdow-szynowych-i-transportu-pk-partnerem-iv-ogolnopolskiego-zjazdu-uczniow-klas-kolejowych-w-krakowie\\\/\",\"url\":\"https:\\\/\\\/m8.mech.pk.edu.pl\\\/index.php\\\/2025\\\/05\\\/29\\\/katedra-pojazdow-szynowych-i-transportu-pk-partnerem-iv-ogolnopolskiego-zjazdu-uczniow-klas-kolejowych-w-krakowie\\\/\",\"name\":\"Katedra Pojazd\u00f3w Szynowych i Transportu PK Partnerem IV Og\u00f3lnopolskiego Zjazdu Uczni\u00f3w Klas Kolejowych w Krakowie - Katedra Pojazd\u00f3w Szynowych i Transportu\",\"isPartOf\":{\"@id\":\"https:\\\/\\\/m8.mech.pk.edu.pl\\\/#website\"},\"primaryImageOfPage\":{\"@id\":\"https:\\\/\\\/m8.mech.pk.edu.pl\\\/index.php\\\/2025\\\/05\\\/29\\\/katedra-pojazdow-szynowych-i-transportu-pk-partnerem-iv-ogolnopolskiego-zjazdu-uczniow-klas-kolejowych-w-krakowie\\\/#primaryimage\"},\"image\":{\"@id\":\"https:\\\/\\\/m8.mech.pk.edu.pl\\\/index.php\\\/2025\\\/05\\\/29\\\/katedra-pojazdow-szynowych-i-transportu-pk-partnerem-iv-ogolnopolskiego-zjazdu-uczniow-klas-kolejowych-w-krakowie\\\/#primaryimage\"},\"thumbnailUrl\":\"https:\\\/\\\/m8.mech.pk.edu.pl\\\/wp-content\\\/uploads\\\/2025\\\/05\\\/IMG-20250529-WA0004.jpg\",\"datePublished\":\"2025-05-29T16:59:43+00:00\",\"dateModified\":\"2025-05-29T17:32:52+00:00\",\"breadcrumb\":{\"@id\":\"https:\\\/\\\/m8.mech.pk.edu.pl\\\/index.php\\\/2025\\\/05\\\/29\\\/katedra-pojazdow-szynowych-i-transportu-pk-partnerem-iv-ogolnopolskiego-zjazdu-uczniow-klas-kolejowych-w-krakowie\\\/#breadcrumb\"},\"inLanguage\":\"pl-PL\",\"potentialAction\":[{\"@type\":\"ReadAction\",\"target\":[\"https:\\\/\\\/m8.mech.pk.edu.pl\\\/index.php\\\/2025\\\/05\\\/29\\\/katedra-pojazdow-szynowych-i-transportu-pk-partnerem-iv-ogolnopolskiego-zjazdu-uczniow-klas-kolejowych-w-krakowie\\\/\"]}]},{\"@type\":\"ImageObject\",\"inLanguage\":\"pl-PL\",\"@id\":\"https:\\\/\\\/m8.mech.pk.edu.pl\\\/index.php\\\/2025\\\/05\\\/29\\\/katedra-pojazdow-szynowych-i-transportu-pk-partnerem-iv-ogolnopolskiego-zjazdu-uczniow-klas-kolejowych-w-krakowie\\\/#primaryimage\",\"url\":\"https:\\\/\\\/m8.mech.pk.edu.pl\\\/wp-content\\\/uploads\\\/2025\\\/05\\\/IMG-20250529-WA0004.jpg\",\"contentUrl\":\"https:\\\/\\\/m8.mech.pk.edu.pl\\\/wp-content\\\/uploads\\\/2025\\\/05\\\/IMG-20250529-WA0004.jpg\",\"width\":1200,\"height\":675},{\"@type\":\"BreadcrumbList\",\"@id\":\"https:\\\/\\\/m8.mech.pk.edu.pl\\\/index.php\\\/2025\\\/05\\\/29\\\/katedra-pojazdow-szynowych-i-transportu-pk-partnerem-iv-ogolnopolskiego-zjazdu-uczniow-klas-kolejowych-w-krakowie\\\/#breadcrumb\",\"itemListElement\":[{\"@type\":\"ListItem\",\"position\":1,\"name\":\"Strona g\u0142\u00f3wna\",\"item\":\"https:\\\/\\\/m8.mech.pk.edu.pl\\\/\"},{\"@type\":\"ListItem\",\"position\":2,\"name\":\"Katedra Pojazd\u00f3w Szynowych i Transportu PK Partnerem IV Og\u00f3lnopolskiego Zjazdu Uczni\u00f3w Klas Kolejowych w Krakowie\"}]},{\"@type\":\"WebSite\",\"@id\":\"https:\\\/\\\/m8.mech.pk.edu.pl\\\/#website\",\"url\":\"https:\\\/\\\/m8.mech.pk.edu.pl\\\/\",\"name\":\"Katedra Pojazd\u00f3w Szynowych i Transportu\",\"description\":\"Katedra Pojazd\u00f3w Szynowych i Transportu Politechniki Krakowskiej na Wydziale Mechanicznym\",\"publisher\":{\"@id\":\"https:\\\/\\\/m8.mech.pk.edu.pl\\\/#organization\"},\"potentialAction\":[{\"@type\":\"SearchAction\",\"target\":{\"@type\":\"EntryPoint\",\"urlTemplate\":\"https:\\\/\\\/m8.mech.pk.edu.pl\\\/?s={search_term_string}\"},\"query-input\":{\"@type\":\"PropertyValueSpecification\",\"valueRequired\":true,\"valueName\":\"search_term_string\"}}],\"inLanguage\":\"pl-PL\"},{\"@type\":\"Organization\",\"@id\":\"https:\\\/\\\/m8.mech.pk.edu.pl\\\/#organization\",\"name\":\"Katedra Pojazd\u00f3w Szynowych\",\"url\":\"https:\\\/\\\/m8.mech.pk.edu.pl\\\/\",\"logo\":{\"@type\":\"ImageObject\",\"inLanguage\":\"pl-PL\",\"@id\":\"https:\\\/\\\/m8.mech.pk.edu.pl\\\/#\\\/schema\\\/logo\\\/image\\\/\",\"url\":\"https:\\\/\\\/m8.mech.pk.edu.pl\\\/wp-content\\\/uploads\\\/2021\\\/01\\\/logo-mail-kpsit.png\",\"contentUrl\":\"https:\\\/\\\/m8.mech.pk.edu.pl\\\/wp-content\\\/uploads\\\/2021\\\/01\\\/logo-mail-kpsit.png\",\"width\":300,\"height\":119,\"caption\":\"Katedra Pojazd\u00f3w Szynowych\"},\"image\":{\"@id\":\"https:\\\/\\\/m8.mech.pk.edu.pl\\\/#\\\/schema\\\/logo\\\/image\\\/\"},\"sameAs\":[\"https:\\\/\\\/facebook.com\\\/KPSzTPK\",\"https:\\\/\\\/www.youtube.com\\\/channel\\\/UCen3PQ3fl3ry92o_lHkyVaQ\"]},{\"@type\":\"Person\",\"@id\":\"https:\\\/\\\/m8.mech.pk.edu.pl\\\/#\\\/schema\\\/person\\\/d8f6c9a11add49a79e366c6d4261d14e\",\"name\":\"Maciej\",\"image\":{\"@type\":\"ImageObject\",\"inLanguage\":\"pl-PL\",\"@id\":\"https:\\\/\\\/secure.gravatar.com\\\/avatar\\\/5a17b3a5a44d4dca9d48ed0eccafb488c6c54063f627f848184a92807a97590b?s=96&d=mm&r=g\",\"url\":\"https:\\\/\\\/secure.gravatar.com\\\/avatar\\\/5a17b3a5a44d4dca9d48ed0eccafb488c6c54063f627f848184a92807a97590b?s=96&d=mm&r=g\",\"contentUrl\":\"https:\\\/\\\/secure.gravatar.com\\\/avatar\\\/5a17b3a5a44d4dca9d48ed0eccafb488c6c54063f627f848184a92807a97590b?s=96&d=mm&r=g\",\"caption\":\"Maciej\"}}]}<\/script>\n<!-- \/ Yoast SEO plugin. -->","yoast_head_json":{"title":"Katedra Pojazd\u00f3w Szynowych i Transportu PK Partnerem IV Og\u00f3lnopolskiego Zjazdu Uczni\u00f3w Klas Kolejowych w Krakowie - Katedra Pojazd\u00f3w Szynowych i Transportu","robots":{"index":"index","follow":"follow","max-snippet":"max-snippet:-1","max-image-preview":"max-image-preview:large","max-video-preview":"max-video-preview:-1"},"canonical":"https:\/\/m8.mech.pk.edu.pl\/index.php\/2025\/05\/29\/katedra-pojazdow-szynowych-i-transportu-pk-partnerem-iv-ogolnopolskiego-zjazdu-uczniow-klas-kolejowych-w-krakowie\/","og_locale":"pl_PL","og_type":"article","og_title":"Katedra Pojazd\u00f3w Szynowych i Transportu PK Partnerem IV Og\u00f3lnopolskiego Zjazdu Uczni\u00f3w Klas Kolejowych w Krakowie - Katedra Pojazd\u00f3w Szynowych i Transportu","og_description":"Katedra Pojazd\u00f3w Szynowych i Transportu PK by\u0142a partnerem IV edycji Og\u00f3lnopolskiego Zjazdu Uczni\u00f3w Klas Kolejowych zorganizowanego przez Technikum Komunikacyjne nr 25 &#8211; https:\/\/tk.krakow.pl\/zjazdy-kolejowe, kt\u00f3ry odby\u0142 si\u0119 w Krakowie, w dniach 28-29 maja 2025 r.W wydarzeniu uczestniczyli nauczyciele i uczniowie szk\u00f3\u0142 \u015brednich kszta\u0142c\u0105cych w zawodach zwi\u0105zanych z kolejnictwem m.in. z Krakowa, Warszawy, Rzeszowa, Katowic, Sosnowca, Jastrz\u0119bia [&hellip;]","og_url":"https:\/\/m8.mech.pk.edu.pl\/index.php\/2025\/05\/29\/katedra-pojazdow-szynowych-i-transportu-pk-partnerem-iv-ogolnopolskiego-zjazdu-uczniow-klas-kolejowych-w-krakowie\/","og_site_name":"Katedra Pojazd\u00f3w Szynowych i Transportu","article_publisher":"https:\/\/facebook.com\/KPSzTPK","article_published_time":"2025-05-29T16:59:43+00:00","article_modified_time":"2025-05-29T17:32:52+00:00","og_image":[{"width":1200,"height":675,"url":"https:\/\/m8.mech.pk.edu.pl\/wp-content\/uploads\/2025\/05\/IMG-20250529-WA0004.jpg","type":"image\/jpeg"}],"author":"Maciej","twitter_card":"summary_large_image","twitter_misc":{"Napisane przez":"Maciej","Szacowany czas czytania":"4 minuty"},"schema":{"@context":"https:\/\/schema.org","@graph":[{"@type":"Article","@id":"https:\/\/m8.mech.pk.edu.pl\/index.php\/2025\/05\/29\/katedra-pojazdow-szynowych-i-transportu-pk-partnerem-iv-ogolnopolskiego-zjazdu-uczniow-klas-kolejowych-w-krakowie\/#article","isPartOf":{"@id":"https:\/\/m8.mech.pk.edu.pl\/index.php\/2025\/05\/29\/katedra-pojazdow-szynowych-i-transportu-pk-partnerem-iv-ogolnopolskiego-zjazdu-uczniow-klas-kolejowych-w-krakowie\/"},"author":{"name":"Maciej","@id":"https:\/\/m8.mech.pk.edu.pl\/#\/schema\/person\/d8f6c9a11add49a79e366c6d4261d14e"},"headline":"Katedra Pojazd\u00f3w Szynowych i Transportu PK Partnerem IV Og\u00f3lnopolskiego Zjazdu Uczni\u00f3w Klas Kolejowych w Krakowie","datePublished":"2025-05-29T16:59:43+00:00","dateModified":"2025-05-29T17:32:52+00:00","mainEntityOfPage":{"@id":"https:\/\/m8.mech.pk.edu.pl\/index.php\/2025\/05\/29\/katedra-pojazdow-szynowych-i-transportu-pk-partnerem-iv-ogolnopolskiego-zjazdu-uczniow-klas-kolejowych-w-krakowie\/"},"wordCount":258,"publisher":{"@id":"https:\/\/m8.mech.pk.edu.pl\/#organization"},"image":{"@id":"https:\/\/m8.mech.pk.edu.pl\/index.php\/2025\/05\/29\/katedra-pojazdow-szynowych-i-transportu-pk-partnerem-iv-ogolnopolskiego-zjazdu-uczniow-klas-kolejowych-w-krakowie\/#primaryimage"},"thumbnailUrl":"https:\/\/m8.mech.pk.edu.pl\/wp-content\/uploads\/2025\/05\/IMG-20250529-WA0004.jpg","inLanguage":"pl-PL"},{"@type":"WebPage","@id":"https:\/\/m8.mech.pk.edu.pl\/index.php\/2025\/05\/29\/katedra-pojazdow-szynowych-i-transportu-pk-partnerem-iv-ogolnopolskiego-zjazdu-uczniow-klas-kolejowych-w-krakowie\/","url":"https:\/\/m8.mech.pk.edu.pl\/index.php\/2025\/05\/29\/katedra-pojazdow-szynowych-i-transportu-pk-partnerem-iv-ogolnopolskiego-zjazdu-uczniow-klas-kolejowych-w-krakowie\/","name":"Katedra Pojazd\u00f3w Szynowych i Transportu PK Partnerem IV Og\u00f3lnopolskiego Zjazdu Uczni\u00f3w Klas Kolejowych w Krakowie - Katedra Pojazd\u00f3w Szynowych i Transportu","isPartOf":{"@id":"https:\/\/m8.mech.pk.edu.pl\/#website"},"primaryImageOfPage":{"@id":"https:\/\/m8.mech.pk.edu.pl\/index.php\/2025\/05\/29\/katedra-pojazdow-szynowych-i-transportu-pk-partnerem-iv-ogolnopolskiego-zjazdu-uczniow-klas-kolejowych-w-krakowie\/#primaryimage"},"image":{"@id":"https:\/\/m8.mech.pk.edu.pl\/index.php\/2025\/05\/29\/katedra-pojazdow-szynowych-i-transportu-pk-partnerem-iv-ogolnopolskiego-zjazdu-uczniow-klas-kolejowych-w-krakowie\/#primaryimage"},"thumbnailUrl":"https:\/\/m8.mech.pk.edu.pl\/wp-content\/uploads\/2025\/05\/IMG-20250529-WA0004.jpg","datePublished":"2025-05-29T16:59:43+00:00","dateModified":"2025-05-29T17:32:52+00:00","breadcrumb":{"@id":"https:\/\/m8.mech.pk.edu.pl\/index.php\/2025\/05\/29\/katedra-pojazdow-szynowych-i-transportu-pk-partnerem-iv-ogolnopolskiego-zjazdu-uczniow-klas-kolejowych-w-krakowie\/#breadcrumb"},"inLanguage":"pl-PL","potentialAction":[{"@type":"ReadAction","target":["https:\/\/m8.mech.pk.edu.pl\/index.php\/2025\/05\/29\/katedra-pojazdow-szynowych-i-transportu-pk-partnerem-iv-ogolnopolskiego-zjazdu-uczniow-klas-kolejowych-w-krakowie\/"]}]},{"@type":"ImageObject","inLanguage":"pl-PL","@id":"https:\/\/m8.mech.pk.edu.pl\/index.php\/2025\/05\/29\/katedra-pojazdow-szynowych-i-transportu-pk-partnerem-iv-ogolnopolskiego-zjazdu-uczniow-klas-kolejowych-w-krakowie\/#primaryimage","url":"https:\/\/m8.mech.pk.edu.pl\/wp-content\/uploads\/2025\/05\/IMG-20250529-WA0004.jpg","contentUrl":"https:\/\/m8.mech.pk.edu.pl\/wp-content\/uploads\/2025\/05\/IMG-20250529-WA0004.jpg","width":1200,"height":675},{"@type":"BreadcrumbList","@id":"https:\/\/m8.mech.pk.edu.pl\/index.php\/2025\/05\/29\/katedra-pojazdow-szynowych-i-transportu-pk-partnerem-iv-ogolnopolskiego-zjazdu-uczniow-klas-kolejowych-w-krakowie\/#breadcrumb","itemListElement":[{"@type":"ListItem","position":1,"name":"Strona g\u0142\u00f3wna","item":"https:\/\/m8.mech.pk.edu.pl\/"},{"@type":"ListItem","position":2,"name":"Katedra Pojazd\u00f3w Szynowych i Transportu PK Partnerem IV Og\u00f3lnopolskiego Zjazdu Uczni\u00f3w Klas Kolejowych w Krakowie"}]},{"@type":"WebSite","@id":"https:\/\/m8.mech.pk.edu.pl\/#website","url":"https:\/\/m8.mech.pk.edu.pl\/","name":"Katedra Pojazd\u00f3w Szynowych i Transportu","description":"Katedra Pojazd\u00f3w Szynowych i Transportu Politechniki Krakowskiej na Wydziale Mechanicznym","publisher":{"@id":"https:\/\/m8.mech.pk.edu.pl\/#organization"},"potentialAction":[{"@type":"SearchAction","target":{"@type":"EntryPoint","urlTemplate":"https:\/\/m8.mech.pk.edu.pl\/?s={search_term_string}"},"query-input":{"@type":"PropertyValueSpecification","valueRequired":true,"valueName":"search_term_string"}}],"inLanguage":"pl-PL"},{"@type":"Organization","@id":"https:\/\/m8.mech.pk.edu.pl\/#organization","name":"Katedra Pojazd\u00f3w Szynowych","url":"https:\/\/m8.mech.pk.edu.pl\/","logo":{"@type":"ImageObject","inLanguage":"pl-PL","@id":"https:\/\/m8.mech.pk.edu.pl\/#\/schema\/logo\/image\/","url":"https:\/\/m8.mech.pk.edu.pl\/wp-content\/uploads\/2021\/01\/logo-mail-kpsit.png","contentUrl":"https:\/\/m8.mech.pk.edu.pl\/wp-content\/uploads\/2021\/01\/logo-mail-kpsit.png","width":300,"height":119,"caption":"Katedra Pojazd\u00f3w Szynowych"},"image":{"@id":"https:\/\/m8.mech.pk.edu.pl\/#\/schema\/logo\/image\/"},"sameAs":["https:\/\/facebook.com\/KPSzTPK","https:\/\/www.youtube.com\/channel\/UCen3PQ3fl3ry92o_lHkyVaQ"]},{"@type":"Person","@id":"https:\/\/m8.mech.pk.edu.pl\/#\/schema\/person\/d8f6c9a11add49a79e366c6d4261d14e","name":"Maciej","image":{"@type":"ImageObject","inLanguage":"pl-PL","@id":"https:\/\/secure.gravatar.com\/avatar\/5a17b3a5a44d4dca9d48ed0eccafb488c6c54063f627f848184a92807a97590b?s=96&d=mm&r=g","url":"https:\/\/secure.gravatar.com\/avatar\/5a17b3a5a44d4dca9d48ed0eccafb488c6c54063f627f848184a92807a97590b?s=96&d=mm&r=g","contentUrl":"https:\/\/secure.gravatar.com\/avatar\/5a17b3a5a44d4dca9d48ed0eccafb488c6c54063f627f848184a92807a97590b?s=96&d=mm&r=g","caption":"Maciej"}}]}},"_links":{"self":[{"href":"https:\/\/m8.mech.pk.edu.pl\/index.php\/wp-json\/wp\/v2\/posts\/5845","targetHints":{"allow":["GET"]}}],"collection":[{"href":"https:\/\/m8.mech.pk.edu.pl\/index.php\/wp-json\/wp\/v2\/posts"}],"about":[{"href":"https:\/\/m8.mech.pk.edu.pl\/index.php\/wp-json\/wp\/v2\/types\/post"}],"author":[{"embeddable":true,"href":"https:\/\/m8.mech.pk.edu.pl\/index.php\/wp-json\/wp\/v2\/users\/5"}],"replies":[{"embeddable":true,"href":"https:\/\/m8.mech.pk.edu.pl\/index.php\/wp-json\/wp\/v2\/comments?post=5845"}],"version-history":[{"count":3,"href":"https:\/\/m8.mech.pk.edu.pl\/index.php\/wp-json\/wp\/v2\/posts\/5845\/revisions"}],"predecessor-version":[{"id":5862,"href":"https:\/\/m8.mech.pk.edu.pl\/index.php\/wp-json\/wp\/v2\/posts\/5845\/revisions\/5862"}],"wp:featuredmedia":[{"embeddable":true,"href":"https:\/\/m8.mech.pk.edu.pl\/index.php\/wp-json\/wp\/v2\/media\/5846"}],"wp:attachment":[{"href":"https:\/\/m8.mech.pk.edu.pl\/index.php\/wp-json\/wp\/v2\/media?parent=5845"}],"wp:term":[{"taxonomy":"category","embeddable":true,"href":"https:\/\/m8.mech.pk.edu.pl\/index.php\/wp-json\/wp\/v2\/categories?post=5845"},{"taxonomy":"post_tag","embeddable":true,"href":"https:\/\/m8.mech.pk.edu.pl\/index.php\/wp-json\/wp\/v2\/tags?post=5845"}],"curies":[{"name":"wp","href":"https:\/\/api.w.org\/{rel}","templated":true}]}}