{"id":5834,"date":"2025-05-25T21:29:03","date_gmt":"2025-05-25T19:29:03","guid":{"rendered":"https:\/\/m8.mech.pk.edu.pl\/?p=5834"},"modified":"2025-05-25T21:29:04","modified_gmt":"2025-05-25T19:29:04","slug":"przedstawiciele-kola-naukowego-transport-na-konferencji-w-utk","status":"publish","type":"post","link":"https:\/\/m8.mech.pk.edu.pl\/index.php\/2025\/05\/25\/przedstawiciele-kola-naukowego-transport-na-konferencji-w-utk\/","title":{"rendered":"Przedstawiciele Ko\u0142a Naukowego &#8222;Transport&#8221; na konferencji w UTK"},"content":{"rendered":"\n<p>W czwartek 15.05.2025 r. odby\u0142a si\u0119 w Warszawie VIII Konferencja Naukowo-Techniczna \u201eTransport Kolejowy 2025: Przesz\u0142o\u015b\u0107-Tera\u017aniejszo\u015b\u0107-Przysz\u0142o\u015b\u0107&#8221; organizowana przez Urz\u0105d Transportu Kolejowego, w kt\u00f3rej jak co roku wzi\u0119li udzia\u0142 cz\u0142onkowie Ko\u0142a Naukowego &#8222;TRANSPORT&#8221; przedstawiaj\u0105c dwie prace naukowe.<\/p>\n\n\n\n<!--more-->\n\n\n\n<p>In\u017c. Katarzyna Belska wraz z Mateuszem Kiejko-Kutrzeb\u0105 zaprezentowali referat na temat \u201eWdro\u017cenia innowacyjnych technologii identyfikacji i lokalizowania narz\u0119dzi oraz przyrz\u0105d\u00f3w pomiarowych w punktach zaplecza technicznego transportu kolejowego\u201d. Natomiast in\u017c. Dorota Zawadzka przygotowa\u0142a plakat: \u201eAnaliza bezpiecze\u0144stwa na przejazdach kolejowo \u2013 drogowych w Polsce i Czechach w latach 2018 \u2013 2023\u201d.<\/p>\n\n\n\n<p>Obydwa wyst\u0105pienia wywo\u0142a\u0142y znaczne zainteresowanie komitetu naukowego, jak i uczestnik\u00f3w oraz by\u0142y okazj\u0105 do d\u0142u\u017cej dyskusji. Gratulujemy wyst\u0105pie\u0144 i jeste\u015bmy dumni z naszych student\u00f3w.<\/p>\n\n\n\n<figure class=\"wp-block-gallery has-nested-images columns-4 wp-block-gallery-1 is-layout-flex wp-block-gallery-is-layout-flex\">\n<figure class=\"wp-block-image size-large\"><a href=\"https:\/\/m8.mech.pk.edu.pl\/wp-content\/uploads\/2025\/05\/utk1.jpg\"><img loading=\"lazy\" decoding=\"async\" width=\"960\" height=\"640\" data-id=\"5835\" src=\"https:\/\/m8.mech.pk.edu.pl\/wp-content\/uploads\/2025\/05\/utk1.jpg\" alt=\"\" class=\"wp-image-5835\" srcset=\"https:\/\/m8.mech.pk.edu.pl\/wp-content\/uploads\/2025\/05\/utk1.jpg 960w, https:\/\/m8.mech.pk.edu.pl\/wp-content\/uploads\/2025\/05\/utk1-300x200.jpg 300w, https:\/\/m8.mech.pk.edu.pl\/wp-content\/uploads\/2025\/05\/utk1-768x512.jpg 768w\" sizes=\"auto, (max-width: 960px) 100vw, 960px\" \/><\/a><\/figure>\n\n\n\n<figure class=\"wp-block-image size-large\"><a href=\"https:\/\/m8.mech.pk.edu.pl\/wp-content\/uploads\/2025\/05\/utk3.jpg\"><img loading=\"lazy\" decoding=\"async\" width=\"960\" height=\"640\" data-id=\"5837\" src=\"https:\/\/m8.mech.pk.edu.pl\/wp-content\/uploads\/2025\/05\/utk3.jpg\" alt=\"\" class=\"wp-image-5837\" srcset=\"https:\/\/m8.mech.pk.edu.pl\/wp-content\/uploads\/2025\/05\/utk3.jpg 960w, https:\/\/m8.mech.pk.edu.pl\/wp-content\/uploads\/2025\/05\/utk3-300x200.jpg 300w, https:\/\/m8.mech.pk.edu.pl\/wp-content\/uploads\/2025\/05\/utk3-768x512.jpg 768w\" sizes=\"auto, (max-width: 960px) 100vw, 960px\" \/><\/a><\/figure>\n\n\n\n<figure class=\"wp-block-image size-large\"><a href=\"https:\/\/m8.mech.pk.edu.pl\/wp-content\/uploads\/2025\/05\/utk2.jpg\"><img loading=\"lazy\" decoding=\"async\" width=\"720\" height=\"960\" data-id=\"5836\" src=\"https:\/\/m8.mech.pk.edu.pl\/wp-content\/uploads\/2025\/05\/utk2.jpg\" alt=\"\" class=\"wp-image-5836\" srcset=\"https:\/\/m8.mech.pk.edu.pl\/wp-content\/uploads\/2025\/05\/utk2.jpg 720w, https:\/\/m8.mech.pk.edu.pl\/wp-content\/uploads\/2025\/05\/utk2-225x300.jpg 225w\" sizes=\"auto, (max-width: 720px) 100vw, 720px\" \/><\/a><\/figure>\n\n\n\n<figure class=\"wp-block-image size-large\"><a href=\"https:\/\/m8.mech.pk.edu.pl\/wp-content\/uploads\/2025\/05\/utk4.jpg\"><img loading=\"lazy\" decoding=\"async\" width=\"538\" height=\"960\" data-id=\"5838\" src=\"https:\/\/m8.mech.pk.edu.pl\/wp-content\/uploads\/2025\/05\/utk4.jpg\" alt=\"\" class=\"wp-image-5838\" srcset=\"https:\/\/m8.mech.pk.edu.pl\/wp-content\/uploads\/2025\/05\/utk4.jpg 538w, https:\/\/m8.mech.pk.edu.pl\/wp-content\/uploads\/2025\/05\/utk4-168x300.jpg 168w\" sizes=\"auto, (max-width: 538px) 100vw, 538px\" \/><\/a><\/figure>\n<\/figure>\n","protected":false},"excerpt":{"rendered":"<p>W czwartek 15.05.2025 r. odby\u0142a si\u0119 w Warszawie VIII Konferencja Naukowo-Techniczna \u201eTransport Kolejowy 2025: Przesz\u0142o\u015b\u0107-Tera\u017aniejszo\u015b\u0107-Przysz\u0142o\u015b\u0107&#8221; organizowana przez Urz\u0105d Transportu Kolejowego, w kt\u00f3rej jak co roku wzi\u0119li udzia\u0142 cz\u0142onkowie Ko\u0142a Naukowego &#8222;TRANSPORT&#8221; przedstawiaj\u0105c dwie prace naukowe.<\/p>\n","protected":false},"author":5,"featured_media":5836,"comment_status":"closed","ping_status":"open","sticky":false,"template":"","format":"standard","meta":{"footnotes":""},"categories":[1],"tags":[],"class_list":["post-5834","post","type-post","status-publish","format-standard","has-post-thumbnail","hentry","category-bez-kategorii"],"yoast_head":"<!-- This site is optimized with the Yoast SEO plugin v27.5 - https:\/\/yoast.com\/product\/yoast-seo-wordpress\/ -->\n<title>Przedstawiciele Ko\u0142a Naukowego &quot;Transport&quot; na konferencji w UTK - Katedra Pojazd\u00f3w Szynowych i Transportu<\/title>\n<meta name=\"robots\" content=\"index, follow, max-snippet:-1, max-image-preview:large, max-video-preview:-1\" \/>\n<link rel=\"canonical\" href=\"https:\/\/m8.mech.pk.edu.pl\/index.php\/2025\/05\/25\/przedstawiciele-kola-naukowego-transport-na-konferencji-w-utk\/\" \/>\n<meta property=\"og:locale\" content=\"pl_PL\" \/>\n<meta property=\"og:type\" content=\"article\" \/>\n<meta property=\"og:title\" content=\"Przedstawiciele Ko\u0142a Naukowego &quot;Transport&quot; na konferencji w UTK - Katedra Pojazd\u00f3w Szynowych i Transportu\" \/>\n<meta property=\"og:description\" content=\"W czwartek 15.05.2025 r. odby\u0142a si\u0119 w Warszawie VIII Konferencja Naukowo-Techniczna \u201eTransport Kolejowy 2025: Przesz\u0142o\u015b\u0107-Tera\u017aniejszo\u015b\u0107-Przysz\u0142o\u015b\u0107&#8221; organizowana przez Urz\u0105d Transportu Kolejowego, w kt\u00f3rej jak co roku wzi\u0119li udzia\u0142 cz\u0142onkowie Ko\u0142a Naukowego &#8222;TRANSPORT&#8221; przedstawiaj\u0105c dwie prace naukowe.\" \/>\n<meta property=\"og:url\" content=\"https:\/\/m8.mech.pk.edu.pl\/index.php\/2025\/05\/25\/przedstawiciele-kola-naukowego-transport-na-konferencji-w-utk\/\" \/>\n<meta property=\"og:site_name\" content=\"Katedra Pojazd\u00f3w Szynowych i Transportu\" \/>\n<meta property=\"article:publisher\" content=\"https:\/\/facebook.com\/KPSzTPK\" \/>\n<meta property=\"article:published_time\" content=\"2025-05-25T19:29:03+00:00\" \/>\n<meta property=\"article:modified_time\" content=\"2025-05-25T19:29:04+00:00\" \/>\n<meta property=\"og:image\" content=\"https:\/\/m8.mech.pk.edu.pl\/wp-content\/uploads\/2025\/05\/utk2.jpg\" \/>\n\t<meta property=\"og:image:width\" content=\"720\" \/>\n\t<meta property=\"og:image:height\" content=\"960\" \/>\n\t<meta property=\"og:image:type\" content=\"image\/jpeg\" \/>\n<meta name=\"author\" content=\"Maciej\" \/>\n<meta name=\"twitter:card\" content=\"summary_large_image\" \/>\n<meta name=\"twitter:label1\" content=\"Napisane przez\" \/>\n\t<meta name=\"twitter:data1\" content=\"Maciej\" \/>\n\t<meta name=\"twitter:label2\" content=\"Szacowany czas czytania\" \/>\n\t<meta name=\"twitter:data2\" content=\"2 minuty\" \/>\n<script type=\"application\/ld+json\" class=\"yoast-schema-graph\">{\"@context\":\"https:\\\/\\\/schema.org\",\"@graph\":[{\"@type\":\"Article\",\"@id\":\"https:\\\/\\\/m8.mech.pk.edu.pl\\\/index.php\\\/2025\\\/05\\\/25\\\/przedstawiciele-kola-naukowego-transport-na-konferencji-w-utk\\\/#article\",\"isPartOf\":{\"@id\":\"https:\\\/\\\/m8.mech.pk.edu.pl\\\/index.php\\\/2025\\\/05\\\/25\\\/przedstawiciele-kola-naukowego-transport-na-konferencji-w-utk\\\/\"},\"author\":{\"name\":\"Maciej\",\"@id\":\"https:\\\/\\\/m8.mech.pk.edu.pl\\\/#\\\/schema\\\/person\\\/d8f6c9a11add49a79e366c6d4261d14e\"},\"headline\":\"Przedstawiciele Ko\u0142a Naukowego &#8222;Transport&#8221; na konferencji w UTK\",\"datePublished\":\"2025-05-25T19:29:03+00:00\",\"dateModified\":\"2025-05-25T19:29:04+00:00\",\"mainEntityOfPage\":{\"@id\":\"https:\\\/\\\/m8.mech.pk.edu.pl\\\/index.php\\\/2025\\\/05\\\/25\\\/przedstawiciele-kola-naukowego-transport-na-konferencji-w-utk\\\/\"},\"wordCount\":139,\"publisher\":{\"@id\":\"https:\\\/\\\/m8.mech.pk.edu.pl\\\/#organization\"},\"image\":{\"@id\":\"https:\\\/\\\/m8.mech.pk.edu.pl\\\/index.php\\\/2025\\\/05\\\/25\\\/przedstawiciele-kola-naukowego-transport-na-konferencji-w-utk\\\/#primaryimage\"},\"thumbnailUrl\":\"https:\\\/\\\/m8.mech.pk.edu.pl\\\/wp-content\\\/uploads\\\/2025\\\/05\\\/utk2.jpg\",\"inLanguage\":\"pl-PL\"},{\"@type\":\"WebPage\",\"@id\":\"https:\\\/\\\/m8.mech.pk.edu.pl\\\/index.php\\\/2025\\\/05\\\/25\\\/przedstawiciele-kola-naukowego-transport-na-konferencji-w-utk\\\/\",\"url\":\"https:\\\/\\\/m8.mech.pk.edu.pl\\\/index.php\\\/2025\\\/05\\\/25\\\/przedstawiciele-kola-naukowego-transport-na-konferencji-w-utk\\\/\",\"name\":\"Przedstawiciele Ko\u0142a Naukowego \\\"Transport\\\" na konferencji w UTK - Katedra Pojazd\u00f3w Szynowych i Transportu\",\"isPartOf\":{\"@id\":\"https:\\\/\\\/m8.mech.pk.edu.pl\\\/#website\"},\"primaryImageOfPage\":{\"@id\":\"https:\\\/\\\/m8.mech.pk.edu.pl\\\/index.php\\\/2025\\\/05\\\/25\\\/przedstawiciele-kola-naukowego-transport-na-konferencji-w-utk\\\/#primaryimage\"},\"image\":{\"@id\":\"https:\\\/\\\/m8.mech.pk.edu.pl\\\/index.php\\\/2025\\\/05\\\/25\\\/przedstawiciele-kola-naukowego-transport-na-konferencji-w-utk\\\/#primaryimage\"},\"thumbnailUrl\":\"https:\\\/\\\/m8.mech.pk.edu.pl\\\/wp-content\\\/uploads\\\/2025\\\/05\\\/utk2.jpg\",\"datePublished\":\"2025-05-25T19:29:03+00:00\",\"dateModified\":\"2025-05-25T19:29:04+00:00\",\"breadcrumb\":{\"@id\":\"https:\\\/\\\/m8.mech.pk.edu.pl\\\/index.php\\\/2025\\\/05\\\/25\\\/przedstawiciele-kola-naukowego-transport-na-konferencji-w-utk\\\/#breadcrumb\"},\"inLanguage\":\"pl-PL\",\"potentialAction\":[{\"@type\":\"ReadAction\",\"target\":[\"https:\\\/\\\/m8.mech.pk.edu.pl\\\/index.php\\\/2025\\\/05\\\/25\\\/przedstawiciele-kola-naukowego-transport-na-konferencji-w-utk\\\/\"]}]},{\"@type\":\"ImageObject\",\"inLanguage\":\"pl-PL\",\"@id\":\"https:\\\/\\\/m8.mech.pk.edu.pl\\\/index.php\\\/2025\\\/05\\\/25\\\/przedstawiciele-kola-naukowego-transport-na-konferencji-w-utk\\\/#primaryimage\",\"url\":\"https:\\\/\\\/m8.mech.pk.edu.pl\\\/wp-content\\\/uploads\\\/2025\\\/05\\\/utk2.jpg\",\"contentUrl\":\"https:\\\/\\\/m8.mech.pk.edu.pl\\\/wp-content\\\/uploads\\\/2025\\\/05\\\/utk2.jpg\",\"width\":720,\"height\":960},{\"@type\":\"BreadcrumbList\",\"@id\":\"https:\\\/\\\/m8.mech.pk.edu.pl\\\/index.php\\\/2025\\\/05\\\/25\\\/przedstawiciele-kola-naukowego-transport-na-konferencji-w-utk\\\/#breadcrumb\",\"itemListElement\":[{\"@type\":\"ListItem\",\"position\":1,\"name\":\"Strona g\u0142\u00f3wna\",\"item\":\"https:\\\/\\\/m8.mech.pk.edu.pl\\\/\"},{\"@type\":\"ListItem\",\"position\":2,\"name\":\"Przedstawiciele Ko\u0142a Naukowego &#8222;Transport&#8221; na konferencji w UTK\"}]},{\"@type\":\"WebSite\",\"@id\":\"https:\\\/\\\/m8.mech.pk.edu.pl\\\/#website\",\"url\":\"https:\\\/\\\/m8.mech.pk.edu.pl\\\/\",\"name\":\"Katedra Pojazd\u00f3w Szynowych i Transportu\",\"description\":\"Katedra Pojazd\u00f3w Szynowych i Transportu Politechniki Krakowskiej na Wydziale Mechanicznym\",\"publisher\":{\"@id\":\"https:\\\/\\\/m8.mech.pk.edu.pl\\\/#organization\"},\"potentialAction\":[{\"@type\":\"SearchAction\",\"target\":{\"@type\":\"EntryPoint\",\"urlTemplate\":\"https:\\\/\\\/m8.mech.pk.edu.pl\\\/?s={search_term_string}\"},\"query-input\":{\"@type\":\"PropertyValueSpecification\",\"valueRequired\":true,\"valueName\":\"search_term_string\"}}],\"inLanguage\":\"pl-PL\"},{\"@type\":\"Organization\",\"@id\":\"https:\\\/\\\/m8.mech.pk.edu.pl\\\/#organization\",\"name\":\"Katedra Pojazd\u00f3w Szynowych\",\"url\":\"https:\\\/\\\/m8.mech.pk.edu.pl\\\/\",\"logo\":{\"@type\":\"ImageObject\",\"inLanguage\":\"pl-PL\",\"@id\":\"https:\\\/\\\/m8.mech.pk.edu.pl\\\/#\\\/schema\\\/logo\\\/image\\\/\",\"url\":\"https:\\\/\\\/m8.mech.pk.edu.pl\\\/wp-content\\\/uploads\\\/2021\\\/01\\\/logo-mail-kpsit.png\",\"contentUrl\":\"https:\\\/\\\/m8.mech.pk.edu.pl\\\/wp-content\\\/uploads\\\/2021\\\/01\\\/logo-mail-kpsit.png\",\"width\":300,\"height\":119,\"caption\":\"Katedra Pojazd\u00f3w Szynowych\"},\"image\":{\"@id\":\"https:\\\/\\\/m8.mech.pk.edu.pl\\\/#\\\/schema\\\/logo\\\/image\\\/\"},\"sameAs\":[\"https:\\\/\\\/facebook.com\\\/KPSzTPK\",\"https:\\\/\\\/www.youtube.com\\\/channel\\\/UCen3PQ3fl3ry92o_lHkyVaQ\"]},{\"@type\":\"Person\",\"@id\":\"https:\\\/\\\/m8.mech.pk.edu.pl\\\/#\\\/schema\\\/person\\\/d8f6c9a11add49a79e366c6d4261d14e\",\"name\":\"Maciej\",\"image\":{\"@type\":\"ImageObject\",\"inLanguage\":\"pl-PL\",\"@id\":\"https:\\\/\\\/secure.gravatar.com\\\/avatar\\\/5a17b3a5a44d4dca9d48ed0eccafb488c6c54063f627f848184a92807a97590b?s=96&d=mm&r=g\",\"url\":\"https:\\\/\\\/secure.gravatar.com\\\/avatar\\\/5a17b3a5a44d4dca9d48ed0eccafb488c6c54063f627f848184a92807a97590b?s=96&d=mm&r=g\",\"contentUrl\":\"https:\\\/\\\/secure.gravatar.com\\\/avatar\\\/5a17b3a5a44d4dca9d48ed0eccafb488c6c54063f627f848184a92807a97590b?s=96&d=mm&r=g\",\"caption\":\"Maciej\"}}]}<\/script>\n<!-- \/ Yoast SEO plugin. -->","yoast_head_json":{"title":"Przedstawiciele Ko\u0142a Naukowego \"Transport\" na konferencji w UTK - Katedra Pojazd\u00f3w Szynowych i Transportu","robots":{"index":"index","follow":"follow","max-snippet":"max-snippet:-1","max-image-preview":"max-image-preview:large","max-video-preview":"max-video-preview:-1"},"canonical":"https:\/\/m8.mech.pk.edu.pl\/index.php\/2025\/05\/25\/przedstawiciele-kola-naukowego-transport-na-konferencji-w-utk\/","og_locale":"pl_PL","og_type":"article","og_title":"Przedstawiciele Ko\u0142a Naukowego \"Transport\" na konferencji w UTK - Katedra Pojazd\u00f3w Szynowych i Transportu","og_description":"W czwartek 15.05.2025 r. odby\u0142a si\u0119 w Warszawie VIII Konferencja Naukowo-Techniczna \u201eTransport Kolejowy 2025: Przesz\u0142o\u015b\u0107-Tera\u017aniejszo\u015b\u0107-Przysz\u0142o\u015b\u0107&#8221; organizowana przez Urz\u0105d Transportu Kolejowego, w kt\u00f3rej jak co roku wzi\u0119li udzia\u0142 cz\u0142onkowie Ko\u0142a Naukowego &#8222;TRANSPORT&#8221; przedstawiaj\u0105c dwie prace naukowe.","og_url":"https:\/\/m8.mech.pk.edu.pl\/index.php\/2025\/05\/25\/przedstawiciele-kola-naukowego-transport-na-konferencji-w-utk\/","og_site_name":"Katedra Pojazd\u00f3w Szynowych i Transportu","article_publisher":"https:\/\/facebook.com\/KPSzTPK","article_published_time":"2025-05-25T19:29:03+00:00","article_modified_time":"2025-05-25T19:29:04+00:00","og_image":[{"width":720,"height":960,"url":"https:\/\/m8.mech.pk.edu.pl\/wp-content\/uploads\/2025\/05\/utk2.jpg","type":"image\/jpeg"}],"author":"Maciej","twitter_card":"summary_large_image","twitter_misc":{"Napisane przez":"Maciej","Szacowany czas czytania":"2 minuty"},"schema":{"@context":"https:\/\/schema.org","@graph":[{"@type":"Article","@id":"https:\/\/m8.mech.pk.edu.pl\/index.php\/2025\/05\/25\/przedstawiciele-kola-naukowego-transport-na-konferencji-w-utk\/#article","isPartOf":{"@id":"https:\/\/m8.mech.pk.edu.pl\/index.php\/2025\/05\/25\/przedstawiciele-kola-naukowego-transport-na-konferencji-w-utk\/"},"author":{"name":"Maciej","@id":"https:\/\/m8.mech.pk.edu.pl\/#\/schema\/person\/d8f6c9a11add49a79e366c6d4261d14e"},"headline":"Przedstawiciele Ko\u0142a Naukowego &#8222;Transport&#8221; na konferencji w UTK","datePublished":"2025-05-25T19:29:03+00:00","dateModified":"2025-05-25T19:29:04+00:00","mainEntityOfPage":{"@id":"https:\/\/m8.mech.pk.edu.pl\/index.php\/2025\/05\/25\/przedstawiciele-kola-naukowego-transport-na-konferencji-w-utk\/"},"wordCount":139,"publisher":{"@id":"https:\/\/m8.mech.pk.edu.pl\/#organization"},"image":{"@id":"https:\/\/m8.mech.pk.edu.pl\/index.php\/2025\/05\/25\/przedstawiciele-kola-naukowego-transport-na-konferencji-w-utk\/#primaryimage"},"thumbnailUrl":"https:\/\/m8.mech.pk.edu.pl\/wp-content\/uploads\/2025\/05\/utk2.jpg","inLanguage":"pl-PL"},{"@type":"WebPage","@id":"https:\/\/m8.mech.pk.edu.pl\/index.php\/2025\/05\/25\/przedstawiciele-kola-naukowego-transport-na-konferencji-w-utk\/","url":"https:\/\/m8.mech.pk.edu.pl\/index.php\/2025\/05\/25\/przedstawiciele-kola-naukowego-transport-na-konferencji-w-utk\/","name":"Przedstawiciele Ko\u0142a Naukowego \"Transport\" na konferencji w UTK - Katedra Pojazd\u00f3w Szynowych i Transportu","isPartOf":{"@id":"https:\/\/m8.mech.pk.edu.pl\/#website"},"primaryImageOfPage":{"@id":"https:\/\/m8.mech.pk.edu.pl\/index.php\/2025\/05\/25\/przedstawiciele-kola-naukowego-transport-na-konferencji-w-utk\/#primaryimage"},"image":{"@id":"https:\/\/m8.mech.pk.edu.pl\/index.php\/2025\/05\/25\/przedstawiciele-kola-naukowego-transport-na-konferencji-w-utk\/#primaryimage"},"thumbnailUrl":"https:\/\/m8.mech.pk.edu.pl\/wp-content\/uploads\/2025\/05\/utk2.jpg","datePublished":"2025-05-25T19:29:03+00:00","dateModified":"2025-05-25T19:29:04+00:00","breadcrumb":{"@id":"https:\/\/m8.mech.pk.edu.pl\/index.php\/2025\/05\/25\/przedstawiciele-kola-naukowego-transport-na-konferencji-w-utk\/#breadcrumb"},"inLanguage":"pl-PL","potentialAction":[{"@type":"ReadAction","target":["https:\/\/m8.mech.pk.edu.pl\/index.php\/2025\/05\/25\/przedstawiciele-kola-naukowego-transport-na-konferencji-w-utk\/"]}]},{"@type":"ImageObject","inLanguage":"pl-PL","@id":"https:\/\/m8.mech.pk.edu.pl\/index.php\/2025\/05\/25\/przedstawiciele-kola-naukowego-transport-na-konferencji-w-utk\/#primaryimage","url":"https:\/\/m8.mech.pk.edu.pl\/wp-content\/uploads\/2025\/05\/utk2.jpg","contentUrl":"https:\/\/m8.mech.pk.edu.pl\/wp-content\/uploads\/2025\/05\/utk2.jpg","width":720,"height":960},{"@type":"BreadcrumbList","@id":"https:\/\/m8.mech.pk.edu.pl\/index.php\/2025\/05\/25\/przedstawiciele-kola-naukowego-transport-na-konferencji-w-utk\/#breadcrumb","itemListElement":[{"@type":"ListItem","position":1,"name":"Strona g\u0142\u00f3wna","item":"https:\/\/m8.mech.pk.edu.pl\/"},{"@type":"ListItem","position":2,"name":"Przedstawiciele Ko\u0142a Naukowego &#8222;Transport&#8221; na konferencji w UTK"}]},{"@type":"WebSite","@id":"https:\/\/m8.mech.pk.edu.pl\/#website","url":"https:\/\/m8.mech.pk.edu.pl\/","name":"Katedra Pojazd\u00f3w Szynowych i Transportu","description":"Katedra Pojazd\u00f3w Szynowych i Transportu Politechniki Krakowskiej na Wydziale Mechanicznym","publisher":{"@id":"https:\/\/m8.mech.pk.edu.pl\/#organization"},"potentialAction":[{"@type":"SearchAction","target":{"@type":"EntryPoint","urlTemplate":"https:\/\/m8.mech.pk.edu.pl\/?s={search_term_string}"},"query-input":{"@type":"PropertyValueSpecification","valueRequired":true,"valueName":"search_term_string"}}],"inLanguage":"pl-PL"},{"@type":"Organization","@id":"https:\/\/m8.mech.pk.edu.pl\/#organization","name":"Katedra Pojazd\u00f3w Szynowych","url":"https:\/\/m8.mech.pk.edu.pl\/","logo":{"@type":"ImageObject","inLanguage":"pl-PL","@id":"https:\/\/m8.mech.pk.edu.pl\/#\/schema\/logo\/image\/","url":"https:\/\/m8.mech.pk.edu.pl\/wp-content\/uploads\/2021\/01\/logo-mail-kpsit.png","contentUrl":"https:\/\/m8.mech.pk.edu.pl\/wp-content\/uploads\/2021\/01\/logo-mail-kpsit.png","width":300,"height":119,"caption":"Katedra Pojazd\u00f3w Szynowych"},"image":{"@id":"https:\/\/m8.mech.pk.edu.pl\/#\/schema\/logo\/image\/"},"sameAs":["https:\/\/facebook.com\/KPSzTPK","https:\/\/www.youtube.com\/channel\/UCen3PQ3fl3ry92o_lHkyVaQ"]},{"@type":"Person","@id":"https:\/\/m8.mech.pk.edu.pl\/#\/schema\/person\/d8f6c9a11add49a79e366c6d4261d14e","name":"Maciej","image":{"@type":"ImageObject","inLanguage":"pl-PL","@id":"https:\/\/secure.gravatar.com\/avatar\/5a17b3a5a44d4dca9d48ed0eccafb488c6c54063f627f848184a92807a97590b?s=96&d=mm&r=g","url":"https:\/\/secure.gravatar.com\/avatar\/5a17b3a5a44d4dca9d48ed0eccafb488c6c54063f627f848184a92807a97590b?s=96&d=mm&r=g","contentUrl":"https:\/\/secure.gravatar.com\/avatar\/5a17b3a5a44d4dca9d48ed0eccafb488c6c54063f627f848184a92807a97590b?s=96&d=mm&r=g","caption":"Maciej"}}]}},"_links":{"self":[{"href":"https:\/\/m8.mech.pk.edu.pl\/index.php\/wp-json\/wp\/v2\/posts\/5834","targetHints":{"allow":["GET"]}}],"collection":[{"href":"https:\/\/m8.mech.pk.edu.pl\/index.php\/wp-json\/wp\/v2\/posts"}],"about":[{"href":"https:\/\/m8.mech.pk.edu.pl\/index.php\/wp-json\/wp\/v2\/types\/post"}],"author":[{"embeddable":true,"href":"https:\/\/m8.mech.pk.edu.pl\/index.php\/wp-json\/wp\/v2\/users\/5"}],"replies":[{"embeddable":true,"href":"https:\/\/m8.mech.pk.edu.pl\/index.php\/wp-json\/wp\/v2\/comments?post=5834"}],"version-history":[{"count":1,"href":"https:\/\/m8.mech.pk.edu.pl\/index.php\/wp-json\/wp\/v2\/posts\/5834\/revisions"}],"predecessor-version":[{"id":5839,"href":"https:\/\/m8.mech.pk.edu.pl\/index.php\/wp-json\/wp\/v2\/posts\/5834\/revisions\/5839"}],"wp:featuredmedia":[{"embeddable":true,"href":"https:\/\/m8.mech.pk.edu.pl\/index.php\/wp-json\/wp\/v2\/media\/5836"}],"wp:attachment":[{"href":"https:\/\/m8.mech.pk.edu.pl\/index.php\/wp-json\/wp\/v2\/media?parent=5834"}],"wp:term":[{"taxonomy":"category","embeddable":true,"href":"https:\/\/m8.mech.pk.edu.pl\/index.php\/wp-json\/wp\/v2\/categories?post=5834"},{"taxonomy":"post_tag","embeddable":true,"href":"https:\/\/m8.mech.pk.edu.pl\/index.php\/wp-json\/wp\/v2\/tags?post=5834"}],"curies":[{"name":"wp","href":"https:\/\/api.w.org\/{rel}","templated":true}]}}