{"id":5611,"date":"2025-02-01T00:56:43","date_gmt":"2025-01-31T23:56:43","guid":{"rendered":"https:\/\/m8.mech.pk.edu.pl\/?p=5611"},"modified":"2025-02-01T01:27:38","modified_gmt":"2025-02-01T00:27:38","slug":"projekty-koncepcyjne-pojazdow-szynowych","status":"publish","type":"post","link":"https:\/\/m8.mech.pk.edu.pl\/index.php\/2025\/02\/01\/projekty-koncepcyjne-pojazdow-szynowych\/","title":{"rendered":"Projekty koncepcyjne pojazd\u00f3w szynowych"},"content":{"rendered":"\n<p>31 stycznia 2025 roku odby\u0142 si\u0119 egzamin z przedmiotu Projektowanie pojazd\u00f3w szynowych prowadzonego przez nasz\u0105 Katedr\u0119 na kierunku In\u017cynieria Wzornictwa Przemys\u0142owego Wydzia\u0142u Mechanicznego PK. Studentki i studenci tego kierunku zaprezentowali koncepcje rozwi\u0105za\u0144 projektowych do taboru kolejowego. Tegoroczne projekty dotyczy\u0142y mi\u0119dzy innymi wn\u0119trza wagonu sypialnego, wagonu z przedzia\u0142ami kinowymi, wagonu z kompaktowymi przedzia\u0142ami do pracy, poci\u0105gu medycznego, wagonu ze stref\u0105 dla us\u0142ug kosmetycznych oraz turystycznych pojazd\u00f3w w\u0105skotorowych i intuicyjnego automatu biletowego.<br>Wszystkim gratulujemy kreatywno\u015bci i ciekawych pomys\u0142\u00f3w!<\/p>\n\n\n\n<!--more-->\n\n\n\n<p>Kierunek In\u017cynieria Wzornictwa Przemys\u0142owego to interdyscyplinarny kierunek kszta\u0142cenia in\u017cynier\u00f3w \u2013 projektant\u00f3w wzornictwa przemys\u0142owego. \u0141\u0105czy w sobie dwa obszary kszta\u0142cenia: nauki techniczne i sztuk\u0119. Jest prowadzony przez wysoko wykwalifikowan\u0105 kadr\u0119 posiadaj\u0105c\u0105 kompetencje nauk technicznych (pracownicy Politechniki Krakowskiej) oraz w zakresie sztuk projektowych (pracownicy Akademii Sztuk Pi\u0119knych w Krakowie). Studia te s\u0105 odpowiedzi\u0105 na potrzeby pracodawc\u00f3w z zakresu przede wszystkim projektowania produktu.<\/p>\n\n\n\n<figure class=\"wp-block-image size-full is-resized\"><a href=\"https:\/\/m8.mech.pk.edu.pl\/wp-content\/uploads\/2025\/02\/iwp-2025.jpg\"><img loading=\"lazy\" decoding=\"async\" width=\"1000\" height=\"907\" src=\"https:\/\/m8.mech.pk.edu.pl\/wp-content\/uploads\/2025\/02\/iwp-2025.jpg\" alt=\"\" class=\"wp-image-5609\" style=\"width:429px;height:auto\" srcset=\"https:\/\/m8.mech.pk.edu.pl\/wp-content\/uploads\/2025\/02\/iwp-2025.jpg 1000w, https:\/\/m8.mech.pk.edu.pl\/wp-content\/uploads\/2025\/02\/iwp-2025-300x272.jpg 300w, https:\/\/m8.mech.pk.edu.pl\/wp-content\/uploads\/2025\/02\/iwp-2025-768x697.jpg 768w\" sizes=\"auto, (max-width: 1000px) 100vw, 1000px\" \/><\/a><\/figure>\n","protected":false},"excerpt":{"rendered":"<p>31 stycznia 2025 roku odby\u0142 si\u0119 egzamin z przedmiotu Projektowanie pojazd\u00f3w szynowych prowadzonego przez nasz\u0105 Katedr\u0119 na kierunku In\u017cynieria Wzornictwa Przemys\u0142owego Wydzia\u0142u Mechanicznego PK. Studentki i studenci tego kierunku zaprezentowali koncepcje rozwi\u0105za\u0144 projektowych do taboru kolejowego. Tegoroczne projekty dotyczy\u0142y mi\u0119dzy innymi wn\u0119trza wagonu sypialnego, wagonu z przedzia\u0142ami kinowymi, wagonu z kompaktowymi przedzia\u0142ami do pracy, poci\u0105gu [&hellip;]<\/p>\n","protected":false},"author":5,"featured_media":5609,"comment_status":"closed","ping_status":"open","sticky":false,"template":"","format":"standard","meta":{"footnotes":""},"categories":[1],"tags":[],"class_list":["post-5611","post","type-post","status-publish","format-standard","has-post-thumbnail","hentry","category-bez-kategorii"],"yoast_head":"<!-- This site is optimized with the Yoast SEO plugin v27.5 - https:\/\/yoast.com\/product\/yoast-seo-wordpress\/ -->\n<title>Projekty koncepcyjne pojazd\u00f3w szynowych - Katedra Pojazd\u00f3w Szynowych i Transportu<\/title>\n<meta name=\"robots\" content=\"index, follow, max-snippet:-1, max-image-preview:large, max-video-preview:-1\" \/>\n<link rel=\"canonical\" href=\"https:\/\/m8.mech.pk.edu.pl\/index.php\/2025\/02\/01\/projekty-koncepcyjne-pojazdow-szynowych\/\" \/>\n<meta property=\"og:locale\" content=\"pl_PL\" \/>\n<meta property=\"og:type\" content=\"article\" \/>\n<meta property=\"og:title\" content=\"Projekty koncepcyjne pojazd\u00f3w szynowych - Katedra Pojazd\u00f3w Szynowych i Transportu\" \/>\n<meta property=\"og:description\" content=\"31 stycznia 2025 roku odby\u0142 si\u0119 egzamin z przedmiotu Projektowanie pojazd\u00f3w szynowych prowadzonego przez nasz\u0105 Katedr\u0119 na kierunku In\u017cynieria Wzornictwa Przemys\u0142owego Wydzia\u0142u Mechanicznego PK. Studentki i studenci tego kierunku zaprezentowali koncepcje rozwi\u0105za\u0144 projektowych do taboru kolejowego. Tegoroczne projekty dotyczy\u0142y mi\u0119dzy innymi wn\u0119trza wagonu sypialnego, wagonu z przedzia\u0142ami kinowymi, wagonu z kompaktowymi przedzia\u0142ami do pracy, poci\u0105gu [&hellip;]\" \/>\n<meta property=\"og:url\" content=\"https:\/\/m8.mech.pk.edu.pl\/index.php\/2025\/02\/01\/projekty-koncepcyjne-pojazdow-szynowych\/\" \/>\n<meta property=\"og:site_name\" content=\"Katedra Pojazd\u00f3w Szynowych i Transportu\" \/>\n<meta property=\"article:publisher\" content=\"https:\/\/facebook.com\/KPSzTPK\" \/>\n<meta property=\"article:published_time\" content=\"2025-01-31T23:56:43+00:00\" \/>\n<meta property=\"article:modified_time\" content=\"2025-02-01T00:27:38+00:00\" \/>\n<meta property=\"og:image\" content=\"https:\/\/m8.mech.pk.edu.pl\/wp-content\/uploads\/2025\/02\/iwp-2025.jpg\" \/>\n\t<meta property=\"og:image:width\" content=\"1000\" \/>\n\t<meta property=\"og:image:height\" content=\"907\" \/>\n\t<meta property=\"og:image:type\" content=\"image\/jpeg\" \/>\n<meta name=\"author\" content=\"Maciej\" \/>\n<meta name=\"twitter:card\" content=\"summary_large_image\" \/>\n<meta name=\"twitter:label1\" content=\"Napisane przez\" \/>\n\t<meta name=\"twitter:data1\" content=\"Maciej\" \/>\n\t<meta name=\"twitter:label2\" content=\"Szacowany czas czytania\" \/>\n\t<meta name=\"twitter:data2\" content=\"2 minuty\" \/>\n<script type=\"application\/ld+json\" class=\"yoast-schema-graph\">{\"@context\":\"https:\\\/\\\/schema.org\",\"@graph\":[{\"@type\":\"Article\",\"@id\":\"https:\\\/\\\/m8.mech.pk.edu.pl\\\/index.php\\\/2025\\\/02\\\/01\\\/projekty-koncepcyjne-pojazdow-szynowych\\\/#article\",\"isPartOf\":{\"@id\":\"https:\\\/\\\/m8.mech.pk.edu.pl\\\/index.php\\\/2025\\\/02\\\/01\\\/projekty-koncepcyjne-pojazdow-szynowych\\\/\"},\"author\":{\"name\":\"Maciej\",\"@id\":\"https:\\\/\\\/m8.mech.pk.edu.pl\\\/#\\\/schema\\\/person\\\/d8f6c9a11add49a79e366c6d4261d14e\"},\"headline\":\"Projekty koncepcyjne pojazd\u00f3w szynowych\",\"datePublished\":\"2025-01-31T23:56:43+00:00\",\"dateModified\":\"2025-02-01T00:27:38+00:00\",\"mainEntityOfPage\":{\"@id\":\"https:\\\/\\\/m8.mech.pk.edu.pl\\\/index.php\\\/2025\\\/02\\\/01\\\/projekty-koncepcyjne-pojazdow-szynowych\\\/\"},\"wordCount\":165,\"publisher\":{\"@id\":\"https:\\\/\\\/m8.mech.pk.edu.pl\\\/#organization\"},\"image\":{\"@id\":\"https:\\\/\\\/m8.mech.pk.edu.pl\\\/index.php\\\/2025\\\/02\\\/01\\\/projekty-koncepcyjne-pojazdow-szynowych\\\/#primaryimage\"},\"thumbnailUrl\":\"https:\\\/\\\/m8.mech.pk.edu.pl\\\/wp-content\\\/uploads\\\/2025\\\/02\\\/iwp-2025.jpg\",\"inLanguage\":\"pl-PL\"},{\"@type\":\"WebPage\",\"@id\":\"https:\\\/\\\/m8.mech.pk.edu.pl\\\/index.php\\\/2025\\\/02\\\/01\\\/projekty-koncepcyjne-pojazdow-szynowych\\\/\",\"url\":\"https:\\\/\\\/m8.mech.pk.edu.pl\\\/index.php\\\/2025\\\/02\\\/01\\\/projekty-koncepcyjne-pojazdow-szynowych\\\/\",\"name\":\"Projekty koncepcyjne pojazd\u00f3w szynowych - Katedra Pojazd\u00f3w Szynowych i Transportu\",\"isPartOf\":{\"@id\":\"https:\\\/\\\/m8.mech.pk.edu.pl\\\/#website\"},\"primaryImageOfPage\":{\"@id\":\"https:\\\/\\\/m8.mech.pk.edu.pl\\\/index.php\\\/2025\\\/02\\\/01\\\/projekty-koncepcyjne-pojazdow-szynowych\\\/#primaryimage\"},\"image\":{\"@id\":\"https:\\\/\\\/m8.mech.pk.edu.pl\\\/index.php\\\/2025\\\/02\\\/01\\\/projekty-koncepcyjne-pojazdow-szynowych\\\/#primaryimage\"},\"thumbnailUrl\":\"https:\\\/\\\/m8.mech.pk.edu.pl\\\/wp-content\\\/uploads\\\/2025\\\/02\\\/iwp-2025.jpg\",\"datePublished\":\"2025-01-31T23:56:43+00:00\",\"dateModified\":\"2025-02-01T00:27:38+00:00\",\"breadcrumb\":{\"@id\":\"https:\\\/\\\/m8.mech.pk.edu.pl\\\/index.php\\\/2025\\\/02\\\/01\\\/projekty-koncepcyjne-pojazdow-szynowych\\\/#breadcrumb\"},\"inLanguage\":\"pl-PL\",\"potentialAction\":[{\"@type\":\"ReadAction\",\"target\":[\"https:\\\/\\\/m8.mech.pk.edu.pl\\\/index.php\\\/2025\\\/02\\\/01\\\/projekty-koncepcyjne-pojazdow-szynowych\\\/\"]}]},{\"@type\":\"ImageObject\",\"inLanguage\":\"pl-PL\",\"@id\":\"https:\\\/\\\/m8.mech.pk.edu.pl\\\/index.php\\\/2025\\\/02\\\/01\\\/projekty-koncepcyjne-pojazdow-szynowych\\\/#primaryimage\",\"url\":\"https:\\\/\\\/m8.mech.pk.edu.pl\\\/wp-content\\\/uploads\\\/2025\\\/02\\\/iwp-2025.jpg\",\"contentUrl\":\"https:\\\/\\\/m8.mech.pk.edu.pl\\\/wp-content\\\/uploads\\\/2025\\\/02\\\/iwp-2025.jpg\",\"width\":1000,\"height\":907},{\"@type\":\"BreadcrumbList\",\"@id\":\"https:\\\/\\\/m8.mech.pk.edu.pl\\\/index.php\\\/2025\\\/02\\\/01\\\/projekty-koncepcyjne-pojazdow-szynowych\\\/#breadcrumb\",\"itemListElement\":[{\"@type\":\"ListItem\",\"position\":1,\"name\":\"Strona g\u0142\u00f3wna\",\"item\":\"https:\\\/\\\/m8.mech.pk.edu.pl\\\/\"},{\"@type\":\"ListItem\",\"position\":2,\"name\":\"Projekty koncepcyjne pojazd\u00f3w szynowych\"}]},{\"@type\":\"WebSite\",\"@id\":\"https:\\\/\\\/m8.mech.pk.edu.pl\\\/#website\",\"url\":\"https:\\\/\\\/m8.mech.pk.edu.pl\\\/\",\"name\":\"Katedra Pojazd\u00f3w Szynowych i Transportu\",\"description\":\"Katedra Pojazd\u00f3w Szynowych i Transportu Politechniki Krakowskiej na Wydziale Mechanicznym\",\"publisher\":{\"@id\":\"https:\\\/\\\/m8.mech.pk.edu.pl\\\/#organization\"},\"potentialAction\":[{\"@type\":\"SearchAction\",\"target\":{\"@type\":\"EntryPoint\",\"urlTemplate\":\"https:\\\/\\\/m8.mech.pk.edu.pl\\\/?s={search_term_string}\"},\"query-input\":{\"@type\":\"PropertyValueSpecification\",\"valueRequired\":true,\"valueName\":\"search_term_string\"}}],\"inLanguage\":\"pl-PL\"},{\"@type\":\"Organization\",\"@id\":\"https:\\\/\\\/m8.mech.pk.edu.pl\\\/#organization\",\"name\":\"Katedra Pojazd\u00f3w Szynowych\",\"url\":\"https:\\\/\\\/m8.mech.pk.edu.pl\\\/\",\"logo\":{\"@type\":\"ImageObject\",\"inLanguage\":\"pl-PL\",\"@id\":\"https:\\\/\\\/m8.mech.pk.edu.pl\\\/#\\\/schema\\\/logo\\\/image\\\/\",\"url\":\"https:\\\/\\\/m8.mech.pk.edu.pl\\\/wp-content\\\/uploads\\\/2021\\\/01\\\/logo-mail-kpsit.png\",\"contentUrl\":\"https:\\\/\\\/m8.mech.pk.edu.pl\\\/wp-content\\\/uploads\\\/2021\\\/01\\\/logo-mail-kpsit.png\",\"width\":300,\"height\":119,\"caption\":\"Katedra Pojazd\u00f3w Szynowych\"},\"image\":{\"@id\":\"https:\\\/\\\/m8.mech.pk.edu.pl\\\/#\\\/schema\\\/logo\\\/image\\\/\"},\"sameAs\":[\"https:\\\/\\\/facebook.com\\\/KPSzTPK\",\"https:\\\/\\\/www.youtube.com\\\/channel\\\/UCen3PQ3fl3ry92o_lHkyVaQ\"]},{\"@type\":\"Person\",\"@id\":\"https:\\\/\\\/m8.mech.pk.edu.pl\\\/#\\\/schema\\\/person\\\/d8f6c9a11add49a79e366c6d4261d14e\",\"name\":\"Maciej\",\"image\":{\"@type\":\"ImageObject\",\"inLanguage\":\"pl-PL\",\"@id\":\"https:\\\/\\\/secure.gravatar.com\\\/avatar\\\/5a17b3a5a44d4dca9d48ed0eccafb488c6c54063f627f848184a92807a97590b?s=96&d=mm&r=g\",\"url\":\"https:\\\/\\\/secure.gravatar.com\\\/avatar\\\/5a17b3a5a44d4dca9d48ed0eccafb488c6c54063f627f848184a92807a97590b?s=96&d=mm&r=g\",\"contentUrl\":\"https:\\\/\\\/secure.gravatar.com\\\/avatar\\\/5a17b3a5a44d4dca9d48ed0eccafb488c6c54063f627f848184a92807a97590b?s=96&d=mm&r=g\",\"caption\":\"Maciej\"}}]}<\/script>\n<!-- \/ Yoast SEO plugin. -->","yoast_head_json":{"title":"Projekty koncepcyjne pojazd\u00f3w szynowych - Katedra Pojazd\u00f3w Szynowych i Transportu","robots":{"index":"index","follow":"follow","max-snippet":"max-snippet:-1","max-image-preview":"max-image-preview:large","max-video-preview":"max-video-preview:-1"},"canonical":"https:\/\/m8.mech.pk.edu.pl\/index.php\/2025\/02\/01\/projekty-koncepcyjne-pojazdow-szynowych\/","og_locale":"pl_PL","og_type":"article","og_title":"Projekty koncepcyjne pojazd\u00f3w szynowych - Katedra Pojazd\u00f3w Szynowych i Transportu","og_description":"31 stycznia 2025 roku odby\u0142 si\u0119 egzamin z przedmiotu Projektowanie pojazd\u00f3w szynowych prowadzonego przez nasz\u0105 Katedr\u0119 na kierunku In\u017cynieria Wzornictwa Przemys\u0142owego Wydzia\u0142u Mechanicznego PK. Studentki i studenci tego kierunku zaprezentowali koncepcje rozwi\u0105za\u0144 projektowych do taboru kolejowego. Tegoroczne projekty dotyczy\u0142y mi\u0119dzy innymi wn\u0119trza wagonu sypialnego, wagonu z przedzia\u0142ami kinowymi, wagonu z kompaktowymi przedzia\u0142ami do pracy, poci\u0105gu [&hellip;]","og_url":"https:\/\/m8.mech.pk.edu.pl\/index.php\/2025\/02\/01\/projekty-koncepcyjne-pojazdow-szynowych\/","og_site_name":"Katedra Pojazd\u00f3w Szynowych i Transportu","article_publisher":"https:\/\/facebook.com\/KPSzTPK","article_published_time":"2025-01-31T23:56:43+00:00","article_modified_time":"2025-02-01T00:27:38+00:00","og_image":[{"width":1000,"height":907,"url":"https:\/\/m8.mech.pk.edu.pl\/wp-content\/uploads\/2025\/02\/iwp-2025.jpg","type":"image\/jpeg"}],"author":"Maciej","twitter_card":"summary_large_image","twitter_misc":{"Napisane przez":"Maciej","Szacowany czas czytania":"2 minuty"},"schema":{"@context":"https:\/\/schema.org","@graph":[{"@type":"Article","@id":"https:\/\/m8.mech.pk.edu.pl\/index.php\/2025\/02\/01\/projekty-koncepcyjne-pojazdow-szynowych\/#article","isPartOf":{"@id":"https:\/\/m8.mech.pk.edu.pl\/index.php\/2025\/02\/01\/projekty-koncepcyjne-pojazdow-szynowych\/"},"author":{"name":"Maciej","@id":"https:\/\/m8.mech.pk.edu.pl\/#\/schema\/person\/d8f6c9a11add49a79e366c6d4261d14e"},"headline":"Projekty koncepcyjne pojazd\u00f3w szynowych","datePublished":"2025-01-31T23:56:43+00:00","dateModified":"2025-02-01T00:27:38+00:00","mainEntityOfPage":{"@id":"https:\/\/m8.mech.pk.edu.pl\/index.php\/2025\/02\/01\/projekty-koncepcyjne-pojazdow-szynowych\/"},"wordCount":165,"publisher":{"@id":"https:\/\/m8.mech.pk.edu.pl\/#organization"},"image":{"@id":"https:\/\/m8.mech.pk.edu.pl\/index.php\/2025\/02\/01\/projekty-koncepcyjne-pojazdow-szynowych\/#primaryimage"},"thumbnailUrl":"https:\/\/m8.mech.pk.edu.pl\/wp-content\/uploads\/2025\/02\/iwp-2025.jpg","inLanguage":"pl-PL"},{"@type":"WebPage","@id":"https:\/\/m8.mech.pk.edu.pl\/index.php\/2025\/02\/01\/projekty-koncepcyjne-pojazdow-szynowych\/","url":"https:\/\/m8.mech.pk.edu.pl\/index.php\/2025\/02\/01\/projekty-koncepcyjne-pojazdow-szynowych\/","name":"Projekty koncepcyjne pojazd\u00f3w szynowych - Katedra Pojazd\u00f3w Szynowych i Transportu","isPartOf":{"@id":"https:\/\/m8.mech.pk.edu.pl\/#website"},"primaryImageOfPage":{"@id":"https:\/\/m8.mech.pk.edu.pl\/index.php\/2025\/02\/01\/projekty-koncepcyjne-pojazdow-szynowych\/#primaryimage"},"image":{"@id":"https:\/\/m8.mech.pk.edu.pl\/index.php\/2025\/02\/01\/projekty-koncepcyjne-pojazdow-szynowych\/#primaryimage"},"thumbnailUrl":"https:\/\/m8.mech.pk.edu.pl\/wp-content\/uploads\/2025\/02\/iwp-2025.jpg","datePublished":"2025-01-31T23:56:43+00:00","dateModified":"2025-02-01T00:27:38+00:00","breadcrumb":{"@id":"https:\/\/m8.mech.pk.edu.pl\/index.php\/2025\/02\/01\/projekty-koncepcyjne-pojazdow-szynowych\/#breadcrumb"},"inLanguage":"pl-PL","potentialAction":[{"@type":"ReadAction","target":["https:\/\/m8.mech.pk.edu.pl\/index.php\/2025\/02\/01\/projekty-koncepcyjne-pojazdow-szynowych\/"]}]},{"@type":"ImageObject","inLanguage":"pl-PL","@id":"https:\/\/m8.mech.pk.edu.pl\/index.php\/2025\/02\/01\/projekty-koncepcyjne-pojazdow-szynowych\/#primaryimage","url":"https:\/\/m8.mech.pk.edu.pl\/wp-content\/uploads\/2025\/02\/iwp-2025.jpg","contentUrl":"https:\/\/m8.mech.pk.edu.pl\/wp-content\/uploads\/2025\/02\/iwp-2025.jpg","width":1000,"height":907},{"@type":"BreadcrumbList","@id":"https:\/\/m8.mech.pk.edu.pl\/index.php\/2025\/02\/01\/projekty-koncepcyjne-pojazdow-szynowych\/#breadcrumb","itemListElement":[{"@type":"ListItem","position":1,"name":"Strona g\u0142\u00f3wna","item":"https:\/\/m8.mech.pk.edu.pl\/"},{"@type":"ListItem","position":2,"name":"Projekty koncepcyjne pojazd\u00f3w szynowych"}]},{"@type":"WebSite","@id":"https:\/\/m8.mech.pk.edu.pl\/#website","url":"https:\/\/m8.mech.pk.edu.pl\/","name":"Katedra Pojazd\u00f3w Szynowych i Transportu","description":"Katedra Pojazd\u00f3w Szynowych i Transportu Politechniki Krakowskiej na Wydziale Mechanicznym","publisher":{"@id":"https:\/\/m8.mech.pk.edu.pl\/#organization"},"potentialAction":[{"@type":"SearchAction","target":{"@type":"EntryPoint","urlTemplate":"https:\/\/m8.mech.pk.edu.pl\/?s={search_term_string}"},"query-input":{"@type":"PropertyValueSpecification","valueRequired":true,"valueName":"search_term_string"}}],"inLanguage":"pl-PL"},{"@type":"Organization","@id":"https:\/\/m8.mech.pk.edu.pl\/#organization","name":"Katedra Pojazd\u00f3w Szynowych","url":"https:\/\/m8.mech.pk.edu.pl\/","logo":{"@type":"ImageObject","inLanguage":"pl-PL","@id":"https:\/\/m8.mech.pk.edu.pl\/#\/schema\/logo\/image\/","url":"https:\/\/m8.mech.pk.edu.pl\/wp-content\/uploads\/2021\/01\/logo-mail-kpsit.png","contentUrl":"https:\/\/m8.mech.pk.edu.pl\/wp-content\/uploads\/2021\/01\/logo-mail-kpsit.png","width":300,"height":119,"caption":"Katedra Pojazd\u00f3w Szynowych"},"image":{"@id":"https:\/\/m8.mech.pk.edu.pl\/#\/schema\/logo\/image\/"},"sameAs":["https:\/\/facebook.com\/KPSzTPK","https:\/\/www.youtube.com\/channel\/UCen3PQ3fl3ry92o_lHkyVaQ"]},{"@type":"Person","@id":"https:\/\/m8.mech.pk.edu.pl\/#\/schema\/person\/d8f6c9a11add49a79e366c6d4261d14e","name":"Maciej","image":{"@type":"ImageObject","inLanguage":"pl-PL","@id":"https:\/\/secure.gravatar.com\/avatar\/5a17b3a5a44d4dca9d48ed0eccafb488c6c54063f627f848184a92807a97590b?s=96&d=mm&r=g","url":"https:\/\/secure.gravatar.com\/avatar\/5a17b3a5a44d4dca9d48ed0eccafb488c6c54063f627f848184a92807a97590b?s=96&d=mm&r=g","contentUrl":"https:\/\/secure.gravatar.com\/avatar\/5a17b3a5a44d4dca9d48ed0eccafb488c6c54063f627f848184a92807a97590b?s=96&d=mm&r=g","caption":"Maciej"}}]}},"_links":{"self":[{"href":"https:\/\/m8.mech.pk.edu.pl\/index.php\/wp-json\/wp\/v2\/posts\/5611","targetHints":{"allow":["GET"]}}],"collection":[{"href":"https:\/\/m8.mech.pk.edu.pl\/index.php\/wp-json\/wp\/v2\/posts"}],"about":[{"href":"https:\/\/m8.mech.pk.edu.pl\/index.php\/wp-json\/wp\/v2\/types\/post"}],"author":[{"embeddable":true,"href":"https:\/\/m8.mech.pk.edu.pl\/index.php\/wp-json\/wp\/v2\/users\/5"}],"replies":[{"embeddable":true,"href":"https:\/\/m8.mech.pk.edu.pl\/index.php\/wp-json\/wp\/v2\/comments?post=5611"}],"version-history":[{"count":3,"href":"https:\/\/m8.mech.pk.edu.pl\/index.php\/wp-json\/wp\/v2\/posts\/5611\/revisions"}],"predecessor-version":[{"id":5615,"href":"https:\/\/m8.mech.pk.edu.pl\/index.php\/wp-json\/wp\/v2\/posts\/5611\/revisions\/5615"}],"wp:featuredmedia":[{"embeddable":true,"href":"https:\/\/m8.mech.pk.edu.pl\/index.php\/wp-json\/wp\/v2\/media\/5609"}],"wp:attachment":[{"href":"https:\/\/m8.mech.pk.edu.pl\/index.php\/wp-json\/wp\/v2\/media?parent=5611"}],"wp:term":[{"taxonomy":"category","embeddable":true,"href":"https:\/\/m8.mech.pk.edu.pl\/index.php\/wp-json\/wp\/v2\/categories?post=5611"},{"taxonomy":"post_tag","embeddable":true,"href":"https:\/\/m8.mech.pk.edu.pl\/index.php\/wp-json\/wp\/v2\/tags?post=5611"}],"curies":[{"name":"wp","href":"https:\/\/api.w.org\/{rel}","templated":true}]}}