{"id":5499,"date":"2024-12-04T08:58:08","date_gmt":"2024-12-04T07:58:08","guid":{"rendered":"https:\/\/m8.mech.pk.edu.pl\/?p=5499"},"modified":"2024-12-05T22:19:03","modified_gmt":"2024-12-05T21:19:03","slug":"viii-konkurs-kultury-bezpieczenstwa","status":"publish","type":"post","link":"https:\/\/m8.mech.pk.edu.pl\/index.php\/2024\/12\/04\/viii-konkurs-kultury-bezpieczenstwa\/","title":{"rendered":"VIII KONKURS KULTURY BEZPIECZE\u0143STWA"},"content":{"rendered":"\n<p>28 listopada, na Konferencji Kultury Bezpiecze\u0144stwa, poznali\u015bmy tegorocznych laureat\u00f3w i wyr\u00f3\u017cnionych w Konkursie Kultury Bezpiecze\u0144stwa. Pomys\u0142 jego stworzenia narodzi\u0142 si\u0119 jako kontynuacja inicjatywy Deklaracji kultury bezpiecze\u0144stwa w transporcie kolejowym, kt\u00f3r\u0105 Urz\u0105d Transportu Kolejowego zainicjowa\u0142 w 2016 r. Od pierwszej edycji na konkurs wp\u0142yn\u0119\u0142o ju\u017c 200 r\u00f3\u017cnych prac. UTK nagrodzi\u0142 ju\u017c 39 podmiot\u00f3w i wyr\u00f3\u017cni\u0142 41. W tym miejscu warto przypomnie\u0107, \u017ce w ramach III edycji nagrod\u0119 zdoby\u0142a Politechnika Krakowska za utworzenie Laboratorium In\u017cynierii Ruchu Kolejowego.<\/p>\n\n\n\n<!--more-->\n\n\n\n<p>Celem konkursu, opr\u00f3cz corocznego nagrodzenia os\u00f3b lub przedsi\u0119biorc\u00f3w najbardziej aktywnych, podnoszenia stopnia bezpiecze\u0144stwa w transporcie kolejowym, jest mo\u017cliwo\u015b\u0107 wymiany informacji i do\u015bwiadcze\u0144 pomi\u0119dzy uczestnikami konkursu oraz rozpowszechnienie dobrych praktyk, kt\u00f3re wi\u0105\u017c\u0105 si\u0119 z promowaniem kultury bezpiecze\u0144stwa. Prace w pi\u0119ciu kategoriach:&nbsp; Rozwi\u0105zanie techniczne, Rozwi\u0105zanie systemowe, Czynnik ludzki \u2013 edukacja, Praca dyplomowa i Cz\u0142owiek, ocenia kapitu\u0142a konkursu, kt\u00f3ra mo\u017ce r\u00f3wnie\u017c przydzieli\u0107 wyr\u00f3\u017cnienie niezale\u017cnie od udzia\u0142u w konkursie.<\/p>\n\n\n\n<p>W tym roku zg\u0142oszone projekty ocenia\u0142a kapitu\u0142a w sk\u0142adzie:<\/p>\n\n\n\n<ul class=\"wp-block-list\">\n<li>Prof. Marianna Jacyna, Dziekan Wydzia\u0142u Transportu Politechniki Warszawskiej;<\/li>\n\n\n\n<li><strong>Prof. Maciej Szkoda, Kierownik Katedry Pojazd\u00f3w Szynowych i Transportu Politechniki Krakowskiej;<\/strong><\/li>\n\n\n\n<li>Prof. Tomasz Perzy\u0144ski, Dziekan Wydzia\u0142u Transportu, Elektrotechniki i Informatyki Uniwersytetu Radomskiego im. Kazimierza Pu\u0142askiego;<\/li>\n\n\n\n<li>Prof. Franciszek Tomaszewski z Wydzia\u0142u In\u017cynierii L\u0105dowej i Transportu Politechniki Pozna\u0144skiej;<\/li>\n\n\n\n<li>Piotr Szczepaniak, Dyrektor Departamentu Planowania i Nadzoru w Urz\u0119dzie Transportu Kolejowego.<\/li>\n<\/ul>\n\n\n\n<p>Wi\u0119cej: <a href=\"https:\/\/utk.gov.pl\/pl\/aktualnosci\/21908,Kulture-bezpieczenstwa-tworza-ludzie.html\">https:\/\/utk.gov.pl\/pl\/aktualnosci\/21908,Kulture-bezpieczenstwa-tworza-ludzie.html<\/a><\/p>\n","protected":false},"excerpt":{"rendered":"<p>28 listopada, na Konferencji Kultury Bezpiecze\u0144stwa, poznali\u015bmy tegorocznych laureat\u00f3w i wyr\u00f3\u017cnionych w Konkursie Kultury Bezpiecze\u0144stwa. Pomys\u0142 jego stworzenia narodzi\u0142 si\u0119 jako kontynuacja inicjatywy Deklaracji kultury bezpiecze\u0144stwa w transporcie kolejowym, kt\u00f3r\u0105 Urz\u0105d Transportu Kolejowego zainicjowa\u0142 w 2016 r. Od pierwszej edycji na konkurs wp\u0142yn\u0119\u0142o ju\u017c 200 r\u00f3\u017cnych prac. UTK nagrodzi\u0142 ju\u017c 39 podmiot\u00f3w i wyr\u00f3\u017cni\u0142 41. [&hellip;]<\/p>\n","protected":false},"author":1,"featured_media":5500,"comment_status":"closed","ping_status":"open","sticky":false,"template":"","format":"standard","meta":{"footnotes":""},"categories":[1],"tags":[],"class_list":["post-5499","post","type-post","status-publish","format-standard","has-post-thumbnail","hentry","category-bez-kategorii"],"yoast_head":"<!-- This site is optimized with the Yoast SEO plugin v27.5 - https:\/\/yoast.com\/product\/yoast-seo-wordpress\/ -->\n<title>VIII KONKURS KULTURY BEZPIECZE\u0143STWA - Katedra Pojazd\u00f3w Szynowych i Transportu<\/title>\n<meta name=\"robots\" content=\"index, follow, max-snippet:-1, max-image-preview:large, max-video-preview:-1\" \/>\n<link rel=\"canonical\" href=\"https:\/\/m8.mech.pk.edu.pl\/index.php\/2024\/12\/04\/viii-konkurs-kultury-bezpieczenstwa\/\" \/>\n<meta property=\"og:locale\" content=\"pl_PL\" \/>\n<meta property=\"og:type\" content=\"article\" \/>\n<meta property=\"og:title\" content=\"VIII KONKURS KULTURY BEZPIECZE\u0143STWA - Katedra Pojazd\u00f3w Szynowych i Transportu\" \/>\n<meta property=\"og:description\" content=\"28 listopada, na Konferencji Kultury Bezpiecze\u0144stwa, poznali\u015bmy tegorocznych laureat\u00f3w i wyr\u00f3\u017cnionych w Konkursie Kultury Bezpiecze\u0144stwa. Pomys\u0142 jego stworzenia narodzi\u0142 si\u0119 jako kontynuacja inicjatywy Deklaracji kultury bezpiecze\u0144stwa w transporcie kolejowym, kt\u00f3r\u0105 Urz\u0105d Transportu Kolejowego zainicjowa\u0142 w 2016 r. Od pierwszej edycji na konkurs wp\u0142yn\u0119\u0142o ju\u017c 200 r\u00f3\u017cnych prac. UTK nagrodzi\u0142 ju\u017c 39 podmiot\u00f3w i wyr\u00f3\u017cni\u0142 41. [&hellip;]\" \/>\n<meta property=\"og:url\" content=\"https:\/\/m8.mech.pk.edu.pl\/index.php\/2024\/12\/04\/viii-konkurs-kultury-bezpieczenstwa\/\" \/>\n<meta property=\"og:site_name\" content=\"Katedra Pojazd\u00f3w Szynowych i Transportu\" \/>\n<meta property=\"article:publisher\" content=\"https:\/\/facebook.com\/KPSzTPK\" \/>\n<meta property=\"article:published_time\" content=\"2024-12-04T07:58:08+00:00\" \/>\n<meta property=\"article:modified_time\" content=\"2024-12-05T21:19:03+00:00\" \/>\n<meta property=\"og:image\" content=\"https:\/\/m8.mech.pk.edu.pl\/wp-content\/uploads\/2024\/12\/VIII_konferencja_kultura_bezpieczenstwa.jpg\" \/>\n\t<meta property=\"og:image:width\" content=\"800\" \/>\n\t<meta property=\"og:image:height\" content=\"533\" \/>\n\t<meta property=\"og:image:type\" content=\"image\/jpeg\" \/>\n<meta name=\"author\" content=\"Rafa\u0142\" \/>\n<meta name=\"twitter:card\" content=\"summary_large_image\" \/>\n<meta name=\"twitter:label1\" content=\"Napisane przez\" \/>\n\t<meta name=\"twitter:data1\" content=\"Rafa\u0142\" \/>\n\t<meta name=\"twitter:label2\" content=\"Szacowany czas czytania\" \/>\n\t<meta name=\"twitter:data2\" content=\"2 minuty\" \/>\n<script type=\"application\/ld+json\" class=\"yoast-schema-graph\">{\"@context\":\"https:\\\/\\\/schema.org\",\"@graph\":[{\"@type\":\"Article\",\"@id\":\"https:\\\/\\\/m8.mech.pk.edu.pl\\\/index.php\\\/2024\\\/12\\\/04\\\/viii-konkurs-kultury-bezpieczenstwa\\\/#article\",\"isPartOf\":{\"@id\":\"https:\\\/\\\/m8.mech.pk.edu.pl\\\/index.php\\\/2024\\\/12\\\/04\\\/viii-konkurs-kultury-bezpieczenstwa\\\/\"},\"author\":{\"name\":\"Rafa\u0142\",\"@id\":\"https:\\\/\\\/m8.mech.pk.edu.pl\\\/#\\\/schema\\\/person\\\/3b5511cf6f7f9280c1bd99bc362480b0\"},\"headline\":\"VIII KONKURS KULTURY BEZPIECZE\u0143STWA\",\"datePublished\":\"2024-12-04T07:58:08+00:00\",\"dateModified\":\"2024-12-05T21:19:03+00:00\",\"mainEntityOfPage\":{\"@id\":\"https:\\\/\\\/m8.mech.pk.edu.pl\\\/index.php\\\/2024\\\/12\\\/04\\\/viii-konkurs-kultury-bezpieczenstwa\\\/\"},\"wordCount\":264,\"publisher\":{\"@id\":\"https:\\\/\\\/m8.mech.pk.edu.pl\\\/#organization\"},\"image\":{\"@id\":\"https:\\\/\\\/m8.mech.pk.edu.pl\\\/index.php\\\/2024\\\/12\\\/04\\\/viii-konkurs-kultury-bezpieczenstwa\\\/#primaryimage\"},\"thumbnailUrl\":\"https:\\\/\\\/m8.mech.pk.edu.pl\\\/wp-content\\\/uploads\\\/2024\\\/12\\\/VIII_konferencja_kultura_bezpieczenstwa.jpg\",\"inLanguage\":\"pl-PL\"},{\"@type\":\"WebPage\",\"@id\":\"https:\\\/\\\/m8.mech.pk.edu.pl\\\/index.php\\\/2024\\\/12\\\/04\\\/viii-konkurs-kultury-bezpieczenstwa\\\/\",\"url\":\"https:\\\/\\\/m8.mech.pk.edu.pl\\\/index.php\\\/2024\\\/12\\\/04\\\/viii-konkurs-kultury-bezpieczenstwa\\\/\",\"name\":\"VIII KONKURS KULTURY BEZPIECZE\u0143STWA - Katedra Pojazd\u00f3w Szynowych i Transportu\",\"isPartOf\":{\"@id\":\"https:\\\/\\\/m8.mech.pk.edu.pl\\\/#website\"},\"primaryImageOfPage\":{\"@id\":\"https:\\\/\\\/m8.mech.pk.edu.pl\\\/index.php\\\/2024\\\/12\\\/04\\\/viii-konkurs-kultury-bezpieczenstwa\\\/#primaryimage\"},\"image\":{\"@id\":\"https:\\\/\\\/m8.mech.pk.edu.pl\\\/index.php\\\/2024\\\/12\\\/04\\\/viii-konkurs-kultury-bezpieczenstwa\\\/#primaryimage\"},\"thumbnailUrl\":\"https:\\\/\\\/m8.mech.pk.edu.pl\\\/wp-content\\\/uploads\\\/2024\\\/12\\\/VIII_konferencja_kultura_bezpieczenstwa.jpg\",\"datePublished\":\"2024-12-04T07:58:08+00:00\",\"dateModified\":\"2024-12-05T21:19:03+00:00\",\"breadcrumb\":{\"@id\":\"https:\\\/\\\/m8.mech.pk.edu.pl\\\/index.php\\\/2024\\\/12\\\/04\\\/viii-konkurs-kultury-bezpieczenstwa\\\/#breadcrumb\"},\"inLanguage\":\"pl-PL\",\"potentialAction\":[{\"@type\":\"ReadAction\",\"target\":[\"https:\\\/\\\/m8.mech.pk.edu.pl\\\/index.php\\\/2024\\\/12\\\/04\\\/viii-konkurs-kultury-bezpieczenstwa\\\/\"]}]},{\"@type\":\"ImageObject\",\"inLanguage\":\"pl-PL\",\"@id\":\"https:\\\/\\\/m8.mech.pk.edu.pl\\\/index.php\\\/2024\\\/12\\\/04\\\/viii-konkurs-kultury-bezpieczenstwa\\\/#primaryimage\",\"url\":\"https:\\\/\\\/m8.mech.pk.edu.pl\\\/wp-content\\\/uploads\\\/2024\\\/12\\\/VIII_konferencja_kultura_bezpieczenstwa.jpg\",\"contentUrl\":\"https:\\\/\\\/m8.mech.pk.edu.pl\\\/wp-content\\\/uploads\\\/2024\\\/12\\\/VIII_konferencja_kultura_bezpieczenstwa.jpg\",\"width\":800,\"height\":533},{\"@type\":\"BreadcrumbList\",\"@id\":\"https:\\\/\\\/m8.mech.pk.edu.pl\\\/index.php\\\/2024\\\/12\\\/04\\\/viii-konkurs-kultury-bezpieczenstwa\\\/#breadcrumb\",\"itemListElement\":[{\"@type\":\"ListItem\",\"position\":1,\"name\":\"Strona g\u0142\u00f3wna\",\"item\":\"https:\\\/\\\/m8.mech.pk.edu.pl\\\/\"},{\"@type\":\"ListItem\",\"position\":2,\"name\":\"VIII KONKURS KULTURY BEZPIECZE\u0143STWA\"}]},{\"@type\":\"WebSite\",\"@id\":\"https:\\\/\\\/m8.mech.pk.edu.pl\\\/#website\",\"url\":\"https:\\\/\\\/m8.mech.pk.edu.pl\\\/\",\"name\":\"Katedra Pojazd\u00f3w Szynowych i Transportu\",\"description\":\"Katedra Pojazd\u00f3w Szynowych i Transportu Politechniki Krakowskiej na Wydziale Mechanicznym\",\"publisher\":{\"@id\":\"https:\\\/\\\/m8.mech.pk.edu.pl\\\/#organization\"},\"potentialAction\":[{\"@type\":\"SearchAction\",\"target\":{\"@type\":\"EntryPoint\",\"urlTemplate\":\"https:\\\/\\\/m8.mech.pk.edu.pl\\\/?s={search_term_string}\"},\"query-input\":{\"@type\":\"PropertyValueSpecification\",\"valueRequired\":true,\"valueName\":\"search_term_string\"}}],\"inLanguage\":\"pl-PL\"},{\"@type\":\"Organization\",\"@id\":\"https:\\\/\\\/m8.mech.pk.edu.pl\\\/#organization\",\"name\":\"Katedra Pojazd\u00f3w Szynowych\",\"url\":\"https:\\\/\\\/m8.mech.pk.edu.pl\\\/\",\"logo\":{\"@type\":\"ImageObject\",\"inLanguage\":\"pl-PL\",\"@id\":\"https:\\\/\\\/m8.mech.pk.edu.pl\\\/#\\\/schema\\\/logo\\\/image\\\/\",\"url\":\"https:\\\/\\\/m8.mech.pk.edu.pl\\\/wp-content\\\/uploads\\\/2021\\\/01\\\/logo-mail-kpsit.png\",\"contentUrl\":\"https:\\\/\\\/m8.mech.pk.edu.pl\\\/wp-content\\\/uploads\\\/2021\\\/01\\\/logo-mail-kpsit.png\",\"width\":300,\"height\":119,\"caption\":\"Katedra Pojazd\u00f3w Szynowych\"},\"image\":{\"@id\":\"https:\\\/\\\/m8.mech.pk.edu.pl\\\/#\\\/schema\\\/logo\\\/image\\\/\"},\"sameAs\":[\"https:\\\/\\\/facebook.com\\\/KPSzTPK\",\"https:\\\/\\\/www.youtube.com\\\/channel\\\/UCen3PQ3fl3ry92o_lHkyVaQ\"]},{\"@type\":\"Person\",\"@id\":\"https:\\\/\\\/m8.mech.pk.edu.pl\\\/#\\\/schema\\\/person\\\/3b5511cf6f7f9280c1bd99bc362480b0\",\"name\":\"Rafa\u0142\",\"image\":{\"@type\":\"ImageObject\",\"inLanguage\":\"pl-PL\",\"@id\":\"https:\\\/\\\/secure.gravatar.com\\\/avatar\\\/8e9c17f2eb0d64a51c937221d111e08df2f3a6fafdb5fa07d5aef9e5e9c39e51?s=96&d=mm&r=g\",\"url\":\"https:\\\/\\\/secure.gravatar.com\\\/avatar\\\/8e9c17f2eb0d64a51c937221d111e08df2f3a6fafdb5fa07d5aef9e5e9c39e51?s=96&d=mm&r=g\",\"contentUrl\":\"https:\\\/\\\/secure.gravatar.com\\\/avatar\\\/8e9c17f2eb0d64a51c937221d111e08df2f3a6fafdb5fa07d5aef9e5e9c39e51?s=96&d=mm&r=g\",\"caption\":\"Rafa\u0142\"},\"sameAs\":[\"http:\\\/\\\/149.156.155.135\"]}]}<\/script>\n<!-- \/ Yoast SEO plugin. -->","yoast_head_json":{"title":"VIII KONKURS KULTURY BEZPIECZE\u0143STWA - Katedra Pojazd\u00f3w Szynowych i Transportu","robots":{"index":"index","follow":"follow","max-snippet":"max-snippet:-1","max-image-preview":"max-image-preview:large","max-video-preview":"max-video-preview:-1"},"canonical":"https:\/\/m8.mech.pk.edu.pl\/index.php\/2024\/12\/04\/viii-konkurs-kultury-bezpieczenstwa\/","og_locale":"pl_PL","og_type":"article","og_title":"VIII KONKURS KULTURY BEZPIECZE\u0143STWA - Katedra Pojazd\u00f3w Szynowych i Transportu","og_description":"28 listopada, na Konferencji Kultury Bezpiecze\u0144stwa, poznali\u015bmy tegorocznych laureat\u00f3w i wyr\u00f3\u017cnionych w Konkursie Kultury Bezpiecze\u0144stwa. Pomys\u0142 jego stworzenia narodzi\u0142 si\u0119 jako kontynuacja inicjatywy Deklaracji kultury bezpiecze\u0144stwa w transporcie kolejowym, kt\u00f3r\u0105 Urz\u0105d Transportu Kolejowego zainicjowa\u0142 w 2016 r. Od pierwszej edycji na konkurs wp\u0142yn\u0119\u0142o ju\u017c 200 r\u00f3\u017cnych prac. UTK nagrodzi\u0142 ju\u017c 39 podmiot\u00f3w i wyr\u00f3\u017cni\u0142 41. [&hellip;]","og_url":"https:\/\/m8.mech.pk.edu.pl\/index.php\/2024\/12\/04\/viii-konkurs-kultury-bezpieczenstwa\/","og_site_name":"Katedra Pojazd\u00f3w Szynowych i Transportu","article_publisher":"https:\/\/facebook.com\/KPSzTPK","article_published_time":"2024-12-04T07:58:08+00:00","article_modified_time":"2024-12-05T21:19:03+00:00","og_image":[{"width":800,"height":533,"url":"https:\/\/m8.mech.pk.edu.pl\/wp-content\/uploads\/2024\/12\/VIII_konferencja_kultura_bezpieczenstwa.jpg","type":"image\/jpeg"}],"author":"Rafa\u0142","twitter_card":"summary_large_image","twitter_misc":{"Napisane przez":"Rafa\u0142","Szacowany czas czytania":"2 minuty"},"schema":{"@context":"https:\/\/schema.org","@graph":[{"@type":"Article","@id":"https:\/\/m8.mech.pk.edu.pl\/index.php\/2024\/12\/04\/viii-konkurs-kultury-bezpieczenstwa\/#article","isPartOf":{"@id":"https:\/\/m8.mech.pk.edu.pl\/index.php\/2024\/12\/04\/viii-konkurs-kultury-bezpieczenstwa\/"},"author":{"name":"Rafa\u0142","@id":"https:\/\/m8.mech.pk.edu.pl\/#\/schema\/person\/3b5511cf6f7f9280c1bd99bc362480b0"},"headline":"VIII KONKURS KULTURY BEZPIECZE\u0143STWA","datePublished":"2024-12-04T07:58:08+00:00","dateModified":"2024-12-05T21:19:03+00:00","mainEntityOfPage":{"@id":"https:\/\/m8.mech.pk.edu.pl\/index.php\/2024\/12\/04\/viii-konkurs-kultury-bezpieczenstwa\/"},"wordCount":264,"publisher":{"@id":"https:\/\/m8.mech.pk.edu.pl\/#organization"},"image":{"@id":"https:\/\/m8.mech.pk.edu.pl\/index.php\/2024\/12\/04\/viii-konkurs-kultury-bezpieczenstwa\/#primaryimage"},"thumbnailUrl":"https:\/\/m8.mech.pk.edu.pl\/wp-content\/uploads\/2024\/12\/VIII_konferencja_kultura_bezpieczenstwa.jpg","inLanguage":"pl-PL"},{"@type":"WebPage","@id":"https:\/\/m8.mech.pk.edu.pl\/index.php\/2024\/12\/04\/viii-konkurs-kultury-bezpieczenstwa\/","url":"https:\/\/m8.mech.pk.edu.pl\/index.php\/2024\/12\/04\/viii-konkurs-kultury-bezpieczenstwa\/","name":"VIII KONKURS KULTURY BEZPIECZE\u0143STWA - Katedra Pojazd\u00f3w Szynowych i Transportu","isPartOf":{"@id":"https:\/\/m8.mech.pk.edu.pl\/#website"},"primaryImageOfPage":{"@id":"https:\/\/m8.mech.pk.edu.pl\/index.php\/2024\/12\/04\/viii-konkurs-kultury-bezpieczenstwa\/#primaryimage"},"image":{"@id":"https:\/\/m8.mech.pk.edu.pl\/index.php\/2024\/12\/04\/viii-konkurs-kultury-bezpieczenstwa\/#primaryimage"},"thumbnailUrl":"https:\/\/m8.mech.pk.edu.pl\/wp-content\/uploads\/2024\/12\/VIII_konferencja_kultura_bezpieczenstwa.jpg","datePublished":"2024-12-04T07:58:08+00:00","dateModified":"2024-12-05T21:19:03+00:00","breadcrumb":{"@id":"https:\/\/m8.mech.pk.edu.pl\/index.php\/2024\/12\/04\/viii-konkurs-kultury-bezpieczenstwa\/#breadcrumb"},"inLanguage":"pl-PL","potentialAction":[{"@type":"ReadAction","target":["https:\/\/m8.mech.pk.edu.pl\/index.php\/2024\/12\/04\/viii-konkurs-kultury-bezpieczenstwa\/"]}]},{"@type":"ImageObject","inLanguage":"pl-PL","@id":"https:\/\/m8.mech.pk.edu.pl\/index.php\/2024\/12\/04\/viii-konkurs-kultury-bezpieczenstwa\/#primaryimage","url":"https:\/\/m8.mech.pk.edu.pl\/wp-content\/uploads\/2024\/12\/VIII_konferencja_kultura_bezpieczenstwa.jpg","contentUrl":"https:\/\/m8.mech.pk.edu.pl\/wp-content\/uploads\/2024\/12\/VIII_konferencja_kultura_bezpieczenstwa.jpg","width":800,"height":533},{"@type":"BreadcrumbList","@id":"https:\/\/m8.mech.pk.edu.pl\/index.php\/2024\/12\/04\/viii-konkurs-kultury-bezpieczenstwa\/#breadcrumb","itemListElement":[{"@type":"ListItem","position":1,"name":"Strona g\u0142\u00f3wna","item":"https:\/\/m8.mech.pk.edu.pl\/"},{"@type":"ListItem","position":2,"name":"VIII KONKURS KULTURY BEZPIECZE\u0143STWA"}]},{"@type":"WebSite","@id":"https:\/\/m8.mech.pk.edu.pl\/#website","url":"https:\/\/m8.mech.pk.edu.pl\/","name":"Katedra Pojazd\u00f3w Szynowych i Transportu","description":"Katedra Pojazd\u00f3w Szynowych i Transportu Politechniki Krakowskiej na Wydziale Mechanicznym","publisher":{"@id":"https:\/\/m8.mech.pk.edu.pl\/#organization"},"potentialAction":[{"@type":"SearchAction","target":{"@type":"EntryPoint","urlTemplate":"https:\/\/m8.mech.pk.edu.pl\/?s={search_term_string}"},"query-input":{"@type":"PropertyValueSpecification","valueRequired":true,"valueName":"search_term_string"}}],"inLanguage":"pl-PL"},{"@type":"Organization","@id":"https:\/\/m8.mech.pk.edu.pl\/#organization","name":"Katedra Pojazd\u00f3w Szynowych","url":"https:\/\/m8.mech.pk.edu.pl\/","logo":{"@type":"ImageObject","inLanguage":"pl-PL","@id":"https:\/\/m8.mech.pk.edu.pl\/#\/schema\/logo\/image\/","url":"https:\/\/m8.mech.pk.edu.pl\/wp-content\/uploads\/2021\/01\/logo-mail-kpsit.png","contentUrl":"https:\/\/m8.mech.pk.edu.pl\/wp-content\/uploads\/2021\/01\/logo-mail-kpsit.png","width":300,"height":119,"caption":"Katedra Pojazd\u00f3w Szynowych"},"image":{"@id":"https:\/\/m8.mech.pk.edu.pl\/#\/schema\/logo\/image\/"},"sameAs":["https:\/\/facebook.com\/KPSzTPK","https:\/\/www.youtube.com\/channel\/UCen3PQ3fl3ry92o_lHkyVaQ"]},{"@type":"Person","@id":"https:\/\/m8.mech.pk.edu.pl\/#\/schema\/person\/3b5511cf6f7f9280c1bd99bc362480b0","name":"Rafa\u0142","image":{"@type":"ImageObject","inLanguage":"pl-PL","@id":"https:\/\/secure.gravatar.com\/avatar\/8e9c17f2eb0d64a51c937221d111e08df2f3a6fafdb5fa07d5aef9e5e9c39e51?s=96&d=mm&r=g","url":"https:\/\/secure.gravatar.com\/avatar\/8e9c17f2eb0d64a51c937221d111e08df2f3a6fafdb5fa07d5aef9e5e9c39e51?s=96&d=mm&r=g","contentUrl":"https:\/\/secure.gravatar.com\/avatar\/8e9c17f2eb0d64a51c937221d111e08df2f3a6fafdb5fa07d5aef9e5e9c39e51?s=96&d=mm&r=g","caption":"Rafa\u0142"},"sameAs":["http:\/\/149.156.155.135"]}]}},"_links":{"self":[{"href":"https:\/\/m8.mech.pk.edu.pl\/index.php\/wp-json\/wp\/v2\/posts\/5499","targetHints":{"allow":["GET"]}}],"collection":[{"href":"https:\/\/m8.mech.pk.edu.pl\/index.php\/wp-json\/wp\/v2\/posts"}],"about":[{"href":"https:\/\/m8.mech.pk.edu.pl\/index.php\/wp-json\/wp\/v2\/types\/post"}],"author":[{"embeddable":true,"href":"https:\/\/m8.mech.pk.edu.pl\/index.php\/wp-json\/wp\/v2\/users\/1"}],"replies":[{"embeddable":true,"href":"https:\/\/m8.mech.pk.edu.pl\/index.php\/wp-json\/wp\/v2\/comments?post=5499"}],"version-history":[{"count":2,"href":"https:\/\/m8.mech.pk.edu.pl\/index.php\/wp-json\/wp\/v2\/posts\/5499\/revisions"}],"predecessor-version":[{"id":5503,"href":"https:\/\/m8.mech.pk.edu.pl\/index.php\/wp-json\/wp\/v2\/posts\/5499\/revisions\/5503"}],"wp:featuredmedia":[{"embeddable":true,"href":"https:\/\/m8.mech.pk.edu.pl\/index.php\/wp-json\/wp\/v2\/media\/5500"}],"wp:attachment":[{"href":"https:\/\/m8.mech.pk.edu.pl\/index.php\/wp-json\/wp\/v2\/media?parent=5499"}],"wp:term":[{"taxonomy":"category","embeddable":true,"href":"https:\/\/m8.mech.pk.edu.pl\/index.php\/wp-json\/wp\/v2\/categories?post=5499"},{"taxonomy":"post_tag","embeddable":true,"href":"https:\/\/m8.mech.pk.edu.pl\/index.php\/wp-json\/wp\/v2\/tags?post=5499"}],"curies":[{"name":"wp","href":"https:\/\/api.w.org\/{rel}","templated":true}]}}