{"id":5495,"date":"2024-12-04T08:54:44","date_gmt":"2024-12-04T07:54:44","guid":{"rendered":"https:\/\/m8.mech.pk.edu.pl\/?p=5495"},"modified":"2024-12-04T08:54:44","modified_gmt":"2024-12-04T07:54:44","slug":"warsztaty-dotyczace-koncepcji-miasta-15-minutowego-w-koszalinie","status":"publish","type":"post","link":"https:\/\/m8.mech.pk.edu.pl\/index.php\/2024\/12\/04\/warsztaty-dotyczace-koncepcji-miasta-15-minutowego-w-koszalinie\/","title":{"rendered":"Warsztaty dotycz\u0105ce koncepcji miasta 15-minutowego w Koszalinie"},"content":{"rendered":"\n<p>27 listopada 2024 r. w Koszalinie, w ramach projektu HORYZONT EUROPA: Social and environmental justice in 15 minutes \u2013 toolkit development for transition to urban sustainable neighbourhoods odby\u0142y si\u0119 krajowe warsztaty po\u015bwi\u0119cone analizie spo\u0142ecznych i \u015brodowiskowych aspekt\u00f3w w kontek\u015bcie wdra\u017cania idei miasta 15-minutowego. W wydarzeniu, zorganizowanym przez Politechnik\u0119 Krakowsk\u0105 wzi\u0119li udzia\u0142 samorz\u0105dowcy, pracownicy naukowi, mieszka\u0144cy Koszalina oraz przedstawiciele Rady Miejskiej w Koszalinie<\/p>\n\n\n\n<!--more-->\n\n\n\n<p>Celem warsztat\u00f3w by\u0142a analiza dost\u0119pno\u015bci us\u0142ug miejskich oraz opracowanie narz\u0119dzi urbanistycznych maj\u0105cych na celu popraw\u0119 jako\u015bci \u017cycia mieszka\u0144c\u00f3w. Dyskutowano m.in. o r\u00f3wnowa\u017ceniu \u015brodk\u00f3w transportu, strategiach sprawiedliwego rozwoju spo\u0142ecznego oraz mo\u017cliwo\u015bciach adaptacji idei miasta 15-minutowego w polskich realiach prawnych. Szczeg\u00f3ln\u0105 uwag\u0119 zwr\u00f3cono na potrzeby r\u00f3\u017cnych grup spo\u0142ecznych, w tym os\u00f3b starszych oraz na rozwi\u0105zania sprzyjaj\u0105ce poprawie dost\u0119pno\u015bci podstawowych us\u0142ug w miastach.<\/p>\n\n\n\n<p>Podczas warsztat\u00f3w reprezentanci Politechniki Krakowskiej, dr in\u017c. arch. Hanna Hrehorowicz \u2013 Gaber, prof. PK (Katedra Planowania Przestrzennego Projektowania Urbanistycznego i Ruralistycznego A-05) oraz dr in\u017c. Beata Baziak i dr in\u017c. Marek Bodziony (Katedra Geoin\u017cynierii i Gospodarki Wodnej \u015a-1), zaprezentowali wyniki mapowania dost\u0119pno\u015bci us\u0142ug, takich jak edukacja, opieka zdrowotna czy handel spo\u017cywczy, zrealizowane z wykorzystaniem narz\u0119dzi GIS. Uczestnicy mieli r\u00f3wnie\u017c okazj\u0119 wymieni\u0107 si\u0119 do\u015bwiadczeniami i om\u00f3wi\u0107 propozycje przysz\u0142ych dzia\u0142a\u0144, w tym przygotowanie szczeg\u00f3\u0142owych ankiet skierowanych do mieszka\u0144c\u00f3w Koszalina. Ankiety maj\u0105 pozwoli\u0107 na bardziej precyzyjne okre\u015blenie potrzeb mieszka\u0144c\u00f3w w zakresie dost\u0119pno\u015bci us\u0142ug, uwzgl\u0119dniaj\u0105c r\u00f3\u017cne grupy wiekowe. Dyskutowano tak\u017ce o sposobach uwzgl\u0119dnienia w analizach specyficznych potrzeb mieszka\u0144c\u00f3w peryferyjnych dzielnic oraz wyzwa\u0144 wynikaj\u0105cych z ograniczonej dost\u0119pno\u015bci grunt\u00f3w pod inwestycje publiczne.<\/p>\n\n\n\n<p>Warsztaty w Koszalinie to kolejny krok w kierunku realizacji koncepcji miast 15-minutowych w Polsce. Dzi\u0119ki wsp\u00f3\u0142pracy naukowc\u00f3w, samorz\u0105dowc\u00f3w i mieszka\u0144c\u00f3w, inicjatywa ta ma szans\u0119 przynie\u015b\u0107 realne korzy\u015bci spo\u0142eczno\u015bciom miejskim, poprawiaj\u0105c jako\u015b\u0107 \u017cycia i zr\u00f3wnowa\u017cony rozw\u00f3j.<\/p>\n\n\n\n<p>Wi\u0119cej o projekcie: <a href=\"https:\/\/m8.mech.pk.edu.pl\/index.php\/h2020-ncbir-jim\/\">https:\/\/m8.mech.pk.edu.pl\/index.php\/h2020-ncbir-jim\/<\/a><\/p>\n\n\n\n<figure class=\"wp-block-gallery has-nested-images columns-default is-cropped wp-block-gallery-1 is-layout-flex wp-block-gallery-is-layout-flex\">\n<figure class=\"wp-block-image size-large\"><img loading=\"lazy\" decoding=\"async\" width=\"1024\" height=\"768\" data-id=\"5496\" src=\"https:\/\/m8.mech.pk.edu.pl\/wp-content\/uploads\/2024\/12\/IMG_0978-1024x768.jpg\" alt=\"\" class=\"wp-image-5496\" srcset=\"https:\/\/m8.mech.pk.edu.pl\/wp-content\/uploads\/2024\/12\/IMG_0978-1024x768.jpg 1024w, https:\/\/m8.mech.pk.edu.pl\/wp-content\/uploads\/2024\/12\/IMG_0978-300x225.jpg 300w, https:\/\/m8.mech.pk.edu.pl\/wp-content\/uploads\/2024\/12\/IMG_0978-768x576.jpg 768w, https:\/\/m8.mech.pk.edu.pl\/wp-content\/uploads\/2024\/12\/IMG_0978-1536x1152.jpg 1536w, https:\/\/m8.mech.pk.edu.pl\/wp-content\/uploads\/2024\/12\/IMG_0978-2048x1536.jpg 2048w\" sizes=\"auto, (max-width: 1024px) 100vw, 1024px\" \/><\/figure>\n\n\n\n<figure class=\"wp-block-image size-large\"><img loading=\"lazy\" decoding=\"async\" width=\"1024\" height=\"768\" data-id=\"5497\" src=\"https:\/\/m8.mech.pk.edu.pl\/wp-content\/uploads\/2024\/12\/IMG_0984-1024x768.jpg\" alt=\"\" class=\"wp-image-5497\" srcset=\"https:\/\/m8.mech.pk.edu.pl\/wp-content\/uploads\/2024\/12\/IMG_0984-1024x768.jpg 1024w, https:\/\/m8.mech.pk.edu.pl\/wp-content\/uploads\/2024\/12\/IMG_0984-300x225.jpg 300w, https:\/\/m8.mech.pk.edu.pl\/wp-content\/uploads\/2024\/12\/IMG_0984-768x576.jpg 768w, https:\/\/m8.mech.pk.edu.pl\/wp-content\/uploads\/2024\/12\/IMG_0984-1536x1152.jpg 1536w, https:\/\/m8.mech.pk.edu.pl\/wp-content\/uploads\/2024\/12\/IMG_0984-2048x1536.jpg 2048w\" sizes=\"auto, (max-width: 1024px) 100vw, 1024px\" \/><\/figure>\n<\/figure>\n","protected":false},"excerpt":{"rendered":"<p>27 listopada 2024 r. w Koszalinie, w ramach projektu HORYZONT EUROPA: Social and environmental justice in 15 minutes \u2013 toolkit development for transition to urban sustainable neighbourhoods odby\u0142y si\u0119 krajowe warsztaty po\u015bwi\u0119cone analizie spo\u0142ecznych i \u015brodowiskowych aspekt\u00f3w w kontek\u015bcie wdra\u017cania idei miasta 15-minutowego. W wydarzeniu, zorganizowanym przez Politechnik\u0119 Krakowsk\u0105 wzi\u0119li udzia\u0142 samorz\u0105dowcy, pracownicy naukowi, mieszka\u0144cy [&hellip;]<\/p>\n","protected":false},"author":1,"featured_media":5497,"comment_status":"closed","ping_status":"open","sticky":false,"template":"","format":"standard","meta":{"footnotes":""},"categories":[1],"tags":[],"class_list":["post-5495","post","type-post","status-publish","format-standard","has-post-thumbnail","hentry","category-bez-kategorii"],"yoast_head":"<!-- This site is optimized with the Yoast SEO plugin v27.5 - https:\/\/yoast.com\/product\/yoast-seo-wordpress\/ -->\n<title>Warsztaty dotycz\u0105ce koncepcji miasta 15-minutowego w Koszalinie - Katedra Pojazd\u00f3w Szynowych i Transportu<\/title>\n<meta name=\"robots\" content=\"index, follow, max-snippet:-1, max-image-preview:large, max-video-preview:-1\" \/>\n<link rel=\"canonical\" href=\"https:\/\/m8.mech.pk.edu.pl\/index.php\/2024\/12\/04\/warsztaty-dotyczace-koncepcji-miasta-15-minutowego-w-koszalinie\/\" \/>\n<meta property=\"og:locale\" content=\"pl_PL\" \/>\n<meta property=\"og:type\" content=\"article\" \/>\n<meta property=\"og:title\" content=\"Warsztaty dotycz\u0105ce koncepcji miasta 15-minutowego w Koszalinie - Katedra Pojazd\u00f3w Szynowych i Transportu\" \/>\n<meta property=\"og:description\" content=\"27 listopada 2024 r. w Koszalinie, w ramach projektu HORYZONT EUROPA: Social and environmental justice in 15 minutes \u2013 toolkit development for transition to urban sustainable neighbourhoods odby\u0142y si\u0119 krajowe warsztaty po\u015bwi\u0119cone analizie spo\u0142ecznych i \u015brodowiskowych aspekt\u00f3w w kontek\u015bcie wdra\u017cania idei miasta 15-minutowego. W wydarzeniu, zorganizowanym przez Politechnik\u0119 Krakowsk\u0105 wzi\u0119li udzia\u0142 samorz\u0105dowcy, pracownicy naukowi, mieszka\u0144cy [&hellip;]\" \/>\n<meta property=\"og:url\" content=\"https:\/\/m8.mech.pk.edu.pl\/index.php\/2024\/12\/04\/warsztaty-dotyczace-koncepcji-miasta-15-minutowego-w-koszalinie\/\" \/>\n<meta property=\"og:site_name\" content=\"Katedra Pojazd\u00f3w Szynowych i Transportu\" \/>\n<meta property=\"article:publisher\" content=\"https:\/\/facebook.com\/KPSzTPK\" \/>\n<meta property=\"article:published_time\" content=\"2024-12-04T07:54:44+00:00\" \/>\n<meta property=\"og:image\" content=\"https:\/\/m8.mech.pk.edu.pl\/wp-content\/uploads\/2024\/12\/IMG_0984-scaled.jpg\" \/>\n\t<meta property=\"og:image:width\" content=\"2560\" \/>\n\t<meta property=\"og:image:height\" content=\"1920\" \/>\n\t<meta property=\"og:image:type\" content=\"image\/jpeg\" \/>\n<meta name=\"author\" content=\"Rafa\u0142\" \/>\n<meta name=\"twitter:card\" content=\"summary_large_image\" \/>\n<meta name=\"twitter:label1\" content=\"Napisane przez\" \/>\n\t<meta name=\"twitter:data1\" content=\"Rafa\u0142\" \/>\n\t<meta name=\"twitter:label2\" content=\"Szacowany czas czytania\" \/>\n\t<meta name=\"twitter:data2\" content=\"3 minuty\" \/>\n<script type=\"application\/ld+json\" class=\"yoast-schema-graph\">{\"@context\":\"https:\\\/\\\/schema.org\",\"@graph\":[{\"@type\":\"Article\",\"@id\":\"https:\\\/\\\/m8.mech.pk.edu.pl\\\/index.php\\\/2024\\\/12\\\/04\\\/warsztaty-dotyczace-koncepcji-miasta-15-minutowego-w-koszalinie\\\/#article\",\"isPartOf\":{\"@id\":\"https:\\\/\\\/m8.mech.pk.edu.pl\\\/index.php\\\/2024\\\/12\\\/04\\\/warsztaty-dotyczace-koncepcji-miasta-15-minutowego-w-koszalinie\\\/\"},\"author\":{\"name\":\"Rafa\u0142\",\"@id\":\"https:\\\/\\\/m8.mech.pk.edu.pl\\\/#\\\/schema\\\/person\\\/3b5511cf6f7f9280c1bd99bc362480b0\"},\"headline\":\"Warsztaty dotycz\u0105ce koncepcji miasta 15-minutowego w Koszalinie\",\"datePublished\":\"2024-12-04T07:54:44+00:00\",\"mainEntityOfPage\":{\"@id\":\"https:\\\/\\\/m8.mech.pk.edu.pl\\\/index.php\\\/2024\\\/12\\\/04\\\/warsztaty-dotyczace-koncepcji-miasta-15-minutowego-w-koszalinie\\\/\"},\"wordCount\":373,\"publisher\":{\"@id\":\"https:\\\/\\\/m8.mech.pk.edu.pl\\\/#organization\"},\"image\":{\"@id\":\"https:\\\/\\\/m8.mech.pk.edu.pl\\\/index.php\\\/2024\\\/12\\\/04\\\/warsztaty-dotyczace-koncepcji-miasta-15-minutowego-w-koszalinie\\\/#primaryimage\"},\"thumbnailUrl\":\"https:\\\/\\\/m8.mech.pk.edu.pl\\\/wp-content\\\/uploads\\\/2024\\\/12\\\/IMG_0984-scaled.jpg\",\"inLanguage\":\"pl-PL\"},{\"@type\":\"WebPage\",\"@id\":\"https:\\\/\\\/m8.mech.pk.edu.pl\\\/index.php\\\/2024\\\/12\\\/04\\\/warsztaty-dotyczace-koncepcji-miasta-15-minutowego-w-koszalinie\\\/\",\"url\":\"https:\\\/\\\/m8.mech.pk.edu.pl\\\/index.php\\\/2024\\\/12\\\/04\\\/warsztaty-dotyczace-koncepcji-miasta-15-minutowego-w-koszalinie\\\/\",\"name\":\"Warsztaty dotycz\u0105ce koncepcji miasta 15-minutowego w Koszalinie - Katedra Pojazd\u00f3w Szynowych i Transportu\",\"isPartOf\":{\"@id\":\"https:\\\/\\\/m8.mech.pk.edu.pl\\\/#website\"},\"primaryImageOfPage\":{\"@id\":\"https:\\\/\\\/m8.mech.pk.edu.pl\\\/index.php\\\/2024\\\/12\\\/04\\\/warsztaty-dotyczace-koncepcji-miasta-15-minutowego-w-koszalinie\\\/#primaryimage\"},\"image\":{\"@id\":\"https:\\\/\\\/m8.mech.pk.edu.pl\\\/index.php\\\/2024\\\/12\\\/04\\\/warsztaty-dotyczace-koncepcji-miasta-15-minutowego-w-koszalinie\\\/#primaryimage\"},\"thumbnailUrl\":\"https:\\\/\\\/m8.mech.pk.edu.pl\\\/wp-content\\\/uploads\\\/2024\\\/12\\\/IMG_0984-scaled.jpg\",\"datePublished\":\"2024-12-04T07:54:44+00:00\",\"breadcrumb\":{\"@id\":\"https:\\\/\\\/m8.mech.pk.edu.pl\\\/index.php\\\/2024\\\/12\\\/04\\\/warsztaty-dotyczace-koncepcji-miasta-15-minutowego-w-koszalinie\\\/#breadcrumb\"},\"inLanguage\":\"pl-PL\",\"potentialAction\":[{\"@type\":\"ReadAction\",\"target\":[\"https:\\\/\\\/m8.mech.pk.edu.pl\\\/index.php\\\/2024\\\/12\\\/04\\\/warsztaty-dotyczace-koncepcji-miasta-15-minutowego-w-koszalinie\\\/\"]}]},{\"@type\":\"ImageObject\",\"inLanguage\":\"pl-PL\",\"@id\":\"https:\\\/\\\/m8.mech.pk.edu.pl\\\/index.php\\\/2024\\\/12\\\/04\\\/warsztaty-dotyczace-koncepcji-miasta-15-minutowego-w-koszalinie\\\/#primaryimage\",\"url\":\"https:\\\/\\\/m8.mech.pk.edu.pl\\\/wp-content\\\/uploads\\\/2024\\\/12\\\/IMG_0984-scaled.jpg\",\"contentUrl\":\"https:\\\/\\\/m8.mech.pk.edu.pl\\\/wp-content\\\/uploads\\\/2024\\\/12\\\/IMG_0984-scaled.jpg\",\"width\":2560,\"height\":1920},{\"@type\":\"BreadcrumbList\",\"@id\":\"https:\\\/\\\/m8.mech.pk.edu.pl\\\/index.php\\\/2024\\\/12\\\/04\\\/warsztaty-dotyczace-koncepcji-miasta-15-minutowego-w-koszalinie\\\/#breadcrumb\",\"itemListElement\":[{\"@type\":\"ListItem\",\"position\":1,\"name\":\"Strona g\u0142\u00f3wna\",\"item\":\"https:\\\/\\\/m8.mech.pk.edu.pl\\\/\"},{\"@type\":\"ListItem\",\"position\":2,\"name\":\"Warsztaty dotycz\u0105ce koncepcji miasta 15-minutowego w Koszalinie\"}]},{\"@type\":\"WebSite\",\"@id\":\"https:\\\/\\\/m8.mech.pk.edu.pl\\\/#website\",\"url\":\"https:\\\/\\\/m8.mech.pk.edu.pl\\\/\",\"name\":\"Katedra Pojazd\u00f3w Szynowych i Transportu\",\"description\":\"Katedra Pojazd\u00f3w Szynowych i Transportu Politechniki Krakowskiej na Wydziale Mechanicznym\",\"publisher\":{\"@id\":\"https:\\\/\\\/m8.mech.pk.edu.pl\\\/#organization\"},\"potentialAction\":[{\"@type\":\"SearchAction\",\"target\":{\"@type\":\"EntryPoint\",\"urlTemplate\":\"https:\\\/\\\/m8.mech.pk.edu.pl\\\/?s={search_term_string}\"},\"query-input\":{\"@type\":\"PropertyValueSpecification\",\"valueRequired\":true,\"valueName\":\"search_term_string\"}}],\"inLanguage\":\"pl-PL\"},{\"@type\":\"Organization\",\"@id\":\"https:\\\/\\\/m8.mech.pk.edu.pl\\\/#organization\",\"name\":\"Katedra Pojazd\u00f3w Szynowych\",\"url\":\"https:\\\/\\\/m8.mech.pk.edu.pl\\\/\",\"logo\":{\"@type\":\"ImageObject\",\"inLanguage\":\"pl-PL\",\"@id\":\"https:\\\/\\\/m8.mech.pk.edu.pl\\\/#\\\/schema\\\/logo\\\/image\\\/\",\"url\":\"https:\\\/\\\/m8.mech.pk.edu.pl\\\/wp-content\\\/uploads\\\/2021\\\/01\\\/logo-mail-kpsit.png\",\"contentUrl\":\"https:\\\/\\\/m8.mech.pk.edu.pl\\\/wp-content\\\/uploads\\\/2021\\\/01\\\/logo-mail-kpsit.png\",\"width\":300,\"height\":119,\"caption\":\"Katedra Pojazd\u00f3w Szynowych\"},\"image\":{\"@id\":\"https:\\\/\\\/m8.mech.pk.edu.pl\\\/#\\\/schema\\\/logo\\\/image\\\/\"},\"sameAs\":[\"https:\\\/\\\/facebook.com\\\/KPSzTPK\",\"https:\\\/\\\/www.youtube.com\\\/channel\\\/UCen3PQ3fl3ry92o_lHkyVaQ\"]},{\"@type\":\"Person\",\"@id\":\"https:\\\/\\\/m8.mech.pk.edu.pl\\\/#\\\/schema\\\/person\\\/3b5511cf6f7f9280c1bd99bc362480b0\",\"name\":\"Rafa\u0142\",\"image\":{\"@type\":\"ImageObject\",\"inLanguage\":\"pl-PL\",\"@id\":\"https:\\\/\\\/secure.gravatar.com\\\/avatar\\\/8e9c17f2eb0d64a51c937221d111e08df2f3a6fafdb5fa07d5aef9e5e9c39e51?s=96&d=mm&r=g\",\"url\":\"https:\\\/\\\/secure.gravatar.com\\\/avatar\\\/8e9c17f2eb0d64a51c937221d111e08df2f3a6fafdb5fa07d5aef9e5e9c39e51?s=96&d=mm&r=g\",\"contentUrl\":\"https:\\\/\\\/secure.gravatar.com\\\/avatar\\\/8e9c17f2eb0d64a51c937221d111e08df2f3a6fafdb5fa07d5aef9e5e9c39e51?s=96&d=mm&r=g\",\"caption\":\"Rafa\u0142\"},\"sameAs\":[\"http:\\\/\\\/149.156.155.135\"]}]}<\/script>\n<!-- \/ Yoast SEO plugin. -->","yoast_head_json":{"title":"Warsztaty dotycz\u0105ce koncepcji miasta 15-minutowego w Koszalinie - Katedra Pojazd\u00f3w Szynowych i Transportu","robots":{"index":"index","follow":"follow","max-snippet":"max-snippet:-1","max-image-preview":"max-image-preview:large","max-video-preview":"max-video-preview:-1"},"canonical":"https:\/\/m8.mech.pk.edu.pl\/index.php\/2024\/12\/04\/warsztaty-dotyczace-koncepcji-miasta-15-minutowego-w-koszalinie\/","og_locale":"pl_PL","og_type":"article","og_title":"Warsztaty dotycz\u0105ce koncepcji miasta 15-minutowego w Koszalinie - Katedra Pojazd\u00f3w Szynowych i Transportu","og_description":"27 listopada 2024 r. w Koszalinie, w ramach projektu HORYZONT EUROPA: Social and environmental justice in 15 minutes \u2013 toolkit development for transition to urban sustainable neighbourhoods odby\u0142y si\u0119 krajowe warsztaty po\u015bwi\u0119cone analizie spo\u0142ecznych i \u015brodowiskowych aspekt\u00f3w w kontek\u015bcie wdra\u017cania idei miasta 15-minutowego. W wydarzeniu, zorganizowanym przez Politechnik\u0119 Krakowsk\u0105 wzi\u0119li udzia\u0142 samorz\u0105dowcy, pracownicy naukowi, mieszka\u0144cy [&hellip;]","og_url":"https:\/\/m8.mech.pk.edu.pl\/index.php\/2024\/12\/04\/warsztaty-dotyczace-koncepcji-miasta-15-minutowego-w-koszalinie\/","og_site_name":"Katedra Pojazd\u00f3w Szynowych i Transportu","article_publisher":"https:\/\/facebook.com\/KPSzTPK","article_published_time":"2024-12-04T07:54:44+00:00","og_image":[{"width":2560,"height":1920,"url":"https:\/\/m8.mech.pk.edu.pl\/wp-content\/uploads\/2024\/12\/IMG_0984-scaled.jpg","type":"image\/jpeg"}],"author":"Rafa\u0142","twitter_card":"summary_large_image","twitter_misc":{"Napisane przez":"Rafa\u0142","Szacowany czas czytania":"3 minuty"},"schema":{"@context":"https:\/\/schema.org","@graph":[{"@type":"Article","@id":"https:\/\/m8.mech.pk.edu.pl\/index.php\/2024\/12\/04\/warsztaty-dotyczace-koncepcji-miasta-15-minutowego-w-koszalinie\/#article","isPartOf":{"@id":"https:\/\/m8.mech.pk.edu.pl\/index.php\/2024\/12\/04\/warsztaty-dotyczace-koncepcji-miasta-15-minutowego-w-koszalinie\/"},"author":{"name":"Rafa\u0142","@id":"https:\/\/m8.mech.pk.edu.pl\/#\/schema\/person\/3b5511cf6f7f9280c1bd99bc362480b0"},"headline":"Warsztaty dotycz\u0105ce koncepcji miasta 15-minutowego w Koszalinie","datePublished":"2024-12-04T07:54:44+00:00","mainEntityOfPage":{"@id":"https:\/\/m8.mech.pk.edu.pl\/index.php\/2024\/12\/04\/warsztaty-dotyczace-koncepcji-miasta-15-minutowego-w-koszalinie\/"},"wordCount":373,"publisher":{"@id":"https:\/\/m8.mech.pk.edu.pl\/#organization"},"image":{"@id":"https:\/\/m8.mech.pk.edu.pl\/index.php\/2024\/12\/04\/warsztaty-dotyczace-koncepcji-miasta-15-minutowego-w-koszalinie\/#primaryimage"},"thumbnailUrl":"https:\/\/m8.mech.pk.edu.pl\/wp-content\/uploads\/2024\/12\/IMG_0984-scaled.jpg","inLanguage":"pl-PL"},{"@type":"WebPage","@id":"https:\/\/m8.mech.pk.edu.pl\/index.php\/2024\/12\/04\/warsztaty-dotyczace-koncepcji-miasta-15-minutowego-w-koszalinie\/","url":"https:\/\/m8.mech.pk.edu.pl\/index.php\/2024\/12\/04\/warsztaty-dotyczace-koncepcji-miasta-15-minutowego-w-koszalinie\/","name":"Warsztaty dotycz\u0105ce koncepcji miasta 15-minutowego w Koszalinie - Katedra Pojazd\u00f3w Szynowych i Transportu","isPartOf":{"@id":"https:\/\/m8.mech.pk.edu.pl\/#website"},"primaryImageOfPage":{"@id":"https:\/\/m8.mech.pk.edu.pl\/index.php\/2024\/12\/04\/warsztaty-dotyczace-koncepcji-miasta-15-minutowego-w-koszalinie\/#primaryimage"},"image":{"@id":"https:\/\/m8.mech.pk.edu.pl\/index.php\/2024\/12\/04\/warsztaty-dotyczace-koncepcji-miasta-15-minutowego-w-koszalinie\/#primaryimage"},"thumbnailUrl":"https:\/\/m8.mech.pk.edu.pl\/wp-content\/uploads\/2024\/12\/IMG_0984-scaled.jpg","datePublished":"2024-12-04T07:54:44+00:00","breadcrumb":{"@id":"https:\/\/m8.mech.pk.edu.pl\/index.php\/2024\/12\/04\/warsztaty-dotyczace-koncepcji-miasta-15-minutowego-w-koszalinie\/#breadcrumb"},"inLanguage":"pl-PL","potentialAction":[{"@type":"ReadAction","target":["https:\/\/m8.mech.pk.edu.pl\/index.php\/2024\/12\/04\/warsztaty-dotyczace-koncepcji-miasta-15-minutowego-w-koszalinie\/"]}]},{"@type":"ImageObject","inLanguage":"pl-PL","@id":"https:\/\/m8.mech.pk.edu.pl\/index.php\/2024\/12\/04\/warsztaty-dotyczace-koncepcji-miasta-15-minutowego-w-koszalinie\/#primaryimage","url":"https:\/\/m8.mech.pk.edu.pl\/wp-content\/uploads\/2024\/12\/IMG_0984-scaled.jpg","contentUrl":"https:\/\/m8.mech.pk.edu.pl\/wp-content\/uploads\/2024\/12\/IMG_0984-scaled.jpg","width":2560,"height":1920},{"@type":"BreadcrumbList","@id":"https:\/\/m8.mech.pk.edu.pl\/index.php\/2024\/12\/04\/warsztaty-dotyczace-koncepcji-miasta-15-minutowego-w-koszalinie\/#breadcrumb","itemListElement":[{"@type":"ListItem","position":1,"name":"Strona g\u0142\u00f3wna","item":"https:\/\/m8.mech.pk.edu.pl\/"},{"@type":"ListItem","position":2,"name":"Warsztaty dotycz\u0105ce koncepcji miasta 15-minutowego w Koszalinie"}]},{"@type":"WebSite","@id":"https:\/\/m8.mech.pk.edu.pl\/#website","url":"https:\/\/m8.mech.pk.edu.pl\/","name":"Katedra Pojazd\u00f3w Szynowych i Transportu","description":"Katedra Pojazd\u00f3w Szynowych i Transportu Politechniki Krakowskiej na Wydziale Mechanicznym","publisher":{"@id":"https:\/\/m8.mech.pk.edu.pl\/#organization"},"potentialAction":[{"@type":"SearchAction","target":{"@type":"EntryPoint","urlTemplate":"https:\/\/m8.mech.pk.edu.pl\/?s={search_term_string}"},"query-input":{"@type":"PropertyValueSpecification","valueRequired":true,"valueName":"search_term_string"}}],"inLanguage":"pl-PL"},{"@type":"Organization","@id":"https:\/\/m8.mech.pk.edu.pl\/#organization","name":"Katedra Pojazd\u00f3w Szynowych","url":"https:\/\/m8.mech.pk.edu.pl\/","logo":{"@type":"ImageObject","inLanguage":"pl-PL","@id":"https:\/\/m8.mech.pk.edu.pl\/#\/schema\/logo\/image\/","url":"https:\/\/m8.mech.pk.edu.pl\/wp-content\/uploads\/2021\/01\/logo-mail-kpsit.png","contentUrl":"https:\/\/m8.mech.pk.edu.pl\/wp-content\/uploads\/2021\/01\/logo-mail-kpsit.png","width":300,"height":119,"caption":"Katedra Pojazd\u00f3w Szynowych"},"image":{"@id":"https:\/\/m8.mech.pk.edu.pl\/#\/schema\/logo\/image\/"},"sameAs":["https:\/\/facebook.com\/KPSzTPK","https:\/\/www.youtube.com\/channel\/UCen3PQ3fl3ry92o_lHkyVaQ"]},{"@type":"Person","@id":"https:\/\/m8.mech.pk.edu.pl\/#\/schema\/person\/3b5511cf6f7f9280c1bd99bc362480b0","name":"Rafa\u0142","image":{"@type":"ImageObject","inLanguage":"pl-PL","@id":"https:\/\/secure.gravatar.com\/avatar\/8e9c17f2eb0d64a51c937221d111e08df2f3a6fafdb5fa07d5aef9e5e9c39e51?s=96&d=mm&r=g","url":"https:\/\/secure.gravatar.com\/avatar\/8e9c17f2eb0d64a51c937221d111e08df2f3a6fafdb5fa07d5aef9e5e9c39e51?s=96&d=mm&r=g","contentUrl":"https:\/\/secure.gravatar.com\/avatar\/8e9c17f2eb0d64a51c937221d111e08df2f3a6fafdb5fa07d5aef9e5e9c39e51?s=96&d=mm&r=g","caption":"Rafa\u0142"},"sameAs":["http:\/\/149.156.155.135"]}]}},"_links":{"self":[{"href":"https:\/\/m8.mech.pk.edu.pl\/index.php\/wp-json\/wp\/v2\/posts\/5495","targetHints":{"allow":["GET"]}}],"collection":[{"href":"https:\/\/m8.mech.pk.edu.pl\/index.php\/wp-json\/wp\/v2\/posts"}],"about":[{"href":"https:\/\/m8.mech.pk.edu.pl\/index.php\/wp-json\/wp\/v2\/types\/post"}],"author":[{"embeddable":true,"href":"https:\/\/m8.mech.pk.edu.pl\/index.php\/wp-json\/wp\/v2\/users\/1"}],"replies":[{"embeddable":true,"href":"https:\/\/m8.mech.pk.edu.pl\/index.php\/wp-json\/wp\/v2\/comments?post=5495"}],"version-history":[{"count":1,"href":"https:\/\/m8.mech.pk.edu.pl\/index.php\/wp-json\/wp\/v2\/posts\/5495\/revisions"}],"predecessor-version":[{"id":5498,"href":"https:\/\/m8.mech.pk.edu.pl\/index.php\/wp-json\/wp\/v2\/posts\/5495\/revisions\/5498"}],"wp:featuredmedia":[{"embeddable":true,"href":"https:\/\/m8.mech.pk.edu.pl\/index.php\/wp-json\/wp\/v2\/media\/5497"}],"wp:attachment":[{"href":"https:\/\/m8.mech.pk.edu.pl\/index.php\/wp-json\/wp\/v2\/media?parent=5495"}],"wp:term":[{"taxonomy":"category","embeddable":true,"href":"https:\/\/m8.mech.pk.edu.pl\/index.php\/wp-json\/wp\/v2\/categories?post=5495"},{"taxonomy":"post_tag","embeddable":true,"href":"https:\/\/m8.mech.pk.edu.pl\/index.php\/wp-json\/wp\/v2\/tags?post=5495"}],"curies":[{"name":"wp","href":"https:\/\/api.w.org\/{rel}","templated":true}]}}