{"id":5481,"date":"2024-12-02T14:56:51","date_gmt":"2024-12-02T13:56:51","guid":{"rendered":"https:\/\/m8.mech.pk.edu.pl\/?p=5481"},"modified":"2024-12-02T14:56:51","modified_gmt":"2024-12-02T13:56:51","slug":"wyroznienie-studenta-politechniki-krakowskiej-na-prestozowej-gali-logistyki-organizowanej-w-ramach-programu-top-young-100","status":"publish","type":"post","link":"https:\/\/m8.mech.pk.edu.pl\/index.php\/2024\/12\/02\/wyroznienie-studenta-politechniki-krakowskiej-na-prestozowej-gali-logistyki-organizowanej-w-ramach-programu-top-young-100\/","title":{"rendered":"Wyr\u00f3\u017cnienie studenta Politechniki Krakowskiej na presto\u017cowej Gali Logistyki organizowanej \u00a0w ramach programu Top Young 100"},"content":{"rendered":"\n<p>Zako\u0144czy\u0142a si\u0119 VII edycja krajowego programu Top&nbsp;Young 100, rozpocz\u0119ta w dniu 17.04.2024 r. Tegoroczna edycja zosta\u0142a zorganizowana przez Polskie Stowarzyszenie Mened\u017cerow Logistyki i Zakup\u00f3w (PSML) pod nazw\u0105 &#8222;AI Empowering People for Success in Education and Business&#8221;. Program Top Young 100 jest coroczn\u0105 inicjatyw\u0105 skierowan\u0105 do najlepszych student\u00f3w kierunk\u00f3w zwi\u0105zanych z \u0142a\u0144cuchem dostaw w Polsce. Od kilku lat program pozwala odnale\u017a\u0107 i wybra\u0107 najlepszych 100 utalentowanych student\u00f3w w Polsce, wspier\u0105c ich rozw\u00f3j i dalsz\u0105 \u015bcie\u017ck\u0119 kariery, buduj\u0105c silne centrum kompetencji przysz\u0142ych lider\u00f3w bran\u017cy.<\/p>\n\n\n\n<!--more-->\n\n\n\n<p>Top Young 100 to po\u0142\u0105czenie ze sob\u0105 trzech \u015brodowisk: studenckiego, biznesowego i akademickiego.<\/p>\n\n\n\n<p>Do VII edycji Programu z&nbsp;Politechniki Krakowskiej&nbsp;z po\u015br\u00f3d pi\u0119ciu zg\u0142oszonych os\u00f3b zostali zakwalifikowani nast\u0119puj\u0105cy Studenci:<\/p>\n\n\n\n<ul class=\"wp-block-list\">\n<li>Piotr Katarzy\u0144ski (kierunek, In\u017cynieria \u015brodk\u00f3w transportu, Wydzia\u0142 Mechaniczny),<\/li>\n\n\n\n<li>Jakub Kubica (kierunek Informatyka, Wydzia\u0142 Informatyki i telekomunikacji),<\/li>\n\n\n\n<li>Bart\u0142omiej \u015al\u00f3sarczyk (kierunek \u015arodki transportu i logistyka, Wydzia\u0142 Mechaniczny).<\/li>\n<\/ul>\n\n\n\n<p>Opiekunem akademickim naszych student\u00f3w ze strony Politechniki Krakowskiej by\u0142 dr in\u017c. Augustyn Lorenc &#8211; pracownik Katedry Pojazd\u00f3w Szynowych i Transportu Wydzia\u0142u Mechanicznego.<\/p>\n\n\n\n<p>W tego rocznej edycji student naszej uczelni, Bart\u0142omiej \u015al\u00f3sarczyk, otrzyma\u0142 wyr\u00f3\u017cnienie na presti\u017cowej Gali Logistyki. Jako lider zespo\u0142u w ramach projektu realizowanego przy wsp\u00f3\u0142pracy z firm\u0105 \u017babka, Bartek mia\u0142 okazj\u0119 kierowa\u0107 pracami zespo\u0142u, kt\u00f3ry wsp\u00f3lnie wypracowa\u0142 rozwi\u0105zania docenione przez bran\u017cowych ekspert\u00f3w. To wyr\u00f3\u017cnienie to dow\u00f3d na zaanga\u017cowanie, wiedz\u0119 i determinacj\u0119, kt\u00f3re s\u0105 rozwijane na naszej uczelni \u2013 jeste\u015bmy dumni z osi\u0105gni\u0119\u0107 naszych student\u00f3w.<\/p>\n\n\n\n<p>W ramach programu studenci mieli mo\u017cliwo\u015b\u0107 zapoznania si\u0119 z wyzwaniami przemys\u0142owymi, kt\u00f3re sami rozwi\u0105zywali. Program jest unikalnym przedsi\u0119wzi\u0119ciem pozwalaj\u0105cym pozyska\u0107 do\u015bwiadczenie i kontakty na wczesnym etapie rozwoju kariery.<\/p>\n\n\n\n<p>Gratulujemy Bart\u0142omiejowi \u015al\u00f3sarczykowi i \u017cyczymy dalszych sukces\u00f3w.<\/p>\n\n\n\n<figure class=\"wp-block-gallery has-nested-images columns-default is-cropped wp-block-gallery-1 is-layout-flex wp-block-gallery-is-layout-flex\">\n<figure class=\"wp-block-image size-large\"><img loading=\"lazy\" decoding=\"async\" width=\"683\" height=\"1024\" data-id=\"5482\" src=\"https:\/\/m8.mech.pk.edu.pl\/wp-content\/uploads\/2024\/12\/obraz-683x1024.png\" alt=\"\" class=\"wp-image-5482\"\/><\/figure>\n\n\n\n<figure class=\"wp-block-image size-large\"><img loading=\"lazy\" decoding=\"async\" width=\"908\" height=\"1024\" data-id=\"5483\" src=\"https:\/\/m8.mech.pk.edu.pl\/wp-content\/uploads\/2024\/12\/1111-908x1024.png\" alt=\"\" class=\"wp-image-5483\" srcset=\"https:\/\/m8.mech.pk.edu.pl\/wp-content\/uploads\/2024\/12\/1111-908x1024.png 908w, https:\/\/m8.mech.pk.edu.pl\/wp-content\/uploads\/2024\/12\/1111-266x300.png 266w, https:\/\/m8.mech.pk.edu.pl\/wp-content\/uploads\/2024\/12\/1111-768x866.png 768w, https:\/\/m8.mech.pk.edu.pl\/wp-content\/uploads\/2024\/12\/1111.png 1017w\" sizes=\"auto, (max-width: 908px) 100vw, 908px\" \/><\/figure>\n<\/figure>\n","protected":false},"excerpt":{"rendered":"<p>Zako\u0144czy\u0142a si\u0119 VII edycja krajowego programu Top&nbsp;Young 100, rozpocz\u0119ta w dniu 17.04.2024 r. Tegoroczna edycja zosta\u0142a zorganizowana przez Polskie Stowarzyszenie Mened\u017cerow Logistyki i Zakup\u00f3w (PSML) pod nazw\u0105 &#8222;AI Empowering People for Success in Education and Business&#8221;. Program Top Young 100 jest coroczn\u0105 inicjatyw\u0105 skierowan\u0105 do najlepszych student\u00f3w kierunk\u00f3w zwi\u0105zanych z \u0142a\u0144cuchem dostaw w Polsce. Od [&hellip;]<\/p>\n","protected":false},"author":1,"featured_media":5482,"comment_status":"closed","ping_status":"open","sticky":false,"template":"","format":"standard","meta":{"footnotes":""},"categories":[1],"tags":[],"class_list":["post-5481","post","type-post","status-publish","format-standard","has-post-thumbnail","hentry","category-bez-kategorii"],"yoast_head":"<!-- This site is optimized with the Yoast SEO plugin v27.5 - https:\/\/yoast.com\/product\/yoast-seo-wordpress\/ -->\n<title>Wyr\u00f3\u017cnienie studenta Politechniki Krakowskiej na presto\u017cowej Gali Logistyki organizowanej \u00a0w ramach programu Top Young 100 - Katedra Pojazd\u00f3w Szynowych i Transportu<\/title>\n<meta name=\"robots\" content=\"index, follow, max-snippet:-1, max-image-preview:large, max-video-preview:-1\" \/>\n<link rel=\"canonical\" href=\"https:\/\/m8.mech.pk.edu.pl\/index.php\/2024\/12\/02\/wyroznienie-studenta-politechniki-krakowskiej-na-prestozowej-gali-logistyki-organizowanej-w-ramach-programu-top-young-100\/\" \/>\n<meta property=\"og:locale\" content=\"pl_PL\" \/>\n<meta property=\"og:type\" content=\"article\" \/>\n<meta property=\"og:title\" content=\"Wyr\u00f3\u017cnienie studenta Politechniki Krakowskiej na presto\u017cowej Gali Logistyki organizowanej \u00a0w ramach programu Top Young 100 - Katedra Pojazd\u00f3w Szynowych i Transportu\" \/>\n<meta property=\"og:description\" content=\"Zako\u0144czy\u0142a si\u0119 VII edycja krajowego programu Top&nbsp;Young 100, rozpocz\u0119ta w dniu 17.04.2024 r. Tegoroczna edycja zosta\u0142a zorganizowana przez Polskie Stowarzyszenie Mened\u017cerow Logistyki i Zakup\u00f3w (PSML) pod nazw\u0105 &#8222;AI Empowering People for Success in Education and Business&#8221;. Program Top Young 100 jest coroczn\u0105 inicjatyw\u0105 skierowan\u0105 do najlepszych student\u00f3w kierunk\u00f3w zwi\u0105zanych z \u0142a\u0144cuchem dostaw w Polsce. Od [&hellip;]\" \/>\n<meta property=\"og:url\" content=\"https:\/\/m8.mech.pk.edu.pl\/index.php\/2024\/12\/02\/wyroznienie-studenta-politechniki-krakowskiej-na-prestozowej-gali-logistyki-organizowanej-w-ramach-programu-top-young-100\/\" \/>\n<meta property=\"og:site_name\" content=\"Katedra Pojazd\u00f3w Szynowych i Transportu\" \/>\n<meta property=\"article:publisher\" content=\"https:\/\/facebook.com\/KPSzTPK\" \/>\n<meta property=\"article:published_time\" content=\"2024-12-02T13:56:51+00:00\" \/>\n<meta property=\"og:image\" content=\"https:\/\/m8.mech.pk.edu.pl\/wp-content\/uploads\/2024\/12\/obraz.png\" \/>\n\t<meta property=\"og:image:width\" content=\"960\" \/>\n\t<meta property=\"og:image:height\" content=\"1439\" \/>\n\t<meta property=\"og:image:type\" content=\"image\/png\" \/>\n<meta name=\"author\" content=\"Rafa\u0142\" \/>\n<meta name=\"twitter:card\" content=\"summary_large_image\" \/>\n<meta name=\"twitter:label1\" content=\"Napisane przez\" \/>\n\t<meta name=\"twitter:data1\" content=\"Rafa\u0142\" \/>\n\t<meta name=\"twitter:label2\" content=\"Szacowany czas czytania\" \/>\n\t<meta name=\"twitter:data2\" content=\"3 minuty\" \/>\n<script type=\"application\/ld+json\" class=\"yoast-schema-graph\">{\"@context\":\"https:\\\/\\\/schema.org\",\"@graph\":[{\"@type\":\"Article\",\"@id\":\"https:\\\/\\\/m8.mech.pk.edu.pl\\\/index.php\\\/2024\\\/12\\\/02\\\/wyroznienie-studenta-politechniki-krakowskiej-na-prestozowej-gali-logistyki-organizowanej-w-ramach-programu-top-young-100\\\/#article\",\"isPartOf\":{\"@id\":\"https:\\\/\\\/m8.mech.pk.edu.pl\\\/index.php\\\/2024\\\/12\\\/02\\\/wyroznienie-studenta-politechniki-krakowskiej-na-prestozowej-gali-logistyki-organizowanej-w-ramach-programu-top-young-100\\\/\"},\"author\":{\"name\":\"Rafa\u0142\",\"@id\":\"https:\\\/\\\/m8.mech.pk.edu.pl\\\/#\\\/schema\\\/person\\\/3b5511cf6f7f9280c1bd99bc362480b0\"},\"headline\":\"Wyr\u00f3\u017cnienie studenta Politechniki Krakowskiej na presto\u017cowej Gali Logistyki organizowanej \u00a0w ramach programu Top Young 100\",\"datePublished\":\"2024-12-02T13:56:51+00:00\",\"mainEntityOfPage\":{\"@id\":\"https:\\\/\\\/m8.mech.pk.edu.pl\\\/index.php\\\/2024\\\/12\\\/02\\\/wyroznienie-studenta-politechniki-krakowskiej-na-prestozowej-gali-logistyki-organizowanej-w-ramach-programu-top-young-100\\\/\"},\"wordCount\":334,\"publisher\":{\"@id\":\"https:\\\/\\\/m8.mech.pk.edu.pl\\\/#organization\"},\"image\":{\"@id\":\"https:\\\/\\\/m8.mech.pk.edu.pl\\\/index.php\\\/2024\\\/12\\\/02\\\/wyroznienie-studenta-politechniki-krakowskiej-na-prestozowej-gali-logistyki-organizowanej-w-ramach-programu-top-young-100\\\/#primaryimage\"},\"thumbnailUrl\":\"https:\\\/\\\/m8.mech.pk.edu.pl\\\/wp-content\\\/uploads\\\/2024\\\/12\\\/obraz-e1733148014364.png\",\"inLanguage\":\"pl-PL\"},{\"@type\":\"WebPage\",\"@id\":\"https:\\\/\\\/m8.mech.pk.edu.pl\\\/index.php\\\/2024\\\/12\\\/02\\\/wyroznienie-studenta-politechniki-krakowskiej-na-prestozowej-gali-logistyki-organizowanej-w-ramach-programu-top-young-100\\\/\",\"url\":\"https:\\\/\\\/m8.mech.pk.edu.pl\\\/index.php\\\/2024\\\/12\\\/02\\\/wyroznienie-studenta-politechniki-krakowskiej-na-prestozowej-gali-logistyki-organizowanej-w-ramach-programu-top-young-100\\\/\",\"name\":\"Wyr\u00f3\u017cnienie studenta Politechniki Krakowskiej na presto\u017cowej Gali Logistyki organizowanej \u00a0w ramach programu Top Young 100 - Katedra Pojazd\u00f3w Szynowych i Transportu\",\"isPartOf\":{\"@id\":\"https:\\\/\\\/m8.mech.pk.edu.pl\\\/#website\"},\"primaryImageOfPage\":{\"@id\":\"https:\\\/\\\/m8.mech.pk.edu.pl\\\/index.php\\\/2024\\\/12\\\/02\\\/wyroznienie-studenta-politechniki-krakowskiej-na-prestozowej-gali-logistyki-organizowanej-w-ramach-programu-top-young-100\\\/#primaryimage\"},\"image\":{\"@id\":\"https:\\\/\\\/m8.mech.pk.edu.pl\\\/index.php\\\/2024\\\/12\\\/02\\\/wyroznienie-studenta-politechniki-krakowskiej-na-prestozowej-gali-logistyki-organizowanej-w-ramach-programu-top-young-100\\\/#primaryimage\"},\"thumbnailUrl\":\"https:\\\/\\\/m8.mech.pk.edu.pl\\\/wp-content\\\/uploads\\\/2024\\\/12\\\/obraz-e1733148014364.png\",\"datePublished\":\"2024-12-02T13:56:51+00:00\",\"breadcrumb\":{\"@id\":\"https:\\\/\\\/m8.mech.pk.edu.pl\\\/index.php\\\/2024\\\/12\\\/02\\\/wyroznienie-studenta-politechniki-krakowskiej-na-prestozowej-gali-logistyki-organizowanej-w-ramach-programu-top-young-100\\\/#breadcrumb\"},\"inLanguage\":\"pl-PL\",\"potentialAction\":[{\"@type\":\"ReadAction\",\"target\":[\"https:\\\/\\\/m8.mech.pk.edu.pl\\\/index.php\\\/2024\\\/12\\\/02\\\/wyroznienie-studenta-politechniki-krakowskiej-na-prestozowej-gali-logistyki-organizowanej-w-ramach-programu-top-young-100\\\/\"]}]},{\"@type\":\"ImageObject\",\"inLanguage\":\"pl-PL\",\"@id\":\"https:\\\/\\\/m8.mech.pk.edu.pl\\\/index.php\\\/2024\\\/12\\\/02\\\/wyroznienie-studenta-politechniki-krakowskiej-na-prestozowej-gali-logistyki-organizowanej-w-ramach-programu-top-young-100\\\/#primaryimage\",\"url\":\"https:\\\/\\\/m8.mech.pk.edu.pl\\\/wp-content\\\/uploads\\\/2024\\\/12\\\/obraz-e1733148014364.png\",\"contentUrl\":\"https:\\\/\\\/m8.mech.pk.edu.pl\\\/wp-content\\\/uploads\\\/2024\\\/12\\\/obraz-e1733148014364.png\",\"width\":960,\"height\":600},{\"@type\":\"BreadcrumbList\",\"@id\":\"https:\\\/\\\/m8.mech.pk.edu.pl\\\/index.php\\\/2024\\\/12\\\/02\\\/wyroznienie-studenta-politechniki-krakowskiej-na-prestozowej-gali-logistyki-organizowanej-w-ramach-programu-top-young-100\\\/#breadcrumb\",\"itemListElement\":[{\"@type\":\"ListItem\",\"position\":1,\"name\":\"Strona g\u0142\u00f3wna\",\"item\":\"https:\\\/\\\/m8.mech.pk.edu.pl\\\/\"},{\"@type\":\"ListItem\",\"position\":2,\"name\":\"Wyr\u00f3\u017cnienie studenta Politechniki Krakowskiej na presto\u017cowej Gali Logistyki organizowanej \u00a0w ramach programu Top Young 100\"}]},{\"@type\":\"WebSite\",\"@id\":\"https:\\\/\\\/m8.mech.pk.edu.pl\\\/#website\",\"url\":\"https:\\\/\\\/m8.mech.pk.edu.pl\\\/\",\"name\":\"Katedra Pojazd\u00f3w Szynowych i Transportu\",\"description\":\"Katedra Pojazd\u00f3w Szynowych i Transportu Politechniki Krakowskiej na Wydziale Mechanicznym\",\"publisher\":{\"@id\":\"https:\\\/\\\/m8.mech.pk.edu.pl\\\/#organization\"},\"potentialAction\":[{\"@type\":\"SearchAction\",\"target\":{\"@type\":\"EntryPoint\",\"urlTemplate\":\"https:\\\/\\\/m8.mech.pk.edu.pl\\\/?s={search_term_string}\"},\"query-input\":{\"@type\":\"PropertyValueSpecification\",\"valueRequired\":true,\"valueName\":\"search_term_string\"}}],\"inLanguage\":\"pl-PL\"},{\"@type\":\"Organization\",\"@id\":\"https:\\\/\\\/m8.mech.pk.edu.pl\\\/#organization\",\"name\":\"Katedra Pojazd\u00f3w Szynowych\",\"url\":\"https:\\\/\\\/m8.mech.pk.edu.pl\\\/\",\"logo\":{\"@type\":\"ImageObject\",\"inLanguage\":\"pl-PL\",\"@id\":\"https:\\\/\\\/m8.mech.pk.edu.pl\\\/#\\\/schema\\\/logo\\\/image\\\/\",\"url\":\"https:\\\/\\\/m8.mech.pk.edu.pl\\\/wp-content\\\/uploads\\\/2021\\\/01\\\/logo-mail-kpsit.png\",\"contentUrl\":\"https:\\\/\\\/m8.mech.pk.edu.pl\\\/wp-content\\\/uploads\\\/2021\\\/01\\\/logo-mail-kpsit.png\",\"width\":300,\"height\":119,\"caption\":\"Katedra Pojazd\u00f3w Szynowych\"},\"image\":{\"@id\":\"https:\\\/\\\/m8.mech.pk.edu.pl\\\/#\\\/schema\\\/logo\\\/image\\\/\"},\"sameAs\":[\"https:\\\/\\\/facebook.com\\\/KPSzTPK\",\"https:\\\/\\\/www.youtube.com\\\/channel\\\/UCen3PQ3fl3ry92o_lHkyVaQ\"]},{\"@type\":\"Person\",\"@id\":\"https:\\\/\\\/m8.mech.pk.edu.pl\\\/#\\\/schema\\\/person\\\/3b5511cf6f7f9280c1bd99bc362480b0\",\"name\":\"Rafa\u0142\",\"image\":{\"@type\":\"ImageObject\",\"inLanguage\":\"pl-PL\",\"@id\":\"https:\\\/\\\/secure.gravatar.com\\\/avatar\\\/8e9c17f2eb0d64a51c937221d111e08df2f3a6fafdb5fa07d5aef9e5e9c39e51?s=96&d=mm&r=g\",\"url\":\"https:\\\/\\\/secure.gravatar.com\\\/avatar\\\/8e9c17f2eb0d64a51c937221d111e08df2f3a6fafdb5fa07d5aef9e5e9c39e51?s=96&d=mm&r=g\",\"contentUrl\":\"https:\\\/\\\/secure.gravatar.com\\\/avatar\\\/8e9c17f2eb0d64a51c937221d111e08df2f3a6fafdb5fa07d5aef9e5e9c39e51?s=96&d=mm&r=g\",\"caption\":\"Rafa\u0142\"},\"sameAs\":[\"http:\\\/\\\/149.156.155.135\"]}]}<\/script>\n<!-- \/ Yoast SEO plugin. -->","yoast_head_json":{"title":"Wyr\u00f3\u017cnienie studenta Politechniki Krakowskiej na presto\u017cowej Gali Logistyki organizowanej \u00a0w ramach programu Top Young 100 - Katedra Pojazd\u00f3w Szynowych i Transportu","robots":{"index":"index","follow":"follow","max-snippet":"max-snippet:-1","max-image-preview":"max-image-preview:large","max-video-preview":"max-video-preview:-1"},"canonical":"https:\/\/m8.mech.pk.edu.pl\/index.php\/2024\/12\/02\/wyroznienie-studenta-politechniki-krakowskiej-na-prestozowej-gali-logistyki-organizowanej-w-ramach-programu-top-young-100\/","og_locale":"pl_PL","og_type":"article","og_title":"Wyr\u00f3\u017cnienie studenta Politechniki Krakowskiej na presto\u017cowej Gali Logistyki organizowanej \u00a0w ramach programu Top Young 100 - Katedra Pojazd\u00f3w Szynowych i Transportu","og_description":"Zako\u0144czy\u0142a si\u0119 VII edycja krajowego programu Top&nbsp;Young 100, rozpocz\u0119ta w dniu 17.04.2024 r. Tegoroczna edycja zosta\u0142a zorganizowana przez Polskie Stowarzyszenie Mened\u017cerow Logistyki i Zakup\u00f3w (PSML) pod nazw\u0105 &#8222;AI Empowering People for Success in Education and Business&#8221;. Program Top Young 100 jest coroczn\u0105 inicjatyw\u0105 skierowan\u0105 do najlepszych student\u00f3w kierunk\u00f3w zwi\u0105zanych z \u0142a\u0144cuchem dostaw w Polsce. Od [&hellip;]","og_url":"https:\/\/m8.mech.pk.edu.pl\/index.php\/2024\/12\/02\/wyroznienie-studenta-politechniki-krakowskiej-na-prestozowej-gali-logistyki-organizowanej-w-ramach-programu-top-young-100\/","og_site_name":"Katedra Pojazd\u00f3w Szynowych i Transportu","article_publisher":"https:\/\/facebook.com\/KPSzTPK","article_published_time":"2024-12-02T13:56:51+00:00","og_image":[{"width":960,"height":1439,"url":"https:\/\/m8.mech.pk.edu.pl\/wp-content\/uploads\/2024\/12\/obraz.png","type":"image\/png"}],"author":"Rafa\u0142","twitter_card":"summary_large_image","twitter_misc":{"Napisane przez":"Rafa\u0142","Szacowany czas czytania":"3 minuty"},"schema":{"@context":"https:\/\/schema.org","@graph":[{"@type":"Article","@id":"https:\/\/m8.mech.pk.edu.pl\/index.php\/2024\/12\/02\/wyroznienie-studenta-politechniki-krakowskiej-na-prestozowej-gali-logistyki-organizowanej-w-ramach-programu-top-young-100\/#article","isPartOf":{"@id":"https:\/\/m8.mech.pk.edu.pl\/index.php\/2024\/12\/02\/wyroznienie-studenta-politechniki-krakowskiej-na-prestozowej-gali-logistyki-organizowanej-w-ramach-programu-top-young-100\/"},"author":{"name":"Rafa\u0142","@id":"https:\/\/m8.mech.pk.edu.pl\/#\/schema\/person\/3b5511cf6f7f9280c1bd99bc362480b0"},"headline":"Wyr\u00f3\u017cnienie studenta Politechniki Krakowskiej na presto\u017cowej Gali Logistyki organizowanej \u00a0w ramach programu Top Young 100","datePublished":"2024-12-02T13:56:51+00:00","mainEntityOfPage":{"@id":"https:\/\/m8.mech.pk.edu.pl\/index.php\/2024\/12\/02\/wyroznienie-studenta-politechniki-krakowskiej-na-prestozowej-gali-logistyki-organizowanej-w-ramach-programu-top-young-100\/"},"wordCount":334,"publisher":{"@id":"https:\/\/m8.mech.pk.edu.pl\/#organization"},"image":{"@id":"https:\/\/m8.mech.pk.edu.pl\/index.php\/2024\/12\/02\/wyroznienie-studenta-politechniki-krakowskiej-na-prestozowej-gali-logistyki-organizowanej-w-ramach-programu-top-young-100\/#primaryimage"},"thumbnailUrl":"https:\/\/m8.mech.pk.edu.pl\/wp-content\/uploads\/2024\/12\/obraz-e1733148014364.png","inLanguage":"pl-PL"},{"@type":"WebPage","@id":"https:\/\/m8.mech.pk.edu.pl\/index.php\/2024\/12\/02\/wyroznienie-studenta-politechniki-krakowskiej-na-prestozowej-gali-logistyki-organizowanej-w-ramach-programu-top-young-100\/","url":"https:\/\/m8.mech.pk.edu.pl\/index.php\/2024\/12\/02\/wyroznienie-studenta-politechniki-krakowskiej-na-prestozowej-gali-logistyki-organizowanej-w-ramach-programu-top-young-100\/","name":"Wyr\u00f3\u017cnienie studenta Politechniki Krakowskiej na presto\u017cowej Gali Logistyki organizowanej \u00a0w ramach programu Top Young 100 - Katedra Pojazd\u00f3w Szynowych i Transportu","isPartOf":{"@id":"https:\/\/m8.mech.pk.edu.pl\/#website"},"primaryImageOfPage":{"@id":"https:\/\/m8.mech.pk.edu.pl\/index.php\/2024\/12\/02\/wyroznienie-studenta-politechniki-krakowskiej-na-prestozowej-gali-logistyki-organizowanej-w-ramach-programu-top-young-100\/#primaryimage"},"image":{"@id":"https:\/\/m8.mech.pk.edu.pl\/index.php\/2024\/12\/02\/wyroznienie-studenta-politechniki-krakowskiej-na-prestozowej-gali-logistyki-organizowanej-w-ramach-programu-top-young-100\/#primaryimage"},"thumbnailUrl":"https:\/\/m8.mech.pk.edu.pl\/wp-content\/uploads\/2024\/12\/obraz-e1733148014364.png","datePublished":"2024-12-02T13:56:51+00:00","breadcrumb":{"@id":"https:\/\/m8.mech.pk.edu.pl\/index.php\/2024\/12\/02\/wyroznienie-studenta-politechniki-krakowskiej-na-prestozowej-gali-logistyki-organizowanej-w-ramach-programu-top-young-100\/#breadcrumb"},"inLanguage":"pl-PL","potentialAction":[{"@type":"ReadAction","target":["https:\/\/m8.mech.pk.edu.pl\/index.php\/2024\/12\/02\/wyroznienie-studenta-politechniki-krakowskiej-na-prestozowej-gali-logistyki-organizowanej-w-ramach-programu-top-young-100\/"]}]},{"@type":"ImageObject","inLanguage":"pl-PL","@id":"https:\/\/m8.mech.pk.edu.pl\/index.php\/2024\/12\/02\/wyroznienie-studenta-politechniki-krakowskiej-na-prestozowej-gali-logistyki-organizowanej-w-ramach-programu-top-young-100\/#primaryimage","url":"https:\/\/m8.mech.pk.edu.pl\/wp-content\/uploads\/2024\/12\/obraz-e1733148014364.png","contentUrl":"https:\/\/m8.mech.pk.edu.pl\/wp-content\/uploads\/2024\/12\/obraz-e1733148014364.png","width":960,"height":600},{"@type":"BreadcrumbList","@id":"https:\/\/m8.mech.pk.edu.pl\/index.php\/2024\/12\/02\/wyroznienie-studenta-politechniki-krakowskiej-na-prestozowej-gali-logistyki-organizowanej-w-ramach-programu-top-young-100\/#breadcrumb","itemListElement":[{"@type":"ListItem","position":1,"name":"Strona g\u0142\u00f3wna","item":"https:\/\/m8.mech.pk.edu.pl\/"},{"@type":"ListItem","position":2,"name":"Wyr\u00f3\u017cnienie studenta Politechniki Krakowskiej na presto\u017cowej Gali Logistyki organizowanej \u00a0w ramach programu Top Young 100"}]},{"@type":"WebSite","@id":"https:\/\/m8.mech.pk.edu.pl\/#website","url":"https:\/\/m8.mech.pk.edu.pl\/","name":"Katedra Pojazd\u00f3w Szynowych i Transportu","description":"Katedra Pojazd\u00f3w Szynowych i Transportu Politechniki Krakowskiej na Wydziale Mechanicznym","publisher":{"@id":"https:\/\/m8.mech.pk.edu.pl\/#organization"},"potentialAction":[{"@type":"SearchAction","target":{"@type":"EntryPoint","urlTemplate":"https:\/\/m8.mech.pk.edu.pl\/?s={search_term_string}"},"query-input":{"@type":"PropertyValueSpecification","valueRequired":true,"valueName":"search_term_string"}}],"inLanguage":"pl-PL"},{"@type":"Organization","@id":"https:\/\/m8.mech.pk.edu.pl\/#organization","name":"Katedra Pojazd\u00f3w Szynowych","url":"https:\/\/m8.mech.pk.edu.pl\/","logo":{"@type":"ImageObject","inLanguage":"pl-PL","@id":"https:\/\/m8.mech.pk.edu.pl\/#\/schema\/logo\/image\/","url":"https:\/\/m8.mech.pk.edu.pl\/wp-content\/uploads\/2021\/01\/logo-mail-kpsit.png","contentUrl":"https:\/\/m8.mech.pk.edu.pl\/wp-content\/uploads\/2021\/01\/logo-mail-kpsit.png","width":300,"height":119,"caption":"Katedra Pojazd\u00f3w Szynowych"},"image":{"@id":"https:\/\/m8.mech.pk.edu.pl\/#\/schema\/logo\/image\/"},"sameAs":["https:\/\/facebook.com\/KPSzTPK","https:\/\/www.youtube.com\/channel\/UCen3PQ3fl3ry92o_lHkyVaQ"]},{"@type":"Person","@id":"https:\/\/m8.mech.pk.edu.pl\/#\/schema\/person\/3b5511cf6f7f9280c1bd99bc362480b0","name":"Rafa\u0142","image":{"@type":"ImageObject","inLanguage":"pl-PL","@id":"https:\/\/secure.gravatar.com\/avatar\/8e9c17f2eb0d64a51c937221d111e08df2f3a6fafdb5fa07d5aef9e5e9c39e51?s=96&d=mm&r=g","url":"https:\/\/secure.gravatar.com\/avatar\/8e9c17f2eb0d64a51c937221d111e08df2f3a6fafdb5fa07d5aef9e5e9c39e51?s=96&d=mm&r=g","contentUrl":"https:\/\/secure.gravatar.com\/avatar\/8e9c17f2eb0d64a51c937221d111e08df2f3a6fafdb5fa07d5aef9e5e9c39e51?s=96&d=mm&r=g","caption":"Rafa\u0142"},"sameAs":["http:\/\/149.156.155.135"]}]}},"_links":{"self":[{"href":"https:\/\/m8.mech.pk.edu.pl\/index.php\/wp-json\/wp\/v2\/posts\/5481","targetHints":{"allow":["GET"]}}],"collection":[{"href":"https:\/\/m8.mech.pk.edu.pl\/index.php\/wp-json\/wp\/v2\/posts"}],"about":[{"href":"https:\/\/m8.mech.pk.edu.pl\/index.php\/wp-json\/wp\/v2\/types\/post"}],"author":[{"embeddable":true,"href":"https:\/\/m8.mech.pk.edu.pl\/index.php\/wp-json\/wp\/v2\/users\/1"}],"replies":[{"embeddable":true,"href":"https:\/\/m8.mech.pk.edu.pl\/index.php\/wp-json\/wp\/v2\/comments?post=5481"}],"version-history":[{"count":1,"href":"https:\/\/m8.mech.pk.edu.pl\/index.php\/wp-json\/wp\/v2\/posts\/5481\/revisions"}],"predecessor-version":[{"id":5484,"href":"https:\/\/m8.mech.pk.edu.pl\/index.php\/wp-json\/wp\/v2\/posts\/5481\/revisions\/5484"}],"wp:featuredmedia":[{"embeddable":true,"href":"https:\/\/m8.mech.pk.edu.pl\/index.php\/wp-json\/wp\/v2\/media\/5482"}],"wp:attachment":[{"href":"https:\/\/m8.mech.pk.edu.pl\/index.php\/wp-json\/wp\/v2\/media?parent=5481"}],"wp:term":[{"taxonomy":"category","embeddable":true,"href":"https:\/\/m8.mech.pk.edu.pl\/index.php\/wp-json\/wp\/v2\/categories?post=5481"},{"taxonomy":"post_tag","embeddable":true,"href":"https:\/\/m8.mech.pk.edu.pl\/index.php\/wp-json\/wp\/v2\/tags?post=5481"}],"curies":[{"name":"wp","href":"https:\/\/api.w.org\/{rel}","templated":true}]}}