{"id":5445,"date":"2024-11-18T19:29:16","date_gmt":"2024-11-18T18:29:16","guid":{"rendered":"https:\/\/m8.mech.pk.edu.pl\/?p=5445"},"modified":"2024-11-18T19:31:31","modified_gmt":"2024-11-18T18:31:31","slug":"uruchomiona-rekrutacja-na-viii-edycje-specjalnosci-dualnej-ips","status":"publish","type":"post","link":"https:\/\/m8.mech.pk.edu.pl\/index.php\/2024\/11\/18\/uruchomiona-rekrutacja-na-viii-edycje-specjalnosci-dualnej-ips\/","title":{"rendered":"Uruchomiona rekrutacja na VIII edycj\u0119 specjalno\u015bci dualnej IPS"},"content":{"rendered":"\n<p>UWAGA, UWAGA!! Daj si\u0119 ponie\u015b\u0107 fascynuj\u0105cej przygodzie! Poci\u0105g ekspresowy 2025\/8 &#8222;IN\u017bYNIERIA POJAZD\u00d3W SZYNOWYCH&#8221; rozpoczyna swoj\u0105 ju\u017c 8 podr\u00f3\u017c. Uruchomili\u015bmy rekrutacj\u0119 na t\u0105 wyj\u0105tkow\u0105 specjalno\u015b\u0107 prowadzon\u0105 w systemie dualnym. <br>Chcesz zdoby\u0107 wysokiej klasy wiedz\u0119 i kompetencje, pracowa\u0107 w dynamicznie rozwijaj\u0105cej si\u0119 przysz\u0142o\u015bciowej bran\u017cy oraz \u017ceby praca szuka\u0142a Ciebie, a nie Ty pracy? Do 17.01.2025 koniecznie zg\u0142o\u015b swoj\u0105 kandydatur\u0119 i dobrze wybierz swoj\u0105 przysz\u0142o\u015b\u0107!<br>REKRUTACJA DOTYCZY WSZYSTKICH KIERUNK\u00d3W WYDZIA\u0141U MECHANICZNEGO! <\/p>\n\n\n\n<p><\/p>\n\n\n\n<!--more-->\n\n\n\n<p>In\u017cyniera Pojazd\u00f3w Szynowych to:<\/p>\n\n\n\n<p><img loading=\"lazy\" decoding=\"async\" height=\"16\" width=\"16\" alt=\"\ud83d\ude8a\" src=\"https:\/\/static.xx.fbcdn.net\/images\/emoji.php\/v9\/t77\/1\/16\/1f68a.png\">profile kompetencyjne kszta\u0142cenia: technolog mechanik, in\u017cynier projektu, in\u017cynier ds. eksploatacji, in\u017cynier ds. utrzymania, in\u017cynier serwisu, konstruktor\/projektant mechanik, in\u017cynier ds. oblicze\u0144,<\/p>\n\n\n\n<p><img loading=\"lazy\" decoding=\"async\" height=\"16\" width=\"16\" alt=\"\ud83d\ude8a\" src=\"https:\/\/static.xx.fbcdn.net\/images\/emoji.php\/v9\/t77\/1\/16\/1f68a.png\">innowacyjne nauczanie zgodnie z ide\u0105 &#8222;mistrz-ucze\u0144&#8221; &#8211; grupa studencka do 15 os\u00f3b,<\/p>\n\n\n\n<p><img loading=\"lazy\" decoding=\"async\" height=\"16\" width=\"16\" alt=\"\ud83d\ude8a\" src=\"https:\/\/static.xx.fbcdn.net\/images\/emoji.php\/v9\/t77\/1\/16\/1f68a.png\">profesjonalna kadra dydaktyczna w tym wyk\u0142adowcy z firm i instytucji bran\u017cowych,<\/p>\n\n\n\n<p><img loading=\"lazy\" decoding=\"async\" height=\"16\" width=\"16\" alt=\"\ud83d\ude8a\" src=\"https:\/\/static.xx.fbcdn.net\/images\/emoji.php\/v9\/t77\/1\/16\/1f68a.png\">praktyczne zaj\u0119cia laboratoryjne w przedsi\u0119biorstwach bran\u017cowych &#8211; bezpo\u015bredni kontakt z nowoczesnym przemys\u0142em,<\/p>\n\n\n\n<p><img loading=\"lazy\" decoding=\"async\" height=\"16\" width=\"16\" alt=\"\ud83d\ude8a\" src=\"https:\/\/static.xx.fbcdn.net\/images\/emoji.php\/v9\/t77\/1\/16\/1f68a.png\">4 miesi\u0105ce P\u0141ATNEGO sta\u017cu w wybranych firmach bran\u017cowych w ramach VII semestru studi\u00f3w,<\/p>\n\n\n\n<p><img loading=\"lazy\" decoding=\"async\" height=\"16\" width=\"16\" alt=\"\ud83d\ude8a\" src=\"https:\/\/static.xx.fbcdn.net\/images\/emoji.php\/v9\/t77\/1\/16\/1f68a.png\">praca in\u017cynierska realizowana z tematyki realizowanej podczas sta\u017cu.<\/p>\n\n\n\n<p>NIE ZWLEKAJ &#8211; studiuj na innowacyjnej specjalno\u015bci, zapewniaj\u0105cej pewn\u0105 przysz\u0142o\u015b\u0107 zawodow\u0105!<\/p>\n\n\n\n<p>Szczeg\u00f3\u0142owe informacje o IPS, relacje z dotychczasowych edycji studi\u00f3w oraz dokumenty rekrutacyjne znajdziesz na stronie: <a href=\"https:\/\/m8.mech.pk.edu.pl\/IPS?fbclid=IwZXh0bgNhZW0CMTAAAR1ZvGBJlXiGHul1Yhce17v1qNdSZ7hj_eUNENyWsN-WMh3MRlnCjIV2gkc_aem_fMrY7XPWFELENLl0B7LXxQ\" rel=\"noreferrer noopener\" target=\"_blank\">https:\/\/m8.mech.pk.edu.pl\/IPS<\/a><\/p>\n\n\n\n<p>SERDECZNIE ZAPRASZAMY!<\/p>\n\n\n\n<p><\/p>\n\n\n\n<figure class=\"wp-block-embed is-type-video is-provider-youtube wp-block-embed-youtube wp-embed-aspect-16-9 wp-has-aspect-ratio\"><div class=\"wp-block-embed__wrapper\">\n<iframe loading=\"lazy\" title=\"Rekrutacja - IN\u017bYNIERIA POJAZD\u00d3W SZYNOWYCH - VIII edycja specjalno\u015bci dualnej\" width=\"710\" height=\"399\" src=\"https:\/\/www.youtube.com\/embed\/wx4iq5kceBo?feature=oembed\" frameborder=\"0\" allow=\"accelerometer; autoplay; clipboard-write; encrypted-media; gyroscope; picture-in-picture; web-share\" referrerpolicy=\"strict-origin-when-cross-origin\" allowfullscreen><\/iframe>\n<\/div><\/figure>\n","protected":false},"excerpt":{"rendered":"<p>UWAGA, UWAGA!! Daj si\u0119 ponie\u015b\u0107 fascynuj\u0105cej przygodzie! Poci\u0105g ekspresowy 2025\/8 &#8222;IN\u017bYNIERIA POJAZD\u00d3W SZYNOWYCH&#8221; rozpoczyna swoj\u0105 ju\u017c 8 podr\u00f3\u017c. Uruchomili\u015bmy rekrutacj\u0119 na t\u0105 wyj\u0105tkow\u0105 specjalno\u015b\u0107 prowadzon\u0105 w systemie dualnym. Chcesz zdoby\u0107 wysokiej klasy wiedz\u0119 i kompetencje, pracowa\u0107 w dynamicznie rozwijaj\u0105cej si\u0119 przysz\u0142o\u015bciowej bran\u017cy oraz \u017ceby praca szuka\u0142a Ciebie, a nie Ty pracy? Do 17.01.2025 koniecznie zg\u0142o\u015b [&hellip;]<\/p>\n","protected":false},"author":5,"featured_media":5446,"comment_status":"closed","ping_status":"open","sticky":false,"template":"","format":"standard","meta":{"footnotes":""},"categories":[1],"tags":[],"class_list":["post-5445","post","type-post","status-publish","format-standard","has-post-thumbnail","hentry","category-bez-kategorii"],"yoast_head":"<!-- This site is optimized with the Yoast SEO plugin v27.5 - https:\/\/yoast.com\/product\/yoast-seo-wordpress\/ -->\n<title>Uruchomiona rekrutacja na VIII edycj\u0119 specjalno\u015bci dualnej IPS - Katedra Pojazd\u00f3w Szynowych i Transportu<\/title>\n<meta name=\"robots\" content=\"index, follow, max-snippet:-1, max-image-preview:large, max-video-preview:-1\" \/>\n<link rel=\"canonical\" href=\"https:\/\/m8.mech.pk.edu.pl\/index.php\/2024\/11\/18\/uruchomiona-rekrutacja-na-viii-edycje-specjalnosci-dualnej-ips\/\" \/>\n<meta property=\"og:locale\" content=\"pl_PL\" \/>\n<meta property=\"og:type\" content=\"article\" \/>\n<meta property=\"og:title\" content=\"Uruchomiona rekrutacja na VIII edycj\u0119 specjalno\u015bci dualnej IPS - Katedra Pojazd\u00f3w Szynowych i Transportu\" \/>\n<meta property=\"og:description\" content=\"UWAGA, UWAGA!! Daj si\u0119 ponie\u015b\u0107 fascynuj\u0105cej przygodzie! Poci\u0105g ekspresowy 2025\/8 &#8222;IN\u017bYNIERIA POJAZD\u00d3W SZYNOWYCH&#8221; rozpoczyna swoj\u0105 ju\u017c 8 podr\u00f3\u017c. Uruchomili\u015bmy rekrutacj\u0119 na t\u0105 wyj\u0105tkow\u0105 specjalno\u015b\u0107 prowadzon\u0105 w systemie dualnym. Chcesz zdoby\u0107 wysokiej klasy wiedz\u0119 i kompetencje, pracowa\u0107 w dynamicznie rozwijaj\u0105cej si\u0119 przysz\u0142o\u015bciowej bran\u017cy oraz \u017ceby praca szuka\u0142a Ciebie, a nie Ty pracy? Do 17.01.2025 koniecznie zg\u0142o\u015b [&hellip;]\" \/>\n<meta property=\"og:url\" content=\"https:\/\/m8.mech.pk.edu.pl\/index.php\/2024\/11\/18\/uruchomiona-rekrutacja-na-viii-edycje-specjalnosci-dualnej-ips\/\" \/>\n<meta property=\"og:site_name\" content=\"Katedra Pojazd\u00f3w Szynowych i Transportu\" \/>\n<meta property=\"article:publisher\" content=\"https:\/\/facebook.com\/KPSzTPK\" \/>\n<meta property=\"article:published_time\" content=\"2024-11-18T18:29:16+00:00\" \/>\n<meta property=\"article:modified_time\" content=\"2024-11-18T18:31:31+00:00\" \/>\n<meta property=\"og:image\" content=\"https:\/\/m8.mech.pk.edu.pl\/wp-content\/uploads\/2024\/11\/IPS-Rekrutacja-8-slajd.jpg\" \/>\n\t<meta property=\"og:image:width\" content=\"960\" \/>\n\t<meta property=\"og:image:height\" content=\"720\" \/>\n\t<meta property=\"og:image:type\" content=\"image\/jpeg\" \/>\n<meta name=\"author\" content=\"Maciej\" \/>\n<meta name=\"twitter:card\" content=\"summary_large_image\" \/>\n<meta name=\"twitter:label1\" content=\"Napisane przez\" \/>\n\t<meta name=\"twitter:data1\" content=\"Maciej\" \/>\n\t<meta name=\"twitter:label2\" content=\"Szacowany czas czytania\" \/>\n\t<meta name=\"twitter:data2\" content=\"3 minuty\" \/>\n<script type=\"application\/ld+json\" class=\"yoast-schema-graph\">{\"@context\":\"https:\\\/\\\/schema.org\",\"@graph\":[{\"@type\":\"Article\",\"@id\":\"https:\\\/\\\/m8.mech.pk.edu.pl\\\/index.php\\\/2024\\\/11\\\/18\\\/uruchomiona-rekrutacja-na-viii-edycje-specjalnosci-dualnej-ips\\\/#article\",\"isPartOf\":{\"@id\":\"https:\\\/\\\/m8.mech.pk.edu.pl\\\/index.php\\\/2024\\\/11\\\/18\\\/uruchomiona-rekrutacja-na-viii-edycje-specjalnosci-dualnej-ips\\\/\"},\"author\":{\"name\":\"Maciej\",\"@id\":\"https:\\\/\\\/m8.mech.pk.edu.pl\\\/#\\\/schema\\\/person\\\/d8f6c9a11add49a79e366c6d4261d14e\"},\"headline\":\"Uruchomiona rekrutacja na VIII edycj\u0119 specjalno\u015bci dualnej IPS\",\"datePublished\":\"2024-11-18T18:29:16+00:00\",\"dateModified\":\"2024-11-18T18:31:31+00:00\",\"mainEntityOfPage\":{\"@id\":\"https:\\\/\\\/m8.mech.pk.edu.pl\\\/index.php\\\/2024\\\/11\\\/18\\\/uruchomiona-rekrutacja-na-viii-edycje-specjalnosci-dualnej-ips\\\/\"},\"wordCount\":241,\"publisher\":{\"@id\":\"https:\\\/\\\/m8.mech.pk.edu.pl\\\/#organization\"},\"image\":{\"@id\":\"https:\\\/\\\/m8.mech.pk.edu.pl\\\/index.php\\\/2024\\\/11\\\/18\\\/uruchomiona-rekrutacja-na-viii-edycje-specjalnosci-dualnej-ips\\\/#primaryimage\"},\"thumbnailUrl\":\"https:\\\/\\\/m8.mech.pk.edu.pl\\\/wp-content\\\/uploads\\\/2024\\\/11\\\/IPS-Rekrutacja-8-slajd.jpg\",\"inLanguage\":\"pl-PL\"},{\"@type\":\"WebPage\",\"@id\":\"https:\\\/\\\/m8.mech.pk.edu.pl\\\/index.php\\\/2024\\\/11\\\/18\\\/uruchomiona-rekrutacja-na-viii-edycje-specjalnosci-dualnej-ips\\\/\",\"url\":\"https:\\\/\\\/m8.mech.pk.edu.pl\\\/index.php\\\/2024\\\/11\\\/18\\\/uruchomiona-rekrutacja-na-viii-edycje-specjalnosci-dualnej-ips\\\/\",\"name\":\"Uruchomiona rekrutacja na VIII edycj\u0119 specjalno\u015bci dualnej IPS - Katedra Pojazd\u00f3w Szynowych i Transportu\",\"isPartOf\":{\"@id\":\"https:\\\/\\\/m8.mech.pk.edu.pl\\\/#website\"},\"primaryImageOfPage\":{\"@id\":\"https:\\\/\\\/m8.mech.pk.edu.pl\\\/index.php\\\/2024\\\/11\\\/18\\\/uruchomiona-rekrutacja-na-viii-edycje-specjalnosci-dualnej-ips\\\/#primaryimage\"},\"image\":{\"@id\":\"https:\\\/\\\/m8.mech.pk.edu.pl\\\/index.php\\\/2024\\\/11\\\/18\\\/uruchomiona-rekrutacja-na-viii-edycje-specjalnosci-dualnej-ips\\\/#primaryimage\"},\"thumbnailUrl\":\"https:\\\/\\\/m8.mech.pk.edu.pl\\\/wp-content\\\/uploads\\\/2024\\\/11\\\/IPS-Rekrutacja-8-slajd.jpg\",\"datePublished\":\"2024-11-18T18:29:16+00:00\",\"dateModified\":\"2024-11-18T18:31:31+00:00\",\"breadcrumb\":{\"@id\":\"https:\\\/\\\/m8.mech.pk.edu.pl\\\/index.php\\\/2024\\\/11\\\/18\\\/uruchomiona-rekrutacja-na-viii-edycje-specjalnosci-dualnej-ips\\\/#breadcrumb\"},\"inLanguage\":\"pl-PL\",\"potentialAction\":[{\"@type\":\"ReadAction\",\"target\":[\"https:\\\/\\\/m8.mech.pk.edu.pl\\\/index.php\\\/2024\\\/11\\\/18\\\/uruchomiona-rekrutacja-na-viii-edycje-specjalnosci-dualnej-ips\\\/\"]}]},{\"@type\":\"ImageObject\",\"inLanguage\":\"pl-PL\",\"@id\":\"https:\\\/\\\/m8.mech.pk.edu.pl\\\/index.php\\\/2024\\\/11\\\/18\\\/uruchomiona-rekrutacja-na-viii-edycje-specjalnosci-dualnej-ips\\\/#primaryimage\",\"url\":\"https:\\\/\\\/m8.mech.pk.edu.pl\\\/wp-content\\\/uploads\\\/2024\\\/11\\\/IPS-Rekrutacja-8-slajd.jpg\",\"contentUrl\":\"https:\\\/\\\/m8.mech.pk.edu.pl\\\/wp-content\\\/uploads\\\/2024\\\/11\\\/IPS-Rekrutacja-8-slajd.jpg\",\"width\":960,\"height\":720},{\"@type\":\"BreadcrumbList\",\"@id\":\"https:\\\/\\\/m8.mech.pk.edu.pl\\\/index.php\\\/2024\\\/11\\\/18\\\/uruchomiona-rekrutacja-na-viii-edycje-specjalnosci-dualnej-ips\\\/#breadcrumb\",\"itemListElement\":[{\"@type\":\"ListItem\",\"position\":1,\"name\":\"Strona g\u0142\u00f3wna\",\"item\":\"https:\\\/\\\/m8.mech.pk.edu.pl\\\/\"},{\"@type\":\"ListItem\",\"position\":2,\"name\":\"Uruchomiona rekrutacja na VIII edycj\u0119 specjalno\u015bci dualnej IPS\"}]},{\"@type\":\"WebSite\",\"@id\":\"https:\\\/\\\/m8.mech.pk.edu.pl\\\/#website\",\"url\":\"https:\\\/\\\/m8.mech.pk.edu.pl\\\/\",\"name\":\"Katedra Pojazd\u00f3w Szynowych i Transportu\",\"description\":\"Katedra Pojazd\u00f3w Szynowych i Transportu Politechniki Krakowskiej na Wydziale Mechanicznym\",\"publisher\":{\"@id\":\"https:\\\/\\\/m8.mech.pk.edu.pl\\\/#organization\"},\"potentialAction\":[{\"@type\":\"SearchAction\",\"target\":{\"@type\":\"EntryPoint\",\"urlTemplate\":\"https:\\\/\\\/m8.mech.pk.edu.pl\\\/?s={search_term_string}\"},\"query-input\":{\"@type\":\"PropertyValueSpecification\",\"valueRequired\":true,\"valueName\":\"search_term_string\"}}],\"inLanguage\":\"pl-PL\"},{\"@type\":\"Organization\",\"@id\":\"https:\\\/\\\/m8.mech.pk.edu.pl\\\/#organization\",\"name\":\"Katedra Pojazd\u00f3w Szynowych\",\"url\":\"https:\\\/\\\/m8.mech.pk.edu.pl\\\/\",\"logo\":{\"@type\":\"ImageObject\",\"inLanguage\":\"pl-PL\",\"@id\":\"https:\\\/\\\/m8.mech.pk.edu.pl\\\/#\\\/schema\\\/logo\\\/image\\\/\",\"url\":\"https:\\\/\\\/m8.mech.pk.edu.pl\\\/wp-content\\\/uploads\\\/2021\\\/01\\\/logo-mail-kpsit.png\",\"contentUrl\":\"https:\\\/\\\/m8.mech.pk.edu.pl\\\/wp-content\\\/uploads\\\/2021\\\/01\\\/logo-mail-kpsit.png\",\"width\":300,\"height\":119,\"caption\":\"Katedra Pojazd\u00f3w Szynowych\"},\"image\":{\"@id\":\"https:\\\/\\\/m8.mech.pk.edu.pl\\\/#\\\/schema\\\/logo\\\/image\\\/\"},\"sameAs\":[\"https:\\\/\\\/facebook.com\\\/KPSzTPK\",\"https:\\\/\\\/www.youtube.com\\\/channel\\\/UCen3PQ3fl3ry92o_lHkyVaQ\"]},{\"@type\":\"Person\",\"@id\":\"https:\\\/\\\/m8.mech.pk.edu.pl\\\/#\\\/schema\\\/person\\\/d8f6c9a11add49a79e366c6d4261d14e\",\"name\":\"Maciej\",\"image\":{\"@type\":\"ImageObject\",\"inLanguage\":\"pl-PL\",\"@id\":\"https:\\\/\\\/secure.gravatar.com\\\/avatar\\\/5a17b3a5a44d4dca9d48ed0eccafb488c6c54063f627f848184a92807a97590b?s=96&d=mm&r=g\",\"url\":\"https:\\\/\\\/secure.gravatar.com\\\/avatar\\\/5a17b3a5a44d4dca9d48ed0eccafb488c6c54063f627f848184a92807a97590b?s=96&d=mm&r=g\",\"contentUrl\":\"https:\\\/\\\/secure.gravatar.com\\\/avatar\\\/5a17b3a5a44d4dca9d48ed0eccafb488c6c54063f627f848184a92807a97590b?s=96&d=mm&r=g\",\"caption\":\"Maciej\"}}]}<\/script>\n<!-- \/ Yoast SEO plugin. -->","yoast_head_json":{"title":"Uruchomiona rekrutacja na VIII edycj\u0119 specjalno\u015bci dualnej IPS - Katedra Pojazd\u00f3w Szynowych i Transportu","robots":{"index":"index","follow":"follow","max-snippet":"max-snippet:-1","max-image-preview":"max-image-preview:large","max-video-preview":"max-video-preview:-1"},"canonical":"https:\/\/m8.mech.pk.edu.pl\/index.php\/2024\/11\/18\/uruchomiona-rekrutacja-na-viii-edycje-specjalnosci-dualnej-ips\/","og_locale":"pl_PL","og_type":"article","og_title":"Uruchomiona rekrutacja na VIII edycj\u0119 specjalno\u015bci dualnej IPS - Katedra Pojazd\u00f3w Szynowych i Transportu","og_description":"UWAGA, UWAGA!! Daj si\u0119 ponie\u015b\u0107 fascynuj\u0105cej przygodzie! Poci\u0105g ekspresowy 2025\/8 &#8222;IN\u017bYNIERIA POJAZD\u00d3W SZYNOWYCH&#8221; rozpoczyna swoj\u0105 ju\u017c 8 podr\u00f3\u017c. Uruchomili\u015bmy rekrutacj\u0119 na t\u0105 wyj\u0105tkow\u0105 specjalno\u015b\u0107 prowadzon\u0105 w systemie dualnym. Chcesz zdoby\u0107 wysokiej klasy wiedz\u0119 i kompetencje, pracowa\u0107 w dynamicznie rozwijaj\u0105cej si\u0119 przysz\u0142o\u015bciowej bran\u017cy oraz \u017ceby praca szuka\u0142a Ciebie, a nie Ty pracy? Do 17.01.2025 koniecznie zg\u0142o\u015b [&hellip;]","og_url":"https:\/\/m8.mech.pk.edu.pl\/index.php\/2024\/11\/18\/uruchomiona-rekrutacja-na-viii-edycje-specjalnosci-dualnej-ips\/","og_site_name":"Katedra Pojazd\u00f3w Szynowych i Transportu","article_publisher":"https:\/\/facebook.com\/KPSzTPK","article_published_time":"2024-11-18T18:29:16+00:00","article_modified_time":"2024-11-18T18:31:31+00:00","og_image":[{"width":960,"height":720,"url":"https:\/\/m8.mech.pk.edu.pl\/wp-content\/uploads\/2024\/11\/IPS-Rekrutacja-8-slajd.jpg","type":"image\/jpeg"}],"author":"Maciej","twitter_card":"summary_large_image","twitter_misc":{"Napisane przez":"Maciej","Szacowany czas czytania":"3 minuty"},"schema":{"@context":"https:\/\/schema.org","@graph":[{"@type":"Article","@id":"https:\/\/m8.mech.pk.edu.pl\/index.php\/2024\/11\/18\/uruchomiona-rekrutacja-na-viii-edycje-specjalnosci-dualnej-ips\/#article","isPartOf":{"@id":"https:\/\/m8.mech.pk.edu.pl\/index.php\/2024\/11\/18\/uruchomiona-rekrutacja-na-viii-edycje-specjalnosci-dualnej-ips\/"},"author":{"name":"Maciej","@id":"https:\/\/m8.mech.pk.edu.pl\/#\/schema\/person\/d8f6c9a11add49a79e366c6d4261d14e"},"headline":"Uruchomiona rekrutacja na VIII edycj\u0119 specjalno\u015bci dualnej IPS","datePublished":"2024-11-18T18:29:16+00:00","dateModified":"2024-11-18T18:31:31+00:00","mainEntityOfPage":{"@id":"https:\/\/m8.mech.pk.edu.pl\/index.php\/2024\/11\/18\/uruchomiona-rekrutacja-na-viii-edycje-specjalnosci-dualnej-ips\/"},"wordCount":241,"publisher":{"@id":"https:\/\/m8.mech.pk.edu.pl\/#organization"},"image":{"@id":"https:\/\/m8.mech.pk.edu.pl\/index.php\/2024\/11\/18\/uruchomiona-rekrutacja-na-viii-edycje-specjalnosci-dualnej-ips\/#primaryimage"},"thumbnailUrl":"https:\/\/m8.mech.pk.edu.pl\/wp-content\/uploads\/2024\/11\/IPS-Rekrutacja-8-slajd.jpg","inLanguage":"pl-PL"},{"@type":"WebPage","@id":"https:\/\/m8.mech.pk.edu.pl\/index.php\/2024\/11\/18\/uruchomiona-rekrutacja-na-viii-edycje-specjalnosci-dualnej-ips\/","url":"https:\/\/m8.mech.pk.edu.pl\/index.php\/2024\/11\/18\/uruchomiona-rekrutacja-na-viii-edycje-specjalnosci-dualnej-ips\/","name":"Uruchomiona rekrutacja na VIII edycj\u0119 specjalno\u015bci dualnej IPS - Katedra Pojazd\u00f3w Szynowych i Transportu","isPartOf":{"@id":"https:\/\/m8.mech.pk.edu.pl\/#website"},"primaryImageOfPage":{"@id":"https:\/\/m8.mech.pk.edu.pl\/index.php\/2024\/11\/18\/uruchomiona-rekrutacja-na-viii-edycje-specjalnosci-dualnej-ips\/#primaryimage"},"image":{"@id":"https:\/\/m8.mech.pk.edu.pl\/index.php\/2024\/11\/18\/uruchomiona-rekrutacja-na-viii-edycje-specjalnosci-dualnej-ips\/#primaryimage"},"thumbnailUrl":"https:\/\/m8.mech.pk.edu.pl\/wp-content\/uploads\/2024\/11\/IPS-Rekrutacja-8-slajd.jpg","datePublished":"2024-11-18T18:29:16+00:00","dateModified":"2024-11-18T18:31:31+00:00","breadcrumb":{"@id":"https:\/\/m8.mech.pk.edu.pl\/index.php\/2024\/11\/18\/uruchomiona-rekrutacja-na-viii-edycje-specjalnosci-dualnej-ips\/#breadcrumb"},"inLanguage":"pl-PL","potentialAction":[{"@type":"ReadAction","target":["https:\/\/m8.mech.pk.edu.pl\/index.php\/2024\/11\/18\/uruchomiona-rekrutacja-na-viii-edycje-specjalnosci-dualnej-ips\/"]}]},{"@type":"ImageObject","inLanguage":"pl-PL","@id":"https:\/\/m8.mech.pk.edu.pl\/index.php\/2024\/11\/18\/uruchomiona-rekrutacja-na-viii-edycje-specjalnosci-dualnej-ips\/#primaryimage","url":"https:\/\/m8.mech.pk.edu.pl\/wp-content\/uploads\/2024\/11\/IPS-Rekrutacja-8-slajd.jpg","contentUrl":"https:\/\/m8.mech.pk.edu.pl\/wp-content\/uploads\/2024\/11\/IPS-Rekrutacja-8-slajd.jpg","width":960,"height":720},{"@type":"BreadcrumbList","@id":"https:\/\/m8.mech.pk.edu.pl\/index.php\/2024\/11\/18\/uruchomiona-rekrutacja-na-viii-edycje-specjalnosci-dualnej-ips\/#breadcrumb","itemListElement":[{"@type":"ListItem","position":1,"name":"Strona g\u0142\u00f3wna","item":"https:\/\/m8.mech.pk.edu.pl\/"},{"@type":"ListItem","position":2,"name":"Uruchomiona rekrutacja na VIII edycj\u0119 specjalno\u015bci dualnej IPS"}]},{"@type":"WebSite","@id":"https:\/\/m8.mech.pk.edu.pl\/#website","url":"https:\/\/m8.mech.pk.edu.pl\/","name":"Katedra Pojazd\u00f3w Szynowych i Transportu","description":"Katedra Pojazd\u00f3w Szynowych i Transportu Politechniki Krakowskiej na Wydziale Mechanicznym","publisher":{"@id":"https:\/\/m8.mech.pk.edu.pl\/#organization"},"potentialAction":[{"@type":"SearchAction","target":{"@type":"EntryPoint","urlTemplate":"https:\/\/m8.mech.pk.edu.pl\/?s={search_term_string}"},"query-input":{"@type":"PropertyValueSpecification","valueRequired":true,"valueName":"search_term_string"}}],"inLanguage":"pl-PL"},{"@type":"Organization","@id":"https:\/\/m8.mech.pk.edu.pl\/#organization","name":"Katedra Pojazd\u00f3w Szynowych","url":"https:\/\/m8.mech.pk.edu.pl\/","logo":{"@type":"ImageObject","inLanguage":"pl-PL","@id":"https:\/\/m8.mech.pk.edu.pl\/#\/schema\/logo\/image\/","url":"https:\/\/m8.mech.pk.edu.pl\/wp-content\/uploads\/2021\/01\/logo-mail-kpsit.png","contentUrl":"https:\/\/m8.mech.pk.edu.pl\/wp-content\/uploads\/2021\/01\/logo-mail-kpsit.png","width":300,"height":119,"caption":"Katedra Pojazd\u00f3w Szynowych"},"image":{"@id":"https:\/\/m8.mech.pk.edu.pl\/#\/schema\/logo\/image\/"},"sameAs":["https:\/\/facebook.com\/KPSzTPK","https:\/\/www.youtube.com\/channel\/UCen3PQ3fl3ry92o_lHkyVaQ"]},{"@type":"Person","@id":"https:\/\/m8.mech.pk.edu.pl\/#\/schema\/person\/d8f6c9a11add49a79e366c6d4261d14e","name":"Maciej","image":{"@type":"ImageObject","inLanguage":"pl-PL","@id":"https:\/\/secure.gravatar.com\/avatar\/5a17b3a5a44d4dca9d48ed0eccafb488c6c54063f627f848184a92807a97590b?s=96&d=mm&r=g","url":"https:\/\/secure.gravatar.com\/avatar\/5a17b3a5a44d4dca9d48ed0eccafb488c6c54063f627f848184a92807a97590b?s=96&d=mm&r=g","contentUrl":"https:\/\/secure.gravatar.com\/avatar\/5a17b3a5a44d4dca9d48ed0eccafb488c6c54063f627f848184a92807a97590b?s=96&d=mm&r=g","caption":"Maciej"}}]}},"_links":{"self":[{"href":"https:\/\/m8.mech.pk.edu.pl\/index.php\/wp-json\/wp\/v2\/posts\/5445","targetHints":{"allow":["GET"]}}],"collection":[{"href":"https:\/\/m8.mech.pk.edu.pl\/index.php\/wp-json\/wp\/v2\/posts"}],"about":[{"href":"https:\/\/m8.mech.pk.edu.pl\/index.php\/wp-json\/wp\/v2\/types\/post"}],"author":[{"embeddable":true,"href":"https:\/\/m8.mech.pk.edu.pl\/index.php\/wp-json\/wp\/v2\/users\/5"}],"replies":[{"embeddable":true,"href":"https:\/\/m8.mech.pk.edu.pl\/index.php\/wp-json\/wp\/v2\/comments?post=5445"}],"version-history":[{"count":2,"href":"https:\/\/m8.mech.pk.edu.pl\/index.php\/wp-json\/wp\/v2\/posts\/5445\/revisions"}],"predecessor-version":[{"id":5448,"href":"https:\/\/m8.mech.pk.edu.pl\/index.php\/wp-json\/wp\/v2\/posts\/5445\/revisions\/5448"}],"wp:featuredmedia":[{"embeddable":true,"href":"https:\/\/m8.mech.pk.edu.pl\/index.php\/wp-json\/wp\/v2\/media\/5446"}],"wp:attachment":[{"href":"https:\/\/m8.mech.pk.edu.pl\/index.php\/wp-json\/wp\/v2\/media?parent=5445"}],"wp:term":[{"taxonomy":"category","embeddable":true,"href":"https:\/\/m8.mech.pk.edu.pl\/index.php\/wp-json\/wp\/v2\/categories?post=5445"},{"taxonomy":"post_tag","embeddable":true,"href":"https:\/\/m8.mech.pk.edu.pl\/index.php\/wp-json\/wp\/v2\/tags?post=5445"}],"curies":[{"name":"wp","href":"https:\/\/api.w.org\/{rel}","templated":true}]}}