{"id":5429,"date":"2024-11-18T17:35:20","date_gmt":"2024-11-18T16:35:20","guid":{"rendered":"https:\/\/m8.mech.pk.edu.pl\/?p=5429"},"modified":"2024-12-01T18:52:53","modified_gmt":"2024-12-01T17:52:53","slug":"zajecia-studentow-podyplomowych-w-pkp-intercity-sa-i-na-wieik-pk","status":"publish","type":"post","link":"https:\/\/m8.mech.pk.edu.pl\/index.php\/2024\/11\/18\/zajecia-studentow-podyplomowych-w-pkp-intercity-sa-i-na-wieik-pk\/","title":{"rendered":"Zaj\u0119cia student\u00f3w podyplomowych w PKP INTERCITY SA i na WIEiK PK"},"content":{"rendered":"\n<p>16 listopada studenci IX edycji Studi\u00f3w podyplomowych &#8222;Budowa i Eksploatacja Pojazd\u00f3w Szynowych&#8221; zdobywali praktyczn\u0105 wiedz\u0119 w Zak\u0142adzie Po\u0142udniowym PKP INTERCITY SA. W ramach przedmiotu &#8222;Teoria eksploatacji i diagnostyki pojazd\u00f3w szynowych&#8221; mieli okazj\u0119 zobaczy\u0107, jak w praktyce przebiega proces diagnostyki taboru kolejowego. <br>Nast\u0119pnie pojechali na kampus Politechniki Krakowskiej przy ul. Warszawskiej, by pod okiem ekspert\u00f3w z Wydzia\u0142u In\u017cynierii Elektrycznej i Komputerowej poznawa\u0107 dzia\u0142anie uk\u0142ad\u00f3w elektrycznych i elektronicznych pojazd\u00f3w szynowych w doskonale wyposa\u017conym Laboratorium Trakcji.<\/p>\n\n\n\n<!--more-->\n\n\n\n<figure class=\"wp-block-gallery has-nested-images columns-default is-cropped wp-block-gallery-1 is-layout-flex wp-block-gallery-is-layout-flex\">\n<figure class=\"wp-block-image size-large\"><a href=\"https:\/\/m8.mech.pk.edu.pl\/wp-content\/uploads\/2024\/11\/467001163_1131413765651447_3508477097153066763_n.jpg\"><img loading=\"lazy\" decoding=\"async\" width=\"1024\" height=\"768\" data-id=\"5431\" src=\"https:\/\/m8.mech.pk.edu.pl\/wp-content\/uploads\/2024\/11\/467001163_1131413765651447_3508477097153066763_n-1024x768.jpg\" alt=\"\" class=\"wp-image-5431\" srcset=\"https:\/\/m8.mech.pk.edu.pl\/wp-content\/uploads\/2024\/11\/467001163_1131413765651447_3508477097153066763_n-1024x768.jpg 1024w, https:\/\/m8.mech.pk.edu.pl\/wp-content\/uploads\/2024\/11\/467001163_1131413765651447_3508477097153066763_n-300x225.jpg 300w, https:\/\/m8.mech.pk.edu.pl\/wp-content\/uploads\/2024\/11\/467001163_1131413765651447_3508477097153066763_n-768x576.jpg 768w, https:\/\/m8.mech.pk.edu.pl\/wp-content\/uploads\/2024\/11\/467001163_1131413765651447_3508477097153066763_n-1536x1152.jpg 1536w, https:\/\/m8.mech.pk.edu.pl\/wp-content\/uploads\/2024\/11\/467001163_1131413765651447_3508477097153066763_n.jpg 2048w\" sizes=\"auto, (max-width: 1024px) 100vw, 1024px\" \/><\/a><\/figure>\n\n\n\n<figure class=\"wp-block-image size-large\"><a href=\"https:\/\/m8.mech.pk.edu.pl\/wp-content\/uploads\/2024\/11\/467395144_1131413845651439_2240554694007130594_n.jpg\"><img loading=\"lazy\" decoding=\"async\" width=\"800\" height=\"600\" data-id=\"5430\" src=\"https:\/\/m8.mech.pk.edu.pl\/wp-content\/uploads\/2024\/11\/467395144_1131413845651439_2240554694007130594_n.jpg\" alt=\"\" class=\"wp-image-5430\" srcset=\"https:\/\/m8.mech.pk.edu.pl\/wp-content\/uploads\/2024\/11\/467395144_1131413845651439_2240554694007130594_n.jpg 800w, https:\/\/m8.mech.pk.edu.pl\/wp-content\/uploads\/2024\/11\/467395144_1131413845651439_2240554694007130594_n-300x225.jpg 300w, https:\/\/m8.mech.pk.edu.pl\/wp-content\/uploads\/2024\/11\/467395144_1131413845651439_2240554694007130594_n-768x576.jpg 768w\" sizes=\"auto, (max-width: 800px) 100vw, 800px\" \/><\/a><\/figure>\n<\/figure>\n\n\n\n<p><\/p>\n","protected":false},"excerpt":{"rendered":"<p>16 listopada studenci IX edycji Studi\u00f3w podyplomowych &#8222;Budowa i Eksploatacja Pojazd\u00f3w Szynowych&#8221; zdobywali praktyczn\u0105 wiedz\u0119 w Zak\u0142adzie Po\u0142udniowym PKP INTERCITY SA. W ramach przedmiotu &#8222;Teoria eksploatacji i diagnostyki pojazd\u00f3w szynowych&#8221; mieli okazj\u0119 zobaczy\u0107, jak w praktyce przebiega proces diagnostyki taboru kolejowego. Nast\u0119pnie pojechali na kampus Politechniki Krakowskiej przy ul. Warszawskiej, by pod okiem ekspert\u00f3w z [&hellip;]<\/p>\n","protected":false},"author":5,"featured_media":5431,"comment_status":"closed","ping_status":"open","sticky":false,"template":"","format":"standard","meta":{"footnotes":""},"categories":[1],"tags":[],"class_list":["post-5429","post","type-post","status-publish","format-standard","has-post-thumbnail","hentry","category-bez-kategorii"],"yoast_head":"<!-- This site is optimized with the Yoast SEO plugin v27.5 - https:\/\/yoast.com\/product\/yoast-seo-wordpress\/ -->\n<title>Zaj\u0119cia student\u00f3w podyplomowych w PKP INTERCITY SA i na WIEiK PK - Katedra Pojazd\u00f3w Szynowych i Transportu<\/title>\n<meta name=\"robots\" content=\"index, follow, max-snippet:-1, max-image-preview:large, max-video-preview:-1\" \/>\n<link rel=\"canonical\" href=\"https:\/\/m8.mech.pk.edu.pl\/index.php\/2024\/11\/18\/zajecia-studentow-podyplomowych-w-pkp-intercity-sa-i-na-wieik-pk\/\" \/>\n<meta property=\"og:locale\" content=\"pl_PL\" \/>\n<meta property=\"og:type\" content=\"article\" \/>\n<meta property=\"og:title\" content=\"Zaj\u0119cia student\u00f3w podyplomowych w PKP INTERCITY SA i na WIEiK PK - Katedra Pojazd\u00f3w Szynowych i Transportu\" \/>\n<meta property=\"og:description\" content=\"16 listopada studenci IX edycji Studi\u00f3w podyplomowych &#8222;Budowa i Eksploatacja Pojazd\u00f3w Szynowych&#8221; zdobywali praktyczn\u0105 wiedz\u0119 w Zak\u0142adzie Po\u0142udniowym PKP INTERCITY SA. W ramach przedmiotu &#8222;Teoria eksploatacji i diagnostyki pojazd\u00f3w szynowych&#8221; mieli okazj\u0119 zobaczy\u0107, jak w praktyce przebiega proces diagnostyki taboru kolejowego. Nast\u0119pnie pojechali na kampus Politechniki Krakowskiej przy ul. Warszawskiej, by pod okiem ekspert\u00f3w z [&hellip;]\" \/>\n<meta property=\"og:url\" content=\"https:\/\/m8.mech.pk.edu.pl\/index.php\/2024\/11\/18\/zajecia-studentow-podyplomowych-w-pkp-intercity-sa-i-na-wieik-pk\/\" \/>\n<meta property=\"og:site_name\" content=\"Katedra Pojazd\u00f3w Szynowych i Transportu\" \/>\n<meta property=\"article:publisher\" content=\"https:\/\/facebook.com\/KPSzTPK\" \/>\n<meta property=\"article:published_time\" content=\"2024-11-18T16:35:20+00:00\" \/>\n<meta property=\"article:modified_time\" content=\"2024-12-01T17:52:53+00:00\" \/>\n<meta property=\"og:image\" content=\"https:\/\/m8.mech.pk.edu.pl\/wp-content\/uploads\/2024\/11\/467001163_1131413765651447_3508477097153066763_n.jpg\" \/>\n\t<meta property=\"og:image:width\" content=\"2048\" \/>\n\t<meta property=\"og:image:height\" content=\"1536\" \/>\n\t<meta property=\"og:image:type\" content=\"image\/jpeg\" \/>\n<meta name=\"author\" content=\"Maciej\" \/>\n<meta name=\"twitter:card\" content=\"summary_large_image\" \/>\n<meta name=\"twitter:label1\" content=\"Napisane przez\" \/>\n\t<meta name=\"twitter:data1\" content=\"Maciej\" \/>\n\t<meta name=\"twitter:label2\" content=\"Szacowany czas czytania\" \/>\n\t<meta name=\"twitter:data2\" content=\"1 minuta\" \/>\n<script type=\"application\/ld+json\" class=\"yoast-schema-graph\">{\"@context\":\"https:\\\/\\\/schema.org\",\"@graph\":[{\"@type\":\"Article\",\"@id\":\"https:\\\/\\\/m8.mech.pk.edu.pl\\\/index.php\\\/2024\\\/11\\\/18\\\/zajecia-studentow-podyplomowych-w-pkp-intercity-sa-i-na-wieik-pk\\\/#article\",\"isPartOf\":{\"@id\":\"https:\\\/\\\/m8.mech.pk.edu.pl\\\/index.php\\\/2024\\\/11\\\/18\\\/zajecia-studentow-podyplomowych-w-pkp-intercity-sa-i-na-wieik-pk\\\/\"},\"author\":{\"name\":\"Maciej\",\"@id\":\"https:\\\/\\\/m8.mech.pk.edu.pl\\\/#\\\/schema\\\/person\\\/d8f6c9a11add49a79e366c6d4261d14e\"},\"headline\":\"Zaj\u0119cia student\u00f3w podyplomowych w PKP INTERCITY SA i na WIEiK PK\",\"datePublished\":\"2024-11-18T16:35:20+00:00\",\"dateModified\":\"2024-12-01T17:52:53+00:00\",\"mainEntityOfPage\":{\"@id\":\"https:\\\/\\\/m8.mech.pk.edu.pl\\\/index.php\\\/2024\\\/11\\\/18\\\/zajecia-studentow-podyplomowych-w-pkp-intercity-sa-i-na-wieik-pk\\\/\"},\"wordCount\":99,\"publisher\":{\"@id\":\"https:\\\/\\\/m8.mech.pk.edu.pl\\\/#organization\"},\"image\":{\"@id\":\"https:\\\/\\\/m8.mech.pk.edu.pl\\\/index.php\\\/2024\\\/11\\\/18\\\/zajecia-studentow-podyplomowych-w-pkp-intercity-sa-i-na-wieik-pk\\\/#primaryimage\"},\"thumbnailUrl\":\"https:\\\/\\\/m8.mech.pk.edu.pl\\\/wp-content\\\/uploads\\\/2024\\\/11\\\/467001163_1131413765651447_3508477097153066763_n.jpg\",\"inLanguage\":\"pl-PL\"},{\"@type\":\"WebPage\",\"@id\":\"https:\\\/\\\/m8.mech.pk.edu.pl\\\/index.php\\\/2024\\\/11\\\/18\\\/zajecia-studentow-podyplomowych-w-pkp-intercity-sa-i-na-wieik-pk\\\/\",\"url\":\"https:\\\/\\\/m8.mech.pk.edu.pl\\\/index.php\\\/2024\\\/11\\\/18\\\/zajecia-studentow-podyplomowych-w-pkp-intercity-sa-i-na-wieik-pk\\\/\",\"name\":\"Zaj\u0119cia student\u00f3w podyplomowych w PKP INTERCITY SA i na WIEiK PK - Katedra Pojazd\u00f3w Szynowych i Transportu\",\"isPartOf\":{\"@id\":\"https:\\\/\\\/m8.mech.pk.edu.pl\\\/#website\"},\"primaryImageOfPage\":{\"@id\":\"https:\\\/\\\/m8.mech.pk.edu.pl\\\/index.php\\\/2024\\\/11\\\/18\\\/zajecia-studentow-podyplomowych-w-pkp-intercity-sa-i-na-wieik-pk\\\/#primaryimage\"},\"image\":{\"@id\":\"https:\\\/\\\/m8.mech.pk.edu.pl\\\/index.php\\\/2024\\\/11\\\/18\\\/zajecia-studentow-podyplomowych-w-pkp-intercity-sa-i-na-wieik-pk\\\/#primaryimage\"},\"thumbnailUrl\":\"https:\\\/\\\/m8.mech.pk.edu.pl\\\/wp-content\\\/uploads\\\/2024\\\/11\\\/467001163_1131413765651447_3508477097153066763_n.jpg\",\"datePublished\":\"2024-11-18T16:35:20+00:00\",\"dateModified\":\"2024-12-01T17:52:53+00:00\",\"breadcrumb\":{\"@id\":\"https:\\\/\\\/m8.mech.pk.edu.pl\\\/index.php\\\/2024\\\/11\\\/18\\\/zajecia-studentow-podyplomowych-w-pkp-intercity-sa-i-na-wieik-pk\\\/#breadcrumb\"},\"inLanguage\":\"pl-PL\",\"potentialAction\":[{\"@type\":\"ReadAction\",\"target\":[\"https:\\\/\\\/m8.mech.pk.edu.pl\\\/index.php\\\/2024\\\/11\\\/18\\\/zajecia-studentow-podyplomowych-w-pkp-intercity-sa-i-na-wieik-pk\\\/\"]}]},{\"@type\":\"ImageObject\",\"inLanguage\":\"pl-PL\",\"@id\":\"https:\\\/\\\/m8.mech.pk.edu.pl\\\/index.php\\\/2024\\\/11\\\/18\\\/zajecia-studentow-podyplomowych-w-pkp-intercity-sa-i-na-wieik-pk\\\/#primaryimage\",\"url\":\"https:\\\/\\\/m8.mech.pk.edu.pl\\\/wp-content\\\/uploads\\\/2024\\\/11\\\/467001163_1131413765651447_3508477097153066763_n.jpg\",\"contentUrl\":\"https:\\\/\\\/m8.mech.pk.edu.pl\\\/wp-content\\\/uploads\\\/2024\\\/11\\\/467001163_1131413765651447_3508477097153066763_n.jpg\",\"width\":2048,\"height\":1536},{\"@type\":\"BreadcrumbList\",\"@id\":\"https:\\\/\\\/m8.mech.pk.edu.pl\\\/index.php\\\/2024\\\/11\\\/18\\\/zajecia-studentow-podyplomowych-w-pkp-intercity-sa-i-na-wieik-pk\\\/#breadcrumb\",\"itemListElement\":[{\"@type\":\"ListItem\",\"position\":1,\"name\":\"Strona g\u0142\u00f3wna\",\"item\":\"https:\\\/\\\/m8.mech.pk.edu.pl\\\/\"},{\"@type\":\"ListItem\",\"position\":2,\"name\":\"Zaj\u0119cia student\u00f3w podyplomowych w PKP INTERCITY SA i na WIEiK PK\"}]},{\"@type\":\"WebSite\",\"@id\":\"https:\\\/\\\/m8.mech.pk.edu.pl\\\/#website\",\"url\":\"https:\\\/\\\/m8.mech.pk.edu.pl\\\/\",\"name\":\"Katedra Pojazd\u00f3w Szynowych i Transportu\",\"description\":\"Katedra Pojazd\u00f3w Szynowych i Transportu Politechniki Krakowskiej na Wydziale Mechanicznym\",\"publisher\":{\"@id\":\"https:\\\/\\\/m8.mech.pk.edu.pl\\\/#organization\"},\"potentialAction\":[{\"@type\":\"SearchAction\",\"target\":{\"@type\":\"EntryPoint\",\"urlTemplate\":\"https:\\\/\\\/m8.mech.pk.edu.pl\\\/?s={search_term_string}\"},\"query-input\":{\"@type\":\"PropertyValueSpecification\",\"valueRequired\":true,\"valueName\":\"search_term_string\"}}],\"inLanguage\":\"pl-PL\"},{\"@type\":\"Organization\",\"@id\":\"https:\\\/\\\/m8.mech.pk.edu.pl\\\/#organization\",\"name\":\"Katedra Pojazd\u00f3w Szynowych\",\"url\":\"https:\\\/\\\/m8.mech.pk.edu.pl\\\/\",\"logo\":{\"@type\":\"ImageObject\",\"inLanguage\":\"pl-PL\",\"@id\":\"https:\\\/\\\/m8.mech.pk.edu.pl\\\/#\\\/schema\\\/logo\\\/image\\\/\",\"url\":\"https:\\\/\\\/m8.mech.pk.edu.pl\\\/wp-content\\\/uploads\\\/2021\\\/01\\\/logo-mail-kpsit.png\",\"contentUrl\":\"https:\\\/\\\/m8.mech.pk.edu.pl\\\/wp-content\\\/uploads\\\/2021\\\/01\\\/logo-mail-kpsit.png\",\"width\":300,\"height\":119,\"caption\":\"Katedra Pojazd\u00f3w Szynowych\"},\"image\":{\"@id\":\"https:\\\/\\\/m8.mech.pk.edu.pl\\\/#\\\/schema\\\/logo\\\/image\\\/\"},\"sameAs\":[\"https:\\\/\\\/facebook.com\\\/KPSzTPK\",\"https:\\\/\\\/www.youtube.com\\\/channel\\\/UCen3PQ3fl3ry92o_lHkyVaQ\"]},{\"@type\":\"Person\",\"@id\":\"https:\\\/\\\/m8.mech.pk.edu.pl\\\/#\\\/schema\\\/person\\\/d8f6c9a11add49a79e366c6d4261d14e\",\"name\":\"Maciej\",\"image\":{\"@type\":\"ImageObject\",\"inLanguage\":\"pl-PL\",\"@id\":\"https:\\\/\\\/secure.gravatar.com\\\/avatar\\\/5a17b3a5a44d4dca9d48ed0eccafb488c6c54063f627f848184a92807a97590b?s=96&d=mm&r=g\",\"url\":\"https:\\\/\\\/secure.gravatar.com\\\/avatar\\\/5a17b3a5a44d4dca9d48ed0eccafb488c6c54063f627f848184a92807a97590b?s=96&d=mm&r=g\",\"contentUrl\":\"https:\\\/\\\/secure.gravatar.com\\\/avatar\\\/5a17b3a5a44d4dca9d48ed0eccafb488c6c54063f627f848184a92807a97590b?s=96&d=mm&r=g\",\"caption\":\"Maciej\"}}]}<\/script>\n<!-- \/ Yoast SEO plugin. -->","yoast_head_json":{"title":"Zaj\u0119cia student\u00f3w podyplomowych w PKP INTERCITY SA i na WIEiK PK - Katedra Pojazd\u00f3w Szynowych i Transportu","robots":{"index":"index","follow":"follow","max-snippet":"max-snippet:-1","max-image-preview":"max-image-preview:large","max-video-preview":"max-video-preview:-1"},"canonical":"https:\/\/m8.mech.pk.edu.pl\/index.php\/2024\/11\/18\/zajecia-studentow-podyplomowych-w-pkp-intercity-sa-i-na-wieik-pk\/","og_locale":"pl_PL","og_type":"article","og_title":"Zaj\u0119cia student\u00f3w podyplomowych w PKP INTERCITY SA i na WIEiK PK - Katedra Pojazd\u00f3w Szynowych i Transportu","og_description":"16 listopada studenci IX edycji Studi\u00f3w podyplomowych &#8222;Budowa i Eksploatacja Pojazd\u00f3w Szynowych&#8221; zdobywali praktyczn\u0105 wiedz\u0119 w Zak\u0142adzie Po\u0142udniowym PKP INTERCITY SA. W ramach przedmiotu &#8222;Teoria eksploatacji i diagnostyki pojazd\u00f3w szynowych&#8221; mieli okazj\u0119 zobaczy\u0107, jak w praktyce przebiega proces diagnostyki taboru kolejowego. Nast\u0119pnie pojechali na kampus Politechniki Krakowskiej przy ul. Warszawskiej, by pod okiem ekspert\u00f3w z [&hellip;]","og_url":"https:\/\/m8.mech.pk.edu.pl\/index.php\/2024\/11\/18\/zajecia-studentow-podyplomowych-w-pkp-intercity-sa-i-na-wieik-pk\/","og_site_name":"Katedra Pojazd\u00f3w Szynowych i Transportu","article_publisher":"https:\/\/facebook.com\/KPSzTPK","article_published_time":"2024-11-18T16:35:20+00:00","article_modified_time":"2024-12-01T17:52:53+00:00","og_image":[{"width":2048,"height":1536,"url":"https:\/\/m8.mech.pk.edu.pl\/wp-content\/uploads\/2024\/11\/467001163_1131413765651447_3508477097153066763_n.jpg","type":"image\/jpeg"}],"author":"Maciej","twitter_card":"summary_large_image","twitter_misc":{"Napisane przez":"Maciej","Szacowany czas czytania":"1 minuta"},"schema":{"@context":"https:\/\/schema.org","@graph":[{"@type":"Article","@id":"https:\/\/m8.mech.pk.edu.pl\/index.php\/2024\/11\/18\/zajecia-studentow-podyplomowych-w-pkp-intercity-sa-i-na-wieik-pk\/#article","isPartOf":{"@id":"https:\/\/m8.mech.pk.edu.pl\/index.php\/2024\/11\/18\/zajecia-studentow-podyplomowych-w-pkp-intercity-sa-i-na-wieik-pk\/"},"author":{"name":"Maciej","@id":"https:\/\/m8.mech.pk.edu.pl\/#\/schema\/person\/d8f6c9a11add49a79e366c6d4261d14e"},"headline":"Zaj\u0119cia student\u00f3w podyplomowych w PKP INTERCITY SA i na WIEiK PK","datePublished":"2024-11-18T16:35:20+00:00","dateModified":"2024-12-01T17:52:53+00:00","mainEntityOfPage":{"@id":"https:\/\/m8.mech.pk.edu.pl\/index.php\/2024\/11\/18\/zajecia-studentow-podyplomowych-w-pkp-intercity-sa-i-na-wieik-pk\/"},"wordCount":99,"publisher":{"@id":"https:\/\/m8.mech.pk.edu.pl\/#organization"},"image":{"@id":"https:\/\/m8.mech.pk.edu.pl\/index.php\/2024\/11\/18\/zajecia-studentow-podyplomowych-w-pkp-intercity-sa-i-na-wieik-pk\/#primaryimage"},"thumbnailUrl":"https:\/\/m8.mech.pk.edu.pl\/wp-content\/uploads\/2024\/11\/467001163_1131413765651447_3508477097153066763_n.jpg","inLanguage":"pl-PL"},{"@type":"WebPage","@id":"https:\/\/m8.mech.pk.edu.pl\/index.php\/2024\/11\/18\/zajecia-studentow-podyplomowych-w-pkp-intercity-sa-i-na-wieik-pk\/","url":"https:\/\/m8.mech.pk.edu.pl\/index.php\/2024\/11\/18\/zajecia-studentow-podyplomowych-w-pkp-intercity-sa-i-na-wieik-pk\/","name":"Zaj\u0119cia student\u00f3w podyplomowych w PKP INTERCITY SA i na WIEiK PK - Katedra Pojazd\u00f3w Szynowych i Transportu","isPartOf":{"@id":"https:\/\/m8.mech.pk.edu.pl\/#website"},"primaryImageOfPage":{"@id":"https:\/\/m8.mech.pk.edu.pl\/index.php\/2024\/11\/18\/zajecia-studentow-podyplomowych-w-pkp-intercity-sa-i-na-wieik-pk\/#primaryimage"},"image":{"@id":"https:\/\/m8.mech.pk.edu.pl\/index.php\/2024\/11\/18\/zajecia-studentow-podyplomowych-w-pkp-intercity-sa-i-na-wieik-pk\/#primaryimage"},"thumbnailUrl":"https:\/\/m8.mech.pk.edu.pl\/wp-content\/uploads\/2024\/11\/467001163_1131413765651447_3508477097153066763_n.jpg","datePublished":"2024-11-18T16:35:20+00:00","dateModified":"2024-12-01T17:52:53+00:00","breadcrumb":{"@id":"https:\/\/m8.mech.pk.edu.pl\/index.php\/2024\/11\/18\/zajecia-studentow-podyplomowych-w-pkp-intercity-sa-i-na-wieik-pk\/#breadcrumb"},"inLanguage":"pl-PL","potentialAction":[{"@type":"ReadAction","target":["https:\/\/m8.mech.pk.edu.pl\/index.php\/2024\/11\/18\/zajecia-studentow-podyplomowych-w-pkp-intercity-sa-i-na-wieik-pk\/"]}]},{"@type":"ImageObject","inLanguage":"pl-PL","@id":"https:\/\/m8.mech.pk.edu.pl\/index.php\/2024\/11\/18\/zajecia-studentow-podyplomowych-w-pkp-intercity-sa-i-na-wieik-pk\/#primaryimage","url":"https:\/\/m8.mech.pk.edu.pl\/wp-content\/uploads\/2024\/11\/467001163_1131413765651447_3508477097153066763_n.jpg","contentUrl":"https:\/\/m8.mech.pk.edu.pl\/wp-content\/uploads\/2024\/11\/467001163_1131413765651447_3508477097153066763_n.jpg","width":2048,"height":1536},{"@type":"BreadcrumbList","@id":"https:\/\/m8.mech.pk.edu.pl\/index.php\/2024\/11\/18\/zajecia-studentow-podyplomowych-w-pkp-intercity-sa-i-na-wieik-pk\/#breadcrumb","itemListElement":[{"@type":"ListItem","position":1,"name":"Strona g\u0142\u00f3wna","item":"https:\/\/m8.mech.pk.edu.pl\/"},{"@type":"ListItem","position":2,"name":"Zaj\u0119cia student\u00f3w podyplomowych w PKP INTERCITY SA i na WIEiK PK"}]},{"@type":"WebSite","@id":"https:\/\/m8.mech.pk.edu.pl\/#website","url":"https:\/\/m8.mech.pk.edu.pl\/","name":"Katedra Pojazd\u00f3w Szynowych i Transportu","description":"Katedra Pojazd\u00f3w Szynowych i Transportu Politechniki Krakowskiej na Wydziale Mechanicznym","publisher":{"@id":"https:\/\/m8.mech.pk.edu.pl\/#organization"},"potentialAction":[{"@type":"SearchAction","target":{"@type":"EntryPoint","urlTemplate":"https:\/\/m8.mech.pk.edu.pl\/?s={search_term_string}"},"query-input":{"@type":"PropertyValueSpecification","valueRequired":true,"valueName":"search_term_string"}}],"inLanguage":"pl-PL"},{"@type":"Organization","@id":"https:\/\/m8.mech.pk.edu.pl\/#organization","name":"Katedra Pojazd\u00f3w Szynowych","url":"https:\/\/m8.mech.pk.edu.pl\/","logo":{"@type":"ImageObject","inLanguage":"pl-PL","@id":"https:\/\/m8.mech.pk.edu.pl\/#\/schema\/logo\/image\/","url":"https:\/\/m8.mech.pk.edu.pl\/wp-content\/uploads\/2021\/01\/logo-mail-kpsit.png","contentUrl":"https:\/\/m8.mech.pk.edu.pl\/wp-content\/uploads\/2021\/01\/logo-mail-kpsit.png","width":300,"height":119,"caption":"Katedra Pojazd\u00f3w Szynowych"},"image":{"@id":"https:\/\/m8.mech.pk.edu.pl\/#\/schema\/logo\/image\/"},"sameAs":["https:\/\/facebook.com\/KPSzTPK","https:\/\/www.youtube.com\/channel\/UCen3PQ3fl3ry92o_lHkyVaQ"]},{"@type":"Person","@id":"https:\/\/m8.mech.pk.edu.pl\/#\/schema\/person\/d8f6c9a11add49a79e366c6d4261d14e","name":"Maciej","image":{"@type":"ImageObject","inLanguage":"pl-PL","@id":"https:\/\/secure.gravatar.com\/avatar\/5a17b3a5a44d4dca9d48ed0eccafb488c6c54063f627f848184a92807a97590b?s=96&d=mm&r=g","url":"https:\/\/secure.gravatar.com\/avatar\/5a17b3a5a44d4dca9d48ed0eccafb488c6c54063f627f848184a92807a97590b?s=96&d=mm&r=g","contentUrl":"https:\/\/secure.gravatar.com\/avatar\/5a17b3a5a44d4dca9d48ed0eccafb488c6c54063f627f848184a92807a97590b?s=96&d=mm&r=g","caption":"Maciej"}}]}},"_links":{"self":[{"href":"https:\/\/m8.mech.pk.edu.pl\/index.php\/wp-json\/wp\/v2\/posts\/5429","targetHints":{"allow":["GET"]}}],"collection":[{"href":"https:\/\/m8.mech.pk.edu.pl\/index.php\/wp-json\/wp\/v2\/posts"}],"about":[{"href":"https:\/\/m8.mech.pk.edu.pl\/index.php\/wp-json\/wp\/v2\/types\/post"}],"author":[{"embeddable":true,"href":"https:\/\/m8.mech.pk.edu.pl\/index.php\/wp-json\/wp\/v2\/users\/5"}],"replies":[{"embeddable":true,"href":"https:\/\/m8.mech.pk.edu.pl\/index.php\/wp-json\/wp\/v2\/comments?post=5429"}],"version-history":[{"count":2,"href":"https:\/\/m8.mech.pk.edu.pl\/index.php\/wp-json\/wp\/v2\/posts\/5429\/revisions"}],"predecessor-version":[{"id":5479,"href":"https:\/\/m8.mech.pk.edu.pl\/index.php\/wp-json\/wp\/v2\/posts\/5429\/revisions\/5479"}],"wp:featuredmedia":[{"embeddable":true,"href":"https:\/\/m8.mech.pk.edu.pl\/index.php\/wp-json\/wp\/v2\/media\/5431"}],"wp:attachment":[{"href":"https:\/\/m8.mech.pk.edu.pl\/index.php\/wp-json\/wp\/v2\/media?parent=5429"}],"wp:term":[{"taxonomy":"category","embeddable":true,"href":"https:\/\/m8.mech.pk.edu.pl\/index.php\/wp-json\/wp\/v2\/categories?post=5429"},{"taxonomy":"post_tag","embeddable":true,"href":"https:\/\/m8.mech.pk.edu.pl\/index.php\/wp-json\/wp\/v2\/tags?post=5429"}],"curies":[{"name":"wp","href":"https:\/\/api.w.org\/{rel}","templated":true}]}}