{"id":5376,"date":"2024-10-15T18:05:55","date_gmt":"2024-10-15T16:05:55","guid":{"rendered":"https:\/\/m8.mech.pk.edu.pl\/?p=5376"},"modified":"2024-10-21T20:28:02","modified_gmt":"2024-10-21T18:28:02","slug":"wizyta-studyjna-w-zakladzie-pkp-intercity-remtrak-sp-z-o-o","status":"publish","type":"post","link":"https:\/\/m8.mech.pk.edu.pl\/index.php\/2024\/10\/15\/wizyta-studyjna-w-zakladzie-pkp-intercity-remtrak-sp-z-o-o\/","title":{"rendered":"Wizyta studyjna w zak\u0142adzie PKP Intercity Remtrak Sp. z o.o."},"content":{"rendered":"\n<p>W dniu 9 pa\u017adziernika 2024 roku Kierownik Katedry Pojazd\u00f3w Szynowych i Transportu PK dr hab. in\u017c. Maciej Szkoda, prof. PK uczestniczy\u0142 w wizycie studyjnej w zak\u0142adzie PKP Intercity Remtrak Sp. z o.o. specjalizuj\u0105cym si\u0119 w naprawach pasa\u017cerskiego taboru kolejowego. Celem wizyty by\u0142o om\u00f3wienie mo\u017cliwo\u015bci wsp\u00f3\u0142pracy pomi\u0119dzy zak\u0142adem a \u015brodowiskiem naukowo-badawczym uczelni wy\u017cszych specjalizuj\u0105cych si\u0119 w budowie i eksploatacji pojazd\u00f3w kolejowych.<\/p>\n\n\n\n<!--more-->\n\n\n\n<p>Podczas spotkania Prezes Sp\u00f3\u0142ki Remtrak Pan Tomasz Zelwowiec wraz z przedstawicielami najwa\u017cniejszych dzia\u0142\u00f3w przedstawi\u0142 dzia\u0142alno\u015b\u0107 firmy, zaprezentowa\u0142 nowoczesne technologie stosowane w naprawach taboru kolejowego oraz om\u00f3wi\u0142 potencjalne obszary wsp\u00f3\u0142pracy, takie jak wsp\u00f3lne projekty badawcze, programy sta\u017cowe dla student\u00f3w oraz wymiana wiedzy i do\u015bwiadcze\u0144.<\/p>\n\n\n\n<p>Wst\u0119pnie zdefiniowane zagadnienia w ramach potencjalnej wsp\u00f3\u0142pracy to:<\/p>\n\n\n\n<ol start=\"1\" class=\"wp-block-list\">\n<li>Koncepcja zast\u0105pienia standardowej konstrukcji beleczkowej pod\u0142ogi wagon\u00f3w pasa\u017cerskich przez konstrukcj\u0119 samono\u015bn\u0105 na wibroizolatorach.<\/li>\n\n\n\n<li>Koncepcja zastosowania os\u0142on bocznych pod nadwoziem wykonanych z l\u017cejszych materia\u0142\u00f3w.<\/li>\n\n\n\n<li>Koncepcja zastosowania zbiornik\u00f3w wykonanych z aluminium zamiast z stali nierdzewnej.<\/li>\n\n\n\n<li>Koncepcja zast\u0105pienie rur pneumatycznych ze stali czarnej przez rury z l\u017cejszych materia\u0142\u00f3w (dro\u017csze rozwi\u0105zanie pozwalaj\u0105ce zredukowa\u0107 mas\u0119 uk\u0142adu pneumatycznego).<\/li>\n\n\n\n<li>Koncepcja zast\u0105pienia wspornik\u00f3w stalowych we wn\u0119trzu wagon\u00f3w przez wsporniki wykonane z aluminium.<\/li>\n\n\n\n<li>Dostosowanie urz\u0105dze\u0144 obwodu g\u0142\u00f3wnego pojazd\u00f3w szynowych budowanych w latach 1960-1990 do zmieniaj\u0105cych si\u0119 warunk\u00f3w sieciowych spowodowanych m.in. wzrostami napi\u0119cia w sieci trakcyjnej spowodowanych hamowaniem elektrodynamicznym z odzyskiem energii.<\/li>\n\n\n\n<li>Analiza zm\u0119czeniowa materia\u0142u i spoin w w\u00f3zkach wagonowych eksploatowanych w taborze kolejowym w Polsce i Europie.<\/li>\n<\/ol>\n\n\n\n<figure class=\"wp-block-gallery has-nested-images columns-default is-cropped wp-block-gallery-1 is-layout-flex wp-block-gallery-is-layout-flex\">\n<figure class=\"wp-block-image size-large\"><a href=\"https:\/\/m8.mech.pk.edu.pl\/wp-content\/uploads\/2024\/10\/IMG_3777-scaled.jpg\" target=\"_blank\" rel=\"noopener\"><img loading=\"lazy\" decoding=\"async\" width=\"1024\" height=\"683\" data-id=\"5379\" src=\"https:\/\/m8.mech.pk.edu.pl\/wp-content\/uploads\/2024\/10\/IMG_3777-1024x683.jpg\" alt=\"\" class=\"wp-image-5379\" srcset=\"https:\/\/m8.mech.pk.edu.pl\/wp-content\/uploads\/2024\/10\/IMG_3777-1024x683.jpg 1024w, https:\/\/m8.mech.pk.edu.pl\/wp-content\/uploads\/2024\/10\/IMG_3777-300x200.jpg 300w, https:\/\/m8.mech.pk.edu.pl\/wp-content\/uploads\/2024\/10\/IMG_3777-768x512.jpg 768w, https:\/\/m8.mech.pk.edu.pl\/wp-content\/uploads\/2024\/10\/IMG_3777-1536x1024.jpg 1536w, https:\/\/m8.mech.pk.edu.pl\/wp-content\/uploads\/2024\/10\/IMG_3777-2048x1365.jpg 2048w\" sizes=\"auto, (max-width: 1024px) 100vw, 1024px\" \/><\/a><\/figure>\n\n\n\n<figure class=\"wp-block-image size-large\"><a href=\"https:\/\/m8.mech.pk.edu.pl\/wp-content\/uploads\/2024\/10\/IMG_3642-scaled.jpg\" target=\"_blank\" rel=\"noopener\"><img loading=\"lazy\" decoding=\"async\" width=\"1024\" height=\"683\" data-id=\"5378\" src=\"https:\/\/m8.mech.pk.edu.pl\/wp-content\/uploads\/2024\/10\/IMG_3642-1024x683.jpg\" alt=\"\" class=\"wp-image-5378\" srcset=\"https:\/\/m8.mech.pk.edu.pl\/wp-content\/uploads\/2024\/10\/IMG_3642-1024x683.jpg 1024w, https:\/\/m8.mech.pk.edu.pl\/wp-content\/uploads\/2024\/10\/IMG_3642-300x200.jpg 300w, https:\/\/m8.mech.pk.edu.pl\/wp-content\/uploads\/2024\/10\/IMG_3642-768x512.jpg 768w, https:\/\/m8.mech.pk.edu.pl\/wp-content\/uploads\/2024\/10\/IMG_3642-1536x1024.jpg 1536w, https:\/\/m8.mech.pk.edu.pl\/wp-content\/uploads\/2024\/10\/IMG_3642-2048x1365.jpg 2048w\" sizes=\"auto, (max-width: 1024px) 100vw, 1024px\" \/><\/a><\/figure>\n\n\n\n<figure class=\"wp-block-image size-large\"><a href=\"https:\/\/m8.mech.pk.edu.pl\/wp-content\/uploads\/2024\/10\/IMG_3743-scaled.jpg\" target=\"_blank\" rel=\"noopener\"><img loading=\"lazy\" decoding=\"async\" width=\"1024\" height=\"683\" data-id=\"5377\" src=\"https:\/\/m8.mech.pk.edu.pl\/wp-content\/uploads\/2024\/10\/IMG_3743-1024x683.jpg\" alt=\"\" class=\"wp-image-5377\" srcset=\"https:\/\/m8.mech.pk.edu.pl\/wp-content\/uploads\/2024\/10\/IMG_3743-1024x683.jpg 1024w, https:\/\/m8.mech.pk.edu.pl\/wp-content\/uploads\/2024\/10\/IMG_3743-300x200.jpg 300w, https:\/\/m8.mech.pk.edu.pl\/wp-content\/uploads\/2024\/10\/IMG_3743-768x512.jpg 768w, https:\/\/m8.mech.pk.edu.pl\/wp-content\/uploads\/2024\/10\/IMG_3743-1536x1024.jpg 1536w, https:\/\/m8.mech.pk.edu.pl\/wp-content\/uploads\/2024\/10\/IMG_3743-2048x1365.jpg 2048w\" sizes=\"auto, (max-width: 1024px) 100vw, 1024px\" \/><\/a><\/figure>\n<\/figure>\n","protected":false},"excerpt":{"rendered":"<p>W dniu 9 pa\u017adziernika 2024 roku Kierownik Katedry Pojazd\u00f3w Szynowych i Transportu PK dr hab. in\u017c. Maciej Szkoda, prof. PK uczestniczy\u0142 w wizycie studyjnej w zak\u0142adzie PKP Intercity Remtrak Sp. z o.o. specjalizuj\u0105cym si\u0119 w naprawach pasa\u017cerskiego taboru kolejowego. Celem wizyty by\u0142o om\u00f3wienie mo\u017cliwo\u015bci wsp\u00f3\u0142pracy pomi\u0119dzy zak\u0142adem a \u015brodowiskiem naukowo-badawczym uczelni wy\u017cszych specjalizuj\u0105cych si\u0119 w [&hellip;]<\/p>\n","protected":false},"author":1,"featured_media":5378,"comment_status":"closed","ping_status":"open","sticky":false,"template":"","format":"standard","meta":{"footnotes":""},"categories":[1],"tags":[],"class_list":["post-5376","post","type-post","status-publish","format-standard","has-post-thumbnail","hentry","category-bez-kategorii"],"yoast_head":"<!-- This site is optimized with the Yoast SEO plugin v27.5 - https:\/\/yoast.com\/product\/yoast-seo-wordpress\/ -->\n<title>Wizyta studyjna w zak\u0142adzie PKP Intercity Remtrak Sp. z o.o. - Katedra Pojazd\u00f3w Szynowych i Transportu<\/title>\n<meta name=\"robots\" content=\"index, follow, max-snippet:-1, max-image-preview:large, max-video-preview:-1\" \/>\n<link rel=\"canonical\" href=\"https:\/\/m8.mech.pk.edu.pl\/index.php\/2024\/10\/15\/wizyta-studyjna-w-zakladzie-pkp-intercity-remtrak-sp-z-o-o\/\" \/>\n<meta property=\"og:locale\" content=\"pl_PL\" \/>\n<meta property=\"og:type\" content=\"article\" \/>\n<meta property=\"og:title\" content=\"Wizyta studyjna w zak\u0142adzie PKP Intercity Remtrak Sp. z o.o. - Katedra Pojazd\u00f3w Szynowych i Transportu\" \/>\n<meta property=\"og:description\" content=\"W dniu 9 pa\u017adziernika 2024 roku Kierownik Katedry Pojazd\u00f3w Szynowych i Transportu PK dr hab. in\u017c. Maciej Szkoda, prof. PK uczestniczy\u0142 w wizycie studyjnej w zak\u0142adzie PKP Intercity Remtrak Sp. z o.o. specjalizuj\u0105cym si\u0119 w naprawach pasa\u017cerskiego taboru kolejowego. Celem wizyty by\u0142o om\u00f3wienie mo\u017cliwo\u015bci wsp\u00f3\u0142pracy pomi\u0119dzy zak\u0142adem a \u015brodowiskiem naukowo-badawczym uczelni wy\u017cszych specjalizuj\u0105cych si\u0119 w [&hellip;]\" \/>\n<meta property=\"og:url\" content=\"https:\/\/m8.mech.pk.edu.pl\/index.php\/2024\/10\/15\/wizyta-studyjna-w-zakladzie-pkp-intercity-remtrak-sp-z-o-o\/\" \/>\n<meta property=\"og:site_name\" content=\"Katedra Pojazd\u00f3w Szynowych i Transportu\" \/>\n<meta property=\"article:publisher\" content=\"https:\/\/facebook.com\/KPSzTPK\" \/>\n<meta property=\"article:published_time\" content=\"2024-10-15T16:05:55+00:00\" \/>\n<meta property=\"article:modified_time\" content=\"2024-10-21T18:28:02+00:00\" \/>\n<meta property=\"og:image\" content=\"https:\/\/m8.mech.pk.edu.pl\/wp-content\/uploads\/2024\/10\/IMG_3642-scaled.jpg\" \/>\n\t<meta property=\"og:image:width\" content=\"2560\" \/>\n\t<meta property=\"og:image:height\" content=\"1707\" \/>\n\t<meta property=\"og:image:type\" content=\"image\/jpeg\" \/>\n<meta name=\"author\" content=\"Rafa\u0142\" \/>\n<meta name=\"twitter:card\" content=\"summary_large_image\" \/>\n<meta name=\"twitter:label1\" content=\"Napisane przez\" \/>\n\t<meta name=\"twitter:data1\" content=\"Rafa\u0142\" \/>\n\t<meta name=\"twitter:label2\" content=\"Szacowany czas czytania\" \/>\n\t<meta name=\"twitter:data2\" content=\"3 minuty\" \/>\n<script type=\"application\/ld+json\" class=\"yoast-schema-graph\">{\"@context\":\"https:\\\/\\\/schema.org\",\"@graph\":[{\"@type\":\"Article\",\"@id\":\"https:\\\/\\\/m8.mech.pk.edu.pl\\\/index.php\\\/2024\\\/10\\\/15\\\/wizyta-studyjna-w-zakladzie-pkp-intercity-remtrak-sp-z-o-o\\\/#article\",\"isPartOf\":{\"@id\":\"https:\\\/\\\/m8.mech.pk.edu.pl\\\/index.php\\\/2024\\\/10\\\/15\\\/wizyta-studyjna-w-zakladzie-pkp-intercity-remtrak-sp-z-o-o\\\/\"},\"author\":{\"name\":\"Rafa\u0142\",\"@id\":\"https:\\\/\\\/m8.mech.pk.edu.pl\\\/#\\\/schema\\\/person\\\/3b5511cf6f7f9280c1bd99bc362480b0\"},\"headline\":\"Wizyta studyjna w zak\u0142adzie PKP Intercity Remtrak Sp. z o.o.\",\"datePublished\":\"2024-10-15T16:05:55+00:00\",\"dateModified\":\"2024-10-21T18:28:02+00:00\",\"mainEntityOfPage\":{\"@id\":\"https:\\\/\\\/m8.mech.pk.edu.pl\\\/index.php\\\/2024\\\/10\\\/15\\\/wizyta-studyjna-w-zakladzie-pkp-intercity-remtrak-sp-z-o-o\\\/\"},\"wordCount\":287,\"publisher\":{\"@id\":\"https:\\\/\\\/m8.mech.pk.edu.pl\\\/#organization\"},\"image\":{\"@id\":\"https:\\\/\\\/m8.mech.pk.edu.pl\\\/index.php\\\/2024\\\/10\\\/15\\\/wizyta-studyjna-w-zakladzie-pkp-intercity-remtrak-sp-z-o-o\\\/#primaryimage\"},\"thumbnailUrl\":\"https:\\\/\\\/m8.mech.pk.edu.pl\\\/wp-content\\\/uploads\\\/2024\\\/10\\\/IMG_3642-scaled.jpg\",\"inLanguage\":\"pl-PL\"},{\"@type\":\"WebPage\",\"@id\":\"https:\\\/\\\/m8.mech.pk.edu.pl\\\/index.php\\\/2024\\\/10\\\/15\\\/wizyta-studyjna-w-zakladzie-pkp-intercity-remtrak-sp-z-o-o\\\/\",\"url\":\"https:\\\/\\\/m8.mech.pk.edu.pl\\\/index.php\\\/2024\\\/10\\\/15\\\/wizyta-studyjna-w-zakladzie-pkp-intercity-remtrak-sp-z-o-o\\\/\",\"name\":\"Wizyta studyjna w zak\u0142adzie PKP Intercity Remtrak Sp. z o.o. - Katedra Pojazd\u00f3w Szynowych i Transportu\",\"isPartOf\":{\"@id\":\"https:\\\/\\\/m8.mech.pk.edu.pl\\\/#website\"},\"primaryImageOfPage\":{\"@id\":\"https:\\\/\\\/m8.mech.pk.edu.pl\\\/index.php\\\/2024\\\/10\\\/15\\\/wizyta-studyjna-w-zakladzie-pkp-intercity-remtrak-sp-z-o-o\\\/#primaryimage\"},\"image\":{\"@id\":\"https:\\\/\\\/m8.mech.pk.edu.pl\\\/index.php\\\/2024\\\/10\\\/15\\\/wizyta-studyjna-w-zakladzie-pkp-intercity-remtrak-sp-z-o-o\\\/#primaryimage\"},\"thumbnailUrl\":\"https:\\\/\\\/m8.mech.pk.edu.pl\\\/wp-content\\\/uploads\\\/2024\\\/10\\\/IMG_3642-scaled.jpg\",\"datePublished\":\"2024-10-15T16:05:55+00:00\",\"dateModified\":\"2024-10-21T18:28:02+00:00\",\"breadcrumb\":{\"@id\":\"https:\\\/\\\/m8.mech.pk.edu.pl\\\/index.php\\\/2024\\\/10\\\/15\\\/wizyta-studyjna-w-zakladzie-pkp-intercity-remtrak-sp-z-o-o\\\/#breadcrumb\"},\"inLanguage\":\"pl-PL\",\"potentialAction\":[{\"@type\":\"ReadAction\",\"target\":[\"https:\\\/\\\/m8.mech.pk.edu.pl\\\/index.php\\\/2024\\\/10\\\/15\\\/wizyta-studyjna-w-zakladzie-pkp-intercity-remtrak-sp-z-o-o\\\/\"]}]},{\"@type\":\"ImageObject\",\"inLanguage\":\"pl-PL\",\"@id\":\"https:\\\/\\\/m8.mech.pk.edu.pl\\\/index.php\\\/2024\\\/10\\\/15\\\/wizyta-studyjna-w-zakladzie-pkp-intercity-remtrak-sp-z-o-o\\\/#primaryimage\",\"url\":\"https:\\\/\\\/m8.mech.pk.edu.pl\\\/wp-content\\\/uploads\\\/2024\\\/10\\\/IMG_3642-scaled.jpg\",\"contentUrl\":\"https:\\\/\\\/m8.mech.pk.edu.pl\\\/wp-content\\\/uploads\\\/2024\\\/10\\\/IMG_3642-scaled.jpg\",\"width\":2560,\"height\":1707},{\"@type\":\"BreadcrumbList\",\"@id\":\"https:\\\/\\\/m8.mech.pk.edu.pl\\\/index.php\\\/2024\\\/10\\\/15\\\/wizyta-studyjna-w-zakladzie-pkp-intercity-remtrak-sp-z-o-o\\\/#breadcrumb\",\"itemListElement\":[{\"@type\":\"ListItem\",\"position\":1,\"name\":\"Strona g\u0142\u00f3wna\",\"item\":\"https:\\\/\\\/m8.mech.pk.edu.pl\\\/\"},{\"@type\":\"ListItem\",\"position\":2,\"name\":\"Wizyta studyjna w zak\u0142adzie PKP Intercity Remtrak Sp. z o.o.\"}]},{\"@type\":\"WebSite\",\"@id\":\"https:\\\/\\\/m8.mech.pk.edu.pl\\\/#website\",\"url\":\"https:\\\/\\\/m8.mech.pk.edu.pl\\\/\",\"name\":\"Katedra Pojazd\u00f3w Szynowych i Transportu\",\"description\":\"Katedra Pojazd\u00f3w Szynowych i Transportu Politechniki Krakowskiej na Wydziale Mechanicznym\",\"publisher\":{\"@id\":\"https:\\\/\\\/m8.mech.pk.edu.pl\\\/#organization\"},\"potentialAction\":[{\"@type\":\"SearchAction\",\"target\":{\"@type\":\"EntryPoint\",\"urlTemplate\":\"https:\\\/\\\/m8.mech.pk.edu.pl\\\/?s={search_term_string}\"},\"query-input\":{\"@type\":\"PropertyValueSpecification\",\"valueRequired\":true,\"valueName\":\"search_term_string\"}}],\"inLanguage\":\"pl-PL\"},{\"@type\":\"Organization\",\"@id\":\"https:\\\/\\\/m8.mech.pk.edu.pl\\\/#organization\",\"name\":\"Katedra Pojazd\u00f3w Szynowych\",\"url\":\"https:\\\/\\\/m8.mech.pk.edu.pl\\\/\",\"logo\":{\"@type\":\"ImageObject\",\"inLanguage\":\"pl-PL\",\"@id\":\"https:\\\/\\\/m8.mech.pk.edu.pl\\\/#\\\/schema\\\/logo\\\/image\\\/\",\"url\":\"https:\\\/\\\/m8.mech.pk.edu.pl\\\/wp-content\\\/uploads\\\/2021\\\/01\\\/logo-mail-kpsit.png\",\"contentUrl\":\"https:\\\/\\\/m8.mech.pk.edu.pl\\\/wp-content\\\/uploads\\\/2021\\\/01\\\/logo-mail-kpsit.png\",\"width\":300,\"height\":119,\"caption\":\"Katedra Pojazd\u00f3w Szynowych\"},\"image\":{\"@id\":\"https:\\\/\\\/m8.mech.pk.edu.pl\\\/#\\\/schema\\\/logo\\\/image\\\/\"},\"sameAs\":[\"https:\\\/\\\/facebook.com\\\/KPSzTPK\",\"https:\\\/\\\/www.youtube.com\\\/channel\\\/UCen3PQ3fl3ry92o_lHkyVaQ\"]},{\"@type\":\"Person\",\"@id\":\"https:\\\/\\\/m8.mech.pk.edu.pl\\\/#\\\/schema\\\/person\\\/3b5511cf6f7f9280c1bd99bc362480b0\",\"name\":\"Rafa\u0142\",\"image\":{\"@type\":\"ImageObject\",\"inLanguage\":\"pl-PL\",\"@id\":\"https:\\\/\\\/secure.gravatar.com\\\/avatar\\\/8e9c17f2eb0d64a51c937221d111e08df2f3a6fafdb5fa07d5aef9e5e9c39e51?s=96&d=mm&r=g\",\"url\":\"https:\\\/\\\/secure.gravatar.com\\\/avatar\\\/8e9c17f2eb0d64a51c937221d111e08df2f3a6fafdb5fa07d5aef9e5e9c39e51?s=96&d=mm&r=g\",\"contentUrl\":\"https:\\\/\\\/secure.gravatar.com\\\/avatar\\\/8e9c17f2eb0d64a51c937221d111e08df2f3a6fafdb5fa07d5aef9e5e9c39e51?s=96&d=mm&r=g\",\"caption\":\"Rafa\u0142\"},\"sameAs\":[\"http:\\\/\\\/149.156.155.135\"]}]}<\/script>\n<!-- \/ Yoast SEO plugin. -->","yoast_head_json":{"title":"Wizyta studyjna w zak\u0142adzie PKP Intercity Remtrak Sp. z o.o. - Katedra Pojazd\u00f3w Szynowych i Transportu","robots":{"index":"index","follow":"follow","max-snippet":"max-snippet:-1","max-image-preview":"max-image-preview:large","max-video-preview":"max-video-preview:-1"},"canonical":"https:\/\/m8.mech.pk.edu.pl\/index.php\/2024\/10\/15\/wizyta-studyjna-w-zakladzie-pkp-intercity-remtrak-sp-z-o-o\/","og_locale":"pl_PL","og_type":"article","og_title":"Wizyta studyjna w zak\u0142adzie PKP Intercity Remtrak Sp. z o.o. - Katedra Pojazd\u00f3w Szynowych i Transportu","og_description":"W dniu 9 pa\u017adziernika 2024 roku Kierownik Katedry Pojazd\u00f3w Szynowych i Transportu PK dr hab. in\u017c. Maciej Szkoda, prof. PK uczestniczy\u0142 w wizycie studyjnej w zak\u0142adzie PKP Intercity Remtrak Sp. z o.o. specjalizuj\u0105cym si\u0119 w naprawach pasa\u017cerskiego taboru kolejowego. Celem wizyty by\u0142o om\u00f3wienie mo\u017cliwo\u015bci wsp\u00f3\u0142pracy pomi\u0119dzy zak\u0142adem a \u015brodowiskiem naukowo-badawczym uczelni wy\u017cszych specjalizuj\u0105cych si\u0119 w [&hellip;]","og_url":"https:\/\/m8.mech.pk.edu.pl\/index.php\/2024\/10\/15\/wizyta-studyjna-w-zakladzie-pkp-intercity-remtrak-sp-z-o-o\/","og_site_name":"Katedra Pojazd\u00f3w Szynowych i Transportu","article_publisher":"https:\/\/facebook.com\/KPSzTPK","article_published_time":"2024-10-15T16:05:55+00:00","article_modified_time":"2024-10-21T18:28:02+00:00","og_image":[{"width":2560,"height":1707,"url":"https:\/\/m8.mech.pk.edu.pl\/wp-content\/uploads\/2024\/10\/IMG_3642-scaled.jpg","type":"image\/jpeg"}],"author":"Rafa\u0142","twitter_card":"summary_large_image","twitter_misc":{"Napisane przez":"Rafa\u0142","Szacowany czas czytania":"3 minuty"},"schema":{"@context":"https:\/\/schema.org","@graph":[{"@type":"Article","@id":"https:\/\/m8.mech.pk.edu.pl\/index.php\/2024\/10\/15\/wizyta-studyjna-w-zakladzie-pkp-intercity-remtrak-sp-z-o-o\/#article","isPartOf":{"@id":"https:\/\/m8.mech.pk.edu.pl\/index.php\/2024\/10\/15\/wizyta-studyjna-w-zakladzie-pkp-intercity-remtrak-sp-z-o-o\/"},"author":{"name":"Rafa\u0142","@id":"https:\/\/m8.mech.pk.edu.pl\/#\/schema\/person\/3b5511cf6f7f9280c1bd99bc362480b0"},"headline":"Wizyta studyjna w zak\u0142adzie PKP Intercity Remtrak Sp. z o.o.","datePublished":"2024-10-15T16:05:55+00:00","dateModified":"2024-10-21T18:28:02+00:00","mainEntityOfPage":{"@id":"https:\/\/m8.mech.pk.edu.pl\/index.php\/2024\/10\/15\/wizyta-studyjna-w-zakladzie-pkp-intercity-remtrak-sp-z-o-o\/"},"wordCount":287,"publisher":{"@id":"https:\/\/m8.mech.pk.edu.pl\/#organization"},"image":{"@id":"https:\/\/m8.mech.pk.edu.pl\/index.php\/2024\/10\/15\/wizyta-studyjna-w-zakladzie-pkp-intercity-remtrak-sp-z-o-o\/#primaryimage"},"thumbnailUrl":"https:\/\/m8.mech.pk.edu.pl\/wp-content\/uploads\/2024\/10\/IMG_3642-scaled.jpg","inLanguage":"pl-PL"},{"@type":"WebPage","@id":"https:\/\/m8.mech.pk.edu.pl\/index.php\/2024\/10\/15\/wizyta-studyjna-w-zakladzie-pkp-intercity-remtrak-sp-z-o-o\/","url":"https:\/\/m8.mech.pk.edu.pl\/index.php\/2024\/10\/15\/wizyta-studyjna-w-zakladzie-pkp-intercity-remtrak-sp-z-o-o\/","name":"Wizyta studyjna w zak\u0142adzie PKP Intercity Remtrak Sp. z o.o. - Katedra Pojazd\u00f3w Szynowych i Transportu","isPartOf":{"@id":"https:\/\/m8.mech.pk.edu.pl\/#website"},"primaryImageOfPage":{"@id":"https:\/\/m8.mech.pk.edu.pl\/index.php\/2024\/10\/15\/wizyta-studyjna-w-zakladzie-pkp-intercity-remtrak-sp-z-o-o\/#primaryimage"},"image":{"@id":"https:\/\/m8.mech.pk.edu.pl\/index.php\/2024\/10\/15\/wizyta-studyjna-w-zakladzie-pkp-intercity-remtrak-sp-z-o-o\/#primaryimage"},"thumbnailUrl":"https:\/\/m8.mech.pk.edu.pl\/wp-content\/uploads\/2024\/10\/IMG_3642-scaled.jpg","datePublished":"2024-10-15T16:05:55+00:00","dateModified":"2024-10-21T18:28:02+00:00","breadcrumb":{"@id":"https:\/\/m8.mech.pk.edu.pl\/index.php\/2024\/10\/15\/wizyta-studyjna-w-zakladzie-pkp-intercity-remtrak-sp-z-o-o\/#breadcrumb"},"inLanguage":"pl-PL","potentialAction":[{"@type":"ReadAction","target":["https:\/\/m8.mech.pk.edu.pl\/index.php\/2024\/10\/15\/wizyta-studyjna-w-zakladzie-pkp-intercity-remtrak-sp-z-o-o\/"]}]},{"@type":"ImageObject","inLanguage":"pl-PL","@id":"https:\/\/m8.mech.pk.edu.pl\/index.php\/2024\/10\/15\/wizyta-studyjna-w-zakladzie-pkp-intercity-remtrak-sp-z-o-o\/#primaryimage","url":"https:\/\/m8.mech.pk.edu.pl\/wp-content\/uploads\/2024\/10\/IMG_3642-scaled.jpg","contentUrl":"https:\/\/m8.mech.pk.edu.pl\/wp-content\/uploads\/2024\/10\/IMG_3642-scaled.jpg","width":2560,"height":1707},{"@type":"BreadcrumbList","@id":"https:\/\/m8.mech.pk.edu.pl\/index.php\/2024\/10\/15\/wizyta-studyjna-w-zakladzie-pkp-intercity-remtrak-sp-z-o-o\/#breadcrumb","itemListElement":[{"@type":"ListItem","position":1,"name":"Strona g\u0142\u00f3wna","item":"https:\/\/m8.mech.pk.edu.pl\/"},{"@type":"ListItem","position":2,"name":"Wizyta studyjna w zak\u0142adzie PKP Intercity Remtrak Sp. z o.o."}]},{"@type":"WebSite","@id":"https:\/\/m8.mech.pk.edu.pl\/#website","url":"https:\/\/m8.mech.pk.edu.pl\/","name":"Katedra Pojazd\u00f3w Szynowych i Transportu","description":"Katedra Pojazd\u00f3w Szynowych i Transportu Politechniki Krakowskiej na Wydziale Mechanicznym","publisher":{"@id":"https:\/\/m8.mech.pk.edu.pl\/#organization"},"potentialAction":[{"@type":"SearchAction","target":{"@type":"EntryPoint","urlTemplate":"https:\/\/m8.mech.pk.edu.pl\/?s={search_term_string}"},"query-input":{"@type":"PropertyValueSpecification","valueRequired":true,"valueName":"search_term_string"}}],"inLanguage":"pl-PL"},{"@type":"Organization","@id":"https:\/\/m8.mech.pk.edu.pl\/#organization","name":"Katedra Pojazd\u00f3w Szynowych","url":"https:\/\/m8.mech.pk.edu.pl\/","logo":{"@type":"ImageObject","inLanguage":"pl-PL","@id":"https:\/\/m8.mech.pk.edu.pl\/#\/schema\/logo\/image\/","url":"https:\/\/m8.mech.pk.edu.pl\/wp-content\/uploads\/2021\/01\/logo-mail-kpsit.png","contentUrl":"https:\/\/m8.mech.pk.edu.pl\/wp-content\/uploads\/2021\/01\/logo-mail-kpsit.png","width":300,"height":119,"caption":"Katedra Pojazd\u00f3w Szynowych"},"image":{"@id":"https:\/\/m8.mech.pk.edu.pl\/#\/schema\/logo\/image\/"},"sameAs":["https:\/\/facebook.com\/KPSzTPK","https:\/\/www.youtube.com\/channel\/UCen3PQ3fl3ry92o_lHkyVaQ"]},{"@type":"Person","@id":"https:\/\/m8.mech.pk.edu.pl\/#\/schema\/person\/3b5511cf6f7f9280c1bd99bc362480b0","name":"Rafa\u0142","image":{"@type":"ImageObject","inLanguage":"pl-PL","@id":"https:\/\/secure.gravatar.com\/avatar\/8e9c17f2eb0d64a51c937221d111e08df2f3a6fafdb5fa07d5aef9e5e9c39e51?s=96&d=mm&r=g","url":"https:\/\/secure.gravatar.com\/avatar\/8e9c17f2eb0d64a51c937221d111e08df2f3a6fafdb5fa07d5aef9e5e9c39e51?s=96&d=mm&r=g","contentUrl":"https:\/\/secure.gravatar.com\/avatar\/8e9c17f2eb0d64a51c937221d111e08df2f3a6fafdb5fa07d5aef9e5e9c39e51?s=96&d=mm&r=g","caption":"Rafa\u0142"},"sameAs":["http:\/\/149.156.155.135"]}]}},"_links":{"self":[{"href":"https:\/\/m8.mech.pk.edu.pl\/index.php\/wp-json\/wp\/v2\/posts\/5376","targetHints":{"allow":["GET"]}}],"collection":[{"href":"https:\/\/m8.mech.pk.edu.pl\/index.php\/wp-json\/wp\/v2\/posts"}],"about":[{"href":"https:\/\/m8.mech.pk.edu.pl\/index.php\/wp-json\/wp\/v2\/types\/post"}],"author":[{"embeddable":true,"href":"https:\/\/m8.mech.pk.edu.pl\/index.php\/wp-json\/wp\/v2\/users\/1"}],"replies":[{"embeddable":true,"href":"https:\/\/m8.mech.pk.edu.pl\/index.php\/wp-json\/wp\/v2\/comments?post=5376"}],"version-history":[{"count":3,"href":"https:\/\/m8.mech.pk.edu.pl\/index.php\/wp-json\/wp\/v2\/posts\/5376\/revisions"}],"predecessor-version":[{"id":5386,"href":"https:\/\/m8.mech.pk.edu.pl\/index.php\/wp-json\/wp\/v2\/posts\/5376\/revisions\/5386"}],"wp:featuredmedia":[{"embeddable":true,"href":"https:\/\/m8.mech.pk.edu.pl\/index.php\/wp-json\/wp\/v2\/media\/5378"}],"wp:attachment":[{"href":"https:\/\/m8.mech.pk.edu.pl\/index.php\/wp-json\/wp\/v2\/media?parent=5376"}],"wp:term":[{"taxonomy":"category","embeddable":true,"href":"https:\/\/m8.mech.pk.edu.pl\/index.php\/wp-json\/wp\/v2\/categories?post=5376"},{"taxonomy":"post_tag","embeddable":true,"href":"https:\/\/m8.mech.pk.edu.pl\/index.php\/wp-json\/wp\/v2\/tags?post=5376"}],"curies":[{"name":"wp","href":"https:\/\/api.w.org\/{rel}","templated":true}]}}