{"id":5316,"date":"2024-09-18T20:26:17","date_gmt":"2024-09-18T18:26:17","guid":{"rendered":"https:\/\/m8.mech.pk.edu.pl\/?p=5316"},"modified":"2024-09-18T20:26:38","modified_gmt":"2024-09-18T18:26:38","slug":"kierownik-ktpsit-w-radzie-ds-budowy-metra-w-krakowie","status":"publish","type":"post","link":"https:\/\/m8.mech.pk.edu.pl\/index.php\/2024\/09\/18\/kierownik-ktpsit-w-radzie-ds-budowy-metra-w-krakowie\/","title":{"rendered":"Kierownik KPSiT w Radzie ds. budowy metra w Krakowie"},"content":{"rendered":"\n<p>Mi\u0142o nam poinformowa\u0107, \u017ce Kierownik Katedry dr hab. in\u017c. Maciej Szkoda, prof. PK zosta\u0142 powo\u0142any w dniu 16 wrze\u015bnia 2024 r. przez Prezydenta Miasta Krakowa Aleksandra Miszalskiego do Rady Naukowo-Technicznej ds. budowy metra w Krakowie. Rada stanowi spo\u0142eczne gremium specjalist\u00f3w, kt\u00f3rzy b\u0119d\u0105 wspiera\u0107 w\u0142adze miasta w prowadzeniu tej historycznej inwestycji. <\/p>\n\n\n\n<!--more-->\n\n\n\n<p>17-osobowej Radzie przewodniczy\u0142 b\u0119dzie JM Rektor Politechniki Krakowskiej prof. Andrzej Szarata, a cz\u0142onkami z Politechniki Krakowskiej b\u0119d\u0105 tak\u017ce: prof. Kazimierz Furtak, prof. Tadeusz Tatara, prof. Magdalena Kozie\u0144-Wo\u017aniak, oraz dr hab. in\u017c. Jacek Chmielewski, prof. PK.<\/p>\n\n\n\n<p>Wi\u0119cej informacji: <a href=\"https:\/\/www.pk.edu.pl\/index.php?option=com_content&amp;view=article&amp;id=5492:eksperci-politechniki-krakowskiej-w-radzie-naukowo-technicznej-ds-budowy-metra-w-krakowie&amp;catid=49&amp;lang=pl&amp;Itemid=1152\" target=\"_blank\" rel=\"noreferrer noopener\">https:\/\/www.pk.edu.pl\/index.php?option=com_content&amp;view=article&amp;id=5492:eksperci-politechniki-krakowskiej-w-radzie-naukowo-technicznej-ds-budowy-metra-w-krakowie&amp;catid=49&amp;lang=pl&amp;Itemid=1152<\/a><\/p>\n\n\n\n<p><\/p>\n","protected":false},"excerpt":{"rendered":"<p>Mi\u0142o nam poinformowa\u0107, \u017ce Kierownik Katedry dr hab. in\u017c. Maciej Szkoda, prof. PK zosta\u0142 powo\u0142any w dniu 16 wrze\u015bnia 2024 r. przez Prezydenta Miasta Krakowa Aleksandra Miszalskiego do Rady Naukowo-Technicznej ds. budowy metra w Krakowie. Rada stanowi spo\u0142eczne gremium specjalist\u00f3w, kt\u00f3rzy b\u0119d\u0105 wspiera\u0107 w\u0142adze miasta w prowadzeniu tej historycznej inwestycji.<\/p>\n","protected":false},"author":5,"featured_media":5317,"comment_status":"closed","ping_status":"open","sticky":false,"template":"","format":"standard","meta":{"footnotes":""},"categories":[1],"tags":[],"class_list":["post-5316","post","type-post","status-publish","format-standard","has-post-thumbnail","hentry","category-bez-kategorii"],"yoast_head":"<!-- This site is optimized with the Yoast SEO plugin v27.5 - https:\/\/yoast.com\/product\/yoast-seo-wordpress\/ -->\n<title>Kierownik KPSiT w Radzie ds. budowy metra w Krakowie - Katedra Pojazd\u00f3w Szynowych i Transportu<\/title>\n<meta name=\"robots\" content=\"index, follow, max-snippet:-1, max-image-preview:large, max-video-preview:-1\" \/>\n<link rel=\"canonical\" href=\"https:\/\/m8.mech.pk.edu.pl\/index.php\/2024\/09\/18\/kierownik-ktpsit-w-radzie-ds-budowy-metra-w-krakowie\/\" \/>\n<meta property=\"og:locale\" content=\"pl_PL\" \/>\n<meta property=\"og:type\" content=\"article\" \/>\n<meta property=\"og:title\" content=\"Kierownik KPSiT w Radzie ds. budowy metra w Krakowie - Katedra Pojazd\u00f3w Szynowych i Transportu\" \/>\n<meta property=\"og:description\" content=\"Mi\u0142o nam poinformowa\u0107, \u017ce Kierownik Katedry dr hab. in\u017c. Maciej Szkoda, prof. PK zosta\u0142 powo\u0142any w dniu 16 wrze\u015bnia 2024 r. przez Prezydenta Miasta Krakowa Aleksandra Miszalskiego do Rady Naukowo-Technicznej ds. budowy metra w Krakowie. Rada stanowi spo\u0142eczne gremium specjalist\u00f3w, kt\u00f3rzy b\u0119d\u0105 wspiera\u0107 w\u0142adze miasta w prowadzeniu tej historycznej inwestycji.\" \/>\n<meta property=\"og:url\" content=\"https:\/\/m8.mech.pk.edu.pl\/index.php\/2024\/09\/18\/kierownik-ktpsit-w-radzie-ds-budowy-metra-w-krakowie\/\" \/>\n<meta property=\"og:site_name\" content=\"Katedra Pojazd\u00f3w Szynowych i Transportu\" \/>\n<meta property=\"article:publisher\" content=\"https:\/\/facebook.com\/KPSzTPK\" \/>\n<meta property=\"article:published_time\" content=\"2024-09-18T18:26:17+00:00\" \/>\n<meta property=\"article:modified_time\" content=\"2024-09-18T18:26:38+00:00\" \/>\n<meta property=\"og:image\" content=\"https:\/\/m8.mech.pk.edu.pl\/wp-content\/uploads\/2024\/09\/459725146_1079396924186465_3213320202146701889_n.jpg\" \/>\n\t<meta property=\"og:image:width\" content=\"720\" \/>\n\t<meta property=\"og:image:height\" content=\"539\" \/>\n\t<meta property=\"og:image:type\" content=\"image\/jpeg\" \/>\n<meta name=\"author\" content=\"Maciej\" \/>\n<meta name=\"twitter:card\" content=\"summary_large_image\" \/>\n<meta name=\"twitter:label1\" content=\"Napisane przez\" \/>\n\t<meta name=\"twitter:data1\" content=\"Maciej\" \/>\n\t<meta name=\"twitter:label2\" content=\"Szacowany czas czytania\" \/>\n\t<meta name=\"twitter:data2\" content=\"1 minuta\" \/>\n<script type=\"application\/ld+json\" class=\"yoast-schema-graph\">{\"@context\":\"https:\\\/\\\/schema.org\",\"@graph\":[{\"@type\":\"Article\",\"@id\":\"https:\\\/\\\/m8.mech.pk.edu.pl\\\/index.php\\\/2024\\\/09\\\/18\\\/kierownik-ktpsit-w-radzie-ds-budowy-metra-w-krakowie\\\/#article\",\"isPartOf\":{\"@id\":\"https:\\\/\\\/m8.mech.pk.edu.pl\\\/index.php\\\/2024\\\/09\\\/18\\\/kierownik-ktpsit-w-radzie-ds-budowy-metra-w-krakowie\\\/\"},\"author\":{\"name\":\"Maciej\",\"@id\":\"https:\\\/\\\/m8.mech.pk.edu.pl\\\/#\\\/schema\\\/person\\\/d8f6c9a11add49a79e366c6d4261d14e\"},\"headline\":\"Kierownik KPSiT w Radzie ds. budowy metra w Krakowie\",\"datePublished\":\"2024-09-18T18:26:17+00:00\",\"dateModified\":\"2024-09-18T18:26:38+00:00\",\"mainEntityOfPage\":{\"@id\":\"https:\\\/\\\/m8.mech.pk.edu.pl\\\/index.php\\\/2024\\\/09\\\/18\\\/kierownik-ktpsit-w-radzie-ds-budowy-metra-w-krakowie\\\/\"},\"wordCount\":132,\"publisher\":{\"@id\":\"https:\\\/\\\/m8.mech.pk.edu.pl\\\/#organization\"},\"image\":{\"@id\":\"https:\\\/\\\/m8.mech.pk.edu.pl\\\/index.php\\\/2024\\\/09\\\/18\\\/kierownik-ktpsit-w-radzie-ds-budowy-metra-w-krakowie\\\/#primaryimage\"},\"thumbnailUrl\":\"https:\\\/\\\/m8.mech.pk.edu.pl\\\/wp-content\\\/uploads\\\/2024\\\/09\\\/459725146_1079396924186465_3213320202146701889_n.jpg\",\"inLanguage\":\"pl-PL\"},{\"@type\":\"WebPage\",\"@id\":\"https:\\\/\\\/m8.mech.pk.edu.pl\\\/index.php\\\/2024\\\/09\\\/18\\\/kierownik-ktpsit-w-radzie-ds-budowy-metra-w-krakowie\\\/\",\"url\":\"https:\\\/\\\/m8.mech.pk.edu.pl\\\/index.php\\\/2024\\\/09\\\/18\\\/kierownik-ktpsit-w-radzie-ds-budowy-metra-w-krakowie\\\/\",\"name\":\"Kierownik KPSiT w Radzie ds. budowy metra w Krakowie - Katedra Pojazd\u00f3w Szynowych i Transportu\",\"isPartOf\":{\"@id\":\"https:\\\/\\\/m8.mech.pk.edu.pl\\\/#website\"},\"primaryImageOfPage\":{\"@id\":\"https:\\\/\\\/m8.mech.pk.edu.pl\\\/index.php\\\/2024\\\/09\\\/18\\\/kierownik-ktpsit-w-radzie-ds-budowy-metra-w-krakowie\\\/#primaryimage\"},\"image\":{\"@id\":\"https:\\\/\\\/m8.mech.pk.edu.pl\\\/index.php\\\/2024\\\/09\\\/18\\\/kierownik-ktpsit-w-radzie-ds-budowy-metra-w-krakowie\\\/#primaryimage\"},\"thumbnailUrl\":\"https:\\\/\\\/m8.mech.pk.edu.pl\\\/wp-content\\\/uploads\\\/2024\\\/09\\\/459725146_1079396924186465_3213320202146701889_n.jpg\",\"datePublished\":\"2024-09-18T18:26:17+00:00\",\"dateModified\":\"2024-09-18T18:26:38+00:00\",\"breadcrumb\":{\"@id\":\"https:\\\/\\\/m8.mech.pk.edu.pl\\\/index.php\\\/2024\\\/09\\\/18\\\/kierownik-ktpsit-w-radzie-ds-budowy-metra-w-krakowie\\\/#breadcrumb\"},\"inLanguage\":\"pl-PL\",\"potentialAction\":[{\"@type\":\"ReadAction\",\"target\":[\"https:\\\/\\\/m8.mech.pk.edu.pl\\\/index.php\\\/2024\\\/09\\\/18\\\/kierownik-ktpsit-w-radzie-ds-budowy-metra-w-krakowie\\\/\"]}]},{\"@type\":\"ImageObject\",\"inLanguage\":\"pl-PL\",\"@id\":\"https:\\\/\\\/m8.mech.pk.edu.pl\\\/index.php\\\/2024\\\/09\\\/18\\\/kierownik-ktpsit-w-radzie-ds-budowy-metra-w-krakowie\\\/#primaryimage\",\"url\":\"https:\\\/\\\/m8.mech.pk.edu.pl\\\/wp-content\\\/uploads\\\/2024\\\/09\\\/459725146_1079396924186465_3213320202146701889_n.jpg\",\"contentUrl\":\"https:\\\/\\\/m8.mech.pk.edu.pl\\\/wp-content\\\/uploads\\\/2024\\\/09\\\/459725146_1079396924186465_3213320202146701889_n.jpg\",\"width\":720,\"height\":539},{\"@type\":\"BreadcrumbList\",\"@id\":\"https:\\\/\\\/m8.mech.pk.edu.pl\\\/index.php\\\/2024\\\/09\\\/18\\\/kierownik-ktpsit-w-radzie-ds-budowy-metra-w-krakowie\\\/#breadcrumb\",\"itemListElement\":[{\"@type\":\"ListItem\",\"position\":1,\"name\":\"Strona g\u0142\u00f3wna\",\"item\":\"https:\\\/\\\/m8.mech.pk.edu.pl\\\/\"},{\"@type\":\"ListItem\",\"position\":2,\"name\":\"Kierownik KPSiT w Radzie ds. budowy metra w Krakowie\"}]},{\"@type\":\"WebSite\",\"@id\":\"https:\\\/\\\/m8.mech.pk.edu.pl\\\/#website\",\"url\":\"https:\\\/\\\/m8.mech.pk.edu.pl\\\/\",\"name\":\"Katedra Pojazd\u00f3w Szynowych i Transportu\",\"description\":\"Katedra Pojazd\u00f3w Szynowych i Transportu Politechniki Krakowskiej na Wydziale Mechanicznym\",\"publisher\":{\"@id\":\"https:\\\/\\\/m8.mech.pk.edu.pl\\\/#organization\"},\"potentialAction\":[{\"@type\":\"SearchAction\",\"target\":{\"@type\":\"EntryPoint\",\"urlTemplate\":\"https:\\\/\\\/m8.mech.pk.edu.pl\\\/?s={search_term_string}\"},\"query-input\":{\"@type\":\"PropertyValueSpecification\",\"valueRequired\":true,\"valueName\":\"search_term_string\"}}],\"inLanguage\":\"pl-PL\"},{\"@type\":\"Organization\",\"@id\":\"https:\\\/\\\/m8.mech.pk.edu.pl\\\/#organization\",\"name\":\"Katedra Pojazd\u00f3w Szynowych\",\"url\":\"https:\\\/\\\/m8.mech.pk.edu.pl\\\/\",\"logo\":{\"@type\":\"ImageObject\",\"inLanguage\":\"pl-PL\",\"@id\":\"https:\\\/\\\/m8.mech.pk.edu.pl\\\/#\\\/schema\\\/logo\\\/image\\\/\",\"url\":\"https:\\\/\\\/m8.mech.pk.edu.pl\\\/wp-content\\\/uploads\\\/2021\\\/01\\\/logo-mail-kpsit.png\",\"contentUrl\":\"https:\\\/\\\/m8.mech.pk.edu.pl\\\/wp-content\\\/uploads\\\/2021\\\/01\\\/logo-mail-kpsit.png\",\"width\":300,\"height\":119,\"caption\":\"Katedra Pojazd\u00f3w Szynowych\"},\"image\":{\"@id\":\"https:\\\/\\\/m8.mech.pk.edu.pl\\\/#\\\/schema\\\/logo\\\/image\\\/\"},\"sameAs\":[\"https:\\\/\\\/facebook.com\\\/KPSzTPK\",\"https:\\\/\\\/www.youtube.com\\\/channel\\\/UCen3PQ3fl3ry92o_lHkyVaQ\"]},{\"@type\":\"Person\",\"@id\":\"https:\\\/\\\/m8.mech.pk.edu.pl\\\/#\\\/schema\\\/person\\\/d8f6c9a11add49a79e366c6d4261d14e\",\"name\":\"Maciej\",\"image\":{\"@type\":\"ImageObject\",\"inLanguage\":\"pl-PL\",\"@id\":\"https:\\\/\\\/secure.gravatar.com\\\/avatar\\\/5a17b3a5a44d4dca9d48ed0eccafb488c6c54063f627f848184a92807a97590b?s=96&d=mm&r=g\",\"url\":\"https:\\\/\\\/secure.gravatar.com\\\/avatar\\\/5a17b3a5a44d4dca9d48ed0eccafb488c6c54063f627f848184a92807a97590b?s=96&d=mm&r=g\",\"contentUrl\":\"https:\\\/\\\/secure.gravatar.com\\\/avatar\\\/5a17b3a5a44d4dca9d48ed0eccafb488c6c54063f627f848184a92807a97590b?s=96&d=mm&r=g\",\"caption\":\"Maciej\"}}]}<\/script>\n<!-- \/ Yoast SEO plugin. -->","yoast_head_json":{"title":"Kierownik KPSiT w Radzie ds. budowy metra w Krakowie - Katedra Pojazd\u00f3w Szynowych i Transportu","robots":{"index":"index","follow":"follow","max-snippet":"max-snippet:-1","max-image-preview":"max-image-preview:large","max-video-preview":"max-video-preview:-1"},"canonical":"https:\/\/m8.mech.pk.edu.pl\/index.php\/2024\/09\/18\/kierownik-ktpsit-w-radzie-ds-budowy-metra-w-krakowie\/","og_locale":"pl_PL","og_type":"article","og_title":"Kierownik KPSiT w Radzie ds. budowy metra w Krakowie - Katedra Pojazd\u00f3w Szynowych i Transportu","og_description":"Mi\u0142o nam poinformowa\u0107, \u017ce Kierownik Katedry dr hab. in\u017c. Maciej Szkoda, prof. PK zosta\u0142 powo\u0142any w dniu 16 wrze\u015bnia 2024 r. przez Prezydenta Miasta Krakowa Aleksandra Miszalskiego do Rady Naukowo-Technicznej ds. budowy metra w Krakowie. Rada stanowi spo\u0142eczne gremium specjalist\u00f3w, kt\u00f3rzy b\u0119d\u0105 wspiera\u0107 w\u0142adze miasta w prowadzeniu tej historycznej inwestycji.","og_url":"https:\/\/m8.mech.pk.edu.pl\/index.php\/2024\/09\/18\/kierownik-ktpsit-w-radzie-ds-budowy-metra-w-krakowie\/","og_site_name":"Katedra Pojazd\u00f3w Szynowych i Transportu","article_publisher":"https:\/\/facebook.com\/KPSzTPK","article_published_time":"2024-09-18T18:26:17+00:00","article_modified_time":"2024-09-18T18:26:38+00:00","og_image":[{"width":720,"height":539,"url":"https:\/\/m8.mech.pk.edu.pl\/wp-content\/uploads\/2024\/09\/459725146_1079396924186465_3213320202146701889_n.jpg","type":"image\/jpeg"}],"author":"Maciej","twitter_card":"summary_large_image","twitter_misc":{"Napisane przez":"Maciej","Szacowany czas czytania":"1 minuta"},"schema":{"@context":"https:\/\/schema.org","@graph":[{"@type":"Article","@id":"https:\/\/m8.mech.pk.edu.pl\/index.php\/2024\/09\/18\/kierownik-ktpsit-w-radzie-ds-budowy-metra-w-krakowie\/#article","isPartOf":{"@id":"https:\/\/m8.mech.pk.edu.pl\/index.php\/2024\/09\/18\/kierownik-ktpsit-w-radzie-ds-budowy-metra-w-krakowie\/"},"author":{"name":"Maciej","@id":"https:\/\/m8.mech.pk.edu.pl\/#\/schema\/person\/d8f6c9a11add49a79e366c6d4261d14e"},"headline":"Kierownik KPSiT w Radzie ds. budowy metra w Krakowie","datePublished":"2024-09-18T18:26:17+00:00","dateModified":"2024-09-18T18:26:38+00:00","mainEntityOfPage":{"@id":"https:\/\/m8.mech.pk.edu.pl\/index.php\/2024\/09\/18\/kierownik-ktpsit-w-radzie-ds-budowy-metra-w-krakowie\/"},"wordCount":132,"publisher":{"@id":"https:\/\/m8.mech.pk.edu.pl\/#organization"},"image":{"@id":"https:\/\/m8.mech.pk.edu.pl\/index.php\/2024\/09\/18\/kierownik-ktpsit-w-radzie-ds-budowy-metra-w-krakowie\/#primaryimage"},"thumbnailUrl":"https:\/\/m8.mech.pk.edu.pl\/wp-content\/uploads\/2024\/09\/459725146_1079396924186465_3213320202146701889_n.jpg","inLanguage":"pl-PL"},{"@type":"WebPage","@id":"https:\/\/m8.mech.pk.edu.pl\/index.php\/2024\/09\/18\/kierownik-ktpsit-w-radzie-ds-budowy-metra-w-krakowie\/","url":"https:\/\/m8.mech.pk.edu.pl\/index.php\/2024\/09\/18\/kierownik-ktpsit-w-radzie-ds-budowy-metra-w-krakowie\/","name":"Kierownik KPSiT w Radzie ds. budowy metra w Krakowie - Katedra Pojazd\u00f3w Szynowych i Transportu","isPartOf":{"@id":"https:\/\/m8.mech.pk.edu.pl\/#website"},"primaryImageOfPage":{"@id":"https:\/\/m8.mech.pk.edu.pl\/index.php\/2024\/09\/18\/kierownik-ktpsit-w-radzie-ds-budowy-metra-w-krakowie\/#primaryimage"},"image":{"@id":"https:\/\/m8.mech.pk.edu.pl\/index.php\/2024\/09\/18\/kierownik-ktpsit-w-radzie-ds-budowy-metra-w-krakowie\/#primaryimage"},"thumbnailUrl":"https:\/\/m8.mech.pk.edu.pl\/wp-content\/uploads\/2024\/09\/459725146_1079396924186465_3213320202146701889_n.jpg","datePublished":"2024-09-18T18:26:17+00:00","dateModified":"2024-09-18T18:26:38+00:00","breadcrumb":{"@id":"https:\/\/m8.mech.pk.edu.pl\/index.php\/2024\/09\/18\/kierownik-ktpsit-w-radzie-ds-budowy-metra-w-krakowie\/#breadcrumb"},"inLanguage":"pl-PL","potentialAction":[{"@type":"ReadAction","target":["https:\/\/m8.mech.pk.edu.pl\/index.php\/2024\/09\/18\/kierownik-ktpsit-w-radzie-ds-budowy-metra-w-krakowie\/"]}]},{"@type":"ImageObject","inLanguage":"pl-PL","@id":"https:\/\/m8.mech.pk.edu.pl\/index.php\/2024\/09\/18\/kierownik-ktpsit-w-radzie-ds-budowy-metra-w-krakowie\/#primaryimage","url":"https:\/\/m8.mech.pk.edu.pl\/wp-content\/uploads\/2024\/09\/459725146_1079396924186465_3213320202146701889_n.jpg","contentUrl":"https:\/\/m8.mech.pk.edu.pl\/wp-content\/uploads\/2024\/09\/459725146_1079396924186465_3213320202146701889_n.jpg","width":720,"height":539},{"@type":"BreadcrumbList","@id":"https:\/\/m8.mech.pk.edu.pl\/index.php\/2024\/09\/18\/kierownik-ktpsit-w-radzie-ds-budowy-metra-w-krakowie\/#breadcrumb","itemListElement":[{"@type":"ListItem","position":1,"name":"Strona g\u0142\u00f3wna","item":"https:\/\/m8.mech.pk.edu.pl\/"},{"@type":"ListItem","position":2,"name":"Kierownik KPSiT w Radzie ds. budowy metra w Krakowie"}]},{"@type":"WebSite","@id":"https:\/\/m8.mech.pk.edu.pl\/#website","url":"https:\/\/m8.mech.pk.edu.pl\/","name":"Katedra Pojazd\u00f3w Szynowych i Transportu","description":"Katedra Pojazd\u00f3w Szynowych i Transportu Politechniki Krakowskiej na Wydziale Mechanicznym","publisher":{"@id":"https:\/\/m8.mech.pk.edu.pl\/#organization"},"potentialAction":[{"@type":"SearchAction","target":{"@type":"EntryPoint","urlTemplate":"https:\/\/m8.mech.pk.edu.pl\/?s={search_term_string}"},"query-input":{"@type":"PropertyValueSpecification","valueRequired":true,"valueName":"search_term_string"}}],"inLanguage":"pl-PL"},{"@type":"Organization","@id":"https:\/\/m8.mech.pk.edu.pl\/#organization","name":"Katedra Pojazd\u00f3w Szynowych","url":"https:\/\/m8.mech.pk.edu.pl\/","logo":{"@type":"ImageObject","inLanguage":"pl-PL","@id":"https:\/\/m8.mech.pk.edu.pl\/#\/schema\/logo\/image\/","url":"https:\/\/m8.mech.pk.edu.pl\/wp-content\/uploads\/2021\/01\/logo-mail-kpsit.png","contentUrl":"https:\/\/m8.mech.pk.edu.pl\/wp-content\/uploads\/2021\/01\/logo-mail-kpsit.png","width":300,"height":119,"caption":"Katedra Pojazd\u00f3w Szynowych"},"image":{"@id":"https:\/\/m8.mech.pk.edu.pl\/#\/schema\/logo\/image\/"},"sameAs":["https:\/\/facebook.com\/KPSzTPK","https:\/\/www.youtube.com\/channel\/UCen3PQ3fl3ry92o_lHkyVaQ"]},{"@type":"Person","@id":"https:\/\/m8.mech.pk.edu.pl\/#\/schema\/person\/d8f6c9a11add49a79e366c6d4261d14e","name":"Maciej","image":{"@type":"ImageObject","inLanguage":"pl-PL","@id":"https:\/\/secure.gravatar.com\/avatar\/5a17b3a5a44d4dca9d48ed0eccafb488c6c54063f627f848184a92807a97590b?s=96&d=mm&r=g","url":"https:\/\/secure.gravatar.com\/avatar\/5a17b3a5a44d4dca9d48ed0eccafb488c6c54063f627f848184a92807a97590b?s=96&d=mm&r=g","contentUrl":"https:\/\/secure.gravatar.com\/avatar\/5a17b3a5a44d4dca9d48ed0eccafb488c6c54063f627f848184a92807a97590b?s=96&d=mm&r=g","caption":"Maciej"}}]}},"_links":{"self":[{"href":"https:\/\/m8.mech.pk.edu.pl\/index.php\/wp-json\/wp\/v2\/posts\/5316","targetHints":{"allow":["GET"]}}],"collection":[{"href":"https:\/\/m8.mech.pk.edu.pl\/index.php\/wp-json\/wp\/v2\/posts"}],"about":[{"href":"https:\/\/m8.mech.pk.edu.pl\/index.php\/wp-json\/wp\/v2\/types\/post"}],"author":[{"embeddable":true,"href":"https:\/\/m8.mech.pk.edu.pl\/index.php\/wp-json\/wp\/v2\/users\/5"}],"replies":[{"embeddable":true,"href":"https:\/\/m8.mech.pk.edu.pl\/index.php\/wp-json\/wp\/v2\/comments?post=5316"}],"version-history":[{"count":2,"href":"https:\/\/m8.mech.pk.edu.pl\/index.php\/wp-json\/wp\/v2\/posts\/5316\/revisions"}],"predecessor-version":[{"id":5319,"href":"https:\/\/m8.mech.pk.edu.pl\/index.php\/wp-json\/wp\/v2\/posts\/5316\/revisions\/5319"}],"wp:featuredmedia":[{"embeddable":true,"href":"https:\/\/m8.mech.pk.edu.pl\/index.php\/wp-json\/wp\/v2\/media\/5317"}],"wp:attachment":[{"href":"https:\/\/m8.mech.pk.edu.pl\/index.php\/wp-json\/wp\/v2\/media?parent=5316"}],"wp:term":[{"taxonomy":"category","embeddable":true,"href":"https:\/\/m8.mech.pk.edu.pl\/index.php\/wp-json\/wp\/v2\/categories?post=5316"},{"taxonomy":"post_tag","embeddable":true,"href":"https:\/\/m8.mech.pk.edu.pl\/index.php\/wp-json\/wp\/v2\/tags?post=5316"}],"curies":[{"name":"wp","href":"https:\/\/api.w.org\/{rel}","templated":true}]}}