{"id":5307,"date":"2024-09-14T11:47:14","date_gmt":"2024-09-14T09:47:14","guid":{"rendered":"https:\/\/m8.mech.pk.edu.pl\/?p=5307"},"modified":"2024-09-30T21:47:50","modified_gmt":"2024-09-30T19:47:50","slug":"prezes-utk-w-kpsit","status":"publish","type":"post","link":"https:\/\/m8.mech.pk.edu.pl\/index.php\/2024\/09\/14\/prezes-utk-w-kpsit\/","title":{"rendered":"Prezes UTK w KPSiT"},"content":{"rendered":"\n<p>13.09.2024 nasz\u0105 Katedr\u0119 odwiedzi\u0142 szczeg\u00f3lny Go\u015b\u0107 &#8211; Pan dr in\u017c. Ignacy G\u00f3ra &#8211; Prezes <a href=\"https:\/\/www.facebook.com\/UTKgov?__cft__[0]=AZU0lh8KETWrqMbqqEXuNH1vDoB47CeV_5XtNfXq7P0_H3pastqnuKIyWnntO0UyYBiDbGQrUWzSk1c6RRzp7p8pm28KXXrSQA2hvHg3mFN8i2TvHUZAeCu7L2XS7WOngyYeq_vjvclk8irbtSmLy4FlaMJeK0_NYLA4vvPGFFcg9joAforbgfUbyUkTX-uQGwLZc5WAyRCzT9xANw3tiZBQ&amp;__tn__=-]K-R\">Urz\u0119du Transportu Kolejowego<\/a>. Podczas wizyty om\u00f3wiono dotychczasow\u0105 wsp\u00f3\u0142prac\u0119 w obszarze dydaktycznym, kadrowym i badawczym m.in. w ramach inicjatywy, w sprawie rozwoju kultury bezpiecze\u0144stwa w transporcie kolejowym.<br>Pan Prezes Ignacy G\u00f3ra jest pomys\u0142odawc\u0105 i wsp\u00f3\u0142tw\u00f3rc\u0105 Centrum Egzaminowania i Monitorowania Maszynist\u00f3w w Warszawie (<a href=\"https:\/\/utk.gov.pl\/pl\/cemm\" target=\"_blank\" rel=\"noreferrer noopener\">https:\/\/utk.gov.pl\/pl\/cemm<\/a>), w kt\u00f3rym od 2023 roku kandydatki i kandydaci na maszynist\u00f3w zdaj\u0105 egzaminy pa\u0144stwowe z wykorzystaniem najnowocze\u015bniejszych w Europie symulator\u00f3w. Spotkanie by\u0142o doskona\u0142\u0105 okazj\u0105 do zaprezentowania Panu Prezesowi naszego <a href=\"https:\/\/m8.mech.pk.edu.pl\/symulator\" target=\"_blank\" rel=\"noreferrer noopener\">Symulatora Tramwaju<\/a> kt\u00f3ry jest u\u017cywany w Katedrze w ramach procesu dydaktycznego i akcji edukacyjnych, a od 2022 r. s\u0142u\u017cy do szkolenia kandydat\u00f3w na motorniczych, odbywaj\u0105cych kurs na pozwolenie do kierowania tramwajami w krakowskim MPK SA.<\/p>\n\n\n\n<!--more-->\n\n\n\n<figure class=\"wp-block-gallery has-nested-images columns-default is-cropped wp-block-gallery-1 is-layout-flex wp-block-gallery-is-layout-flex\">\n<figure class=\"wp-block-image size-full\"><a href=\"https:\/\/m8.mech.pk.edu.pl\/wp-content\/uploads\/2024\/09\/20240913_133958-1.jpg\"><img loading=\"lazy\" decoding=\"async\" width=\"1000\" height=\"714\" data-id=\"5310\" src=\"https:\/\/m8.mech.pk.edu.pl\/wp-content\/uploads\/2024\/09\/20240913_133958-1.jpg\" alt=\"\" class=\"wp-image-5310\" srcset=\"https:\/\/m8.mech.pk.edu.pl\/wp-content\/uploads\/2024\/09\/20240913_133958-1.jpg 1000w, https:\/\/m8.mech.pk.edu.pl\/wp-content\/uploads\/2024\/09\/20240913_133958-1-300x214.jpg 300w, https:\/\/m8.mech.pk.edu.pl\/wp-content\/uploads\/2024\/09\/20240913_133958-1-768x548.jpg 768w\" sizes=\"auto, (max-width: 1000px) 100vw, 1000px\" \/><\/a><\/figure>\n\n\n\n<figure class=\"wp-block-image size-large\"><a href=\"https:\/\/m8.mech.pk.edu.pl\/wp-content\/uploads\/2024\/09\/20240913_133146.jpg\"><img loading=\"lazy\" decoding=\"async\" width=\"1000\" height=\"750\" data-id=\"5311\" src=\"https:\/\/m8.mech.pk.edu.pl\/wp-content\/uploads\/2024\/09\/20240913_133146.jpg\" alt=\"\" class=\"wp-image-5311\" srcset=\"https:\/\/m8.mech.pk.edu.pl\/wp-content\/uploads\/2024\/09\/20240913_133146.jpg 1000w, https:\/\/m8.mech.pk.edu.pl\/wp-content\/uploads\/2024\/09\/20240913_133146-300x225.jpg 300w, https:\/\/m8.mech.pk.edu.pl\/wp-content\/uploads\/2024\/09\/20240913_133146-768x576.jpg 768w\" sizes=\"auto, (max-width: 1000px) 100vw, 1000px\" \/><\/a><\/figure>\n\n\n\n<figure class=\"wp-block-image size-large\"><a href=\"https:\/\/m8.mech.pk.edu.pl\/wp-content\/uploads\/2024\/09\/sym.jpg\"><img loading=\"lazy\" decoding=\"async\" width=\"1024\" height=\"969\" data-id=\"5308\" src=\"https:\/\/m8.mech.pk.edu.pl\/wp-content\/uploads\/2024\/09\/sym-1024x969.jpg\" alt=\"\" class=\"wp-image-5308\" srcset=\"https:\/\/m8.mech.pk.edu.pl\/wp-content\/uploads\/2024\/09\/sym-1024x969.jpg 1024w, https:\/\/m8.mech.pk.edu.pl\/wp-content\/uploads\/2024\/09\/sym-300x284.jpg 300w, https:\/\/m8.mech.pk.edu.pl\/wp-content\/uploads\/2024\/09\/sym-768x727.jpg 768w, https:\/\/m8.mech.pk.edu.pl\/wp-content\/uploads\/2024\/09\/sym-1536x1453.jpg 1536w, https:\/\/m8.mech.pk.edu.pl\/wp-content\/uploads\/2024\/09\/sym.jpg 1555w\" sizes=\"auto, (max-width: 1024px) 100vw, 1024px\" \/><\/a><\/figure>\n<\/figure>\n\n\n\n<p>Fot.: KPSiT<\/p>\n","protected":false},"excerpt":{"rendered":"<p>13.09.2024 nasz\u0105 Katedr\u0119 odwiedzi\u0142 szczeg\u00f3lny Go\u015b\u0107 &#8211; Pan dr in\u017c. Ignacy G\u00f3ra &#8211; Prezes Urz\u0119du Transportu Kolejowego. Podczas wizyty om\u00f3wiono dotychczasow\u0105 wsp\u00f3\u0142prac\u0119 w obszarze dydaktycznym, kadrowym i badawczym m.in. w ramach inicjatywy, w sprawie rozwoju kultury bezpiecze\u0144stwa w transporcie kolejowym.Pan Prezes Ignacy G\u00f3ra jest pomys\u0142odawc\u0105 i wsp\u00f3\u0142tw\u00f3rc\u0105 Centrum Egzaminowania i Monitorowania Maszynist\u00f3w w Warszawie (https:\/\/utk.gov.pl\/pl\/cemm), [&hellip;]<\/p>\n","protected":false},"author":5,"featured_media":5310,"comment_status":"closed","ping_status":"open","sticky":false,"template":"","format":"standard","meta":{"footnotes":""},"categories":[1],"tags":[],"class_list":["post-5307","post","type-post","status-publish","format-standard","has-post-thumbnail","hentry","category-bez-kategorii"],"yoast_head":"<!-- This site is optimized with the Yoast SEO plugin v27.5 - https:\/\/yoast.com\/product\/yoast-seo-wordpress\/ -->\n<title>Prezes UTK w KPSiT - Katedra Pojazd\u00f3w Szynowych i Transportu<\/title>\n<meta name=\"robots\" content=\"index, follow, max-snippet:-1, max-image-preview:large, max-video-preview:-1\" \/>\n<link rel=\"canonical\" href=\"https:\/\/m8.mech.pk.edu.pl\/index.php\/2024\/09\/14\/prezes-utk-w-kpsit\/\" \/>\n<meta property=\"og:locale\" content=\"pl_PL\" \/>\n<meta property=\"og:type\" content=\"article\" \/>\n<meta property=\"og:title\" content=\"Prezes UTK w KPSiT - Katedra Pojazd\u00f3w Szynowych i Transportu\" \/>\n<meta property=\"og:description\" content=\"13.09.2024 nasz\u0105 Katedr\u0119 odwiedzi\u0142 szczeg\u00f3lny Go\u015b\u0107 &#8211; Pan dr in\u017c. Ignacy G\u00f3ra &#8211; Prezes Urz\u0119du Transportu Kolejowego. Podczas wizyty om\u00f3wiono dotychczasow\u0105 wsp\u00f3\u0142prac\u0119 w obszarze dydaktycznym, kadrowym i badawczym m.in. w ramach inicjatywy, w sprawie rozwoju kultury bezpiecze\u0144stwa w transporcie kolejowym.Pan Prezes Ignacy G\u00f3ra jest pomys\u0142odawc\u0105 i wsp\u00f3\u0142tw\u00f3rc\u0105 Centrum Egzaminowania i Monitorowania Maszynist\u00f3w w Warszawie (https:\/\/utk.gov.pl\/pl\/cemm), [&hellip;]\" \/>\n<meta property=\"og:url\" content=\"https:\/\/m8.mech.pk.edu.pl\/index.php\/2024\/09\/14\/prezes-utk-w-kpsit\/\" \/>\n<meta property=\"og:site_name\" content=\"Katedra Pojazd\u00f3w Szynowych i Transportu\" \/>\n<meta property=\"article:publisher\" content=\"https:\/\/facebook.com\/KPSzTPK\" \/>\n<meta property=\"article:published_time\" content=\"2024-09-14T09:47:14+00:00\" \/>\n<meta property=\"article:modified_time\" content=\"2024-09-30T19:47:50+00:00\" \/>\n<meta property=\"og:image\" content=\"https:\/\/m8.mech.pk.edu.pl\/wp-content\/uploads\/2024\/09\/20240913_133958-1.jpg\" \/>\n\t<meta property=\"og:image:width\" content=\"1000\" \/>\n\t<meta property=\"og:image:height\" content=\"714\" \/>\n\t<meta property=\"og:image:type\" content=\"image\/jpeg\" \/>\n<meta name=\"author\" content=\"Maciej\" \/>\n<meta name=\"twitter:card\" content=\"summary_large_image\" \/>\n<meta name=\"twitter:label1\" content=\"Napisane przez\" \/>\n\t<meta name=\"twitter:data1\" content=\"Maciej\" \/>\n\t<meta name=\"twitter:label2\" content=\"Szacowany czas czytania\" \/>\n\t<meta name=\"twitter:data2\" content=\"2 minuty\" \/>\n<script type=\"application\/ld+json\" class=\"yoast-schema-graph\">{\"@context\":\"https:\\\/\\\/schema.org\",\"@graph\":[{\"@type\":\"Article\",\"@id\":\"https:\\\/\\\/m8.mech.pk.edu.pl\\\/index.php\\\/2024\\\/09\\\/14\\\/prezes-utk-w-kpsit\\\/#article\",\"isPartOf\":{\"@id\":\"https:\\\/\\\/m8.mech.pk.edu.pl\\\/index.php\\\/2024\\\/09\\\/14\\\/prezes-utk-w-kpsit\\\/\"},\"author\":{\"name\":\"Maciej\",\"@id\":\"https:\\\/\\\/m8.mech.pk.edu.pl\\\/#\\\/schema\\\/person\\\/d8f6c9a11add49a79e366c6d4261d14e\"},\"headline\":\"Prezes UTK w KPSiT\",\"datePublished\":\"2024-09-14T09:47:14+00:00\",\"dateModified\":\"2024-09-30T19:47:50+00:00\",\"mainEntityOfPage\":{\"@id\":\"https:\\\/\\\/m8.mech.pk.edu.pl\\\/index.php\\\/2024\\\/09\\\/14\\\/prezes-utk-w-kpsit\\\/\"},\"wordCount\":151,\"publisher\":{\"@id\":\"https:\\\/\\\/m8.mech.pk.edu.pl\\\/#organization\"},\"image\":{\"@id\":\"https:\\\/\\\/m8.mech.pk.edu.pl\\\/index.php\\\/2024\\\/09\\\/14\\\/prezes-utk-w-kpsit\\\/#primaryimage\"},\"thumbnailUrl\":\"https:\\\/\\\/m8.mech.pk.edu.pl\\\/wp-content\\\/uploads\\\/2024\\\/09\\\/20240913_133958-1.jpg\",\"inLanguage\":\"pl-PL\"},{\"@type\":\"WebPage\",\"@id\":\"https:\\\/\\\/m8.mech.pk.edu.pl\\\/index.php\\\/2024\\\/09\\\/14\\\/prezes-utk-w-kpsit\\\/\",\"url\":\"https:\\\/\\\/m8.mech.pk.edu.pl\\\/index.php\\\/2024\\\/09\\\/14\\\/prezes-utk-w-kpsit\\\/\",\"name\":\"Prezes UTK w KPSiT - Katedra Pojazd\u00f3w Szynowych i Transportu\",\"isPartOf\":{\"@id\":\"https:\\\/\\\/m8.mech.pk.edu.pl\\\/#website\"},\"primaryImageOfPage\":{\"@id\":\"https:\\\/\\\/m8.mech.pk.edu.pl\\\/index.php\\\/2024\\\/09\\\/14\\\/prezes-utk-w-kpsit\\\/#primaryimage\"},\"image\":{\"@id\":\"https:\\\/\\\/m8.mech.pk.edu.pl\\\/index.php\\\/2024\\\/09\\\/14\\\/prezes-utk-w-kpsit\\\/#primaryimage\"},\"thumbnailUrl\":\"https:\\\/\\\/m8.mech.pk.edu.pl\\\/wp-content\\\/uploads\\\/2024\\\/09\\\/20240913_133958-1.jpg\",\"datePublished\":\"2024-09-14T09:47:14+00:00\",\"dateModified\":\"2024-09-30T19:47:50+00:00\",\"breadcrumb\":{\"@id\":\"https:\\\/\\\/m8.mech.pk.edu.pl\\\/index.php\\\/2024\\\/09\\\/14\\\/prezes-utk-w-kpsit\\\/#breadcrumb\"},\"inLanguage\":\"pl-PL\",\"potentialAction\":[{\"@type\":\"ReadAction\",\"target\":[\"https:\\\/\\\/m8.mech.pk.edu.pl\\\/index.php\\\/2024\\\/09\\\/14\\\/prezes-utk-w-kpsit\\\/\"]}]},{\"@type\":\"ImageObject\",\"inLanguage\":\"pl-PL\",\"@id\":\"https:\\\/\\\/m8.mech.pk.edu.pl\\\/index.php\\\/2024\\\/09\\\/14\\\/prezes-utk-w-kpsit\\\/#primaryimage\",\"url\":\"https:\\\/\\\/m8.mech.pk.edu.pl\\\/wp-content\\\/uploads\\\/2024\\\/09\\\/20240913_133958-1.jpg\",\"contentUrl\":\"https:\\\/\\\/m8.mech.pk.edu.pl\\\/wp-content\\\/uploads\\\/2024\\\/09\\\/20240913_133958-1.jpg\",\"width\":1000,\"height\":714},{\"@type\":\"BreadcrumbList\",\"@id\":\"https:\\\/\\\/m8.mech.pk.edu.pl\\\/index.php\\\/2024\\\/09\\\/14\\\/prezes-utk-w-kpsit\\\/#breadcrumb\",\"itemListElement\":[{\"@type\":\"ListItem\",\"position\":1,\"name\":\"Strona g\u0142\u00f3wna\",\"item\":\"https:\\\/\\\/m8.mech.pk.edu.pl\\\/\"},{\"@type\":\"ListItem\",\"position\":2,\"name\":\"Prezes UTK w KPSiT\"}]},{\"@type\":\"WebSite\",\"@id\":\"https:\\\/\\\/m8.mech.pk.edu.pl\\\/#website\",\"url\":\"https:\\\/\\\/m8.mech.pk.edu.pl\\\/\",\"name\":\"Katedra Pojazd\u00f3w Szynowych i Transportu\",\"description\":\"Katedra Pojazd\u00f3w Szynowych i Transportu Politechniki Krakowskiej na Wydziale Mechanicznym\",\"publisher\":{\"@id\":\"https:\\\/\\\/m8.mech.pk.edu.pl\\\/#organization\"},\"potentialAction\":[{\"@type\":\"SearchAction\",\"target\":{\"@type\":\"EntryPoint\",\"urlTemplate\":\"https:\\\/\\\/m8.mech.pk.edu.pl\\\/?s={search_term_string}\"},\"query-input\":{\"@type\":\"PropertyValueSpecification\",\"valueRequired\":true,\"valueName\":\"search_term_string\"}}],\"inLanguage\":\"pl-PL\"},{\"@type\":\"Organization\",\"@id\":\"https:\\\/\\\/m8.mech.pk.edu.pl\\\/#organization\",\"name\":\"Katedra Pojazd\u00f3w Szynowych\",\"url\":\"https:\\\/\\\/m8.mech.pk.edu.pl\\\/\",\"logo\":{\"@type\":\"ImageObject\",\"inLanguage\":\"pl-PL\",\"@id\":\"https:\\\/\\\/m8.mech.pk.edu.pl\\\/#\\\/schema\\\/logo\\\/image\\\/\",\"url\":\"https:\\\/\\\/m8.mech.pk.edu.pl\\\/wp-content\\\/uploads\\\/2021\\\/01\\\/logo-mail-kpsit.png\",\"contentUrl\":\"https:\\\/\\\/m8.mech.pk.edu.pl\\\/wp-content\\\/uploads\\\/2021\\\/01\\\/logo-mail-kpsit.png\",\"width\":300,\"height\":119,\"caption\":\"Katedra Pojazd\u00f3w Szynowych\"},\"image\":{\"@id\":\"https:\\\/\\\/m8.mech.pk.edu.pl\\\/#\\\/schema\\\/logo\\\/image\\\/\"},\"sameAs\":[\"https:\\\/\\\/facebook.com\\\/KPSzTPK\",\"https:\\\/\\\/www.youtube.com\\\/channel\\\/UCen3PQ3fl3ry92o_lHkyVaQ\"]},{\"@type\":\"Person\",\"@id\":\"https:\\\/\\\/m8.mech.pk.edu.pl\\\/#\\\/schema\\\/person\\\/d8f6c9a11add49a79e366c6d4261d14e\",\"name\":\"Maciej\",\"image\":{\"@type\":\"ImageObject\",\"inLanguage\":\"pl-PL\",\"@id\":\"https:\\\/\\\/secure.gravatar.com\\\/avatar\\\/5a17b3a5a44d4dca9d48ed0eccafb488c6c54063f627f848184a92807a97590b?s=96&d=mm&r=g\",\"url\":\"https:\\\/\\\/secure.gravatar.com\\\/avatar\\\/5a17b3a5a44d4dca9d48ed0eccafb488c6c54063f627f848184a92807a97590b?s=96&d=mm&r=g\",\"contentUrl\":\"https:\\\/\\\/secure.gravatar.com\\\/avatar\\\/5a17b3a5a44d4dca9d48ed0eccafb488c6c54063f627f848184a92807a97590b?s=96&d=mm&r=g\",\"caption\":\"Maciej\"}}]}<\/script>\n<!-- \/ Yoast SEO plugin. -->","yoast_head_json":{"title":"Prezes UTK w KPSiT - Katedra Pojazd\u00f3w Szynowych i Transportu","robots":{"index":"index","follow":"follow","max-snippet":"max-snippet:-1","max-image-preview":"max-image-preview:large","max-video-preview":"max-video-preview:-1"},"canonical":"https:\/\/m8.mech.pk.edu.pl\/index.php\/2024\/09\/14\/prezes-utk-w-kpsit\/","og_locale":"pl_PL","og_type":"article","og_title":"Prezes UTK w KPSiT - Katedra Pojazd\u00f3w Szynowych i Transportu","og_description":"13.09.2024 nasz\u0105 Katedr\u0119 odwiedzi\u0142 szczeg\u00f3lny Go\u015b\u0107 &#8211; Pan dr in\u017c. Ignacy G\u00f3ra &#8211; Prezes Urz\u0119du Transportu Kolejowego. Podczas wizyty om\u00f3wiono dotychczasow\u0105 wsp\u00f3\u0142prac\u0119 w obszarze dydaktycznym, kadrowym i badawczym m.in. w ramach inicjatywy, w sprawie rozwoju kultury bezpiecze\u0144stwa w transporcie kolejowym.Pan Prezes Ignacy G\u00f3ra jest pomys\u0142odawc\u0105 i wsp\u00f3\u0142tw\u00f3rc\u0105 Centrum Egzaminowania i Monitorowania Maszynist\u00f3w w Warszawie (https:\/\/utk.gov.pl\/pl\/cemm), [&hellip;]","og_url":"https:\/\/m8.mech.pk.edu.pl\/index.php\/2024\/09\/14\/prezes-utk-w-kpsit\/","og_site_name":"Katedra Pojazd\u00f3w Szynowych i Transportu","article_publisher":"https:\/\/facebook.com\/KPSzTPK","article_published_time":"2024-09-14T09:47:14+00:00","article_modified_time":"2024-09-30T19:47:50+00:00","og_image":[{"width":1000,"height":714,"url":"https:\/\/m8.mech.pk.edu.pl\/wp-content\/uploads\/2024\/09\/20240913_133958-1.jpg","type":"image\/jpeg"}],"author":"Maciej","twitter_card":"summary_large_image","twitter_misc":{"Napisane przez":"Maciej","Szacowany czas czytania":"2 minuty"},"schema":{"@context":"https:\/\/schema.org","@graph":[{"@type":"Article","@id":"https:\/\/m8.mech.pk.edu.pl\/index.php\/2024\/09\/14\/prezes-utk-w-kpsit\/#article","isPartOf":{"@id":"https:\/\/m8.mech.pk.edu.pl\/index.php\/2024\/09\/14\/prezes-utk-w-kpsit\/"},"author":{"name":"Maciej","@id":"https:\/\/m8.mech.pk.edu.pl\/#\/schema\/person\/d8f6c9a11add49a79e366c6d4261d14e"},"headline":"Prezes UTK w KPSiT","datePublished":"2024-09-14T09:47:14+00:00","dateModified":"2024-09-30T19:47:50+00:00","mainEntityOfPage":{"@id":"https:\/\/m8.mech.pk.edu.pl\/index.php\/2024\/09\/14\/prezes-utk-w-kpsit\/"},"wordCount":151,"publisher":{"@id":"https:\/\/m8.mech.pk.edu.pl\/#organization"},"image":{"@id":"https:\/\/m8.mech.pk.edu.pl\/index.php\/2024\/09\/14\/prezes-utk-w-kpsit\/#primaryimage"},"thumbnailUrl":"https:\/\/m8.mech.pk.edu.pl\/wp-content\/uploads\/2024\/09\/20240913_133958-1.jpg","inLanguage":"pl-PL"},{"@type":"WebPage","@id":"https:\/\/m8.mech.pk.edu.pl\/index.php\/2024\/09\/14\/prezes-utk-w-kpsit\/","url":"https:\/\/m8.mech.pk.edu.pl\/index.php\/2024\/09\/14\/prezes-utk-w-kpsit\/","name":"Prezes UTK w KPSiT - Katedra Pojazd\u00f3w Szynowych i Transportu","isPartOf":{"@id":"https:\/\/m8.mech.pk.edu.pl\/#website"},"primaryImageOfPage":{"@id":"https:\/\/m8.mech.pk.edu.pl\/index.php\/2024\/09\/14\/prezes-utk-w-kpsit\/#primaryimage"},"image":{"@id":"https:\/\/m8.mech.pk.edu.pl\/index.php\/2024\/09\/14\/prezes-utk-w-kpsit\/#primaryimage"},"thumbnailUrl":"https:\/\/m8.mech.pk.edu.pl\/wp-content\/uploads\/2024\/09\/20240913_133958-1.jpg","datePublished":"2024-09-14T09:47:14+00:00","dateModified":"2024-09-30T19:47:50+00:00","breadcrumb":{"@id":"https:\/\/m8.mech.pk.edu.pl\/index.php\/2024\/09\/14\/prezes-utk-w-kpsit\/#breadcrumb"},"inLanguage":"pl-PL","potentialAction":[{"@type":"ReadAction","target":["https:\/\/m8.mech.pk.edu.pl\/index.php\/2024\/09\/14\/prezes-utk-w-kpsit\/"]}]},{"@type":"ImageObject","inLanguage":"pl-PL","@id":"https:\/\/m8.mech.pk.edu.pl\/index.php\/2024\/09\/14\/prezes-utk-w-kpsit\/#primaryimage","url":"https:\/\/m8.mech.pk.edu.pl\/wp-content\/uploads\/2024\/09\/20240913_133958-1.jpg","contentUrl":"https:\/\/m8.mech.pk.edu.pl\/wp-content\/uploads\/2024\/09\/20240913_133958-1.jpg","width":1000,"height":714},{"@type":"BreadcrumbList","@id":"https:\/\/m8.mech.pk.edu.pl\/index.php\/2024\/09\/14\/prezes-utk-w-kpsit\/#breadcrumb","itemListElement":[{"@type":"ListItem","position":1,"name":"Strona g\u0142\u00f3wna","item":"https:\/\/m8.mech.pk.edu.pl\/"},{"@type":"ListItem","position":2,"name":"Prezes UTK w KPSiT"}]},{"@type":"WebSite","@id":"https:\/\/m8.mech.pk.edu.pl\/#website","url":"https:\/\/m8.mech.pk.edu.pl\/","name":"Katedra Pojazd\u00f3w Szynowych i Transportu","description":"Katedra Pojazd\u00f3w Szynowych i Transportu Politechniki Krakowskiej na Wydziale Mechanicznym","publisher":{"@id":"https:\/\/m8.mech.pk.edu.pl\/#organization"},"potentialAction":[{"@type":"SearchAction","target":{"@type":"EntryPoint","urlTemplate":"https:\/\/m8.mech.pk.edu.pl\/?s={search_term_string}"},"query-input":{"@type":"PropertyValueSpecification","valueRequired":true,"valueName":"search_term_string"}}],"inLanguage":"pl-PL"},{"@type":"Organization","@id":"https:\/\/m8.mech.pk.edu.pl\/#organization","name":"Katedra Pojazd\u00f3w Szynowych","url":"https:\/\/m8.mech.pk.edu.pl\/","logo":{"@type":"ImageObject","inLanguage":"pl-PL","@id":"https:\/\/m8.mech.pk.edu.pl\/#\/schema\/logo\/image\/","url":"https:\/\/m8.mech.pk.edu.pl\/wp-content\/uploads\/2021\/01\/logo-mail-kpsit.png","contentUrl":"https:\/\/m8.mech.pk.edu.pl\/wp-content\/uploads\/2021\/01\/logo-mail-kpsit.png","width":300,"height":119,"caption":"Katedra Pojazd\u00f3w Szynowych"},"image":{"@id":"https:\/\/m8.mech.pk.edu.pl\/#\/schema\/logo\/image\/"},"sameAs":["https:\/\/facebook.com\/KPSzTPK","https:\/\/www.youtube.com\/channel\/UCen3PQ3fl3ry92o_lHkyVaQ"]},{"@type":"Person","@id":"https:\/\/m8.mech.pk.edu.pl\/#\/schema\/person\/d8f6c9a11add49a79e366c6d4261d14e","name":"Maciej","image":{"@type":"ImageObject","inLanguage":"pl-PL","@id":"https:\/\/secure.gravatar.com\/avatar\/5a17b3a5a44d4dca9d48ed0eccafb488c6c54063f627f848184a92807a97590b?s=96&d=mm&r=g","url":"https:\/\/secure.gravatar.com\/avatar\/5a17b3a5a44d4dca9d48ed0eccafb488c6c54063f627f848184a92807a97590b?s=96&d=mm&r=g","contentUrl":"https:\/\/secure.gravatar.com\/avatar\/5a17b3a5a44d4dca9d48ed0eccafb488c6c54063f627f848184a92807a97590b?s=96&d=mm&r=g","caption":"Maciej"}}]}},"_links":{"self":[{"href":"https:\/\/m8.mech.pk.edu.pl\/index.php\/wp-json\/wp\/v2\/posts\/5307","targetHints":{"allow":["GET"]}}],"collection":[{"href":"https:\/\/m8.mech.pk.edu.pl\/index.php\/wp-json\/wp\/v2\/posts"}],"about":[{"href":"https:\/\/m8.mech.pk.edu.pl\/index.php\/wp-json\/wp\/v2\/types\/post"}],"author":[{"embeddable":true,"href":"https:\/\/m8.mech.pk.edu.pl\/index.php\/wp-json\/wp\/v2\/users\/5"}],"replies":[{"embeddable":true,"href":"https:\/\/m8.mech.pk.edu.pl\/index.php\/wp-json\/wp\/v2\/comments?post=5307"}],"version-history":[{"count":3,"href":"https:\/\/m8.mech.pk.edu.pl\/index.php\/wp-json\/wp\/v2\/posts\/5307\/revisions"}],"predecessor-version":[{"id":5349,"href":"https:\/\/m8.mech.pk.edu.pl\/index.php\/wp-json\/wp\/v2\/posts\/5307\/revisions\/5349"}],"wp:featuredmedia":[{"embeddable":true,"href":"https:\/\/m8.mech.pk.edu.pl\/index.php\/wp-json\/wp\/v2\/media\/5310"}],"wp:attachment":[{"href":"https:\/\/m8.mech.pk.edu.pl\/index.php\/wp-json\/wp\/v2\/media?parent=5307"}],"wp:term":[{"taxonomy":"category","embeddable":true,"href":"https:\/\/m8.mech.pk.edu.pl\/index.php\/wp-json\/wp\/v2\/categories?post=5307"},{"taxonomy":"post_tag","embeddable":true,"href":"https:\/\/m8.mech.pk.edu.pl\/index.php\/wp-json\/wp\/v2\/tags?post=5307"}],"curies":[{"name":"wp","href":"https:\/\/api.w.org\/{rel}","templated":true}]}}