{"id":5289,"date":"2024-09-06T21:09:51","date_gmt":"2024-09-06T19:09:51","guid":{"rendered":"https:\/\/m8.mech.pk.edu.pl\/?p=5289"},"modified":"2024-09-30T21:48:31","modified_gmt":"2024-09-30T19:48:31","slug":"przedstawiciele-kpsit-na-forum-ekonomicznym","status":"publish","type":"post","link":"https:\/\/m8.mech.pk.edu.pl\/index.php\/2024\/09\/06\/przedstawiciele-kpsit-na-forum-ekonomicznym\/","title":{"rendered":"Przedstawiciele KPSiT na Forum Ekonomicznym"},"content":{"rendered":"\n<p>Z wielk\u0105 przyjemno\u015bci\u0105 informujemy, \u017ce w dniach 3-5.09.2024 dr hab. in\u017c. Maciej Szkoda, prof. PK oraz dr in\u017c. Maciej Michnej reprezentowali nasz\u0105 Katedr\u0119 na XXXIII Forum Ekonomicznym w Karpaczu. Poza inicjowaniem kontakt\u00f3w spo\u0142eczno-gospodarczych odpowiedzialni byli za koordynacj\u0119 i udzia\u0142 merytoryczny w trzech panelach dyskusyjnych:<br>1. \u201eWod\u00f3r &#8211; paliwo przysz\u0142o\u015bci\u201d \u2013 moderator prof. dr hab. in\u017c. Marek Brze\u017ca\u0144ski, Wydzia\u0142 Mechaniczny PK<br>2. \u201eInnowacyjne \u015brodki nap\u0119du &#8211; jak zmieni si\u0119 transport?\u201d \u2013 moderator prof. dr hab. in\u017c. Marek Brze\u017ca\u0144ski, Wydzia\u0142 Mechaniczny PK<br>3. \u201eEkologiczne miasta przysz\u0142o\u015bci: integracja natury i urbanistyki\u201d \u2013 moderator dr hab. in\u017c. arch. Rafa\u0142 Blazy, Wydzia\u0142 Architektury PK.<br>Wi\u0119cej informacji o wydarzeniach Politechniki Krakowskiej na Forum mo\u017cna znale\u017a\u0107 w dedykowanym serwisie: <a href=\"https:\/\/lnkd.in\/dfBuR6Zs\">https:\/\/lnkd.in\/dfBuR6Zs<\/a><\/p>\n\n\n\n<!--more-->\n\n\n\n<figure class=\"wp-block-gallery has-nested-images columns-4 is-cropped wp-block-gallery-1 is-layout-flex wp-block-gallery-is-layout-flex\">\n<figure class=\"wp-block-image size-large\"><a href=\"https:\/\/m8.mech.pk.edu.pl\/wp-content\/uploads\/2024\/09\/kapracz2024.jpg\"><img loading=\"lazy\" decoding=\"async\" width=\"1024\" height=\"678\" data-id=\"5292\" src=\"https:\/\/m8.mech.pk.edu.pl\/wp-content\/uploads\/2024\/09\/kapracz2024-1024x678.jpg\" alt=\"\" class=\"wp-image-5292\" srcset=\"https:\/\/m8.mech.pk.edu.pl\/wp-content\/uploads\/2024\/09\/kapracz2024-1024x678.jpg 1024w, https:\/\/m8.mech.pk.edu.pl\/wp-content\/uploads\/2024\/09\/kapracz2024-300x199.jpg 300w, https:\/\/m8.mech.pk.edu.pl\/wp-content\/uploads\/2024\/09\/kapracz2024-768x508.jpg 768w, https:\/\/m8.mech.pk.edu.pl\/wp-content\/uploads\/2024\/09\/kapracz2024.jpg 1500w\" sizes=\"auto, (max-width: 1024px) 100vw, 1024px\" \/><\/a><\/figure>\n\n\n\n<figure class=\"wp-block-image size-large\"><a href=\"https:\/\/m8.mech.pk.edu.pl\/wp-content\/uploads\/2024\/09\/458395109_1070977451695079_258545678134726150_n.jpg\"><img loading=\"lazy\" decoding=\"async\" width=\"1024\" height=\"733\" data-id=\"5290\" src=\"https:\/\/m8.mech.pk.edu.pl\/wp-content\/uploads\/2024\/09\/458395109_1070977451695079_258545678134726150_n-1024x733.jpg\" alt=\"\" class=\"wp-image-5290\" srcset=\"https:\/\/m8.mech.pk.edu.pl\/wp-content\/uploads\/2024\/09\/458395109_1070977451695079_258545678134726150_n-1024x733.jpg 1024w, https:\/\/m8.mech.pk.edu.pl\/wp-content\/uploads\/2024\/09\/458395109_1070977451695079_258545678134726150_n-300x215.jpg 300w, https:\/\/m8.mech.pk.edu.pl\/wp-content\/uploads\/2024\/09\/458395109_1070977451695079_258545678134726150_n-768x550.jpg 768w, https:\/\/m8.mech.pk.edu.pl\/wp-content\/uploads\/2024\/09\/458395109_1070977451695079_258545678134726150_n.jpg 1202w\" sizes=\"auto, (max-width: 1024px) 100vw, 1024px\" \/><\/a><\/figure>\n\n\n\n<figure class=\"wp-block-image size-large\"><a href=\"https:\/\/m8.mech.pk.edu.pl\/wp-content\/uploads\/2024\/09\/458548800_1070977478361743_7223296606407560343_n.jpg\"><img loading=\"lazy\" decoding=\"async\" width=\"1024\" height=\"682\" data-id=\"5291\" src=\"https:\/\/m8.mech.pk.edu.pl\/wp-content\/uploads\/2024\/09\/458548800_1070977478361743_7223296606407560343_n-1024x682.jpg\" alt=\"\" class=\"wp-image-5291\" srcset=\"https:\/\/m8.mech.pk.edu.pl\/wp-content\/uploads\/2024\/09\/458548800_1070977478361743_7223296606407560343_n-1024x682.jpg 1024w, https:\/\/m8.mech.pk.edu.pl\/wp-content\/uploads\/2024\/09\/458548800_1070977478361743_7223296606407560343_n-300x200.jpg 300w, https:\/\/m8.mech.pk.edu.pl\/wp-content\/uploads\/2024\/09\/458548800_1070977478361743_7223296606407560343_n-768x512.jpg 768w, https:\/\/m8.mech.pk.edu.pl\/wp-content\/uploads\/2024\/09\/458548800_1070977478361743_7223296606407560343_n-1536x1024.jpg 1536w, https:\/\/m8.mech.pk.edu.pl\/wp-content\/uploads\/2024\/09\/458548800_1070977478361743_7223296606407560343_n.jpg 2000w\" sizes=\"auto, (max-width: 1024px) 100vw, 1024px\" \/><\/a><\/figure>\n\n\n\n<figure class=\"wp-block-image size-large\"><a href=\"https:\/\/m8.mech.pk.edu.pl\/wp-content\/uploads\/2024\/09\/457528275_931228239023357_3247488723743076842_n-1024x768-1.jpg\"><img loading=\"lazy\" decoding=\"async\" width=\"1024\" height=\"768\" data-id=\"5294\" src=\"https:\/\/m8.mech.pk.edu.pl\/wp-content\/uploads\/2024\/09\/457528275_931228239023357_3247488723743076842_n-1024x768-1.jpg\" alt=\"\" class=\"wp-image-5294\" srcset=\"https:\/\/m8.mech.pk.edu.pl\/wp-content\/uploads\/2024\/09\/457528275_931228239023357_3247488723743076842_n-1024x768-1.jpg 1024w, https:\/\/m8.mech.pk.edu.pl\/wp-content\/uploads\/2024\/09\/457528275_931228239023357_3247488723743076842_n-1024x768-1-300x225.jpg 300w, https:\/\/m8.mech.pk.edu.pl\/wp-content\/uploads\/2024\/09\/457528275_931228239023357_3247488723743076842_n-1024x768-1-768x576.jpg 768w\" sizes=\"auto, (max-width: 1024px) 100vw, 1024px\" \/><\/a><\/figure>\n<\/figure>\n\n\n\n<p><\/p>\n","protected":false},"excerpt":{"rendered":"<p>Z wielk\u0105 przyjemno\u015bci\u0105 informujemy, \u017ce w dniach 3-5.09.2024 dr hab. in\u017c. Maciej Szkoda, prof. PK oraz dr in\u017c. Maciej Michnej reprezentowali nasz\u0105 Katedr\u0119 na XXXIII Forum Ekonomicznym w Karpaczu. Poza inicjowaniem kontakt\u00f3w spo\u0142eczno-gospodarczych odpowiedzialni byli za koordynacj\u0119 i udzia\u0142 merytoryczny w trzech panelach dyskusyjnych:1. \u201eWod\u00f3r &#8211; paliwo przysz\u0142o\u015bci\u201d \u2013 moderator prof. dr hab. in\u017c. Marek [&hellip;]<\/p>\n","protected":false},"author":5,"featured_media":5290,"comment_status":"closed","ping_status":"open","sticky":false,"template":"","format":"standard","meta":{"footnotes":""},"categories":[1],"tags":[],"class_list":["post-5289","post","type-post","status-publish","format-standard","has-post-thumbnail","hentry","category-bez-kategorii"],"yoast_head":"<!-- This site is optimized with the Yoast SEO plugin v27.5 - https:\/\/yoast.com\/product\/yoast-seo-wordpress\/ -->\n<title>Przedstawiciele KPSiT na Forum Ekonomicznym - Katedra Pojazd\u00f3w Szynowych i Transportu<\/title>\n<meta name=\"robots\" content=\"index, follow, max-snippet:-1, max-image-preview:large, max-video-preview:-1\" \/>\n<link rel=\"canonical\" href=\"https:\/\/m8.mech.pk.edu.pl\/index.php\/2024\/09\/06\/przedstawiciele-kpsit-na-forum-ekonomicznym\/\" \/>\n<meta property=\"og:locale\" content=\"pl_PL\" \/>\n<meta property=\"og:type\" content=\"article\" \/>\n<meta property=\"og:title\" content=\"Przedstawiciele KPSiT na Forum Ekonomicznym - Katedra Pojazd\u00f3w Szynowych i Transportu\" \/>\n<meta property=\"og:description\" content=\"Z wielk\u0105 przyjemno\u015bci\u0105 informujemy, \u017ce w dniach 3-5.09.2024 dr hab. in\u017c. Maciej Szkoda, prof. PK oraz dr in\u017c. Maciej Michnej reprezentowali nasz\u0105 Katedr\u0119 na XXXIII Forum Ekonomicznym w Karpaczu. Poza inicjowaniem kontakt\u00f3w spo\u0142eczno-gospodarczych odpowiedzialni byli za koordynacj\u0119 i udzia\u0142 merytoryczny w trzech panelach dyskusyjnych:1. \u201eWod\u00f3r &#8211; paliwo przysz\u0142o\u015bci\u201d \u2013 moderator prof. dr hab. in\u017c. Marek [&hellip;]\" \/>\n<meta property=\"og:url\" content=\"https:\/\/m8.mech.pk.edu.pl\/index.php\/2024\/09\/06\/przedstawiciele-kpsit-na-forum-ekonomicznym\/\" \/>\n<meta property=\"og:site_name\" content=\"Katedra Pojazd\u00f3w Szynowych i Transportu\" \/>\n<meta property=\"article:publisher\" content=\"https:\/\/facebook.com\/KPSzTPK\" \/>\n<meta property=\"article:published_time\" content=\"2024-09-06T19:09:51+00:00\" \/>\n<meta property=\"article:modified_time\" content=\"2024-09-30T19:48:31+00:00\" \/>\n<meta property=\"og:image\" content=\"https:\/\/m8.mech.pk.edu.pl\/wp-content\/uploads\/2024\/09\/458395109_1070977451695079_258545678134726150_n.jpg\" \/>\n\t<meta property=\"og:image:width\" content=\"1202\" \/>\n\t<meta property=\"og:image:height\" content=\"861\" \/>\n\t<meta property=\"og:image:type\" content=\"image\/jpeg\" \/>\n<meta name=\"author\" content=\"Maciej\" \/>\n<meta name=\"twitter:card\" content=\"summary_large_image\" \/>\n<meta name=\"twitter:label1\" content=\"Napisane przez\" \/>\n\t<meta name=\"twitter:data1\" content=\"Maciej\" \/>\n\t<meta name=\"twitter:label2\" content=\"Szacowany czas czytania\" \/>\n\t<meta name=\"twitter:data2\" content=\"2 minuty\" \/>\n<script type=\"application\/ld+json\" class=\"yoast-schema-graph\">{\"@context\":\"https:\\\/\\\/schema.org\",\"@graph\":[{\"@type\":\"Article\",\"@id\":\"https:\\\/\\\/m8.mech.pk.edu.pl\\\/index.php\\\/2024\\\/09\\\/06\\\/przedstawiciele-kpsit-na-forum-ekonomicznym\\\/#article\",\"isPartOf\":{\"@id\":\"https:\\\/\\\/m8.mech.pk.edu.pl\\\/index.php\\\/2024\\\/09\\\/06\\\/przedstawiciele-kpsit-na-forum-ekonomicznym\\\/\"},\"author\":{\"name\":\"Maciej\",\"@id\":\"https:\\\/\\\/m8.mech.pk.edu.pl\\\/#\\\/schema\\\/person\\\/d8f6c9a11add49a79e366c6d4261d14e\"},\"headline\":\"Przedstawiciele KPSiT na Forum Ekonomicznym\",\"datePublished\":\"2024-09-06T19:09:51+00:00\",\"dateModified\":\"2024-09-30T19:48:31+00:00\",\"mainEntityOfPage\":{\"@id\":\"https:\\\/\\\/m8.mech.pk.edu.pl\\\/index.php\\\/2024\\\/09\\\/06\\\/przedstawiciele-kpsit-na-forum-ekonomicznym\\\/\"},\"wordCount\":131,\"publisher\":{\"@id\":\"https:\\\/\\\/m8.mech.pk.edu.pl\\\/#organization\"},\"image\":{\"@id\":\"https:\\\/\\\/m8.mech.pk.edu.pl\\\/index.php\\\/2024\\\/09\\\/06\\\/przedstawiciele-kpsit-na-forum-ekonomicznym\\\/#primaryimage\"},\"thumbnailUrl\":\"https:\\\/\\\/m8.mech.pk.edu.pl\\\/wp-content\\\/uploads\\\/2024\\\/09\\\/458395109_1070977451695079_258545678134726150_n.jpg\",\"inLanguage\":\"pl-PL\"},{\"@type\":\"WebPage\",\"@id\":\"https:\\\/\\\/m8.mech.pk.edu.pl\\\/index.php\\\/2024\\\/09\\\/06\\\/przedstawiciele-kpsit-na-forum-ekonomicznym\\\/\",\"url\":\"https:\\\/\\\/m8.mech.pk.edu.pl\\\/index.php\\\/2024\\\/09\\\/06\\\/przedstawiciele-kpsit-na-forum-ekonomicznym\\\/\",\"name\":\"Przedstawiciele KPSiT na Forum Ekonomicznym - Katedra Pojazd\u00f3w Szynowych i Transportu\",\"isPartOf\":{\"@id\":\"https:\\\/\\\/m8.mech.pk.edu.pl\\\/#website\"},\"primaryImageOfPage\":{\"@id\":\"https:\\\/\\\/m8.mech.pk.edu.pl\\\/index.php\\\/2024\\\/09\\\/06\\\/przedstawiciele-kpsit-na-forum-ekonomicznym\\\/#primaryimage\"},\"image\":{\"@id\":\"https:\\\/\\\/m8.mech.pk.edu.pl\\\/index.php\\\/2024\\\/09\\\/06\\\/przedstawiciele-kpsit-na-forum-ekonomicznym\\\/#primaryimage\"},\"thumbnailUrl\":\"https:\\\/\\\/m8.mech.pk.edu.pl\\\/wp-content\\\/uploads\\\/2024\\\/09\\\/458395109_1070977451695079_258545678134726150_n.jpg\",\"datePublished\":\"2024-09-06T19:09:51+00:00\",\"dateModified\":\"2024-09-30T19:48:31+00:00\",\"breadcrumb\":{\"@id\":\"https:\\\/\\\/m8.mech.pk.edu.pl\\\/index.php\\\/2024\\\/09\\\/06\\\/przedstawiciele-kpsit-na-forum-ekonomicznym\\\/#breadcrumb\"},\"inLanguage\":\"pl-PL\",\"potentialAction\":[{\"@type\":\"ReadAction\",\"target\":[\"https:\\\/\\\/m8.mech.pk.edu.pl\\\/index.php\\\/2024\\\/09\\\/06\\\/przedstawiciele-kpsit-na-forum-ekonomicznym\\\/\"]}]},{\"@type\":\"ImageObject\",\"inLanguage\":\"pl-PL\",\"@id\":\"https:\\\/\\\/m8.mech.pk.edu.pl\\\/index.php\\\/2024\\\/09\\\/06\\\/przedstawiciele-kpsit-na-forum-ekonomicznym\\\/#primaryimage\",\"url\":\"https:\\\/\\\/m8.mech.pk.edu.pl\\\/wp-content\\\/uploads\\\/2024\\\/09\\\/458395109_1070977451695079_258545678134726150_n.jpg\",\"contentUrl\":\"https:\\\/\\\/m8.mech.pk.edu.pl\\\/wp-content\\\/uploads\\\/2024\\\/09\\\/458395109_1070977451695079_258545678134726150_n.jpg\",\"width\":1202,\"height\":861},{\"@type\":\"BreadcrumbList\",\"@id\":\"https:\\\/\\\/m8.mech.pk.edu.pl\\\/index.php\\\/2024\\\/09\\\/06\\\/przedstawiciele-kpsit-na-forum-ekonomicznym\\\/#breadcrumb\",\"itemListElement\":[{\"@type\":\"ListItem\",\"position\":1,\"name\":\"Strona g\u0142\u00f3wna\",\"item\":\"https:\\\/\\\/m8.mech.pk.edu.pl\\\/\"},{\"@type\":\"ListItem\",\"position\":2,\"name\":\"Przedstawiciele KPSiT na Forum Ekonomicznym\"}]},{\"@type\":\"WebSite\",\"@id\":\"https:\\\/\\\/m8.mech.pk.edu.pl\\\/#website\",\"url\":\"https:\\\/\\\/m8.mech.pk.edu.pl\\\/\",\"name\":\"Katedra Pojazd\u00f3w Szynowych i Transportu\",\"description\":\"Katedra Pojazd\u00f3w Szynowych i Transportu Politechniki Krakowskiej na Wydziale Mechanicznym\",\"publisher\":{\"@id\":\"https:\\\/\\\/m8.mech.pk.edu.pl\\\/#organization\"},\"potentialAction\":[{\"@type\":\"SearchAction\",\"target\":{\"@type\":\"EntryPoint\",\"urlTemplate\":\"https:\\\/\\\/m8.mech.pk.edu.pl\\\/?s={search_term_string}\"},\"query-input\":{\"@type\":\"PropertyValueSpecification\",\"valueRequired\":true,\"valueName\":\"search_term_string\"}}],\"inLanguage\":\"pl-PL\"},{\"@type\":\"Organization\",\"@id\":\"https:\\\/\\\/m8.mech.pk.edu.pl\\\/#organization\",\"name\":\"Katedra Pojazd\u00f3w Szynowych\",\"url\":\"https:\\\/\\\/m8.mech.pk.edu.pl\\\/\",\"logo\":{\"@type\":\"ImageObject\",\"inLanguage\":\"pl-PL\",\"@id\":\"https:\\\/\\\/m8.mech.pk.edu.pl\\\/#\\\/schema\\\/logo\\\/image\\\/\",\"url\":\"https:\\\/\\\/m8.mech.pk.edu.pl\\\/wp-content\\\/uploads\\\/2021\\\/01\\\/logo-mail-kpsit.png\",\"contentUrl\":\"https:\\\/\\\/m8.mech.pk.edu.pl\\\/wp-content\\\/uploads\\\/2021\\\/01\\\/logo-mail-kpsit.png\",\"width\":300,\"height\":119,\"caption\":\"Katedra Pojazd\u00f3w Szynowych\"},\"image\":{\"@id\":\"https:\\\/\\\/m8.mech.pk.edu.pl\\\/#\\\/schema\\\/logo\\\/image\\\/\"},\"sameAs\":[\"https:\\\/\\\/facebook.com\\\/KPSzTPK\",\"https:\\\/\\\/www.youtube.com\\\/channel\\\/UCen3PQ3fl3ry92o_lHkyVaQ\"]},{\"@type\":\"Person\",\"@id\":\"https:\\\/\\\/m8.mech.pk.edu.pl\\\/#\\\/schema\\\/person\\\/d8f6c9a11add49a79e366c6d4261d14e\",\"name\":\"Maciej\",\"image\":{\"@type\":\"ImageObject\",\"inLanguage\":\"pl-PL\",\"@id\":\"https:\\\/\\\/secure.gravatar.com\\\/avatar\\\/5a17b3a5a44d4dca9d48ed0eccafb488c6c54063f627f848184a92807a97590b?s=96&d=mm&r=g\",\"url\":\"https:\\\/\\\/secure.gravatar.com\\\/avatar\\\/5a17b3a5a44d4dca9d48ed0eccafb488c6c54063f627f848184a92807a97590b?s=96&d=mm&r=g\",\"contentUrl\":\"https:\\\/\\\/secure.gravatar.com\\\/avatar\\\/5a17b3a5a44d4dca9d48ed0eccafb488c6c54063f627f848184a92807a97590b?s=96&d=mm&r=g\",\"caption\":\"Maciej\"}}]}<\/script>\n<!-- \/ Yoast SEO plugin. -->","yoast_head_json":{"title":"Przedstawiciele KPSiT na Forum Ekonomicznym - Katedra Pojazd\u00f3w Szynowych i Transportu","robots":{"index":"index","follow":"follow","max-snippet":"max-snippet:-1","max-image-preview":"max-image-preview:large","max-video-preview":"max-video-preview:-1"},"canonical":"https:\/\/m8.mech.pk.edu.pl\/index.php\/2024\/09\/06\/przedstawiciele-kpsit-na-forum-ekonomicznym\/","og_locale":"pl_PL","og_type":"article","og_title":"Przedstawiciele KPSiT na Forum Ekonomicznym - Katedra Pojazd\u00f3w Szynowych i Transportu","og_description":"Z wielk\u0105 przyjemno\u015bci\u0105 informujemy, \u017ce w dniach 3-5.09.2024 dr hab. in\u017c. Maciej Szkoda, prof. PK oraz dr in\u017c. Maciej Michnej reprezentowali nasz\u0105 Katedr\u0119 na XXXIII Forum Ekonomicznym w Karpaczu. Poza inicjowaniem kontakt\u00f3w spo\u0142eczno-gospodarczych odpowiedzialni byli za koordynacj\u0119 i udzia\u0142 merytoryczny w trzech panelach dyskusyjnych:1. \u201eWod\u00f3r &#8211; paliwo przysz\u0142o\u015bci\u201d \u2013 moderator prof. dr hab. in\u017c. Marek [&hellip;]","og_url":"https:\/\/m8.mech.pk.edu.pl\/index.php\/2024\/09\/06\/przedstawiciele-kpsit-na-forum-ekonomicznym\/","og_site_name":"Katedra Pojazd\u00f3w Szynowych i Transportu","article_publisher":"https:\/\/facebook.com\/KPSzTPK","article_published_time":"2024-09-06T19:09:51+00:00","article_modified_time":"2024-09-30T19:48:31+00:00","og_image":[{"width":1202,"height":861,"url":"https:\/\/m8.mech.pk.edu.pl\/wp-content\/uploads\/2024\/09\/458395109_1070977451695079_258545678134726150_n.jpg","type":"image\/jpeg"}],"author":"Maciej","twitter_card":"summary_large_image","twitter_misc":{"Napisane przez":"Maciej","Szacowany czas czytania":"2 minuty"},"schema":{"@context":"https:\/\/schema.org","@graph":[{"@type":"Article","@id":"https:\/\/m8.mech.pk.edu.pl\/index.php\/2024\/09\/06\/przedstawiciele-kpsit-na-forum-ekonomicznym\/#article","isPartOf":{"@id":"https:\/\/m8.mech.pk.edu.pl\/index.php\/2024\/09\/06\/przedstawiciele-kpsit-na-forum-ekonomicznym\/"},"author":{"name":"Maciej","@id":"https:\/\/m8.mech.pk.edu.pl\/#\/schema\/person\/d8f6c9a11add49a79e366c6d4261d14e"},"headline":"Przedstawiciele KPSiT na Forum Ekonomicznym","datePublished":"2024-09-06T19:09:51+00:00","dateModified":"2024-09-30T19:48:31+00:00","mainEntityOfPage":{"@id":"https:\/\/m8.mech.pk.edu.pl\/index.php\/2024\/09\/06\/przedstawiciele-kpsit-na-forum-ekonomicznym\/"},"wordCount":131,"publisher":{"@id":"https:\/\/m8.mech.pk.edu.pl\/#organization"},"image":{"@id":"https:\/\/m8.mech.pk.edu.pl\/index.php\/2024\/09\/06\/przedstawiciele-kpsit-na-forum-ekonomicznym\/#primaryimage"},"thumbnailUrl":"https:\/\/m8.mech.pk.edu.pl\/wp-content\/uploads\/2024\/09\/458395109_1070977451695079_258545678134726150_n.jpg","inLanguage":"pl-PL"},{"@type":"WebPage","@id":"https:\/\/m8.mech.pk.edu.pl\/index.php\/2024\/09\/06\/przedstawiciele-kpsit-na-forum-ekonomicznym\/","url":"https:\/\/m8.mech.pk.edu.pl\/index.php\/2024\/09\/06\/przedstawiciele-kpsit-na-forum-ekonomicznym\/","name":"Przedstawiciele KPSiT na Forum Ekonomicznym - Katedra Pojazd\u00f3w Szynowych i Transportu","isPartOf":{"@id":"https:\/\/m8.mech.pk.edu.pl\/#website"},"primaryImageOfPage":{"@id":"https:\/\/m8.mech.pk.edu.pl\/index.php\/2024\/09\/06\/przedstawiciele-kpsit-na-forum-ekonomicznym\/#primaryimage"},"image":{"@id":"https:\/\/m8.mech.pk.edu.pl\/index.php\/2024\/09\/06\/przedstawiciele-kpsit-na-forum-ekonomicznym\/#primaryimage"},"thumbnailUrl":"https:\/\/m8.mech.pk.edu.pl\/wp-content\/uploads\/2024\/09\/458395109_1070977451695079_258545678134726150_n.jpg","datePublished":"2024-09-06T19:09:51+00:00","dateModified":"2024-09-30T19:48:31+00:00","breadcrumb":{"@id":"https:\/\/m8.mech.pk.edu.pl\/index.php\/2024\/09\/06\/przedstawiciele-kpsit-na-forum-ekonomicznym\/#breadcrumb"},"inLanguage":"pl-PL","potentialAction":[{"@type":"ReadAction","target":["https:\/\/m8.mech.pk.edu.pl\/index.php\/2024\/09\/06\/przedstawiciele-kpsit-na-forum-ekonomicznym\/"]}]},{"@type":"ImageObject","inLanguage":"pl-PL","@id":"https:\/\/m8.mech.pk.edu.pl\/index.php\/2024\/09\/06\/przedstawiciele-kpsit-na-forum-ekonomicznym\/#primaryimage","url":"https:\/\/m8.mech.pk.edu.pl\/wp-content\/uploads\/2024\/09\/458395109_1070977451695079_258545678134726150_n.jpg","contentUrl":"https:\/\/m8.mech.pk.edu.pl\/wp-content\/uploads\/2024\/09\/458395109_1070977451695079_258545678134726150_n.jpg","width":1202,"height":861},{"@type":"BreadcrumbList","@id":"https:\/\/m8.mech.pk.edu.pl\/index.php\/2024\/09\/06\/przedstawiciele-kpsit-na-forum-ekonomicznym\/#breadcrumb","itemListElement":[{"@type":"ListItem","position":1,"name":"Strona g\u0142\u00f3wna","item":"https:\/\/m8.mech.pk.edu.pl\/"},{"@type":"ListItem","position":2,"name":"Przedstawiciele KPSiT na Forum Ekonomicznym"}]},{"@type":"WebSite","@id":"https:\/\/m8.mech.pk.edu.pl\/#website","url":"https:\/\/m8.mech.pk.edu.pl\/","name":"Katedra Pojazd\u00f3w Szynowych i Transportu","description":"Katedra Pojazd\u00f3w Szynowych i Transportu Politechniki Krakowskiej na Wydziale Mechanicznym","publisher":{"@id":"https:\/\/m8.mech.pk.edu.pl\/#organization"},"potentialAction":[{"@type":"SearchAction","target":{"@type":"EntryPoint","urlTemplate":"https:\/\/m8.mech.pk.edu.pl\/?s={search_term_string}"},"query-input":{"@type":"PropertyValueSpecification","valueRequired":true,"valueName":"search_term_string"}}],"inLanguage":"pl-PL"},{"@type":"Organization","@id":"https:\/\/m8.mech.pk.edu.pl\/#organization","name":"Katedra Pojazd\u00f3w Szynowych","url":"https:\/\/m8.mech.pk.edu.pl\/","logo":{"@type":"ImageObject","inLanguage":"pl-PL","@id":"https:\/\/m8.mech.pk.edu.pl\/#\/schema\/logo\/image\/","url":"https:\/\/m8.mech.pk.edu.pl\/wp-content\/uploads\/2021\/01\/logo-mail-kpsit.png","contentUrl":"https:\/\/m8.mech.pk.edu.pl\/wp-content\/uploads\/2021\/01\/logo-mail-kpsit.png","width":300,"height":119,"caption":"Katedra Pojazd\u00f3w Szynowych"},"image":{"@id":"https:\/\/m8.mech.pk.edu.pl\/#\/schema\/logo\/image\/"},"sameAs":["https:\/\/facebook.com\/KPSzTPK","https:\/\/www.youtube.com\/channel\/UCen3PQ3fl3ry92o_lHkyVaQ"]},{"@type":"Person","@id":"https:\/\/m8.mech.pk.edu.pl\/#\/schema\/person\/d8f6c9a11add49a79e366c6d4261d14e","name":"Maciej","image":{"@type":"ImageObject","inLanguage":"pl-PL","@id":"https:\/\/secure.gravatar.com\/avatar\/5a17b3a5a44d4dca9d48ed0eccafb488c6c54063f627f848184a92807a97590b?s=96&d=mm&r=g","url":"https:\/\/secure.gravatar.com\/avatar\/5a17b3a5a44d4dca9d48ed0eccafb488c6c54063f627f848184a92807a97590b?s=96&d=mm&r=g","contentUrl":"https:\/\/secure.gravatar.com\/avatar\/5a17b3a5a44d4dca9d48ed0eccafb488c6c54063f627f848184a92807a97590b?s=96&d=mm&r=g","caption":"Maciej"}}]}},"_links":{"self":[{"href":"https:\/\/m8.mech.pk.edu.pl\/index.php\/wp-json\/wp\/v2\/posts\/5289","targetHints":{"allow":["GET"]}}],"collection":[{"href":"https:\/\/m8.mech.pk.edu.pl\/index.php\/wp-json\/wp\/v2\/posts"}],"about":[{"href":"https:\/\/m8.mech.pk.edu.pl\/index.php\/wp-json\/wp\/v2\/types\/post"}],"author":[{"embeddable":true,"href":"https:\/\/m8.mech.pk.edu.pl\/index.php\/wp-json\/wp\/v2\/users\/5"}],"replies":[{"embeddable":true,"href":"https:\/\/m8.mech.pk.edu.pl\/index.php\/wp-json\/wp\/v2\/comments?post=5289"}],"version-history":[{"count":3,"href":"https:\/\/m8.mech.pk.edu.pl\/index.php\/wp-json\/wp\/v2\/posts\/5289\/revisions"}],"predecessor-version":[{"id":5351,"href":"https:\/\/m8.mech.pk.edu.pl\/index.php\/wp-json\/wp\/v2\/posts\/5289\/revisions\/5351"}],"wp:featuredmedia":[{"embeddable":true,"href":"https:\/\/m8.mech.pk.edu.pl\/index.php\/wp-json\/wp\/v2\/media\/5290"}],"wp:attachment":[{"href":"https:\/\/m8.mech.pk.edu.pl\/index.php\/wp-json\/wp\/v2\/media?parent=5289"}],"wp:term":[{"taxonomy":"category","embeddable":true,"href":"https:\/\/m8.mech.pk.edu.pl\/index.php\/wp-json\/wp\/v2\/categories?post=5289"},{"taxonomy":"post_tag","embeddable":true,"href":"https:\/\/m8.mech.pk.edu.pl\/index.php\/wp-json\/wp\/v2\/tags?post=5289"}],"curies":[{"name":"wp","href":"https:\/\/api.w.org\/{rel}","templated":true}]}}