{"id":5008,"date":"2024-03-20T20:22:32","date_gmt":"2024-03-20T19:22:32","guid":{"rendered":"https:\/\/m8.mech.pk.edu.pl\/?p=5008"},"modified":"2024-03-20T20:22:32","modified_gmt":"2024-03-20T19:22:32","slug":"kolejne-szkolenia-przyszlych-motorniczych-dla-mpk-sa","status":"publish","type":"post","link":"https:\/\/m8.mech.pk.edu.pl\/index.php\/2024\/03\/20\/kolejne-szkolenia-przyszlych-motorniczych-dla-mpk-sa\/","title":{"rendered":"Kolejne szkolenia przysz\u0142ych motorniczych dla MPK SA"},"content":{"rendered":"\n<p>W dniu 20 marca 2024 rozpocz\u0119li\u015bmy jazdy szkoleniowe z osobami odbywaj\u0105cymi kolejny kurs na motorniczych w Miejskim Przedsi\u0119biorstwie Komunikacyjnym SA w Krakowie. Szkolenie 24 os\u00f3b b\u0119dzie trwa\u0142o do wtorku 26 marca. Podczas jazd kursantki i kursanci zapoznaj\u0105 si\u0119 z podstawowymi zasadami dotycz\u0105cymi prowadzenia tramwaj\u00f3w, utrwalaj\u0105 obowi\u0105zuj\u0105ce przepisy i zmierzaj\u0105 si\u0119 z sytuacjami nietypowymi, dzi\u0119ki czemu s\u0105 lepiej przygotowani do rozpocz\u0119cia jazd wagonami nauki jazdy, a docelowo przysz\u0142ej pracy zawodowej.<\/p>\n\n\n\n<!--more-->\n\n\n\n<p>Szkolenia kandydat\u00f3w z wykorzystaniem symulatora prowadzone s\u0105 po raz pierwszy w Polsce od 2021 roku na mocy podpisanej umowy pomi\u0119dzy nasz\u0105 uczelni\u0105, a krakowskim przewo\u017anikiem. To ju\u017c 9 z kolei kurs, po kt\u00f3rego uko\u0144czeniu pula przeszklonych os\u00f3b powi\u0119kszy si\u0119 a\u017c do 178. <\/p>\n\n\n\n<figure class=\"wp-block-image size-full is-resized\"><img loading=\"lazy\" decoding=\"async\" width=\"600\" height=\"528\" src=\"https:\/\/m8.mech.pk.edu.pl\/wp-content\/uploads\/2024\/03\/mpk-kurs9.jpg\" alt=\"\" class=\"wp-image-5009\" style=\"width:375px;height:auto\" srcset=\"https:\/\/m8.mech.pk.edu.pl\/wp-content\/uploads\/2024\/03\/mpk-kurs9.jpg 600w, https:\/\/m8.mech.pk.edu.pl\/wp-content\/uploads\/2024\/03\/mpk-kurs9-300x264.jpg 300w\" sizes=\"auto, (max-width: 600px) 100vw, 600px\" \/><\/figure>\n","protected":false},"excerpt":{"rendered":"<p>W dniu 20 marca 2024 rozpocz\u0119li\u015bmy jazdy szkoleniowe z osobami odbywaj\u0105cymi kolejny kurs na motorniczych w Miejskim Przedsi\u0119biorstwie Komunikacyjnym SA w Krakowie. Szkolenie 24 os\u00f3b b\u0119dzie trwa\u0142o do wtorku 26 marca. Podczas jazd kursantki i kursanci zapoznaj\u0105 si\u0119 z podstawowymi zasadami dotycz\u0105cymi prowadzenia tramwaj\u00f3w, utrwalaj\u0105 obowi\u0105zuj\u0105ce przepisy i zmierzaj\u0105 si\u0119 z sytuacjami nietypowymi, dzi\u0119ki czemu [&hellip;]<\/p>\n","protected":false},"author":5,"featured_media":5009,"comment_status":"closed","ping_status":"open","sticky":false,"template":"","format":"standard","meta":{"footnotes":""},"categories":[1],"tags":[],"class_list":["post-5008","post","type-post","status-publish","format-standard","has-post-thumbnail","hentry","category-bez-kategorii"],"yoast_head":"<!-- This site is optimized with the Yoast SEO plugin v27.5 - https:\/\/yoast.com\/product\/yoast-seo-wordpress\/ -->\n<title>Kolejne szkolenia przysz\u0142ych motorniczych dla MPK SA - Katedra Pojazd\u00f3w Szynowych i Transportu<\/title>\n<meta name=\"robots\" content=\"index, follow, max-snippet:-1, max-image-preview:large, max-video-preview:-1\" \/>\n<link rel=\"canonical\" href=\"https:\/\/m8.mech.pk.edu.pl\/index.php\/2024\/03\/20\/kolejne-szkolenia-przyszlych-motorniczych-dla-mpk-sa\/\" \/>\n<meta property=\"og:locale\" content=\"pl_PL\" \/>\n<meta property=\"og:type\" content=\"article\" \/>\n<meta property=\"og:title\" content=\"Kolejne szkolenia przysz\u0142ych motorniczych dla MPK SA - Katedra Pojazd\u00f3w Szynowych i Transportu\" \/>\n<meta property=\"og:description\" content=\"W dniu 20 marca 2024 rozpocz\u0119li\u015bmy jazdy szkoleniowe z osobami odbywaj\u0105cymi kolejny kurs na motorniczych w Miejskim Przedsi\u0119biorstwie Komunikacyjnym SA w Krakowie. Szkolenie 24 os\u00f3b b\u0119dzie trwa\u0142o do wtorku 26 marca. Podczas jazd kursantki i kursanci zapoznaj\u0105 si\u0119 z podstawowymi zasadami dotycz\u0105cymi prowadzenia tramwaj\u00f3w, utrwalaj\u0105 obowi\u0105zuj\u0105ce przepisy i zmierzaj\u0105 si\u0119 z sytuacjami nietypowymi, dzi\u0119ki czemu [&hellip;]\" \/>\n<meta property=\"og:url\" content=\"https:\/\/m8.mech.pk.edu.pl\/index.php\/2024\/03\/20\/kolejne-szkolenia-przyszlych-motorniczych-dla-mpk-sa\/\" \/>\n<meta property=\"og:site_name\" content=\"Katedra Pojazd\u00f3w Szynowych i Transportu\" \/>\n<meta property=\"article:publisher\" content=\"https:\/\/facebook.com\/KPSzTPK\" \/>\n<meta property=\"article:published_time\" content=\"2024-03-20T19:22:32+00:00\" \/>\n<meta property=\"og:image\" content=\"https:\/\/m8.mech.pk.edu.pl\/wp-content\/uploads\/2024\/03\/mpk-kurs9.jpg\" \/>\n\t<meta property=\"og:image:width\" content=\"600\" \/>\n\t<meta property=\"og:image:height\" content=\"528\" \/>\n\t<meta property=\"og:image:type\" content=\"image\/jpeg\" \/>\n<meta name=\"author\" content=\"Maciej\" \/>\n<meta name=\"twitter:card\" content=\"summary_large_image\" \/>\n<meta name=\"twitter:label1\" content=\"Napisane przez\" \/>\n\t<meta name=\"twitter:data1\" content=\"Maciej\" \/>\n\t<meta name=\"twitter:label2\" content=\"Szacowany czas czytania\" \/>\n\t<meta name=\"twitter:data2\" content=\"2 minuty\" \/>\n<script type=\"application\/ld+json\" class=\"yoast-schema-graph\">{\"@context\":\"https:\\\/\\\/schema.org\",\"@graph\":[{\"@type\":\"Article\",\"@id\":\"https:\\\/\\\/m8.mech.pk.edu.pl\\\/index.php\\\/2024\\\/03\\\/20\\\/kolejne-szkolenia-przyszlych-motorniczych-dla-mpk-sa\\\/#article\",\"isPartOf\":{\"@id\":\"https:\\\/\\\/m8.mech.pk.edu.pl\\\/index.php\\\/2024\\\/03\\\/20\\\/kolejne-szkolenia-przyszlych-motorniczych-dla-mpk-sa\\\/\"},\"author\":{\"name\":\"Maciej\",\"@id\":\"https:\\\/\\\/m8.mech.pk.edu.pl\\\/#\\\/schema\\\/person\\\/d8f6c9a11add49a79e366c6d4261d14e\"},\"headline\":\"Kolejne szkolenia przysz\u0142ych motorniczych dla MPK SA\",\"datePublished\":\"2024-03-20T19:22:32+00:00\",\"mainEntityOfPage\":{\"@id\":\"https:\\\/\\\/m8.mech.pk.edu.pl\\\/index.php\\\/2024\\\/03\\\/20\\\/kolejne-szkolenia-przyszlych-motorniczych-dla-mpk-sa\\\/\"},\"wordCount\":133,\"publisher\":{\"@id\":\"https:\\\/\\\/m8.mech.pk.edu.pl\\\/#organization\"},\"image\":{\"@id\":\"https:\\\/\\\/m8.mech.pk.edu.pl\\\/index.php\\\/2024\\\/03\\\/20\\\/kolejne-szkolenia-przyszlych-motorniczych-dla-mpk-sa\\\/#primaryimage\"},\"thumbnailUrl\":\"https:\\\/\\\/m8.mech.pk.edu.pl\\\/wp-content\\\/uploads\\\/2024\\\/03\\\/mpk-kurs9.jpg\",\"inLanguage\":\"pl-PL\"},{\"@type\":\"WebPage\",\"@id\":\"https:\\\/\\\/m8.mech.pk.edu.pl\\\/index.php\\\/2024\\\/03\\\/20\\\/kolejne-szkolenia-przyszlych-motorniczych-dla-mpk-sa\\\/\",\"url\":\"https:\\\/\\\/m8.mech.pk.edu.pl\\\/index.php\\\/2024\\\/03\\\/20\\\/kolejne-szkolenia-przyszlych-motorniczych-dla-mpk-sa\\\/\",\"name\":\"Kolejne szkolenia przysz\u0142ych motorniczych dla MPK SA - Katedra Pojazd\u00f3w Szynowych i Transportu\",\"isPartOf\":{\"@id\":\"https:\\\/\\\/m8.mech.pk.edu.pl\\\/#website\"},\"primaryImageOfPage\":{\"@id\":\"https:\\\/\\\/m8.mech.pk.edu.pl\\\/index.php\\\/2024\\\/03\\\/20\\\/kolejne-szkolenia-przyszlych-motorniczych-dla-mpk-sa\\\/#primaryimage\"},\"image\":{\"@id\":\"https:\\\/\\\/m8.mech.pk.edu.pl\\\/index.php\\\/2024\\\/03\\\/20\\\/kolejne-szkolenia-przyszlych-motorniczych-dla-mpk-sa\\\/#primaryimage\"},\"thumbnailUrl\":\"https:\\\/\\\/m8.mech.pk.edu.pl\\\/wp-content\\\/uploads\\\/2024\\\/03\\\/mpk-kurs9.jpg\",\"datePublished\":\"2024-03-20T19:22:32+00:00\",\"breadcrumb\":{\"@id\":\"https:\\\/\\\/m8.mech.pk.edu.pl\\\/index.php\\\/2024\\\/03\\\/20\\\/kolejne-szkolenia-przyszlych-motorniczych-dla-mpk-sa\\\/#breadcrumb\"},\"inLanguage\":\"pl-PL\",\"potentialAction\":[{\"@type\":\"ReadAction\",\"target\":[\"https:\\\/\\\/m8.mech.pk.edu.pl\\\/index.php\\\/2024\\\/03\\\/20\\\/kolejne-szkolenia-przyszlych-motorniczych-dla-mpk-sa\\\/\"]}]},{\"@type\":\"ImageObject\",\"inLanguage\":\"pl-PL\",\"@id\":\"https:\\\/\\\/m8.mech.pk.edu.pl\\\/index.php\\\/2024\\\/03\\\/20\\\/kolejne-szkolenia-przyszlych-motorniczych-dla-mpk-sa\\\/#primaryimage\",\"url\":\"https:\\\/\\\/m8.mech.pk.edu.pl\\\/wp-content\\\/uploads\\\/2024\\\/03\\\/mpk-kurs9.jpg\",\"contentUrl\":\"https:\\\/\\\/m8.mech.pk.edu.pl\\\/wp-content\\\/uploads\\\/2024\\\/03\\\/mpk-kurs9.jpg\",\"width\":600,\"height\":528},{\"@type\":\"BreadcrumbList\",\"@id\":\"https:\\\/\\\/m8.mech.pk.edu.pl\\\/index.php\\\/2024\\\/03\\\/20\\\/kolejne-szkolenia-przyszlych-motorniczych-dla-mpk-sa\\\/#breadcrumb\",\"itemListElement\":[{\"@type\":\"ListItem\",\"position\":1,\"name\":\"Strona g\u0142\u00f3wna\",\"item\":\"https:\\\/\\\/m8.mech.pk.edu.pl\\\/\"},{\"@type\":\"ListItem\",\"position\":2,\"name\":\"Kolejne szkolenia przysz\u0142ych motorniczych dla MPK SA\"}]},{\"@type\":\"WebSite\",\"@id\":\"https:\\\/\\\/m8.mech.pk.edu.pl\\\/#website\",\"url\":\"https:\\\/\\\/m8.mech.pk.edu.pl\\\/\",\"name\":\"Katedra Pojazd\u00f3w Szynowych i Transportu\",\"description\":\"Katedra Pojazd\u00f3w Szynowych i Transportu Politechniki Krakowskiej na Wydziale Mechanicznym\",\"publisher\":{\"@id\":\"https:\\\/\\\/m8.mech.pk.edu.pl\\\/#organization\"},\"potentialAction\":[{\"@type\":\"SearchAction\",\"target\":{\"@type\":\"EntryPoint\",\"urlTemplate\":\"https:\\\/\\\/m8.mech.pk.edu.pl\\\/?s={search_term_string}\"},\"query-input\":{\"@type\":\"PropertyValueSpecification\",\"valueRequired\":true,\"valueName\":\"search_term_string\"}}],\"inLanguage\":\"pl-PL\"},{\"@type\":\"Organization\",\"@id\":\"https:\\\/\\\/m8.mech.pk.edu.pl\\\/#organization\",\"name\":\"Katedra Pojazd\u00f3w Szynowych\",\"url\":\"https:\\\/\\\/m8.mech.pk.edu.pl\\\/\",\"logo\":{\"@type\":\"ImageObject\",\"inLanguage\":\"pl-PL\",\"@id\":\"https:\\\/\\\/m8.mech.pk.edu.pl\\\/#\\\/schema\\\/logo\\\/image\\\/\",\"url\":\"https:\\\/\\\/m8.mech.pk.edu.pl\\\/wp-content\\\/uploads\\\/2021\\\/01\\\/logo-mail-kpsit.png\",\"contentUrl\":\"https:\\\/\\\/m8.mech.pk.edu.pl\\\/wp-content\\\/uploads\\\/2021\\\/01\\\/logo-mail-kpsit.png\",\"width\":300,\"height\":119,\"caption\":\"Katedra Pojazd\u00f3w Szynowych\"},\"image\":{\"@id\":\"https:\\\/\\\/m8.mech.pk.edu.pl\\\/#\\\/schema\\\/logo\\\/image\\\/\"},\"sameAs\":[\"https:\\\/\\\/facebook.com\\\/KPSzTPK\",\"https:\\\/\\\/www.youtube.com\\\/channel\\\/UCen3PQ3fl3ry92o_lHkyVaQ\"]},{\"@type\":\"Person\",\"@id\":\"https:\\\/\\\/m8.mech.pk.edu.pl\\\/#\\\/schema\\\/person\\\/d8f6c9a11add49a79e366c6d4261d14e\",\"name\":\"Maciej\",\"image\":{\"@type\":\"ImageObject\",\"inLanguage\":\"pl-PL\",\"@id\":\"https:\\\/\\\/secure.gravatar.com\\\/avatar\\\/5a17b3a5a44d4dca9d48ed0eccafb488c6c54063f627f848184a92807a97590b?s=96&d=mm&r=g\",\"url\":\"https:\\\/\\\/secure.gravatar.com\\\/avatar\\\/5a17b3a5a44d4dca9d48ed0eccafb488c6c54063f627f848184a92807a97590b?s=96&d=mm&r=g\",\"contentUrl\":\"https:\\\/\\\/secure.gravatar.com\\\/avatar\\\/5a17b3a5a44d4dca9d48ed0eccafb488c6c54063f627f848184a92807a97590b?s=96&d=mm&r=g\",\"caption\":\"Maciej\"}}]}<\/script>\n<!-- \/ Yoast SEO plugin. -->","yoast_head_json":{"title":"Kolejne szkolenia przysz\u0142ych motorniczych dla MPK SA - Katedra Pojazd\u00f3w Szynowych i Transportu","robots":{"index":"index","follow":"follow","max-snippet":"max-snippet:-1","max-image-preview":"max-image-preview:large","max-video-preview":"max-video-preview:-1"},"canonical":"https:\/\/m8.mech.pk.edu.pl\/index.php\/2024\/03\/20\/kolejne-szkolenia-przyszlych-motorniczych-dla-mpk-sa\/","og_locale":"pl_PL","og_type":"article","og_title":"Kolejne szkolenia przysz\u0142ych motorniczych dla MPK SA - Katedra Pojazd\u00f3w Szynowych i Transportu","og_description":"W dniu 20 marca 2024 rozpocz\u0119li\u015bmy jazdy szkoleniowe z osobami odbywaj\u0105cymi kolejny kurs na motorniczych w Miejskim Przedsi\u0119biorstwie Komunikacyjnym SA w Krakowie. Szkolenie 24 os\u00f3b b\u0119dzie trwa\u0142o do wtorku 26 marca. Podczas jazd kursantki i kursanci zapoznaj\u0105 si\u0119 z podstawowymi zasadami dotycz\u0105cymi prowadzenia tramwaj\u00f3w, utrwalaj\u0105 obowi\u0105zuj\u0105ce przepisy i zmierzaj\u0105 si\u0119 z sytuacjami nietypowymi, dzi\u0119ki czemu [&hellip;]","og_url":"https:\/\/m8.mech.pk.edu.pl\/index.php\/2024\/03\/20\/kolejne-szkolenia-przyszlych-motorniczych-dla-mpk-sa\/","og_site_name":"Katedra Pojazd\u00f3w Szynowych i Transportu","article_publisher":"https:\/\/facebook.com\/KPSzTPK","article_published_time":"2024-03-20T19:22:32+00:00","og_image":[{"width":600,"height":528,"url":"https:\/\/m8.mech.pk.edu.pl\/wp-content\/uploads\/2024\/03\/mpk-kurs9.jpg","type":"image\/jpeg"}],"author":"Maciej","twitter_card":"summary_large_image","twitter_misc":{"Napisane przez":"Maciej","Szacowany czas czytania":"2 minuty"},"schema":{"@context":"https:\/\/schema.org","@graph":[{"@type":"Article","@id":"https:\/\/m8.mech.pk.edu.pl\/index.php\/2024\/03\/20\/kolejne-szkolenia-przyszlych-motorniczych-dla-mpk-sa\/#article","isPartOf":{"@id":"https:\/\/m8.mech.pk.edu.pl\/index.php\/2024\/03\/20\/kolejne-szkolenia-przyszlych-motorniczych-dla-mpk-sa\/"},"author":{"name":"Maciej","@id":"https:\/\/m8.mech.pk.edu.pl\/#\/schema\/person\/d8f6c9a11add49a79e366c6d4261d14e"},"headline":"Kolejne szkolenia przysz\u0142ych motorniczych dla MPK SA","datePublished":"2024-03-20T19:22:32+00:00","mainEntityOfPage":{"@id":"https:\/\/m8.mech.pk.edu.pl\/index.php\/2024\/03\/20\/kolejne-szkolenia-przyszlych-motorniczych-dla-mpk-sa\/"},"wordCount":133,"publisher":{"@id":"https:\/\/m8.mech.pk.edu.pl\/#organization"},"image":{"@id":"https:\/\/m8.mech.pk.edu.pl\/index.php\/2024\/03\/20\/kolejne-szkolenia-przyszlych-motorniczych-dla-mpk-sa\/#primaryimage"},"thumbnailUrl":"https:\/\/m8.mech.pk.edu.pl\/wp-content\/uploads\/2024\/03\/mpk-kurs9.jpg","inLanguage":"pl-PL"},{"@type":"WebPage","@id":"https:\/\/m8.mech.pk.edu.pl\/index.php\/2024\/03\/20\/kolejne-szkolenia-przyszlych-motorniczych-dla-mpk-sa\/","url":"https:\/\/m8.mech.pk.edu.pl\/index.php\/2024\/03\/20\/kolejne-szkolenia-przyszlych-motorniczych-dla-mpk-sa\/","name":"Kolejne szkolenia przysz\u0142ych motorniczych dla MPK SA - Katedra Pojazd\u00f3w Szynowych i Transportu","isPartOf":{"@id":"https:\/\/m8.mech.pk.edu.pl\/#website"},"primaryImageOfPage":{"@id":"https:\/\/m8.mech.pk.edu.pl\/index.php\/2024\/03\/20\/kolejne-szkolenia-przyszlych-motorniczych-dla-mpk-sa\/#primaryimage"},"image":{"@id":"https:\/\/m8.mech.pk.edu.pl\/index.php\/2024\/03\/20\/kolejne-szkolenia-przyszlych-motorniczych-dla-mpk-sa\/#primaryimage"},"thumbnailUrl":"https:\/\/m8.mech.pk.edu.pl\/wp-content\/uploads\/2024\/03\/mpk-kurs9.jpg","datePublished":"2024-03-20T19:22:32+00:00","breadcrumb":{"@id":"https:\/\/m8.mech.pk.edu.pl\/index.php\/2024\/03\/20\/kolejne-szkolenia-przyszlych-motorniczych-dla-mpk-sa\/#breadcrumb"},"inLanguage":"pl-PL","potentialAction":[{"@type":"ReadAction","target":["https:\/\/m8.mech.pk.edu.pl\/index.php\/2024\/03\/20\/kolejne-szkolenia-przyszlych-motorniczych-dla-mpk-sa\/"]}]},{"@type":"ImageObject","inLanguage":"pl-PL","@id":"https:\/\/m8.mech.pk.edu.pl\/index.php\/2024\/03\/20\/kolejne-szkolenia-przyszlych-motorniczych-dla-mpk-sa\/#primaryimage","url":"https:\/\/m8.mech.pk.edu.pl\/wp-content\/uploads\/2024\/03\/mpk-kurs9.jpg","contentUrl":"https:\/\/m8.mech.pk.edu.pl\/wp-content\/uploads\/2024\/03\/mpk-kurs9.jpg","width":600,"height":528},{"@type":"BreadcrumbList","@id":"https:\/\/m8.mech.pk.edu.pl\/index.php\/2024\/03\/20\/kolejne-szkolenia-przyszlych-motorniczych-dla-mpk-sa\/#breadcrumb","itemListElement":[{"@type":"ListItem","position":1,"name":"Strona g\u0142\u00f3wna","item":"https:\/\/m8.mech.pk.edu.pl\/"},{"@type":"ListItem","position":2,"name":"Kolejne szkolenia przysz\u0142ych motorniczych dla MPK SA"}]},{"@type":"WebSite","@id":"https:\/\/m8.mech.pk.edu.pl\/#website","url":"https:\/\/m8.mech.pk.edu.pl\/","name":"Katedra Pojazd\u00f3w Szynowych i Transportu","description":"Katedra Pojazd\u00f3w Szynowych i Transportu Politechniki Krakowskiej na Wydziale Mechanicznym","publisher":{"@id":"https:\/\/m8.mech.pk.edu.pl\/#organization"},"potentialAction":[{"@type":"SearchAction","target":{"@type":"EntryPoint","urlTemplate":"https:\/\/m8.mech.pk.edu.pl\/?s={search_term_string}"},"query-input":{"@type":"PropertyValueSpecification","valueRequired":true,"valueName":"search_term_string"}}],"inLanguage":"pl-PL"},{"@type":"Organization","@id":"https:\/\/m8.mech.pk.edu.pl\/#organization","name":"Katedra Pojazd\u00f3w Szynowych","url":"https:\/\/m8.mech.pk.edu.pl\/","logo":{"@type":"ImageObject","inLanguage":"pl-PL","@id":"https:\/\/m8.mech.pk.edu.pl\/#\/schema\/logo\/image\/","url":"https:\/\/m8.mech.pk.edu.pl\/wp-content\/uploads\/2021\/01\/logo-mail-kpsit.png","contentUrl":"https:\/\/m8.mech.pk.edu.pl\/wp-content\/uploads\/2021\/01\/logo-mail-kpsit.png","width":300,"height":119,"caption":"Katedra Pojazd\u00f3w Szynowych"},"image":{"@id":"https:\/\/m8.mech.pk.edu.pl\/#\/schema\/logo\/image\/"},"sameAs":["https:\/\/facebook.com\/KPSzTPK","https:\/\/www.youtube.com\/channel\/UCen3PQ3fl3ry92o_lHkyVaQ"]},{"@type":"Person","@id":"https:\/\/m8.mech.pk.edu.pl\/#\/schema\/person\/d8f6c9a11add49a79e366c6d4261d14e","name":"Maciej","image":{"@type":"ImageObject","inLanguage":"pl-PL","@id":"https:\/\/secure.gravatar.com\/avatar\/5a17b3a5a44d4dca9d48ed0eccafb488c6c54063f627f848184a92807a97590b?s=96&d=mm&r=g","url":"https:\/\/secure.gravatar.com\/avatar\/5a17b3a5a44d4dca9d48ed0eccafb488c6c54063f627f848184a92807a97590b?s=96&d=mm&r=g","contentUrl":"https:\/\/secure.gravatar.com\/avatar\/5a17b3a5a44d4dca9d48ed0eccafb488c6c54063f627f848184a92807a97590b?s=96&d=mm&r=g","caption":"Maciej"}}]}},"_links":{"self":[{"href":"https:\/\/m8.mech.pk.edu.pl\/index.php\/wp-json\/wp\/v2\/posts\/5008","targetHints":{"allow":["GET"]}}],"collection":[{"href":"https:\/\/m8.mech.pk.edu.pl\/index.php\/wp-json\/wp\/v2\/posts"}],"about":[{"href":"https:\/\/m8.mech.pk.edu.pl\/index.php\/wp-json\/wp\/v2\/types\/post"}],"author":[{"embeddable":true,"href":"https:\/\/m8.mech.pk.edu.pl\/index.php\/wp-json\/wp\/v2\/users\/5"}],"replies":[{"embeddable":true,"href":"https:\/\/m8.mech.pk.edu.pl\/index.php\/wp-json\/wp\/v2\/comments?post=5008"}],"version-history":[{"count":1,"href":"https:\/\/m8.mech.pk.edu.pl\/index.php\/wp-json\/wp\/v2\/posts\/5008\/revisions"}],"predecessor-version":[{"id":5010,"href":"https:\/\/m8.mech.pk.edu.pl\/index.php\/wp-json\/wp\/v2\/posts\/5008\/revisions\/5010"}],"wp:featuredmedia":[{"embeddable":true,"href":"https:\/\/m8.mech.pk.edu.pl\/index.php\/wp-json\/wp\/v2\/media\/5009"}],"wp:attachment":[{"href":"https:\/\/m8.mech.pk.edu.pl\/index.php\/wp-json\/wp\/v2\/media?parent=5008"}],"wp:term":[{"taxonomy":"category","embeddable":true,"href":"https:\/\/m8.mech.pk.edu.pl\/index.php\/wp-json\/wp\/v2\/categories?post=5008"},{"taxonomy":"post_tag","embeddable":true,"href":"https:\/\/m8.mech.pk.edu.pl\/index.php\/wp-json\/wp\/v2\/tags?post=5008"}],"curies":[{"name":"wp","href":"https:\/\/api.w.org\/{rel}","templated":true}]}}