{"id":4994,"date":"2024-03-18T17:22:41","date_gmt":"2024-03-18T16:22:41","guid":{"rendered":"https:\/\/m8.mech.pk.edu.pl\/?p=4994"},"modified":"2024-03-18T17:24:31","modified_gmt":"2024-03-18T16:24:31","slug":"wystarczy-1-metr-i-akcja-edukacyjna-uwazaj-tramwaj","status":"publish","type":"post","link":"https:\/\/m8.mech.pk.edu.pl\/index.php\/2024\/03\/18\/wystarczy-1-metr-i-akcja-edukacyjna-uwazaj-tramwaj\/","title":{"rendered":"&#8222;Wystarczy 1 metr&#8221; i akcja edukacyjna &#8222;UWA\u017bAJ! TRAMWAJ!&#8221;"},"content":{"rendered":"\n<p>W dniach od 18 do 22 marca, na ulicach w centrum miasta patrole Stra\u017cy Miejskiej i inspektor\u00f3w ruchu krakowskiego MPK pilnuj\u0105, czy kierowcy samochod\u00f3w prawid\u0142owo parkuj\u0105 i nie blokuj\u0105 przejazdu przede wszystkim tramwajom. To ju\u017c kolejna edycja akcji krakowskiego przewo\u017anika pod has\u0142em \u201eWystarczy 1 metr\u201d. Jej celem jest cz\u0119sta kontrola ulic w centrum miasta, szczeg\u00f3lnie wok\u00f3\u0142 I Obwodnicy oraz ul. D\u0142ugiej, gdzie najcz\u0119\u015bciej dochodzi do blokowania tramwaj\u00f3w.&nbsp;W ramach dzia\u0142a\u0144 rozdawane s\u0105 r\u00f3wnie\u017c ulotki naszej akacji edukacyjnej: &#8222;UWA\u017bAJ! TRAMWAJ&#8221;.<\/p>\n\n\n\n<!--more-->\n\n\n\n<p>Wi\u0119cej informacji: <a href=\"https:\/\/www.mpk.krakow.pl\/pl\/aktualnosci\/news,10523,akcja-wystarczy-1-metr-w-centrum-miasta.html\" target=\"_blank\" rel=\"noreferrer noopener\">https:\/\/www.mpk.krakow.pl\/pl\/aktualnosci\/news,10523,akcja-wystarczy-1-metr-w-centrum-miasta.html <\/a> i <a href=\"https:\/\/m8.mech.pk.edu.pl\/uwazaj-tramwaj\" target=\"_blank\" rel=\"noreferrer noopener\">https:\/\/m8.mech.pk.edu.pl\/uwazaj-tramwaj <\/a><\/p>\n\n\n\n<figure class=\"wp-block-gallery has-nested-images columns-4 is-cropped wp-block-gallery-1 is-layout-flex wp-block-gallery-is-layout-flex\">\n<figure class=\"wp-block-image size-large\"><a href=\"https:\/\/m8.mech.pk.edu.pl\/wp-content\/uploads\/2024\/03\/MTAyNHg3Njgpsx_20240318_115553.jpg\" target=\"_blank\" rel=\"noreferrer noopener\"><img loading=\"lazy\" decoding=\"async\" width=\"1024\" height=\"682\" data-id=\"4999\" src=\"https:\/\/m8.mech.pk.edu.pl\/wp-content\/uploads\/2024\/03\/MTAyNHg3Njgpsx_20240318_115553.jpg\" alt=\"\" class=\"wp-image-4999\" srcset=\"https:\/\/m8.mech.pk.edu.pl\/wp-content\/uploads\/2024\/03\/MTAyNHg3Njgpsx_20240318_115553.jpg 1024w, https:\/\/m8.mech.pk.edu.pl\/wp-content\/uploads\/2024\/03\/MTAyNHg3Njgpsx_20240318_115553-300x200.jpg 300w, https:\/\/m8.mech.pk.edu.pl\/wp-content\/uploads\/2024\/03\/MTAyNHg3Njgpsx_20240318_115553-768x512.jpg 768w\" sizes=\"auto, (max-width: 1024px) 100vw, 1024px\" \/><\/a><\/figure>\n\n\n\n<figure class=\"wp-block-image size-large\"><a href=\"https:\/\/m8.mech.pk.edu.pl\/wp-content\/uploads\/2024\/03\/1710768910104.jpeg\" target=\"_blank\" rel=\"noreferrer noopener\"><img loading=\"lazy\" decoding=\"async\" width=\"800\" height=\"533\" data-id=\"4995\" src=\"https:\/\/m8.mech.pk.edu.pl\/wp-content\/uploads\/2024\/03\/1710768910104.jpeg\" alt=\"\" class=\"wp-image-4995\" srcset=\"https:\/\/m8.mech.pk.edu.pl\/wp-content\/uploads\/2024\/03\/1710768910104.jpeg 800w, https:\/\/m8.mech.pk.edu.pl\/wp-content\/uploads\/2024\/03\/1710768910104-300x200.jpeg 300w, https:\/\/m8.mech.pk.edu.pl\/wp-content\/uploads\/2024\/03\/1710768910104-768x512.jpeg 768w\" sizes=\"auto, (max-width: 800px) 100vw, 800px\" \/><\/a><\/figure>\n\n\n\n<figure class=\"wp-block-image size-large\"><a href=\"https:\/\/m8.mech.pk.edu.pl\/wp-content\/uploads\/2024\/03\/MTAyNHg3Njgpsx_20240318_115617.jpg\" target=\"_blank\" rel=\"noreferrer noopener\"><img loading=\"lazy\" decoding=\"async\" width=\"1024\" height=\"682\" data-id=\"4998\" src=\"https:\/\/m8.mech.pk.edu.pl\/wp-content\/uploads\/2024\/03\/MTAyNHg3Njgpsx_20240318_115617.jpg\" alt=\"\" class=\"wp-image-4998\" srcset=\"https:\/\/m8.mech.pk.edu.pl\/wp-content\/uploads\/2024\/03\/MTAyNHg3Njgpsx_20240318_115617.jpg 1024w, https:\/\/m8.mech.pk.edu.pl\/wp-content\/uploads\/2024\/03\/MTAyNHg3Njgpsx_20240318_115617-300x200.jpg 300w, https:\/\/m8.mech.pk.edu.pl\/wp-content\/uploads\/2024\/03\/MTAyNHg3Njgpsx_20240318_115617-768x512.jpg 768w\" sizes=\"auto, (max-width: 1024px) 100vw, 1024px\" \/><\/a><\/figure>\n\n\n\n<figure class=\"wp-block-image size-large\"><a href=\"https:\/\/m8.mech.pk.edu.pl\/wp-content\/uploads\/2024\/03\/MTAyNHg3Njgpsx_20240318_115659.jpg\" target=\"_blank\" rel=\"noreferrer noopener\"><img loading=\"lazy\" decoding=\"async\" width=\"1024\" height=\"682\" data-id=\"4997\" src=\"https:\/\/m8.mech.pk.edu.pl\/wp-content\/uploads\/2024\/03\/MTAyNHg3Njgpsx_20240318_115659.jpg\" alt=\"\" class=\"wp-image-4997\" srcset=\"https:\/\/m8.mech.pk.edu.pl\/wp-content\/uploads\/2024\/03\/MTAyNHg3Njgpsx_20240318_115659.jpg 1024w, https:\/\/m8.mech.pk.edu.pl\/wp-content\/uploads\/2024\/03\/MTAyNHg3Njgpsx_20240318_115659-300x200.jpg 300w, https:\/\/m8.mech.pk.edu.pl\/wp-content\/uploads\/2024\/03\/MTAyNHg3Njgpsx_20240318_115659-768x512.jpg 768w\" sizes=\"auto, (max-width: 1024px) 100vw, 1024px\" \/><\/a><\/figure>\n<\/figure>\n\n\n\n<p>Wszystkie fot.:  MPK SA w Krakowie<\/p>\n","protected":false},"excerpt":{"rendered":"<p>W dniach od 18 do 22 marca, na ulicach w centrum miasta patrole Stra\u017cy Miejskiej i inspektor\u00f3w ruchu krakowskiego MPK pilnuj\u0105, czy kierowcy samochod\u00f3w prawid\u0142owo parkuj\u0105 i nie blokuj\u0105 przejazdu przede wszystkim tramwajom. To ju\u017c kolejna edycja akcji krakowskiego przewo\u017anika pod has\u0142em \u201eWystarczy 1 metr\u201d. Jej celem jest cz\u0119sta kontrola ulic w centrum miasta, szczeg\u00f3lnie [&hellip;]<\/p>\n","protected":false},"author":5,"featured_media":4996,"comment_status":"closed","ping_status":"open","sticky":false,"template":"","format":"standard","meta":{"footnotes":""},"categories":[1],"tags":[],"class_list":["post-4994","post","type-post","status-publish","format-standard","has-post-thumbnail","hentry","category-bez-kategorii"],"yoast_head":"<!-- This site is optimized with the Yoast SEO plugin v27.5 - https:\/\/yoast.com\/product\/yoast-seo-wordpress\/ -->\n<title>&quot;Wystarczy 1 metr&quot; i akcja edukacyjna &quot;UWA\u017bAJ! TRAMWAJ!&quot; - Katedra Pojazd\u00f3w Szynowych i Transportu<\/title>\n<meta name=\"robots\" content=\"index, follow, max-snippet:-1, max-image-preview:large, max-video-preview:-1\" \/>\n<link rel=\"canonical\" href=\"https:\/\/m8.mech.pk.edu.pl\/index.php\/2024\/03\/18\/wystarczy-1-metr-i-akcja-edukacyjna-uwazaj-tramwaj\/\" \/>\n<meta property=\"og:locale\" content=\"pl_PL\" \/>\n<meta property=\"og:type\" content=\"article\" \/>\n<meta property=\"og:title\" content=\"&quot;Wystarczy 1 metr&quot; i akcja edukacyjna &quot;UWA\u017bAJ! TRAMWAJ!&quot; - Katedra Pojazd\u00f3w Szynowych i Transportu\" \/>\n<meta property=\"og:description\" content=\"W dniach od 18 do 22 marca, na ulicach w centrum miasta patrole Stra\u017cy Miejskiej i inspektor\u00f3w ruchu krakowskiego MPK pilnuj\u0105, czy kierowcy samochod\u00f3w prawid\u0142owo parkuj\u0105 i nie blokuj\u0105 przejazdu przede wszystkim tramwajom. To ju\u017c kolejna edycja akcji krakowskiego przewo\u017anika pod has\u0142em \u201eWystarczy 1 metr\u201d. Jej celem jest cz\u0119sta kontrola ulic w centrum miasta, szczeg\u00f3lnie [&hellip;]\" \/>\n<meta property=\"og:url\" content=\"https:\/\/m8.mech.pk.edu.pl\/index.php\/2024\/03\/18\/wystarczy-1-metr-i-akcja-edukacyjna-uwazaj-tramwaj\/\" \/>\n<meta property=\"og:site_name\" content=\"Katedra Pojazd\u00f3w Szynowych i Transportu\" \/>\n<meta property=\"article:publisher\" content=\"https:\/\/facebook.com\/KPSzTPK\" \/>\n<meta property=\"article:published_time\" content=\"2024-03-18T16:22:41+00:00\" \/>\n<meta property=\"article:modified_time\" content=\"2024-03-18T16:24:31+00:00\" \/>\n<meta property=\"og:image\" content=\"https:\/\/m8.mech.pk.edu.pl\/wp-content\/uploads\/2024\/03\/1710768911896.jpeg\" \/>\n\t<meta property=\"og:image:width\" content=\"800\" \/>\n\t<meta property=\"og:image:height\" content=\"533\" \/>\n\t<meta property=\"og:image:type\" content=\"image\/jpeg\" \/>\n<meta name=\"author\" content=\"Maciej\" \/>\n<meta name=\"twitter:card\" content=\"summary_large_image\" \/>\n<meta name=\"twitter:label1\" content=\"Napisane przez\" \/>\n\t<meta name=\"twitter:data1\" content=\"Maciej\" \/>\n\t<meta name=\"twitter:label2\" content=\"Szacowany czas czytania\" \/>\n\t<meta name=\"twitter:data2\" content=\"2 minuty\" \/>\n<script type=\"application\/ld+json\" class=\"yoast-schema-graph\">{\"@context\":\"https:\\\/\\\/schema.org\",\"@graph\":[{\"@type\":\"Article\",\"@id\":\"https:\\\/\\\/m8.mech.pk.edu.pl\\\/index.php\\\/2024\\\/03\\\/18\\\/wystarczy-1-metr-i-akcja-edukacyjna-uwazaj-tramwaj\\\/#article\",\"isPartOf\":{\"@id\":\"https:\\\/\\\/m8.mech.pk.edu.pl\\\/index.php\\\/2024\\\/03\\\/18\\\/wystarczy-1-metr-i-akcja-edukacyjna-uwazaj-tramwaj\\\/\"},\"author\":{\"name\":\"Maciej\",\"@id\":\"https:\\\/\\\/m8.mech.pk.edu.pl\\\/#\\\/schema\\\/person\\\/d8f6c9a11add49a79e366c6d4261d14e\"},\"headline\":\"&#8222;Wystarczy 1 metr&#8221; i akcja edukacyjna &#8222;UWA\u017bAJ! TRAMWAJ!&#8221;\",\"datePublished\":\"2024-03-18T16:22:41+00:00\",\"dateModified\":\"2024-03-18T16:24:31+00:00\",\"mainEntityOfPage\":{\"@id\":\"https:\\\/\\\/m8.mech.pk.edu.pl\\\/index.php\\\/2024\\\/03\\\/18\\\/wystarczy-1-metr-i-akcja-edukacyjna-uwazaj-tramwaj\\\/\"},\"wordCount\":127,\"publisher\":{\"@id\":\"https:\\\/\\\/m8.mech.pk.edu.pl\\\/#organization\"},\"image\":{\"@id\":\"https:\\\/\\\/m8.mech.pk.edu.pl\\\/index.php\\\/2024\\\/03\\\/18\\\/wystarczy-1-metr-i-akcja-edukacyjna-uwazaj-tramwaj\\\/#primaryimage\"},\"thumbnailUrl\":\"https:\\\/\\\/m8.mech.pk.edu.pl\\\/wp-content\\\/uploads\\\/2024\\\/03\\\/1710768911896.jpeg\",\"inLanguage\":\"pl-PL\"},{\"@type\":\"WebPage\",\"@id\":\"https:\\\/\\\/m8.mech.pk.edu.pl\\\/index.php\\\/2024\\\/03\\\/18\\\/wystarczy-1-metr-i-akcja-edukacyjna-uwazaj-tramwaj\\\/\",\"url\":\"https:\\\/\\\/m8.mech.pk.edu.pl\\\/index.php\\\/2024\\\/03\\\/18\\\/wystarczy-1-metr-i-akcja-edukacyjna-uwazaj-tramwaj\\\/\",\"name\":\"\\\"Wystarczy 1 metr\\\" i akcja edukacyjna \\\"UWA\u017bAJ! TRAMWAJ!\\\" - Katedra Pojazd\u00f3w Szynowych i Transportu\",\"isPartOf\":{\"@id\":\"https:\\\/\\\/m8.mech.pk.edu.pl\\\/#website\"},\"primaryImageOfPage\":{\"@id\":\"https:\\\/\\\/m8.mech.pk.edu.pl\\\/index.php\\\/2024\\\/03\\\/18\\\/wystarczy-1-metr-i-akcja-edukacyjna-uwazaj-tramwaj\\\/#primaryimage\"},\"image\":{\"@id\":\"https:\\\/\\\/m8.mech.pk.edu.pl\\\/index.php\\\/2024\\\/03\\\/18\\\/wystarczy-1-metr-i-akcja-edukacyjna-uwazaj-tramwaj\\\/#primaryimage\"},\"thumbnailUrl\":\"https:\\\/\\\/m8.mech.pk.edu.pl\\\/wp-content\\\/uploads\\\/2024\\\/03\\\/1710768911896.jpeg\",\"datePublished\":\"2024-03-18T16:22:41+00:00\",\"dateModified\":\"2024-03-18T16:24:31+00:00\",\"breadcrumb\":{\"@id\":\"https:\\\/\\\/m8.mech.pk.edu.pl\\\/index.php\\\/2024\\\/03\\\/18\\\/wystarczy-1-metr-i-akcja-edukacyjna-uwazaj-tramwaj\\\/#breadcrumb\"},\"inLanguage\":\"pl-PL\",\"potentialAction\":[{\"@type\":\"ReadAction\",\"target\":[\"https:\\\/\\\/m8.mech.pk.edu.pl\\\/index.php\\\/2024\\\/03\\\/18\\\/wystarczy-1-metr-i-akcja-edukacyjna-uwazaj-tramwaj\\\/\"]}]},{\"@type\":\"ImageObject\",\"inLanguage\":\"pl-PL\",\"@id\":\"https:\\\/\\\/m8.mech.pk.edu.pl\\\/index.php\\\/2024\\\/03\\\/18\\\/wystarczy-1-metr-i-akcja-edukacyjna-uwazaj-tramwaj\\\/#primaryimage\",\"url\":\"https:\\\/\\\/m8.mech.pk.edu.pl\\\/wp-content\\\/uploads\\\/2024\\\/03\\\/1710768911896.jpeg\",\"contentUrl\":\"https:\\\/\\\/m8.mech.pk.edu.pl\\\/wp-content\\\/uploads\\\/2024\\\/03\\\/1710768911896.jpeg\",\"width\":800,\"height\":533},{\"@type\":\"BreadcrumbList\",\"@id\":\"https:\\\/\\\/m8.mech.pk.edu.pl\\\/index.php\\\/2024\\\/03\\\/18\\\/wystarczy-1-metr-i-akcja-edukacyjna-uwazaj-tramwaj\\\/#breadcrumb\",\"itemListElement\":[{\"@type\":\"ListItem\",\"position\":1,\"name\":\"Strona g\u0142\u00f3wna\",\"item\":\"https:\\\/\\\/m8.mech.pk.edu.pl\\\/\"},{\"@type\":\"ListItem\",\"position\":2,\"name\":\"&#8220;Wystarczy 1 metr&#8221; i akcja edukacyjna &#8220;UWA\u017bAJ! TRAMWAJ!&#8221;\"}]},{\"@type\":\"WebSite\",\"@id\":\"https:\\\/\\\/m8.mech.pk.edu.pl\\\/#website\",\"url\":\"https:\\\/\\\/m8.mech.pk.edu.pl\\\/\",\"name\":\"Katedra Pojazd\u00f3w Szynowych i Transportu\",\"description\":\"Katedra Pojazd\u00f3w Szynowych i Transportu Politechniki Krakowskiej na Wydziale Mechanicznym\",\"publisher\":{\"@id\":\"https:\\\/\\\/m8.mech.pk.edu.pl\\\/#organization\"},\"potentialAction\":[{\"@type\":\"SearchAction\",\"target\":{\"@type\":\"EntryPoint\",\"urlTemplate\":\"https:\\\/\\\/m8.mech.pk.edu.pl\\\/?s={search_term_string}\"},\"query-input\":{\"@type\":\"PropertyValueSpecification\",\"valueRequired\":true,\"valueName\":\"search_term_string\"}}],\"inLanguage\":\"pl-PL\"},{\"@type\":\"Organization\",\"@id\":\"https:\\\/\\\/m8.mech.pk.edu.pl\\\/#organization\",\"name\":\"Katedra Pojazd\u00f3w Szynowych\",\"url\":\"https:\\\/\\\/m8.mech.pk.edu.pl\\\/\",\"logo\":{\"@type\":\"ImageObject\",\"inLanguage\":\"pl-PL\",\"@id\":\"https:\\\/\\\/m8.mech.pk.edu.pl\\\/#\\\/schema\\\/logo\\\/image\\\/\",\"url\":\"https:\\\/\\\/m8.mech.pk.edu.pl\\\/wp-content\\\/uploads\\\/2021\\\/01\\\/logo-mail-kpsit.png\",\"contentUrl\":\"https:\\\/\\\/m8.mech.pk.edu.pl\\\/wp-content\\\/uploads\\\/2021\\\/01\\\/logo-mail-kpsit.png\",\"width\":300,\"height\":119,\"caption\":\"Katedra Pojazd\u00f3w Szynowych\"},\"image\":{\"@id\":\"https:\\\/\\\/m8.mech.pk.edu.pl\\\/#\\\/schema\\\/logo\\\/image\\\/\"},\"sameAs\":[\"https:\\\/\\\/facebook.com\\\/KPSzTPK\",\"https:\\\/\\\/www.youtube.com\\\/channel\\\/UCen3PQ3fl3ry92o_lHkyVaQ\"]},{\"@type\":\"Person\",\"@id\":\"https:\\\/\\\/m8.mech.pk.edu.pl\\\/#\\\/schema\\\/person\\\/d8f6c9a11add49a79e366c6d4261d14e\",\"name\":\"Maciej\",\"image\":{\"@type\":\"ImageObject\",\"inLanguage\":\"pl-PL\",\"@id\":\"https:\\\/\\\/secure.gravatar.com\\\/avatar\\\/5a17b3a5a44d4dca9d48ed0eccafb488c6c54063f627f848184a92807a97590b?s=96&d=mm&r=g\",\"url\":\"https:\\\/\\\/secure.gravatar.com\\\/avatar\\\/5a17b3a5a44d4dca9d48ed0eccafb488c6c54063f627f848184a92807a97590b?s=96&d=mm&r=g\",\"contentUrl\":\"https:\\\/\\\/secure.gravatar.com\\\/avatar\\\/5a17b3a5a44d4dca9d48ed0eccafb488c6c54063f627f848184a92807a97590b?s=96&d=mm&r=g\",\"caption\":\"Maciej\"}}]}<\/script>\n<!-- \/ Yoast SEO plugin. -->","yoast_head_json":{"title":"\"Wystarczy 1 metr\" i akcja edukacyjna \"UWA\u017bAJ! TRAMWAJ!\" - Katedra Pojazd\u00f3w Szynowych i Transportu","robots":{"index":"index","follow":"follow","max-snippet":"max-snippet:-1","max-image-preview":"max-image-preview:large","max-video-preview":"max-video-preview:-1"},"canonical":"https:\/\/m8.mech.pk.edu.pl\/index.php\/2024\/03\/18\/wystarczy-1-metr-i-akcja-edukacyjna-uwazaj-tramwaj\/","og_locale":"pl_PL","og_type":"article","og_title":"\"Wystarczy 1 metr\" i akcja edukacyjna \"UWA\u017bAJ! TRAMWAJ!\" - Katedra Pojazd\u00f3w Szynowych i Transportu","og_description":"W dniach od 18 do 22 marca, na ulicach w centrum miasta patrole Stra\u017cy Miejskiej i inspektor\u00f3w ruchu krakowskiego MPK pilnuj\u0105, czy kierowcy samochod\u00f3w prawid\u0142owo parkuj\u0105 i nie blokuj\u0105 przejazdu przede wszystkim tramwajom. To ju\u017c kolejna edycja akcji krakowskiego przewo\u017anika pod has\u0142em \u201eWystarczy 1 metr\u201d. Jej celem jest cz\u0119sta kontrola ulic w centrum miasta, szczeg\u00f3lnie [&hellip;]","og_url":"https:\/\/m8.mech.pk.edu.pl\/index.php\/2024\/03\/18\/wystarczy-1-metr-i-akcja-edukacyjna-uwazaj-tramwaj\/","og_site_name":"Katedra Pojazd\u00f3w Szynowych i Transportu","article_publisher":"https:\/\/facebook.com\/KPSzTPK","article_published_time":"2024-03-18T16:22:41+00:00","article_modified_time":"2024-03-18T16:24:31+00:00","og_image":[{"width":800,"height":533,"url":"https:\/\/m8.mech.pk.edu.pl\/wp-content\/uploads\/2024\/03\/1710768911896.jpeg","type":"image\/jpeg"}],"author":"Maciej","twitter_card":"summary_large_image","twitter_misc":{"Napisane przez":"Maciej","Szacowany czas czytania":"2 minuty"},"schema":{"@context":"https:\/\/schema.org","@graph":[{"@type":"Article","@id":"https:\/\/m8.mech.pk.edu.pl\/index.php\/2024\/03\/18\/wystarczy-1-metr-i-akcja-edukacyjna-uwazaj-tramwaj\/#article","isPartOf":{"@id":"https:\/\/m8.mech.pk.edu.pl\/index.php\/2024\/03\/18\/wystarczy-1-metr-i-akcja-edukacyjna-uwazaj-tramwaj\/"},"author":{"name":"Maciej","@id":"https:\/\/m8.mech.pk.edu.pl\/#\/schema\/person\/d8f6c9a11add49a79e366c6d4261d14e"},"headline":"&#8222;Wystarczy 1 metr&#8221; i akcja edukacyjna &#8222;UWA\u017bAJ! TRAMWAJ!&#8221;","datePublished":"2024-03-18T16:22:41+00:00","dateModified":"2024-03-18T16:24:31+00:00","mainEntityOfPage":{"@id":"https:\/\/m8.mech.pk.edu.pl\/index.php\/2024\/03\/18\/wystarczy-1-metr-i-akcja-edukacyjna-uwazaj-tramwaj\/"},"wordCount":127,"publisher":{"@id":"https:\/\/m8.mech.pk.edu.pl\/#organization"},"image":{"@id":"https:\/\/m8.mech.pk.edu.pl\/index.php\/2024\/03\/18\/wystarczy-1-metr-i-akcja-edukacyjna-uwazaj-tramwaj\/#primaryimage"},"thumbnailUrl":"https:\/\/m8.mech.pk.edu.pl\/wp-content\/uploads\/2024\/03\/1710768911896.jpeg","inLanguage":"pl-PL"},{"@type":"WebPage","@id":"https:\/\/m8.mech.pk.edu.pl\/index.php\/2024\/03\/18\/wystarczy-1-metr-i-akcja-edukacyjna-uwazaj-tramwaj\/","url":"https:\/\/m8.mech.pk.edu.pl\/index.php\/2024\/03\/18\/wystarczy-1-metr-i-akcja-edukacyjna-uwazaj-tramwaj\/","name":"\"Wystarczy 1 metr\" i akcja edukacyjna \"UWA\u017bAJ! TRAMWAJ!\" - Katedra Pojazd\u00f3w Szynowych i Transportu","isPartOf":{"@id":"https:\/\/m8.mech.pk.edu.pl\/#website"},"primaryImageOfPage":{"@id":"https:\/\/m8.mech.pk.edu.pl\/index.php\/2024\/03\/18\/wystarczy-1-metr-i-akcja-edukacyjna-uwazaj-tramwaj\/#primaryimage"},"image":{"@id":"https:\/\/m8.mech.pk.edu.pl\/index.php\/2024\/03\/18\/wystarczy-1-metr-i-akcja-edukacyjna-uwazaj-tramwaj\/#primaryimage"},"thumbnailUrl":"https:\/\/m8.mech.pk.edu.pl\/wp-content\/uploads\/2024\/03\/1710768911896.jpeg","datePublished":"2024-03-18T16:22:41+00:00","dateModified":"2024-03-18T16:24:31+00:00","breadcrumb":{"@id":"https:\/\/m8.mech.pk.edu.pl\/index.php\/2024\/03\/18\/wystarczy-1-metr-i-akcja-edukacyjna-uwazaj-tramwaj\/#breadcrumb"},"inLanguage":"pl-PL","potentialAction":[{"@type":"ReadAction","target":["https:\/\/m8.mech.pk.edu.pl\/index.php\/2024\/03\/18\/wystarczy-1-metr-i-akcja-edukacyjna-uwazaj-tramwaj\/"]}]},{"@type":"ImageObject","inLanguage":"pl-PL","@id":"https:\/\/m8.mech.pk.edu.pl\/index.php\/2024\/03\/18\/wystarczy-1-metr-i-akcja-edukacyjna-uwazaj-tramwaj\/#primaryimage","url":"https:\/\/m8.mech.pk.edu.pl\/wp-content\/uploads\/2024\/03\/1710768911896.jpeg","contentUrl":"https:\/\/m8.mech.pk.edu.pl\/wp-content\/uploads\/2024\/03\/1710768911896.jpeg","width":800,"height":533},{"@type":"BreadcrumbList","@id":"https:\/\/m8.mech.pk.edu.pl\/index.php\/2024\/03\/18\/wystarczy-1-metr-i-akcja-edukacyjna-uwazaj-tramwaj\/#breadcrumb","itemListElement":[{"@type":"ListItem","position":1,"name":"Strona g\u0142\u00f3wna","item":"https:\/\/m8.mech.pk.edu.pl\/"},{"@type":"ListItem","position":2,"name":"&#8220;Wystarczy 1 metr&#8221; i akcja edukacyjna &#8220;UWA\u017bAJ! TRAMWAJ!&#8221;"}]},{"@type":"WebSite","@id":"https:\/\/m8.mech.pk.edu.pl\/#website","url":"https:\/\/m8.mech.pk.edu.pl\/","name":"Katedra Pojazd\u00f3w Szynowych i Transportu","description":"Katedra Pojazd\u00f3w Szynowych i Transportu Politechniki Krakowskiej na Wydziale Mechanicznym","publisher":{"@id":"https:\/\/m8.mech.pk.edu.pl\/#organization"},"potentialAction":[{"@type":"SearchAction","target":{"@type":"EntryPoint","urlTemplate":"https:\/\/m8.mech.pk.edu.pl\/?s={search_term_string}"},"query-input":{"@type":"PropertyValueSpecification","valueRequired":true,"valueName":"search_term_string"}}],"inLanguage":"pl-PL"},{"@type":"Organization","@id":"https:\/\/m8.mech.pk.edu.pl\/#organization","name":"Katedra Pojazd\u00f3w Szynowych","url":"https:\/\/m8.mech.pk.edu.pl\/","logo":{"@type":"ImageObject","inLanguage":"pl-PL","@id":"https:\/\/m8.mech.pk.edu.pl\/#\/schema\/logo\/image\/","url":"https:\/\/m8.mech.pk.edu.pl\/wp-content\/uploads\/2021\/01\/logo-mail-kpsit.png","contentUrl":"https:\/\/m8.mech.pk.edu.pl\/wp-content\/uploads\/2021\/01\/logo-mail-kpsit.png","width":300,"height":119,"caption":"Katedra Pojazd\u00f3w Szynowych"},"image":{"@id":"https:\/\/m8.mech.pk.edu.pl\/#\/schema\/logo\/image\/"},"sameAs":["https:\/\/facebook.com\/KPSzTPK","https:\/\/www.youtube.com\/channel\/UCen3PQ3fl3ry92o_lHkyVaQ"]},{"@type":"Person","@id":"https:\/\/m8.mech.pk.edu.pl\/#\/schema\/person\/d8f6c9a11add49a79e366c6d4261d14e","name":"Maciej","image":{"@type":"ImageObject","inLanguage":"pl-PL","@id":"https:\/\/secure.gravatar.com\/avatar\/5a17b3a5a44d4dca9d48ed0eccafb488c6c54063f627f848184a92807a97590b?s=96&d=mm&r=g","url":"https:\/\/secure.gravatar.com\/avatar\/5a17b3a5a44d4dca9d48ed0eccafb488c6c54063f627f848184a92807a97590b?s=96&d=mm&r=g","contentUrl":"https:\/\/secure.gravatar.com\/avatar\/5a17b3a5a44d4dca9d48ed0eccafb488c6c54063f627f848184a92807a97590b?s=96&d=mm&r=g","caption":"Maciej"}}]}},"_links":{"self":[{"href":"https:\/\/m8.mech.pk.edu.pl\/index.php\/wp-json\/wp\/v2\/posts\/4994","targetHints":{"allow":["GET"]}}],"collection":[{"href":"https:\/\/m8.mech.pk.edu.pl\/index.php\/wp-json\/wp\/v2\/posts"}],"about":[{"href":"https:\/\/m8.mech.pk.edu.pl\/index.php\/wp-json\/wp\/v2\/types\/post"}],"author":[{"embeddable":true,"href":"https:\/\/m8.mech.pk.edu.pl\/index.php\/wp-json\/wp\/v2\/users\/5"}],"replies":[{"embeddable":true,"href":"https:\/\/m8.mech.pk.edu.pl\/index.php\/wp-json\/wp\/v2\/comments?post=4994"}],"version-history":[{"count":5,"href":"https:\/\/m8.mech.pk.edu.pl\/index.php\/wp-json\/wp\/v2\/posts\/4994\/revisions"}],"predecessor-version":[{"id":5005,"href":"https:\/\/m8.mech.pk.edu.pl\/index.php\/wp-json\/wp\/v2\/posts\/4994\/revisions\/5005"}],"wp:featuredmedia":[{"embeddable":true,"href":"https:\/\/m8.mech.pk.edu.pl\/index.php\/wp-json\/wp\/v2\/media\/4996"}],"wp:attachment":[{"href":"https:\/\/m8.mech.pk.edu.pl\/index.php\/wp-json\/wp\/v2\/media?parent=4994"}],"wp:term":[{"taxonomy":"category","embeddable":true,"href":"https:\/\/m8.mech.pk.edu.pl\/index.php\/wp-json\/wp\/v2\/categories?post=4994"},{"taxonomy":"post_tag","embeddable":true,"href":"https:\/\/m8.mech.pk.edu.pl\/index.php\/wp-json\/wp\/v2\/tags?post=4994"}],"curies":[{"name":"wp","href":"https:\/\/api.w.org\/{rel}","templated":true}]}}