{"id":4988,"date":"2024-03-18T17:15:24","date_gmt":"2024-03-18T16:15:24","guid":{"rendered":"https:\/\/m8.mech.pk.edu.pl\/?p=4988"},"modified":"2024-03-18T17:15:25","modified_gmt":"2024-03-18T16:15:25","slug":"rowerem-przez-krakow-z-akcja-edukacyjna-uwazaj-tramwaj","status":"publish","type":"post","link":"https:\/\/m8.mech.pk.edu.pl\/index.php\/2024\/03\/18\/rowerem-przez-krakow-z-akcja-edukacyjna-uwazaj-tramwaj\/","title":{"rendered":"&#8222;Rowerem przez Krak\u00f3w&#8221; z akcj\u0105 edukacyjn\u0105 &#8222;UWA\u017bAJ! TRAMWAJ&#8221;"},"content":{"rendered":"\n<p>16 marca 2024 byli\u015bmy z akcj\u0105 edukacyjn\u0105 UWA\u017bAJ! TRAMWAJ! na wydarzeniu <a href=\"https:\/\/www.facebook.com\/events\/1461181941486086\/?__cft__[0]=AZWxnCD5W1cB8wNQQHdfnT3l_94rMfnRwr4sSIfSomIDcHhex7VPNKaBMgS__AKEh58dSCZqCvEUQAOUxMcDIbGIxMQygrU1pqOIPH3VXlsr7IDiDjRKS0F0RVwpoHOqSOIrrG7VBF7-XV0jQQ9lEefU3uYhDZi3QDKy5JWels5FWh7bWaGDKBdxYYXLpFm7-sw&amp;__tn__=-UK-R\">Rowerem przez Krak\u00f3w!<\/a> zorganizowan\u0105 przez Urz\u0105d Miasta Krakowa na dziedzi\u0144cu Radia Krak\u00f3w SA =><\/p>\n\n\n\n<p>Rowerzysto\/Rowerzystko &#8211; PAMI\u0118TAJ! Nie wje\u017cd\u017caj bezpo\u015brednio pod nadje\u017cd\u017caj\u0105cy tramwaj, nie wyprzedzaj tramwaju z lewej strony, zachowaj ostro\u017cno\u015b\u0107 podczas jazdy po jezdni z zabudowanymi torami &#8211; ko\u0142o roweru mo\u017ce wpa\u015b\u0107 i zaklinowa\u0107 si\u0119 w rowku szyny, doprowadzaj\u0105c do sytuacji niebezpiecznej.<\/p>\n\n\n\n<p><\/p>\n\n\n\n<!--more-->\n\n\n\n<p>Zapoznaj si\u0119 z zasadami bezpiecznego poruszania si\u0119. Przy\u0142\u0105cz si\u0119 do akcji i razem z nami promuj bezpiecze\u0144stwo w ruchu drogowym \u2013 edukuj \u2013 udost\u0119pniaj i rozpowszechniaj materia\u0142y => <a href=\"https:\/\/m8.mech.pk.edu.pl\/uwazaj-tramwaj\" target=\"_blank\" rel=\"noreferrer noopener\">https:\/\/m8.mech.pk.edu.pl\/uwazaj-tramwaj<\/a><\/p>\n\n\n\n<p>Wsp\u00f3lnie zadbajmy o popraw\u0119 \u015bwiadomo\u015bci i bezpiecze\u0144stwa.<\/p>\n\n\n\n<figure class=\"wp-block-image size-large is-resized\"><a href=\"https:\/\/m8.mech.pk.edu.pl\/wp-content\/uploads\/2024\/03\/rk1.jpg\" target=\"_blank\" rel=\"noreferrer noopener\"><img loading=\"lazy\" decoding=\"async\" width=\"1024\" height=\"768\" src=\"https:\/\/m8.mech.pk.edu.pl\/wp-content\/uploads\/2024\/03\/rk1-1024x768.jpg\" alt=\"\" class=\"wp-image-4989\" style=\"width:361px;height:auto\" srcset=\"https:\/\/m8.mech.pk.edu.pl\/wp-content\/uploads\/2024\/03\/rk1-1024x768.jpg 1024w, https:\/\/m8.mech.pk.edu.pl\/wp-content\/uploads\/2024\/03\/rk1-300x225.jpg 300w, https:\/\/m8.mech.pk.edu.pl\/wp-content\/uploads\/2024\/03\/rk1-768x576.jpg 768w, https:\/\/m8.mech.pk.edu.pl\/wp-content\/uploads\/2024\/03\/rk1-1536x1152.jpg 1536w, https:\/\/m8.mech.pk.edu.pl\/wp-content\/uploads\/2024\/03\/rk1.jpg 2048w\" sizes=\"auto, (max-width: 1024px) 100vw, 1024px\" \/><\/a><\/figure>\n\n\n\n<figure class=\"wp-block-image size-large is-resized\"><a href=\"https:\/\/m8.mech.pk.edu.pl\/wp-content\/uploads\/2024\/03\/rk2.jpg\" target=\"_blank\" rel=\"noreferrer noopener\"><img loading=\"lazy\" decoding=\"async\" width=\"1024\" height=\"768\" src=\"https:\/\/m8.mech.pk.edu.pl\/wp-content\/uploads\/2024\/03\/rk2-1024x768.jpg\" alt=\"\" class=\"wp-image-4990\" style=\"width:361px;height:auto\" srcset=\"https:\/\/m8.mech.pk.edu.pl\/wp-content\/uploads\/2024\/03\/rk2-1024x768.jpg 1024w, https:\/\/m8.mech.pk.edu.pl\/wp-content\/uploads\/2024\/03\/rk2-300x225.jpg 300w, https:\/\/m8.mech.pk.edu.pl\/wp-content\/uploads\/2024\/03\/rk2-768x576.jpg 768w, https:\/\/m8.mech.pk.edu.pl\/wp-content\/uploads\/2024\/03\/rk2-1536x1152.jpg 1536w, https:\/\/m8.mech.pk.edu.pl\/wp-content\/uploads\/2024\/03\/rk2.jpg 2048w\" sizes=\"auto, (max-width: 1024px) 100vw, 1024px\" \/><\/a><\/figure>\n\n\n\n<figure class=\"wp-block-image size-large is-resized\"><a href=\"https:\/\/m8.mech.pk.edu.pl\/wp-content\/uploads\/2024\/03\/rk3.jpg\" target=\"_blank\" rel=\"noreferrer noopener\"><img loading=\"lazy\" decoding=\"async\" width=\"1024\" height=\"768\" src=\"https:\/\/m8.mech.pk.edu.pl\/wp-content\/uploads\/2024\/03\/rk3-1024x768.jpg\" alt=\"\" class=\"wp-image-4991\" style=\"width:360px;height:auto\" srcset=\"https:\/\/m8.mech.pk.edu.pl\/wp-content\/uploads\/2024\/03\/rk3-1024x768.jpg 1024w, https:\/\/m8.mech.pk.edu.pl\/wp-content\/uploads\/2024\/03\/rk3-300x225.jpg 300w, https:\/\/m8.mech.pk.edu.pl\/wp-content\/uploads\/2024\/03\/rk3-768x576.jpg 768w, https:\/\/m8.mech.pk.edu.pl\/wp-content\/uploads\/2024\/03\/rk3-1536x1152.jpg 1536w, https:\/\/m8.mech.pk.edu.pl\/wp-content\/uploads\/2024\/03\/rk3.jpg 2048w\" sizes=\"auto, (max-width: 1024px) 100vw, 1024px\" \/><\/a><\/figure>\n\n\n\n<figure class=\"wp-block-image size-large is-resized\"><a href=\"https:\/\/m8.mech.pk.edu.pl\/wp-content\/uploads\/2024\/03\/rk4.jpg\" target=\"_blank\" rel=\"noreferrer noopener\"><img loading=\"lazy\" decoding=\"async\" width=\"768\" height=\"1024\" src=\"https:\/\/m8.mech.pk.edu.pl\/wp-content\/uploads\/2024\/03\/rk4-768x1024.jpg\" alt=\"\" class=\"wp-image-4992\" style=\"width:358px;height:auto\" srcset=\"https:\/\/m8.mech.pk.edu.pl\/wp-content\/uploads\/2024\/03\/rk4-768x1024.jpg 768w, https:\/\/m8.mech.pk.edu.pl\/wp-content\/uploads\/2024\/03\/rk4-225x300.jpg 225w, https:\/\/m8.mech.pk.edu.pl\/wp-content\/uploads\/2024\/03\/rk4-1152x1536.jpg 1152w, https:\/\/m8.mech.pk.edu.pl\/wp-content\/uploads\/2024\/03\/rk4.jpg 1536w\" sizes=\"auto, (max-width: 768px) 100vw, 768px\" \/><\/a><\/figure>\n","protected":false},"excerpt":{"rendered":"<p>16 marca 2024 byli\u015bmy z akcj\u0105 edukacyjn\u0105 UWA\u017bAJ! TRAMWAJ! na wydarzeniu Rowerem przez Krak\u00f3w! zorganizowan\u0105 przez Urz\u0105d Miasta Krakowa na dziedzi\u0144cu Radia Krak\u00f3w SA => Rowerzysto\/Rowerzystko &#8211; PAMI\u0118TAJ! Nie wje\u017cd\u017caj bezpo\u015brednio pod nadje\u017cd\u017caj\u0105cy tramwaj, nie wyprzedzaj tramwaju z lewej strony, zachowaj ostro\u017cno\u015b\u0107 podczas jazdy po jezdni z zabudowanymi torami &#8211; ko\u0142o roweru mo\u017ce wpa\u015b\u0107 i [&hellip;]<\/p>\n","protected":false},"author":5,"featured_media":4989,"comment_status":"closed","ping_status":"open","sticky":false,"template":"","format":"standard","meta":{"footnotes":""},"categories":[1],"tags":[],"class_list":["post-4988","post","type-post","status-publish","format-standard","has-post-thumbnail","hentry","category-bez-kategorii"],"yoast_head":"<!-- This site is optimized with the Yoast SEO plugin v27.5 - https:\/\/yoast.com\/product\/yoast-seo-wordpress\/ -->\n<title>&quot;Rowerem przez Krak\u00f3w&quot; z akcj\u0105 edukacyjn\u0105 &quot;UWA\u017bAJ! TRAMWAJ&quot; - Katedra Pojazd\u00f3w Szynowych i Transportu<\/title>\n<meta name=\"robots\" content=\"index, follow, max-snippet:-1, max-image-preview:large, max-video-preview:-1\" \/>\n<link rel=\"canonical\" href=\"https:\/\/m8.mech.pk.edu.pl\/index.php\/2024\/03\/18\/rowerem-przez-krakow-z-akcja-edukacyjna-uwazaj-tramwaj\/\" \/>\n<meta property=\"og:locale\" content=\"pl_PL\" \/>\n<meta property=\"og:type\" content=\"article\" \/>\n<meta property=\"og:title\" content=\"&quot;Rowerem przez Krak\u00f3w&quot; z akcj\u0105 edukacyjn\u0105 &quot;UWA\u017bAJ! TRAMWAJ&quot; - Katedra Pojazd\u00f3w Szynowych i Transportu\" \/>\n<meta property=\"og:description\" content=\"16 marca 2024 byli\u015bmy z akcj\u0105 edukacyjn\u0105 UWA\u017bAJ! TRAMWAJ! na wydarzeniu Rowerem przez Krak\u00f3w! zorganizowan\u0105 przez Urz\u0105d Miasta Krakowa na dziedzi\u0144cu Radia Krak\u00f3w SA =&gt; Rowerzysto\/Rowerzystko &#8211; PAMI\u0118TAJ! Nie wje\u017cd\u017caj bezpo\u015brednio pod nadje\u017cd\u017caj\u0105cy tramwaj, nie wyprzedzaj tramwaju z lewej strony, zachowaj ostro\u017cno\u015b\u0107 podczas jazdy po jezdni z zabudowanymi torami &#8211; ko\u0142o roweru mo\u017ce wpa\u015b\u0107 i [&hellip;]\" \/>\n<meta property=\"og:url\" content=\"https:\/\/m8.mech.pk.edu.pl\/index.php\/2024\/03\/18\/rowerem-przez-krakow-z-akcja-edukacyjna-uwazaj-tramwaj\/\" \/>\n<meta property=\"og:site_name\" content=\"Katedra Pojazd\u00f3w Szynowych i Transportu\" \/>\n<meta property=\"article:publisher\" content=\"https:\/\/facebook.com\/KPSzTPK\" \/>\n<meta property=\"article:published_time\" content=\"2024-03-18T16:15:24+00:00\" \/>\n<meta property=\"article:modified_time\" content=\"2024-03-18T16:15:25+00:00\" \/>\n<meta property=\"og:image\" content=\"https:\/\/m8.mech.pk.edu.pl\/wp-content\/uploads\/2024\/03\/rk1.jpg\" \/>\n\t<meta property=\"og:image:width\" content=\"2048\" \/>\n\t<meta property=\"og:image:height\" content=\"1536\" \/>\n\t<meta property=\"og:image:type\" content=\"image\/jpeg\" \/>\n<meta name=\"author\" content=\"Maciej\" \/>\n<meta name=\"twitter:card\" content=\"summary_large_image\" \/>\n<meta name=\"twitter:label1\" content=\"Napisane przez\" \/>\n\t<meta name=\"twitter:data1\" content=\"Maciej\" \/>\n\t<meta name=\"twitter:label2\" content=\"Szacowany czas czytania\" \/>\n\t<meta name=\"twitter:data2\" content=\"2 minuty\" \/>\n<script type=\"application\/ld+json\" class=\"yoast-schema-graph\">{\"@context\":\"https:\\\/\\\/schema.org\",\"@graph\":[{\"@type\":\"Article\",\"@id\":\"https:\\\/\\\/m8.mech.pk.edu.pl\\\/index.php\\\/2024\\\/03\\\/18\\\/rowerem-przez-krakow-z-akcja-edukacyjna-uwazaj-tramwaj\\\/#article\",\"isPartOf\":{\"@id\":\"https:\\\/\\\/m8.mech.pk.edu.pl\\\/index.php\\\/2024\\\/03\\\/18\\\/rowerem-przez-krakow-z-akcja-edukacyjna-uwazaj-tramwaj\\\/\"},\"author\":{\"name\":\"Maciej\",\"@id\":\"https:\\\/\\\/m8.mech.pk.edu.pl\\\/#\\\/schema\\\/person\\\/d8f6c9a11add49a79e366c6d4261d14e\"},\"headline\":\"&#8222;Rowerem przez Krak\u00f3w&#8221; z akcj\u0105 edukacyjn\u0105 &#8222;UWA\u017bAJ! TRAMWAJ&#8221;\",\"datePublished\":\"2024-03-18T16:15:24+00:00\",\"dateModified\":\"2024-03-18T16:15:25+00:00\",\"mainEntityOfPage\":{\"@id\":\"https:\\\/\\\/m8.mech.pk.edu.pl\\\/index.php\\\/2024\\\/03\\\/18\\\/rowerem-przez-krakow-z-akcja-edukacyjna-uwazaj-tramwaj\\\/\"},\"wordCount\":135,\"publisher\":{\"@id\":\"https:\\\/\\\/m8.mech.pk.edu.pl\\\/#organization\"},\"image\":{\"@id\":\"https:\\\/\\\/m8.mech.pk.edu.pl\\\/index.php\\\/2024\\\/03\\\/18\\\/rowerem-przez-krakow-z-akcja-edukacyjna-uwazaj-tramwaj\\\/#primaryimage\"},\"thumbnailUrl\":\"https:\\\/\\\/m8.mech.pk.edu.pl\\\/wp-content\\\/uploads\\\/2024\\\/03\\\/rk1.jpg\",\"inLanguage\":\"pl-PL\"},{\"@type\":\"WebPage\",\"@id\":\"https:\\\/\\\/m8.mech.pk.edu.pl\\\/index.php\\\/2024\\\/03\\\/18\\\/rowerem-przez-krakow-z-akcja-edukacyjna-uwazaj-tramwaj\\\/\",\"url\":\"https:\\\/\\\/m8.mech.pk.edu.pl\\\/index.php\\\/2024\\\/03\\\/18\\\/rowerem-przez-krakow-z-akcja-edukacyjna-uwazaj-tramwaj\\\/\",\"name\":\"\\\"Rowerem przez Krak\u00f3w\\\" z akcj\u0105 edukacyjn\u0105 \\\"UWA\u017bAJ! TRAMWAJ\\\" - Katedra Pojazd\u00f3w Szynowych i Transportu\",\"isPartOf\":{\"@id\":\"https:\\\/\\\/m8.mech.pk.edu.pl\\\/#website\"},\"primaryImageOfPage\":{\"@id\":\"https:\\\/\\\/m8.mech.pk.edu.pl\\\/index.php\\\/2024\\\/03\\\/18\\\/rowerem-przez-krakow-z-akcja-edukacyjna-uwazaj-tramwaj\\\/#primaryimage\"},\"image\":{\"@id\":\"https:\\\/\\\/m8.mech.pk.edu.pl\\\/index.php\\\/2024\\\/03\\\/18\\\/rowerem-przez-krakow-z-akcja-edukacyjna-uwazaj-tramwaj\\\/#primaryimage\"},\"thumbnailUrl\":\"https:\\\/\\\/m8.mech.pk.edu.pl\\\/wp-content\\\/uploads\\\/2024\\\/03\\\/rk1.jpg\",\"datePublished\":\"2024-03-18T16:15:24+00:00\",\"dateModified\":\"2024-03-18T16:15:25+00:00\",\"breadcrumb\":{\"@id\":\"https:\\\/\\\/m8.mech.pk.edu.pl\\\/index.php\\\/2024\\\/03\\\/18\\\/rowerem-przez-krakow-z-akcja-edukacyjna-uwazaj-tramwaj\\\/#breadcrumb\"},\"inLanguage\":\"pl-PL\",\"potentialAction\":[{\"@type\":\"ReadAction\",\"target\":[\"https:\\\/\\\/m8.mech.pk.edu.pl\\\/index.php\\\/2024\\\/03\\\/18\\\/rowerem-przez-krakow-z-akcja-edukacyjna-uwazaj-tramwaj\\\/\"]}]},{\"@type\":\"ImageObject\",\"inLanguage\":\"pl-PL\",\"@id\":\"https:\\\/\\\/m8.mech.pk.edu.pl\\\/index.php\\\/2024\\\/03\\\/18\\\/rowerem-przez-krakow-z-akcja-edukacyjna-uwazaj-tramwaj\\\/#primaryimage\",\"url\":\"https:\\\/\\\/m8.mech.pk.edu.pl\\\/wp-content\\\/uploads\\\/2024\\\/03\\\/rk1.jpg\",\"contentUrl\":\"https:\\\/\\\/m8.mech.pk.edu.pl\\\/wp-content\\\/uploads\\\/2024\\\/03\\\/rk1.jpg\",\"width\":2048,\"height\":1536},{\"@type\":\"BreadcrumbList\",\"@id\":\"https:\\\/\\\/m8.mech.pk.edu.pl\\\/index.php\\\/2024\\\/03\\\/18\\\/rowerem-przez-krakow-z-akcja-edukacyjna-uwazaj-tramwaj\\\/#breadcrumb\",\"itemListElement\":[{\"@type\":\"ListItem\",\"position\":1,\"name\":\"Strona g\u0142\u00f3wna\",\"item\":\"https:\\\/\\\/m8.mech.pk.edu.pl\\\/\"},{\"@type\":\"ListItem\",\"position\":2,\"name\":\"&#8220;Rowerem przez Krak\u00f3w&#8221; z akcj\u0105 edukacyjn\u0105 &#8220;UWA\u017bAJ! TRAMWAJ&#8221;\"}]},{\"@type\":\"WebSite\",\"@id\":\"https:\\\/\\\/m8.mech.pk.edu.pl\\\/#website\",\"url\":\"https:\\\/\\\/m8.mech.pk.edu.pl\\\/\",\"name\":\"Katedra Pojazd\u00f3w Szynowych i Transportu\",\"description\":\"Katedra Pojazd\u00f3w Szynowych i Transportu Politechniki Krakowskiej na Wydziale Mechanicznym\",\"publisher\":{\"@id\":\"https:\\\/\\\/m8.mech.pk.edu.pl\\\/#organization\"},\"potentialAction\":[{\"@type\":\"SearchAction\",\"target\":{\"@type\":\"EntryPoint\",\"urlTemplate\":\"https:\\\/\\\/m8.mech.pk.edu.pl\\\/?s={search_term_string}\"},\"query-input\":{\"@type\":\"PropertyValueSpecification\",\"valueRequired\":true,\"valueName\":\"search_term_string\"}}],\"inLanguage\":\"pl-PL\"},{\"@type\":\"Organization\",\"@id\":\"https:\\\/\\\/m8.mech.pk.edu.pl\\\/#organization\",\"name\":\"Katedra Pojazd\u00f3w Szynowych\",\"url\":\"https:\\\/\\\/m8.mech.pk.edu.pl\\\/\",\"logo\":{\"@type\":\"ImageObject\",\"inLanguage\":\"pl-PL\",\"@id\":\"https:\\\/\\\/m8.mech.pk.edu.pl\\\/#\\\/schema\\\/logo\\\/image\\\/\",\"url\":\"https:\\\/\\\/m8.mech.pk.edu.pl\\\/wp-content\\\/uploads\\\/2021\\\/01\\\/logo-mail-kpsit.png\",\"contentUrl\":\"https:\\\/\\\/m8.mech.pk.edu.pl\\\/wp-content\\\/uploads\\\/2021\\\/01\\\/logo-mail-kpsit.png\",\"width\":300,\"height\":119,\"caption\":\"Katedra Pojazd\u00f3w Szynowych\"},\"image\":{\"@id\":\"https:\\\/\\\/m8.mech.pk.edu.pl\\\/#\\\/schema\\\/logo\\\/image\\\/\"},\"sameAs\":[\"https:\\\/\\\/facebook.com\\\/KPSzTPK\",\"https:\\\/\\\/www.youtube.com\\\/channel\\\/UCen3PQ3fl3ry92o_lHkyVaQ\"]},{\"@type\":\"Person\",\"@id\":\"https:\\\/\\\/m8.mech.pk.edu.pl\\\/#\\\/schema\\\/person\\\/d8f6c9a11add49a79e366c6d4261d14e\",\"name\":\"Maciej\",\"image\":{\"@type\":\"ImageObject\",\"inLanguage\":\"pl-PL\",\"@id\":\"https:\\\/\\\/secure.gravatar.com\\\/avatar\\\/5a17b3a5a44d4dca9d48ed0eccafb488c6c54063f627f848184a92807a97590b?s=96&d=mm&r=g\",\"url\":\"https:\\\/\\\/secure.gravatar.com\\\/avatar\\\/5a17b3a5a44d4dca9d48ed0eccafb488c6c54063f627f848184a92807a97590b?s=96&d=mm&r=g\",\"contentUrl\":\"https:\\\/\\\/secure.gravatar.com\\\/avatar\\\/5a17b3a5a44d4dca9d48ed0eccafb488c6c54063f627f848184a92807a97590b?s=96&d=mm&r=g\",\"caption\":\"Maciej\"}}]}<\/script>\n<!-- \/ Yoast SEO plugin. -->","yoast_head_json":{"title":"\"Rowerem przez Krak\u00f3w\" z akcj\u0105 edukacyjn\u0105 \"UWA\u017bAJ! TRAMWAJ\" - Katedra Pojazd\u00f3w Szynowych i Transportu","robots":{"index":"index","follow":"follow","max-snippet":"max-snippet:-1","max-image-preview":"max-image-preview:large","max-video-preview":"max-video-preview:-1"},"canonical":"https:\/\/m8.mech.pk.edu.pl\/index.php\/2024\/03\/18\/rowerem-przez-krakow-z-akcja-edukacyjna-uwazaj-tramwaj\/","og_locale":"pl_PL","og_type":"article","og_title":"\"Rowerem przez Krak\u00f3w\" z akcj\u0105 edukacyjn\u0105 \"UWA\u017bAJ! TRAMWAJ\" - Katedra Pojazd\u00f3w Szynowych i Transportu","og_description":"16 marca 2024 byli\u015bmy z akcj\u0105 edukacyjn\u0105 UWA\u017bAJ! TRAMWAJ! na wydarzeniu Rowerem przez Krak\u00f3w! zorganizowan\u0105 przez Urz\u0105d Miasta Krakowa na dziedzi\u0144cu Radia Krak\u00f3w SA => Rowerzysto\/Rowerzystko &#8211; PAMI\u0118TAJ! Nie wje\u017cd\u017caj bezpo\u015brednio pod nadje\u017cd\u017caj\u0105cy tramwaj, nie wyprzedzaj tramwaju z lewej strony, zachowaj ostro\u017cno\u015b\u0107 podczas jazdy po jezdni z zabudowanymi torami &#8211; ko\u0142o roweru mo\u017ce wpa\u015b\u0107 i [&hellip;]","og_url":"https:\/\/m8.mech.pk.edu.pl\/index.php\/2024\/03\/18\/rowerem-przez-krakow-z-akcja-edukacyjna-uwazaj-tramwaj\/","og_site_name":"Katedra Pojazd\u00f3w Szynowych i Transportu","article_publisher":"https:\/\/facebook.com\/KPSzTPK","article_published_time":"2024-03-18T16:15:24+00:00","article_modified_time":"2024-03-18T16:15:25+00:00","og_image":[{"width":2048,"height":1536,"url":"https:\/\/m8.mech.pk.edu.pl\/wp-content\/uploads\/2024\/03\/rk1.jpg","type":"image\/jpeg"}],"author":"Maciej","twitter_card":"summary_large_image","twitter_misc":{"Napisane przez":"Maciej","Szacowany czas czytania":"2 minuty"},"schema":{"@context":"https:\/\/schema.org","@graph":[{"@type":"Article","@id":"https:\/\/m8.mech.pk.edu.pl\/index.php\/2024\/03\/18\/rowerem-przez-krakow-z-akcja-edukacyjna-uwazaj-tramwaj\/#article","isPartOf":{"@id":"https:\/\/m8.mech.pk.edu.pl\/index.php\/2024\/03\/18\/rowerem-przez-krakow-z-akcja-edukacyjna-uwazaj-tramwaj\/"},"author":{"name":"Maciej","@id":"https:\/\/m8.mech.pk.edu.pl\/#\/schema\/person\/d8f6c9a11add49a79e366c6d4261d14e"},"headline":"&#8222;Rowerem przez Krak\u00f3w&#8221; z akcj\u0105 edukacyjn\u0105 &#8222;UWA\u017bAJ! TRAMWAJ&#8221;","datePublished":"2024-03-18T16:15:24+00:00","dateModified":"2024-03-18T16:15:25+00:00","mainEntityOfPage":{"@id":"https:\/\/m8.mech.pk.edu.pl\/index.php\/2024\/03\/18\/rowerem-przez-krakow-z-akcja-edukacyjna-uwazaj-tramwaj\/"},"wordCount":135,"publisher":{"@id":"https:\/\/m8.mech.pk.edu.pl\/#organization"},"image":{"@id":"https:\/\/m8.mech.pk.edu.pl\/index.php\/2024\/03\/18\/rowerem-przez-krakow-z-akcja-edukacyjna-uwazaj-tramwaj\/#primaryimage"},"thumbnailUrl":"https:\/\/m8.mech.pk.edu.pl\/wp-content\/uploads\/2024\/03\/rk1.jpg","inLanguage":"pl-PL"},{"@type":"WebPage","@id":"https:\/\/m8.mech.pk.edu.pl\/index.php\/2024\/03\/18\/rowerem-przez-krakow-z-akcja-edukacyjna-uwazaj-tramwaj\/","url":"https:\/\/m8.mech.pk.edu.pl\/index.php\/2024\/03\/18\/rowerem-przez-krakow-z-akcja-edukacyjna-uwazaj-tramwaj\/","name":"\"Rowerem przez Krak\u00f3w\" z akcj\u0105 edukacyjn\u0105 \"UWA\u017bAJ! TRAMWAJ\" - Katedra Pojazd\u00f3w Szynowych i Transportu","isPartOf":{"@id":"https:\/\/m8.mech.pk.edu.pl\/#website"},"primaryImageOfPage":{"@id":"https:\/\/m8.mech.pk.edu.pl\/index.php\/2024\/03\/18\/rowerem-przez-krakow-z-akcja-edukacyjna-uwazaj-tramwaj\/#primaryimage"},"image":{"@id":"https:\/\/m8.mech.pk.edu.pl\/index.php\/2024\/03\/18\/rowerem-przez-krakow-z-akcja-edukacyjna-uwazaj-tramwaj\/#primaryimage"},"thumbnailUrl":"https:\/\/m8.mech.pk.edu.pl\/wp-content\/uploads\/2024\/03\/rk1.jpg","datePublished":"2024-03-18T16:15:24+00:00","dateModified":"2024-03-18T16:15:25+00:00","breadcrumb":{"@id":"https:\/\/m8.mech.pk.edu.pl\/index.php\/2024\/03\/18\/rowerem-przez-krakow-z-akcja-edukacyjna-uwazaj-tramwaj\/#breadcrumb"},"inLanguage":"pl-PL","potentialAction":[{"@type":"ReadAction","target":["https:\/\/m8.mech.pk.edu.pl\/index.php\/2024\/03\/18\/rowerem-przez-krakow-z-akcja-edukacyjna-uwazaj-tramwaj\/"]}]},{"@type":"ImageObject","inLanguage":"pl-PL","@id":"https:\/\/m8.mech.pk.edu.pl\/index.php\/2024\/03\/18\/rowerem-przez-krakow-z-akcja-edukacyjna-uwazaj-tramwaj\/#primaryimage","url":"https:\/\/m8.mech.pk.edu.pl\/wp-content\/uploads\/2024\/03\/rk1.jpg","contentUrl":"https:\/\/m8.mech.pk.edu.pl\/wp-content\/uploads\/2024\/03\/rk1.jpg","width":2048,"height":1536},{"@type":"BreadcrumbList","@id":"https:\/\/m8.mech.pk.edu.pl\/index.php\/2024\/03\/18\/rowerem-przez-krakow-z-akcja-edukacyjna-uwazaj-tramwaj\/#breadcrumb","itemListElement":[{"@type":"ListItem","position":1,"name":"Strona g\u0142\u00f3wna","item":"https:\/\/m8.mech.pk.edu.pl\/"},{"@type":"ListItem","position":2,"name":"&#8220;Rowerem przez Krak\u00f3w&#8221; z akcj\u0105 edukacyjn\u0105 &#8220;UWA\u017bAJ! TRAMWAJ&#8221;"}]},{"@type":"WebSite","@id":"https:\/\/m8.mech.pk.edu.pl\/#website","url":"https:\/\/m8.mech.pk.edu.pl\/","name":"Katedra Pojazd\u00f3w Szynowych i Transportu","description":"Katedra Pojazd\u00f3w Szynowych i Transportu Politechniki Krakowskiej na Wydziale Mechanicznym","publisher":{"@id":"https:\/\/m8.mech.pk.edu.pl\/#organization"},"potentialAction":[{"@type":"SearchAction","target":{"@type":"EntryPoint","urlTemplate":"https:\/\/m8.mech.pk.edu.pl\/?s={search_term_string}"},"query-input":{"@type":"PropertyValueSpecification","valueRequired":true,"valueName":"search_term_string"}}],"inLanguage":"pl-PL"},{"@type":"Organization","@id":"https:\/\/m8.mech.pk.edu.pl\/#organization","name":"Katedra Pojazd\u00f3w Szynowych","url":"https:\/\/m8.mech.pk.edu.pl\/","logo":{"@type":"ImageObject","inLanguage":"pl-PL","@id":"https:\/\/m8.mech.pk.edu.pl\/#\/schema\/logo\/image\/","url":"https:\/\/m8.mech.pk.edu.pl\/wp-content\/uploads\/2021\/01\/logo-mail-kpsit.png","contentUrl":"https:\/\/m8.mech.pk.edu.pl\/wp-content\/uploads\/2021\/01\/logo-mail-kpsit.png","width":300,"height":119,"caption":"Katedra Pojazd\u00f3w Szynowych"},"image":{"@id":"https:\/\/m8.mech.pk.edu.pl\/#\/schema\/logo\/image\/"},"sameAs":["https:\/\/facebook.com\/KPSzTPK","https:\/\/www.youtube.com\/channel\/UCen3PQ3fl3ry92o_lHkyVaQ"]},{"@type":"Person","@id":"https:\/\/m8.mech.pk.edu.pl\/#\/schema\/person\/d8f6c9a11add49a79e366c6d4261d14e","name":"Maciej","image":{"@type":"ImageObject","inLanguage":"pl-PL","@id":"https:\/\/secure.gravatar.com\/avatar\/5a17b3a5a44d4dca9d48ed0eccafb488c6c54063f627f848184a92807a97590b?s=96&d=mm&r=g","url":"https:\/\/secure.gravatar.com\/avatar\/5a17b3a5a44d4dca9d48ed0eccafb488c6c54063f627f848184a92807a97590b?s=96&d=mm&r=g","contentUrl":"https:\/\/secure.gravatar.com\/avatar\/5a17b3a5a44d4dca9d48ed0eccafb488c6c54063f627f848184a92807a97590b?s=96&d=mm&r=g","caption":"Maciej"}}]}},"_links":{"self":[{"href":"https:\/\/m8.mech.pk.edu.pl\/index.php\/wp-json\/wp\/v2\/posts\/4988","targetHints":{"allow":["GET"]}}],"collection":[{"href":"https:\/\/m8.mech.pk.edu.pl\/index.php\/wp-json\/wp\/v2\/posts"}],"about":[{"href":"https:\/\/m8.mech.pk.edu.pl\/index.php\/wp-json\/wp\/v2\/types\/post"}],"author":[{"embeddable":true,"href":"https:\/\/m8.mech.pk.edu.pl\/index.php\/wp-json\/wp\/v2\/users\/5"}],"replies":[{"embeddable":true,"href":"https:\/\/m8.mech.pk.edu.pl\/index.php\/wp-json\/wp\/v2\/comments?post=4988"}],"version-history":[{"count":1,"href":"https:\/\/m8.mech.pk.edu.pl\/index.php\/wp-json\/wp\/v2\/posts\/4988\/revisions"}],"predecessor-version":[{"id":4993,"href":"https:\/\/m8.mech.pk.edu.pl\/index.php\/wp-json\/wp\/v2\/posts\/4988\/revisions\/4993"}],"wp:featuredmedia":[{"embeddable":true,"href":"https:\/\/m8.mech.pk.edu.pl\/index.php\/wp-json\/wp\/v2\/media\/4989"}],"wp:attachment":[{"href":"https:\/\/m8.mech.pk.edu.pl\/index.php\/wp-json\/wp\/v2\/media?parent=4988"}],"wp:term":[{"taxonomy":"category","embeddable":true,"href":"https:\/\/m8.mech.pk.edu.pl\/index.php\/wp-json\/wp\/v2\/categories?post=4988"},{"taxonomy":"post_tag","embeddable":true,"href":"https:\/\/m8.mech.pk.edu.pl\/index.php\/wp-json\/wp\/v2\/tags?post=4988"}],"curies":[{"name":"wp","href":"https:\/\/api.w.org\/{rel}","templated":true}]}}