{"id":4755,"date":"2024-02-26T07:00:00","date_gmt":"2024-02-26T06:00:00","guid":{"rendered":"https:\/\/m8.mech.pk.edu.pl\/?p=4755"},"modified":"2024-02-28T22:37:28","modified_gmt":"2024-02-28T21:37:28","slug":"wystawa-studenckich-projektow-dotyczacych-pojazdow-szynowych-w-galerii-kpsit","status":"publish","type":"post","link":"https:\/\/m8.mech.pk.edu.pl\/index.php\/2024\/02\/26\/wystawa-studenckich-projektow-dotyczacych-pojazdow-szynowych-w-galerii-kpsit\/","title":{"rendered":"Wystawa studenckich projekt\u00f3w dotycz\u0105cych pojazd\u00f3w szynowych w galerii KPSiT"},"content":{"rendered":"\n<p>Rozpocz\u0105\u0142 si\u0119 nowy semestr. Z tej okazji zapraszamy do zapoznania si\u0119 z najlepszymi, nowatorskimi koncepcjami pojazd\u00f3w szynowych zrealizowanymi w ubieg\u0142ym semestrze przez Studentki i Student\u00f3w kierunku In\u017cynieria Wzornictwa Przemys\u0142owego w ramach przedmiotu &#8222;Projektowanie \u015brodk\u00f3w transportu szynowego&#8221; oraz prac in\u017cynierskich.<br>Plansze prezentuj\u0105ce najnowsze  projekty mo\u017cna ogl\u0105da\u0107 w galerii &#8222;Szyn\u00f3wka&#8221; &#8211; korytarz g\u0142\u00f3wny budynku J. Projekty z lat poprzednich z kolei dost\u0119pne s\u0105 w budynku A &#8211; IV pi\u0119tro. <br>Serdecznie zapraszamy!<\/p>\n\n\n\n<!--more-->\n\n\n\n<p><strong>Wagon dla fan\u00f3w gier komputerowych, podr\u00f3\u017cnych pracuj\u0105cych zdalnie albo przygotowany specjalnie dla pasa\u017cer\u00f3w ze zwierzakami. Jest te\u017c poci\u0105g dla podr\u00f3\u017cnik\u00f3w luksusowo zwiedzaj\u0105cych \u015bwiat w wagonie widokowym inspirowanym Orient Expressem albo sztuk\u0105 Gaudiego. Jak mog\u0105 wygl\u0105da\u0107 w niedalekiej przysz\u0142o\u015bci nowoczesne pojazdy szynowe, by odpowiada\u0142y na potrzeby podr\u00f3\u017cnych? Na to pytanie ju\u017c dzi\u015b odpowiadaj\u0105 studenci Politechniki Krakowskiej. Wystaw\u0119 najnowszych projekt\u00f3w szynowych pojazd\u00f3w przysz\u0142o\u015bci autorstwa student\u00f3w <em>in\u017cynierii wzornictwa przemys\u0142owego<\/em> mo\u017cna od dzi\u015b ogl\u0105da\u0107 w galerii Katedry Pojazd\u00f3w Szynowych i Transportu Politechniki Krakowskiej (Wydzia\u0142 Mechaniczny, al. Jana Paw\u0142a II 37).<\/strong><\/p>\n\n\n\n<h2 class=\"wp-block-heading has-medium-font-size\"><strong>In\u017cynierowie wzornictwa przemys\u0142owego zmieniaj\u0105 bran\u017c\u0119 kolejow\u0105<\/strong><\/h2>\n\n\n\n<p>Studenckie koncepcje nowoczesnych pojazd\u00f3w szynowych powsta\u0142y jako projekty semestralne w ramach zaj\u0119\u0107 z przedmiotu \u201eProjektowanie \u015brodk\u00f3w transportu szynowego\u201d, prowadzonego na kierunku <em>in\u017cynieria wzornictwa przemys\u0142owego<\/em> oraz jako dyplomy in\u017cynierskie na tym kierunku. W ramach kszta\u0142cenia zwi\u0105zanego z bran\u017c\u0105 pojazd\u00f3w szynowych studenci <em>in\u017cynierii wzornictwa przemys\u0142owego<\/em> najpierw (w ramach przedmiotu \u201eBudowa \u015brodk\u00f3w transportu szynowego\u201d) poznaj\u0105 podstawow\u0105 budow\u0119 i charakterystyk\u0119 pojazd\u00f3w szynowych na wyk\u0142adach i zaj\u0119ciach laboratoryjnych. Te s\u0105 prowadzone z wykorzystaniem bazy laboratoryjnej Katedr Pojazd\u00f3w Szynowych i Transportu Wydzia\u0142u Mechanicznego Politechniki, w tym m.in. symulatora tramwaju oraz podzespo\u0142\u00f3w z pojazd\u00f3w kolejowych. Odbywaj\u0105 si\u0119 te\u017c podczas wyjazd\u00f3w grup studenckich do producent\u00f3w taboru kolejowego i&nbsp; przewo\u017anik\u00f3w kolejowych (m.in. NEWAG, MPK w Krakowie).&nbsp;\u2013 <em>W kolejnym semestrze, w ramach wyk\u0142ad\u00f3w z przedmiotu projektowego, studenci poznaj\u0105 przebieg procesu konfigurowania i projektowania pojazd\u00f3w szynowych oraz wymagania i przepisy, obowi\u0105zuj\u0105ce w bran\u017cy transportu szynowego. Analizuj\u0105 przyk\u0142ady wdro\u017conych rozwi\u0105za\u0144 projektowych, poznaj\u0105 narz\u0119dzia do projektowania, dobre praktyki projektowe, ale te\u017c uk\u0142ady b\u0142\u0119dne itd. Ucz\u0105 si\u0119 o stosowanych rozwi\u0105zaniach konstrukcyjnych, funkcjonalnych oraz o materia\u0142ach wykorzystywanych do produkcji pojazd\u00f3w szynowych <\/em>\u2013 m\u00f3wi dr Maciej G\u00f3rowski z Katedry Pojazd\u00f3w Szynowych i Transportu, prowadz\u0105cy zaj\u0119cia na kierunku <em>in\u017cynieria wzornictwa przemys\u0142owego<\/em>. W ramach zaj\u0119\u0107 poruszane jest te\u017c tematy zwi\u0105zane z procesem zakupu taboru (ofertowania, bud\u017cetowania i zamawiania pojazd\u00f3w), przygotowywaniem materia\u0142\u00f3w do uzgodnie\u0144 z klientami, dokumentacj\u0105 projektow\u0105 itd.<br><br>Fina\u0142em kszta\u0142cenia zwi\u0105zanego z bran\u017c\u0105 transportu szynowego jest realizacja projektu, dotycz\u0105cego pojazd\u00f3w szynowych. \u2013<em>&nbsp;Bardzo wa\u017cne w procesie dydaktycznym jest to, \u017ce nie narzucamy studentom tematu projektu. Sami szukaj\u0105 zakres\u00f3w projektowania, kt\u00f3re w tej dziedzinie chcieliby realizowa\u0107. Dajemy m\u0142odym projektantom mo\u017cliwo\u015b\u0107 wykazania si\u0119 pomys\u0142owo\u015bci\u0105. Po analizach i obserwacjach funkcjonuj\u0105cych rozwi\u0105za\u0144 mog\u0105 zwr\u00f3ci\u0107 si\u0119 w swoich projektach ku rozwi\u0105zaniom, kt\u00f3re odpowiadaj\u0105 na nowe potrzeby podr\u00f3\u017cnych i zaproponowa\u0107 zmiany&nbsp; w dotychczasowym patrzeniu na bran\u017c\u0119 pojazd\u00f3w szynowych. Mog\u0105 projektowa\u0107 zgodnie z obecnymi wymaganiami dla pojazd\u00f3w szynowych&nbsp;\u2013 przepisami, normami, trendami, albo ca\u0142kowicie pu\u015bci\u0107 wodze fantazji i projektowa\u0107 bardziej przysz\u0142o\u015bciowo, wr\u0119cz futurystycznie. Najwa\u017cniejsze w tym projektowym zadaniu s\u0105 pomys\u0142owo\u015b\u0107 i kreatywno\u015b\u0107 student\u00f3w \u2013 nieodzowne cechy i kompetencje zawodowych projektant\u00f3w <\/em>\u2013 podkre\u015bla dr Maciej G\u00f3rowski, sam praktykuj\u0105cy projektant pojazd\u00f3w szynowych.<\/p>\n\n\n\n<p>Podczas prac nad projektem studenci i prowadz\u0105cy przedmiot nauczyciel omawiaj\u0105 post\u0119py w jego realizacji, na bie\u017c\u0105co uzgadniaj\u0105 kolejne kroki tak jak podczas rzeczywistego procesu projektowania \u2013 od przegl\u0105du istniej\u0105cych rozwi\u0105za\u0144, za\u0142o\u017ce\u0144 projektowych, analiz, koncepcji po finalne projekty koncepcyjne. Egzaminem ko\u0144cowym z przedmiotu \u201eProjektowanie \u015brodk\u00f3w transportu szynowego\u201d s\u0105 prezentacje projekt\u00f3w, prowadzone w takiej formie jak podczas rzeczywistych uzgodnie\u0144 z klientem.&nbsp;\u2013 <em>Prowadz\u0105cy przedmiot wciela si\u0119 w rol\u0119 klienta, a studenci prezentuj\u0105 swoje koncepcje, tak by jak najbardziej przekona\u0107 do swoich pomys\u0142\u00f3w. To pozwala na rozw\u00f3j kompetencji mi\u0119kkich potrzebnych potem w zawodowym \u017cyciu &#8211; umiej\u0119tno\u015bci prezentacji, prowadzenia dyskusji, argumentacji i przyjmowania krytyki, czyli umiej\u0119tno\u015bci stanowi\u0105cych \u201echleb powszedni\u201d w przysz\u0142ej pracy w tym zawodzie \u2013 <\/em>wyja\u015bnia dr Maciej G\u00f3rowski.<\/p>\n\n\n\n<h2 class=\"wp-block-heading has-medium-font-size\"><strong>Od wagonu do pracy zdalnej po luksusy dla fan\u00f3w gier i podr\u00f3\u017cy w stylu Orient Expressu<\/strong><\/h2>\n\n\n\n<p>Tegoroczne projekty student\u00f3w Politechniki Krakowskiej s\u0105 bardzo r\u00f3\u017cnorodne. Z jednej strony, to wizje ca\u0142kiem niedalekiej (prawdopodobnie) przysz\u0142o\u015bci. Odpowiadaj\u0105 m.in. na tak znane ju\u017c&nbsp;\u2013 po pandemii&nbsp;\u2013 potrzeby pasa\u017cer\u00f3w, jak np. mo\u017cliwo\u015b\u0107 pracy zdalnej podczas podr\u00f3\u017cy. Ten temat podj\u0119\u0142a dyplomantka PK Wiktoria Tyra\u0142a, kt\u00f3ra zaprojektowa\u0142a wygodn\u0105 przestrze\u0144 pasa\u017cersk\u0105 do pracy zdalnej, tak\u017ce dla os\u00f3b z niepe\u0142nosprawno\u015bciami. Pomy\u015bla\u0142a m.in. o optymalnej przestrzeni do pracy, w tym gabarytach foteli i rozmieszczeniu ich zgodnie z obowi\u0105zuj\u0105cymi normami, sk\u0142adanych stolikach, pod\u0142okietnikach i odpowiednim o\u015bwietleniu stanowiska pracy, a tak\u017ce sprzyjaj\u0105cej skupieniu kolorystyce wagonu.<\/p>\n\n\n\n<p>Wagon biznesowy to propozycja innowacyjnego wagonu biurowego z komfortow\u0105 i funkcjonaln\u0105 przestrzeni\u0105 do pracy. Projekt Kingi Sosnowskiej, studentki III roku in\u017cynierii wzornictwa przemys\u0142owego, zak\u0142ada stworzenie w poci\u0105gu mobilnej przestrzeni biurowej z mini sal\u0105 konferencyjn\u0105, wyposa\u017con\u0105 w najnowocze\u015bniejsze technologie i udogodnienia.&nbsp; &nbsp; &nbsp; &nbsp;<\/p>\n\n\n\n<p>Jest te\u017c studencki pomys\u0142 dla tych, kt\u00f3rzy kilka godzin w poci\u0105gu chcieliby sp\u0119dzi\u0107 po prostu relaksuj\u0105c si\u0119 gr\u0105 w gry komputerowe. W wagonie dla graczy, zaprojektowanym przez Ew\u0119 Pis w ramach pracy in\u017cynierskiej, s\u0105 stacje gamingowe i komputery stacjonarne, s\u0105 te\u017c stanowiska dla os\u00f3b z w\u0142asnymi urz\u0105dzeniami \u2013 laptopami czy konsolami. <em>\u2013 Proponowane rozwi\u0105zania odpowiadaj\u0105 na potrzeby&nbsp; u\u017cytkownik\u00f3w w zakresie zapewnienia im bezpiecze\u0144stwa, odpowiedniej infrastruktury do gry, jednocze\u015bnie eliminuj\u0105cej negatywne skutki wielogodzinnej rozgrywki<\/em>&nbsp;\u2013 opisuje sw\u00f3j projekt autorka.&nbsp;<\/p>\n\n\n\n<p>Jest te\u017c pomys\u0142 studentki III roku Joanny Proszek \u2013 dedykowany w\u0142a\u015bcicielom psa czy kota, kt\u00f3rzy marz\u0105 o komfortowej i bezstresowej podr\u00f3\u017cy wsp\u00f3lnie ze swoim pupilem. Modu\u0142owa przestrze\u0144 przedzia\u0142u dla os\u00f3b podr\u00f3\u017cuj\u0105cych ze zwierz\u0119tami mog\u0142aby by\u0107 swobodnie poddawana aran\u017cacjom, by optymalnie zarz\u0105dza\u0107 liczb\u0105 miejsc dla pasa\u017cer\u00f3w.<\/p>\n\n\n\n<p>W\u015br\u00f3d ciekawych projekt\u00f3w student\u00f3w s\u0105 te\u017c bardziej futurystyczne koncepcje pojazd\u00f3w przysz\u0142o\u015bci. Fani Orient Expressu Micha\u0142 Mucha, Kacper Kalista i Marcel Chudzik zaprojektowali \u201eGolden Horizon Express\u201d, w kt\u00f3rym ka\u017cdy wagon to podr\u00f3\u017c przez r\u00f3\u017cne regiony Europy \u2013 od francuskiej elegancji, przez ba\u0142ka\u0144ski urok i tureckie detale.<em> \u2013 Szybko\u015b\u0107 spotyka si\u0119 tu z kulturowym bogactwem <\/em>\u2013 reklamuj\u0105 sw\u00f3j pomys\u0142 m\u0142odzi projektanci.<\/p>\n\n\n\n<p>Na spe\u0142nienie marze\u0144 bardzo wymagaj\u0105cych klient\u00f3w kolei postawili te\u017c Natalia Babiuch i Wiktor Surman. Ich luksusowy wagon widokowy \u201eZenith\u201d \u0142\u0105czy komfort i wyrafinowanie, a jest inspirowany tw\u00f3rczo\u015bci\u0105 Antoniego Gaudiego, secesj\u0105 i neogotykiem. <em>\u2013 Wagon przeznaczony do kontemplacji i konwersacji wyr\u00f3\u017cnia si\u0119 bogactwem form organicznych i kopu\u0142\u0105 widokow\u0105 na ko\u0144cu wagonu.&nbsp; Intencjonalny splot wizualnego doznania form i kolor\u00f3w wn\u0119trza z krajobrazami g\u00f3r i las\u00f3w, stwarza poczucie jedno\u015bci z natur\u0105 \u2013 <\/em>przedstawiaj\u0105 sw\u00f3j projekt studenci III roku Politechniki Krakowskiej.<\/p>\n\n\n\n<p>W\u015br\u00f3d tegorocznych pomys\u0142\u00f3w studenckich jest te\u017c ca\u0142kiem \u201eodlotowy\u201d pomys\u0142 na rollercoaster. \u201eThe Y\u201d to nietypowy pojazd szynowy, zaprojektowany przez Bartosza \u017belichowskiego, a inspirowany typem \u201eWing Coaster\u201d. Siedzi si\u0119 w nim ty\u0142em do toru, czyli bokiem do kierunku jazdy. Wed\u0142ug autora tego pomys\u0142u zapewni\u0142by on fanom park\u00f3w rozrywki niespotykane dot\u0105d mocne wra\u017cenia.&nbsp;<br><\/p>\n\n\n\n<h2 class=\"wp-block-heading has-medium-font-size\"><strong>M\u0142ode spojrzenie wykwalifikowanych kadr z PK&nbsp;<\/strong><\/h2>\n\n\n\n<p>Tematyka projektowania pojazd\u00f3w szynowych obecna jest w programie kszta\u0142cenia in\u017cynierii wzornictwa od pocz\u0105tku istnienia kierunku na PK, to ju\u017c ponad 12 lat. Powsta\u0142o w tym czasie na Politechnice Krakowskiej kilkadziesi\u0105t innowacyjnych i ciekawych projekt\u00f3w. W wielu z nich autorzy, dzi\u0119ki otwarto\u015bci my\u015blenia i wnikliwym analizom potrzeb u\u017cytkownik\u00f3w pojazd\u00f3w, zaproponowali koncepcje dotychczas niespotkane w transporcie szynowym.&nbsp;\u2013 <em>Niekt\u00f3re projekty s\u0105 prawdziwymi koncepcjami przysz\u0142o\u015bci, na razie &nbsp;mo\u017ce futurystycznymi, ale ju\u017c dzi\u015b przyczyniaj\u0105cymi si\u0119 do \u015bwie\u017cego \u2013 odmiennego od klasycznego&nbsp;\u2013 spojrzenia na transport szynowy. Pokazuj\u0105 mo\u017cliwo\u015bci wprowadzenia do oferty przewozowej rozwi\u0105za\u0144 dotychczas niespotykanych, a potrzebnych z punktu widzenia oczekiwa\u0144 pasa\u017cer\u00f3w<\/em> \u2013 podkre\u015bla dr Maciej G\u00f3rowski. Jak dodaje, bran\u017ca pojazd\u00f3w szynowych jest jednym z bardziej dynamicznie rozwijaj\u0105cych si\u0119 obszar\u00f3w transportu. \u2013&nbsp;<em>Dzisiejszy pojazd szynowy to nowoczesne technologie, nowatorskie rozwi\u0105zania konstrukcyjne i funkcjonalne, zapewniaj\u0105ce wysoki poziom komfortu i bezpiecze\u0144stwa podr\u00f3\u017cy. Do tworzenia takich pojazd\u00f3w producenci i operatorzy potrzebuj\u0105 wykwalifikowanych projektant\u00f3w, potrafi\u0105cych kreowa\u0107 nowe standardy. Takich w\u0142a\u015bnie kszta\u0142cimy na Politechnice Krakowskiej <\/em>\u2013 m\u00f3wi ekspert PK.<\/p>\n\n\n\n<p>Absolwenci kierunku in\u017cynierii wzornictwa przemys\u0142owego, kt\u00f3rzy zarazili si\u0119 podczas zaj\u0119\u0107 pasj\u0105 do pojazd\u00f3w szynowych, pracuj\u0105 obecnie w biurach projektowych czo\u0142owych producent\u00f3w taboru szynowego jak r\u00f3wnie\u017c przewo\u017anik\u00f3w (np. PKP INTERCITY) SA, wdra\u017caj\u0105c projekty i opracowuj\u0105c strategie rozwoju wzornictwa pojazd\u00f3w.<\/p>\n\n\n\n<figure class=\"wp-block-gallery has-nested-images columns-7 is-cropped wp-block-gallery-1 is-layout-flex wp-block-gallery-is-layout-flex\">\n<figure class=\"wp-block-image size-large\"><a href=\"https:\/\/m8.mech.pk.edu.pl\/wp-content\/uploads\/2024\/02\/wagon-ghe-mini.png\" target=\"_blank\" rel=\"noreferrer noopener\"><img loading=\"lazy\" decoding=\"async\" width=\"725\" height=\"1024\" data-id=\"4952\" src=\"https:\/\/m8.mech.pk.edu.pl\/wp-content\/uploads\/2024\/02\/wagon-ghe-mini-725x1024.png\" alt=\"\" class=\"wp-image-4952\" srcset=\"https:\/\/m8.mech.pk.edu.pl\/wp-content\/uploads\/2024\/02\/wagon-ghe-mini-725x1024.png 725w, https:\/\/m8.mech.pk.edu.pl\/wp-content\/uploads\/2024\/02\/wagon-ghe-mini-212x300.png 212w, https:\/\/m8.mech.pk.edu.pl\/wp-content\/uploads\/2024\/02\/wagon-ghe-mini-768x1084.png 768w, https:\/\/m8.mech.pk.edu.pl\/wp-content\/uploads\/2024\/02\/wagon-ghe-mini.png 1000w\" sizes=\"auto, (max-width: 725px) 100vw, 725px\" \/><\/a><\/figure>\n\n\n\n<figure class=\"wp-block-image size-large\"><a href=\"https:\/\/m8.mech.pk.edu.pl\/wp-content\/uploads\/2024\/02\/wagon-biurowy-mini.png\" target=\"_blank\" rel=\"noreferrer noopener\"><img loading=\"lazy\" decoding=\"async\" width=\"724\" height=\"1024\" data-id=\"4951\" src=\"https:\/\/m8.mech.pk.edu.pl\/wp-content\/uploads\/2024\/02\/wagon-biurowy-mini-724x1024.png\" alt=\"\" class=\"wp-image-4951\" srcset=\"https:\/\/m8.mech.pk.edu.pl\/wp-content\/uploads\/2024\/02\/wagon-biurowy-mini-724x1024.png 724w, https:\/\/m8.mech.pk.edu.pl\/wp-content\/uploads\/2024\/02\/wagon-biurowy-mini-212x300.png 212w, https:\/\/m8.mech.pk.edu.pl\/wp-content\/uploads\/2024\/02\/wagon-biurowy-mini-768x1087.png 768w, https:\/\/m8.mech.pk.edu.pl\/wp-content\/uploads\/2024\/02\/wagon-biurowy-mini.png 1000w\" sizes=\"auto, (max-width: 724px) 100vw, 724px\" \/><\/a><\/figure>\n\n\n\n<figure class=\"wp-block-image size-large\"><a href=\"https:\/\/m8.mech.pk.edu.pl\/wp-content\/uploads\/2024\/02\/wagon-zwierz-mini.png\" target=\"_blank\" rel=\"noreferrer noopener\"><img loading=\"lazy\" decoding=\"async\" width=\"724\" height=\"1024\" data-id=\"4957\" src=\"https:\/\/m8.mech.pk.edu.pl\/wp-content\/uploads\/2024\/02\/wagon-zwierz-mini-724x1024.png\" alt=\"\" class=\"wp-image-4957\" srcset=\"https:\/\/m8.mech.pk.edu.pl\/wp-content\/uploads\/2024\/02\/wagon-zwierz-mini-724x1024.png 724w, https:\/\/m8.mech.pk.edu.pl\/wp-content\/uploads\/2024\/02\/wagon-zwierz-mini-212x300.png 212w, https:\/\/m8.mech.pk.edu.pl\/wp-content\/uploads\/2024\/02\/wagon-zwierz-mini-768x1086.png 768w, https:\/\/m8.mech.pk.edu.pl\/wp-content\/uploads\/2024\/02\/wagon-zwierz-mini.png 1000w\" sizes=\"auto, (max-width: 724px) 100vw, 724px\" \/><\/a><\/figure>\n\n\n\n<figure class=\"wp-block-image size-large\"><a href=\"https:\/\/m8.mech.pk.edu.pl\/wp-content\/uploads\/2024\/02\/wagon-widok-mini.png\" target=\"_blank\" rel=\"noreferrer noopener\"><img loading=\"lazy\" decoding=\"async\" width=\"724\" height=\"1024\" data-id=\"4954\" src=\"https:\/\/m8.mech.pk.edu.pl\/wp-content\/uploads\/2024\/02\/wagon-widok-mini-724x1024.png\" alt=\"\" class=\"wp-image-4954\" srcset=\"https:\/\/m8.mech.pk.edu.pl\/wp-content\/uploads\/2024\/02\/wagon-widok-mini-724x1024.png 724w, https:\/\/m8.mech.pk.edu.pl\/wp-content\/uploads\/2024\/02\/wagon-widok-mini-212x300.png 212w, https:\/\/m8.mech.pk.edu.pl\/wp-content\/uploads\/2024\/02\/wagon-widok-mini-768x1087.png 768w, https:\/\/m8.mech.pk.edu.pl\/wp-content\/uploads\/2024\/02\/wagon-widok-mini.png 1000w\" sizes=\"auto, (max-width: 724px) 100vw, 724px\" \/><\/a><\/figure>\n\n\n\n<figure class=\"wp-block-image size-large\"><a href=\"https:\/\/m8.mech.pk.edu.pl\/wp-content\/uploads\/2024\/02\/kolejka-roler-mini.png\" target=\"_blank\" rel=\"noreferrer noopener\"><img loading=\"lazy\" decoding=\"async\" width=\"724\" height=\"1024\" data-id=\"4953\" src=\"https:\/\/m8.mech.pk.edu.pl\/wp-content\/uploads\/2024\/02\/kolejka-roler-mini-724x1024.png\" alt=\"\" class=\"wp-image-4953\" srcset=\"https:\/\/m8.mech.pk.edu.pl\/wp-content\/uploads\/2024\/02\/kolejka-roler-mini-724x1024.png 724w, https:\/\/m8.mech.pk.edu.pl\/wp-content\/uploads\/2024\/02\/kolejka-roler-mini-212x300.png 212w, https:\/\/m8.mech.pk.edu.pl\/wp-content\/uploads\/2024\/02\/kolejka-roler-mini-768x1086.png 768w, https:\/\/m8.mech.pk.edu.pl\/wp-content\/uploads\/2024\/02\/kolejka-roler-mini.png 1000w\" sizes=\"auto, (max-width: 724px) 100vw, 724px\" \/><\/a><\/figure>\n\n\n\n<figure class=\"wp-block-image size-large\"><a href=\"https:\/\/m8.mech.pk.edu.pl\/wp-content\/uploads\/2024\/02\/wagon-gry-mini.png\" target=\"_blank\" rel=\"noreferrer noopener\"><img loading=\"lazy\" decoding=\"async\" width=\"719\" height=\"1024\" data-id=\"4955\" src=\"https:\/\/m8.mech.pk.edu.pl\/wp-content\/uploads\/2024\/02\/wagon-gry-mini-719x1024.png\" alt=\"\" class=\"wp-image-4955\" srcset=\"https:\/\/m8.mech.pk.edu.pl\/wp-content\/uploads\/2024\/02\/wagon-gry-mini-719x1024.png 719w, https:\/\/m8.mech.pk.edu.pl\/wp-content\/uploads\/2024\/02\/wagon-gry-mini-211x300.png 211w, https:\/\/m8.mech.pk.edu.pl\/wp-content\/uploads\/2024\/02\/wagon-gry-mini-768x1094.png 768w, https:\/\/m8.mech.pk.edu.pl\/wp-content\/uploads\/2024\/02\/wagon-gry-mini.png 1000w\" sizes=\"auto, (max-width: 719px) 100vw, 719px\" \/><\/a><\/figure>\n\n\n\n<figure class=\"wp-block-image size-large\"><a href=\"https:\/\/m8.mech.pk.edu.pl\/wp-content\/uploads\/2024\/02\/wagon-zdalna-mini.png\" target=\"_blank\" rel=\"noreferrer noopener\"><img loading=\"lazy\" decoding=\"async\" width=\"719\" height=\"1024\" data-id=\"4956\" src=\"https:\/\/m8.mech.pk.edu.pl\/wp-content\/uploads\/2024\/02\/wagon-zdalna-mini-719x1024.png\" alt=\"\" class=\"wp-image-4956\" srcset=\"https:\/\/m8.mech.pk.edu.pl\/wp-content\/uploads\/2024\/02\/wagon-zdalna-mini-719x1024.png 719w, https:\/\/m8.mech.pk.edu.pl\/wp-content\/uploads\/2024\/02\/wagon-zdalna-mini-211x300.png 211w, https:\/\/m8.mech.pk.edu.pl\/wp-content\/uploads\/2024\/02\/wagon-zdalna-mini-768x1094.png 768w, https:\/\/m8.mech.pk.edu.pl\/wp-content\/uploads\/2024\/02\/wagon-zdalna-mini.png 1000w\" sizes=\"auto, (max-width: 719px) 100vw, 719px\" \/><\/a><\/figure>\n<\/figure>\n\n\n\n<figure class=\"wp-block-gallery has-nested-images columns-5 is-cropped wp-block-gallery-2 is-layout-flex wp-block-gallery-is-layout-flex\">\n<figure class=\"wp-block-image size-large\"><a href=\"https:\/\/m8.mech.pk.edu.pl\/wp-content\/uploads\/2024\/02\/20240223_150222-m.jpg\" target=\"_blank\" rel=\"noreferrer noopener\"><img loading=\"lazy\" decoding=\"async\" width=\"1000\" height=\"770\" data-id=\"4759\" src=\"https:\/\/m8.mech.pk.edu.pl\/wp-content\/uploads\/2024\/02\/20240223_150222-m.jpg\" alt=\"\" class=\"wp-image-4759\" srcset=\"https:\/\/m8.mech.pk.edu.pl\/wp-content\/uploads\/2024\/02\/20240223_150222-m.jpg 1000w, https:\/\/m8.mech.pk.edu.pl\/wp-content\/uploads\/2024\/02\/20240223_150222-m-300x231.jpg 300w, https:\/\/m8.mech.pk.edu.pl\/wp-content\/uploads\/2024\/02\/20240223_150222-m-768x591.jpg 768w\" sizes=\"auto, (max-width: 1000px) 100vw, 1000px\" \/><\/a><\/figure>\n\n\n\n<figure class=\"wp-block-image size-large\"><a href=\"https:\/\/m8.mech.pk.edu.pl\/wp-content\/uploads\/2024\/02\/20240223_134659-m.jpg\" target=\"_blank\" rel=\"noreferrer noopener\"><img loading=\"lazy\" decoding=\"async\" width=\"1000\" height=\"750\" data-id=\"4756\" src=\"https:\/\/m8.mech.pk.edu.pl\/wp-content\/uploads\/2024\/02\/20240223_134659-m.jpg\" alt=\"\" class=\"wp-image-4756\" srcset=\"https:\/\/m8.mech.pk.edu.pl\/wp-content\/uploads\/2024\/02\/20240223_134659-m.jpg 1000w, https:\/\/m8.mech.pk.edu.pl\/wp-content\/uploads\/2024\/02\/20240223_134659-m-300x225.jpg 300w, https:\/\/m8.mech.pk.edu.pl\/wp-content\/uploads\/2024\/02\/20240223_134659-m-768x576.jpg 768w\" sizes=\"auto, (max-width: 1000px) 100vw, 1000px\" \/><\/a><\/figure>\n\n\n\n<figure class=\"wp-block-image size-large\"><a href=\"https:\/\/m8.mech.pk.edu.pl\/wp-content\/uploads\/2024\/02\/20240223_134930-m.jpg\" target=\"_blank\" rel=\"noreferrer noopener\"><img loading=\"lazy\" decoding=\"async\" width=\"1000\" height=\"750\" data-id=\"4757\" src=\"https:\/\/m8.mech.pk.edu.pl\/wp-content\/uploads\/2024\/02\/20240223_134930-m.jpg\" alt=\"\" class=\"wp-image-4757\" srcset=\"https:\/\/m8.mech.pk.edu.pl\/wp-content\/uploads\/2024\/02\/20240223_134930-m.jpg 1000w, https:\/\/m8.mech.pk.edu.pl\/wp-content\/uploads\/2024\/02\/20240223_134930-m-300x225.jpg 300w, https:\/\/m8.mech.pk.edu.pl\/wp-content\/uploads\/2024\/02\/20240223_134930-m-768x576.jpg 768w\" sizes=\"auto, (max-width: 1000px) 100vw, 1000px\" \/><\/a><\/figure>\n\n\n\n<figure class=\"wp-block-image size-large\"><a href=\"https:\/\/m8.mech.pk.edu.pl\/wp-content\/uploads\/2024\/02\/20240223_134941-m.jpg\" target=\"_blank\" rel=\"noreferrer noopener\"><img loading=\"lazy\" decoding=\"async\" width=\"1000\" height=\"750\" data-id=\"4760\" src=\"https:\/\/m8.mech.pk.edu.pl\/wp-content\/uploads\/2024\/02\/20240223_134941-m.jpg\" alt=\"\" class=\"wp-image-4760\" srcset=\"https:\/\/m8.mech.pk.edu.pl\/wp-content\/uploads\/2024\/02\/20240223_134941-m.jpg 1000w, https:\/\/m8.mech.pk.edu.pl\/wp-content\/uploads\/2024\/02\/20240223_134941-m-300x225.jpg 300w, https:\/\/m8.mech.pk.edu.pl\/wp-content\/uploads\/2024\/02\/20240223_134941-m-768x576.jpg 768w\" sizes=\"auto, (max-width: 1000px) 100vw, 1000px\" \/><\/a><\/figure>\n\n\n\n<figure class=\"wp-block-image size-large\"><a href=\"https:\/\/m8.mech.pk.edu.pl\/wp-content\/uploads\/2024\/02\/20240223_134719-m.jpg\" target=\"_blank\" rel=\"noreferrer noopener\"><img loading=\"lazy\" decoding=\"async\" width=\"1000\" height=\"750\" data-id=\"4758\" src=\"https:\/\/m8.mech.pk.edu.pl\/wp-content\/uploads\/2024\/02\/20240223_134719-m.jpg\" alt=\"\" class=\"wp-image-4758\" srcset=\"https:\/\/m8.mech.pk.edu.pl\/wp-content\/uploads\/2024\/02\/20240223_134719-m.jpg 1000w, https:\/\/m8.mech.pk.edu.pl\/wp-content\/uploads\/2024\/02\/20240223_134719-m-300x225.jpg 300w, https:\/\/m8.mech.pk.edu.pl\/wp-content\/uploads\/2024\/02\/20240223_134719-m-768x576.jpg 768w\" sizes=\"auto, (max-width: 1000px) 100vw, 1000px\" \/><\/a><\/figure>\n<\/figure>\n\n\n\n<p>\u0179r\u00f3d\u0142o tekstu: <a href=\"https:\/\/www.pk.edu.pl\/index.php?option=com_content&amp;view=article&amp;id=5241&amp;Itemid=2142&amp;lang=pl\" target=\"_blank\" rel=\"noreferrer noopener\">https:\/\/www.pk.edu.pl\/index.php?option=com_content&amp;view=article&amp;id=5241&amp;Itemid=2142&amp;lang=pl<\/a><\/p>\n","protected":false},"excerpt":{"rendered":"<p>Rozpocz\u0105\u0142 si\u0119 nowy semestr. Z tej okazji zapraszamy do zapoznania si\u0119 z najlepszymi, nowatorskimi koncepcjami pojazd\u00f3w szynowych zrealizowanymi w ubieg\u0142ym semestrze przez Studentki i Student\u00f3w kierunku In\u017cynieria Wzornictwa Przemys\u0142owego w ramach przedmiotu &#8222;Projektowanie \u015brodk\u00f3w transportu szynowego&#8221; oraz prac in\u017cynierskich.Plansze prezentuj\u0105ce najnowsze projekty mo\u017cna ogl\u0105da\u0107 w galerii &#8222;Szyn\u00f3wka&#8221; &#8211; korytarz g\u0142\u00f3wny budynku J. Projekty z lat [&hellip;]<\/p>\n","protected":false},"author":5,"featured_media":4759,"comment_status":"closed","ping_status":"open","sticky":false,"template":"","format":"standard","meta":{"footnotes":""},"categories":[1],"tags":[],"class_list":["post-4755","post","type-post","status-publish","format-standard","has-post-thumbnail","hentry","category-bez-kategorii"],"yoast_head":"<!-- This site is optimized with the Yoast SEO plugin v27.5 - https:\/\/yoast.com\/product\/yoast-seo-wordpress\/ -->\n<title>Wystawa studenckich projekt\u00f3w dotycz\u0105cych pojazd\u00f3w szynowych w galerii KPSiT - Katedra Pojazd\u00f3w Szynowych i Transportu<\/title>\n<meta name=\"robots\" content=\"index, follow, max-snippet:-1, max-image-preview:large, max-video-preview:-1\" \/>\n<link rel=\"canonical\" href=\"https:\/\/m8.mech.pk.edu.pl\/index.php\/2024\/02\/26\/wystawa-studenckich-projektow-dotyczacych-pojazdow-szynowych-w-galerii-kpsit\/\" \/>\n<meta property=\"og:locale\" content=\"pl_PL\" \/>\n<meta property=\"og:type\" content=\"article\" \/>\n<meta property=\"og:title\" content=\"Wystawa studenckich projekt\u00f3w dotycz\u0105cych pojazd\u00f3w szynowych w galerii KPSiT - Katedra Pojazd\u00f3w Szynowych i Transportu\" \/>\n<meta property=\"og:description\" content=\"Rozpocz\u0105\u0142 si\u0119 nowy semestr. Z tej okazji zapraszamy do zapoznania si\u0119 z najlepszymi, nowatorskimi koncepcjami pojazd\u00f3w szynowych zrealizowanymi w ubieg\u0142ym semestrze przez Studentki i Student\u00f3w kierunku In\u017cynieria Wzornictwa Przemys\u0142owego w ramach przedmiotu &#8222;Projektowanie \u015brodk\u00f3w transportu szynowego&#8221; oraz prac in\u017cynierskich.Plansze prezentuj\u0105ce najnowsze projekty mo\u017cna ogl\u0105da\u0107 w galerii &#8222;Szyn\u00f3wka&#8221; &#8211; korytarz g\u0142\u00f3wny budynku J. Projekty z lat [&hellip;]\" \/>\n<meta property=\"og:url\" content=\"https:\/\/m8.mech.pk.edu.pl\/index.php\/2024\/02\/26\/wystawa-studenckich-projektow-dotyczacych-pojazdow-szynowych-w-galerii-kpsit\/\" \/>\n<meta property=\"og:site_name\" content=\"Katedra Pojazd\u00f3w Szynowych i Transportu\" \/>\n<meta property=\"article:publisher\" content=\"https:\/\/facebook.com\/KPSzTPK\" \/>\n<meta property=\"article:published_time\" content=\"2024-02-26T06:00:00+00:00\" \/>\n<meta property=\"article:modified_time\" content=\"2024-02-28T21:37:28+00:00\" \/>\n<meta property=\"og:image\" content=\"https:\/\/m8.mech.pk.edu.pl\/wp-content\/uploads\/2024\/02\/20240223_150222-m.jpg\" \/>\n\t<meta property=\"og:image:width\" content=\"1000\" \/>\n\t<meta property=\"og:image:height\" content=\"770\" \/>\n\t<meta property=\"og:image:type\" content=\"image\/jpeg\" \/>\n<meta name=\"author\" content=\"Maciej\" \/>\n<meta name=\"twitter:card\" content=\"summary_large_image\" \/>\n<meta name=\"twitter:label1\" content=\"Napisane przez\" \/>\n\t<meta name=\"twitter:data1\" content=\"Maciej\" \/>\n\t<meta name=\"twitter:label2\" content=\"Szacowany czas czytania\" \/>\n\t<meta name=\"twitter:data2\" content=\"11 minut\" \/>\n<script type=\"application\/ld+json\" class=\"yoast-schema-graph\">{\"@context\":\"https:\\\/\\\/schema.org\",\"@graph\":[{\"@type\":\"Article\",\"@id\":\"https:\\\/\\\/m8.mech.pk.edu.pl\\\/index.php\\\/2024\\\/02\\\/26\\\/wystawa-studenckich-projektow-dotyczacych-pojazdow-szynowych-w-galerii-kpsit\\\/#article\",\"isPartOf\":{\"@id\":\"https:\\\/\\\/m8.mech.pk.edu.pl\\\/index.php\\\/2024\\\/02\\\/26\\\/wystawa-studenckich-projektow-dotyczacych-pojazdow-szynowych-w-galerii-kpsit\\\/\"},\"author\":{\"name\":\"Maciej\",\"@id\":\"https:\\\/\\\/m8.mech.pk.edu.pl\\\/#\\\/schema\\\/person\\\/d8f6c9a11add49a79e366c6d4261d14e\"},\"headline\":\"Wystawa studenckich projekt\u00f3w dotycz\u0105cych pojazd\u00f3w szynowych w galerii KPSiT\",\"datePublished\":\"2024-02-26T06:00:00+00:00\",\"dateModified\":\"2024-02-28T21:37:28+00:00\",\"mainEntityOfPage\":{\"@id\":\"https:\\\/\\\/m8.mech.pk.edu.pl\\\/index.php\\\/2024\\\/02\\\/26\\\/wystawa-studenckich-projektow-dotyczacych-pojazdow-szynowych-w-galerii-kpsit\\\/\"},\"wordCount\":1610,\"publisher\":{\"@id\":\"https:\\\/\\\/m8.mech.pk.edu.pl\\\/#organization\"},\"image\":{\"@id\":\"https:\\\/\\\/m8.mech.pk.edu.pl\\\/index.php\\\/2024\\\/02\\\/26\\\/wystawa-studenckich-projektow-dotyczacych-pojazdow-szynowych-w-galerii-kpsit\\\/#primaryimage\"},\"thumbnailUrl\":\"https:\\\/\\\/m8.mech.pk.edu.pl\\\/wp-content\\\/uploads\\\/2024\\\/02\\\/20240223_150222-m.jpg\",\"inLanguage\":\"pl-PL\"},{\"@type\":\"WebPage\",\"@id\":\"https:\\\/\\\/m8.mech.pk.edu.pl\\\/index.php\\\/2024\\\/02\\\/26\\\/wystawa-studenckich-projektow-dotyczacych-pojazdow-szynowych-w-galerii-kpsit\\\/\",\"url\":\"https:\\\/\\\/m8.mech.pk.edu.pl\\\/index.php\\\/2024\\\/02\\\/26\\\/wystawa-studenckich-projektow-dotyczacych-pojazdow-szynowych-w-galerii-kpsit\\\/\",\"name\":\"Wystawa studenckich projekt\u00f3w dotycz\u0105cych pojazd\u00f3w szynowych w galerii KPSiT - Katedra Pojazd\u00f3w Szynowych i Transportu\",\"isPartOf\":{\"@id\":\"https:\\\/\\\/m8.mech.pk.edu.pl\\\/#website\"},\"primaryImageOfPage\":{\"@id\":\"https:\\\/\\\/m8.mech.pk.edu.pl\\\/index.php\\\/2024\\\/02\\\/26\\\/wystawa-studenckich-projektow-dotyczacych-pojazdow-szynowych-w-galerii-kpsit\\\/#primaryimage\"},\"image\":{\"@id\":\"https:\\\/\\\/m8.mech.pk.edu.pl\\\/index.php\\\/2024\\\/02\\\/26\\\/wystawa-studenckich-projektow-dotyczacych-pojazdow-szynowych-w-galerii-kpsit\\\/#primaryimage\"},\"thumbnailUrl\":\"https:\\\/\\\/m8.mech.pk.edu.pl\\\/wp-content\\\/uploads\\\/2024\\\/02\\\/20240223_150222-m.jpg\",\"datePublished\":\"2024-02-26T06:00:00+00:00\",\"dateModified\":\"2024-02-28T21:37:28+00:00\",\"breadcrumb\":{\"@id\":\"https:\\\/\\\/m8.mech.pk.edu.pl\\\/index.php\\\/2024\\\/02\\\/26\\\/wystawa-studenckich-projektow-dotyczacych-pojazdow-szynowych-w-galerii-kpsit\\\/#breadcrumb\"},\"inLanguage\":\"pl-PL\",\"potentialAction\":[{\"@type\":\"ReadAction\",\"target\":[\"https:\\\/\\\/m8.mech.pk.edu.pl\\\/index.php\\\/2024\\\/02\\\/26\\\/wystawa-studenckich-projektow-dotyczacych-pojazdow-szynowych-w-galerii-kpsit\\\/\"]}]},{\"@type\":\"ImageObject\",\"inLanguage\":\"pl-PL\",\"@id\":\"https:\\\/\\\/m8.mech.pk.edu.pl\\\/index.php\\\/2024\\\/02\\\/26\\\/wystawa-studenckich-projektow-dotyczacych-pojazdow-szynowych-w-galerii-kpsit\\\/#primaryimage\",\"url\":\"https:\\\/\\\/m8.mech.pk.edu.pl\\\/wp-content\\\/uploads\\\/2024\\\/02\\\/20240223_150222-m.jpg\",\"contentUrl\":\"https:\\\/\\\/m8.mech.pk.edu.pl\\\/wp-content\\\/uploads\\\/2024\\\/02\\\/20240223_150222-m.jpg\",\"width\":1000,\"height\":770},{\"@type\":\"BreadcrumbList\",\"@id\":\"https:\\\/\\\/m8.mech.pk.edu.pl\\\/index.php\\\/2024\\\/02\\\/26\\\/wystawa-studenckich-projektow-dotyczacych-pojazdow-szynowych-w-galerii-kpsit\\\/#breadcrumb\",\"itemListElement\":[{\"@type\":\"ListItem\",\"position\":1,\"name\":\"Strona g\u0142\u00f3wna\",\"item\":\"https:\\\/\\\/m8.mech.pk.edu.pl\\\/\"},{\"@type\":\"ListItem\",\"position\":2,\"name\":\"Wystawa studenckich projekt\u00f3w dotycz\u0105cych pojazd\u00f3w szynowych w galerii KPSiT\"}]},{\"@type\":\"WebSite\",\"@id\":\"https:\\\/\\\/m8.mech.pk.edu.pl\\\/#website\",\"url\":\"https:\\\/\\\/m8.mech.pk.edu.pl\\\/\",\"name\":\"Katedra Pojazd\u00f3w Szynowych i Transportu\",\"description\":\"Katedra Pojazd\u00f3w Szynowych i Transportu Politechniki Krakowskiej na Wydziale Mechanicznym\",\"publisher\":{\"@id\":\"https:\\\/\\\/m8.mech.pk.edu.pl\\\/#organization\"},\"potentialAction\":[{\"@type\":\"SearchAction\",\"target\":{\"@type\":\"EntryPoint\",\"urlTemplate\":\"https:\\\/\\\/m8.mech.pk.edu.pl\\\/?s={search_term_string}\"},\"query-input\":{\"@type\":\"PropertyValueSpecification\",\"valueRequired\":true,\"valueName\":\"search_term_string\"}}],\"inLanguage\":\"pl-PL\"},{\"@type\":\"Organization\",\"@id\":\"https:\\\/\\\/m8.mech.pk.edu.pl\\\/#organization\",\"name\":\"Katedra Pojazd\u00f3w Szynowych\",\"url\":\"https:\\\/\\\/m8.mech.pk.edu.pl\\\/\",\"logo\":{\"@type\":\"ImageObject\",\"inLanguage\":\"pl-PL\",\"@id\":\"https:\\\/\\\/m8.mech.pk.edu.pl\\\/#\\\/schema\\\/logo\\\/image\\\/\",\"url\":\"https:\\\/\\\/m8.mech.pk.edu.pl\\\/wp-content\\\/uploads\\\/2021\\\/01\\\/logo-mail-kpsit.png\",\"contentUrl\":\"https:\\\/\\\/m8.mech.pk.edu.pl\\\/wp-content\\\/uploads\\\/2021\\\/01\\\/logo-mail-kpsit.png\",\"width\":300,\"height\":119,\"caption\":\"Katedra Pojazd\u00f3w Szynowych\"},\"image\":{\"@id\":\"https:\\\/\\\/m8.mech.pk.edu.pl\\\/#\\\/schema\\\/logo\\\/image\\\/\"},\"sameAs\":[\"https:\\\/\\\/facebook.com\\\/KPSzTPK\",\"https:\\\/\\\/www.youtube.com\\\/channel\\\/UCen3PQ3fl3ry92o_lHkyVaQ\"]},{\"@type\":\"Person\",\"@id\":\"https:\\\/\\\/m8.mech.pk.edu.pl\\\/#\\\/schema\\\/person\\\/d8f6c9a11add49a79e366c6d4261d14e\",\"name\":\"Maciej\",\"image\":{\"@type\":\"ImageObject\",\"inLanguage\":\"pl-PL\",\"@id\":\"https:\\\/\\\/secure.gravatar.com\\\/avatar\\\/5a17b3a5a44d4dca9d48ed0eccafb488c6c54063f627f848184a92807a97590b?s=96&d=mm&r=g\",\"url\":\"https:\\\/\\\/secure.gravatar.com\\\/avatar\\\/5a17b3a5a44d4dca9d48ed0eccafb488c6c54063f627f848184a92807a97590b?s=96&d=mm&r=g\",\"contentUrl\":\"https:\\\/\\\/secure.gravatar.com\\\/avatar\\\/5a17b3a5a44d4dca9d48ed0eccafb488c6c54063f627f848184a92807a97590b?s=96&d=mm&r=g\",\"caption\":\"Maciej\"}}]}<\/script>\n<!-- \/ Yoast SEO plugin. -->","yoast_head_json":{"title":"Wystawa studenckich projekt\u00f3w dotycz\u0105cych pojazd\u00f3w szynowych w galerii KPSiT - Katedra Pojazd\u00f3w Szynowych i Transportu","robots":{"index":"index","follow":"follow","max-snippet":"max-snippet:-1","max-image-preview":"max-image-preview:large","max-video-preview":"max-video-preview:-1"},"canonical":"https:\/\/m8.mech.pk.edu.pl\/index.php\/2024\/02\/26\/wystawa-studenckich-projektow-dotyczacych-pojazdow-szynowych-w-galerii-kpsit\/","og_locale":"pl_PL","og_type":"article","og_title":"Wystawa studenckich projekt\u00f3w dotycz\u0105cych pojazd\u00f3w szynowych w galerii KPSiT - Katedra Pojazd\u00f3w Szynowych i Transportu","og_description":"Rozpocz\u0105\u0142 si\u0119 nowy semestr. Z tej okazji zapraszamy do zapoznania si\u0119 z najlepszymi, nowatorskimi koncepcjami pojazd\u00f3w szynowych zrealizowanymi w ubieg\u0142ym semestrze przez Studentki i Student\u00f3w kierunku In\u017cynieria Wzornictwa Przemys\u0142owego w ramach przedmiotu &#8222;Projektowanie \u015brodk\u00f3w transportu szynowego&#8221; oraz prac in\u017cynierskich.Plansze prezentuj\u0105ce najnowsze projekty mo\u017cna ogl\u0105da\u0107 w galerii &#8222;Szyn\u00f3wka&#8221; &#8211; korytarz g\u0142\u00f3wny budynku J. Projekty z lat [&hellip;]","og_url":"https:\/\/m8.mech.pk.edu.pl\/index.php\/2024\/02\/26\/wystawa-studenckich-projektow-dotyczacych-pojazdow-szynowych-w-galerii-kpsit\/","og_site_name":"Katedra Pojazd\u00f3w Szynowych i Transportu","article_publisher":"https:\/\/facebook.com\/KPSzTPK","article_published_time":"2024-02-26T06:00:00+00:00","article_modified_time":"2024-02-28T21:37:28+00:00","og_image":[{"width":1000,"height":770,"url":"https:\/\/m8.mech.pk.edu.pl\/wp-content\/uploads\/2024\/02\/20240223_150222-m.jpg","type":"image\/jpeg"}],"author":"Maciej","twitter_card":"summary_large_image","twitter_misc":{"Napisane przez":"Maciej","Szacowany czas czytania":"11 minut"},"schema":{"@context":"https:\/\/schema.org","@graph":[{"@type":"Article","@id":"https:\/\/m8.mech.pk.edu.pl\/index.php\/2024\/02\/26\/wystawa-studenckich-projektow-dotyczacych-pojazdow-szynowych-w-galerii-kpsit\/#article","isPartOf":{"@id":"https:\/\/m8.mech.pk.edu.pl\/index.php\/2024\/02\/26\/wystawa-studenckich-projektow-dotyczacych-pojazdow-szynowych-w-galerii-kpsit\/"},"author":{"name":"Maciej","@id":"https:\/\/m8.mech.pk.edu.pl\/#\/schema\/person\/d8f6c9a11add49a79e366c6d4261d14e"},"headline":"Wystawa studenckich projekt\u00f3w dotycz\u0105cych pojazd\u00f3w szynowych w galerii KPSiT","datePublished":"2024-02-26T06:00:00+00:00","dateModified":"2024-02-28T21:37:28+00:00","mainEntityOfPage":{"@id":"https:\/\/m8.mech.pk.edu.pl\/index.php\/2024\/02\/26\/wystawa-studenckich-projektow-dotyczacych-pojazdow-szynowych-w-galerii-kpsit\/"},"wordCount":1610,"publisher":{"@id":"https:\/\/m8.mech.pk.edu.pl\/#organization"},"image":{"@id":"https:\/\/m8.mech.pk.edu.pl\/index.php\/2024\/02\/26\/wystawa-studenckich-projektow-dotyczacych-pojazdow-szynowych-w-galerii-kpsit\/#primaryimage"},"thumbnailUrl":"https:\/\/m8.mech.pk.edu.pl\/wp-content\/uploads\/2024\/02\/20240223_150222-m.jpg","inLanguage":"pl-PL"},{"@type":"WebPage","@id":"https:\/\/m8.mech.pk.edu.pl\/index.php\/2024\/02\/26\/wystawa-studenckich-projektow-dotyczacych-pojazdow-szynowych-w-galerii-kpsit\/","url":"https:\/\/m8.mech.pk.edu.pl\/index.php\/2024\/02\/26\/wystawa-studenckich-projektow-dotyczacych-pojazdow-szynowych-w-galerii-kpsit\/","name":"Wystawa studenckich projekt\u00f3w dotycz\u0105cych pojazd\u00f3w szynowych w galerii KPSiT - Katedra Pojazd\u00f3w Szynowych i Transportu","isPartOf":{"@id":"https:\/\/m8.mech.pk.edu.pl\/#website"},"primaryImageOfPage":{"@id":"https:\/\/m8.mech.pk.edu.pl\/index.php\/2024\/02\/26\/wystawa-studenckich-projektow-dotyczacych-pojazdow-szynowych-w-galerii-kpsit\/#primaryimage"},"image":{"@id":"https:\/\/m8.mech.pk.edu.pl\/index.php\/2024\/02\/26\/wystawa-studenckich-projektow-dotyczacych-pojazdow-szynowych-w-galerii-kpsit\/#primaryimage"},"thumbnailUrl":"https:\/\/m8.mech.pk.edu.pl\/wp-content\/uploads\/2024\/02\/20240223_150222-m.jpg","datePublished":"2024-02-26T06:00:00+00:00","dateModified":"2024-02-28T21:37:28+00:00","breadcrumb":{"@id":"https:\/\/m8.mech.pk.edu.pl\/index.php\/2024\/02\/26\/wystawa-studenckich-projektow-dotyczacych-pojazdow-szynowych-w-galerii-kpsit\/#breadcrumb"},"inLanguage":"pl-PL","potentialAction":[{"@type":"ReadAction","target":["https:\/\/m8.mech.pk.edu.pl\/index.php\/2024\/02\/26\/wystawa-studenckich-projektow-dotyczacych-pojazdow-szynowych-w-galerii-kpsit\/"]}]},{"@type":"ImageObject","inLanguage":"pl-PL","@id":"https:\/\/m8.mech.pk.edu.pl\/index.php\/2024\/02\/26\/wystawa-studenckich-projektow-dotyczacych-pojazdow-szynowych-w-galerii-kpsit\/#primaryimage","url":"https:\/\/m8.mech.pk.edu.pl\/wp-content\/uploads\/2024\/02\/20240223_150222-m.jpg","contentUrl":"https:\/\/m8.mech.pk.edu.pl\/wp-content\/uploads\/2024\/02\/20240223_150222-m.jpg","width":1000,"height":770},{"@type":"BreadcrumbList","@id":"https:\/\/m8.mech.pk.edu.pl\/index.php\/2024\/02\/26\/wystawa-studenckich-projektow-dotyczacych-pojazdow-szynowych-w-galerii-kpsit\/#breadcrumb","itemListElement":[{"@type":"ListItem","position":1,"name":"Strona g\u0142\u00f3wna","item":"https:\/\/m8.mech.pk.edu.pl\/"},{"@type":"ListItem","position":2,"name":"Wystawa studenckich projekt\u00f3w dotycz\u0105cych pojazd\u00f3w szynowych w galerii KPSiT"}]},{"@type":"WebSite","@id":"https:\/\/m8.mech.pk.edu.pl\/#website","url":"https:\/\/m8.mech.pk.edu.pl\/","name":"Katedra Pojazd\u00f3w Szynowych i Transportu","description":"Katedra Pojazd\u00f3w Szynowych i Transportu Politechniki Krakowskiej na Wydziale Mechanicznym","publisher":{"@id":"https:\/\/m8.mech.pk.edu.pl\/#organization"},"potentialAction":[{"@type":"SearchAction","target":{"@type":"EntryPoint","urlTemplate":"https:\/\/m8.mech.pk.edu.pl\/?s={search_term_string}"},"query-input":{"@type":"PropertyValueSpecification","valueRequired":true,"valueName":"search_term_string"}}],"inLanguage":"pl-PL"},{"@type":"Organization","@id":"https:\/\/m8.mech.pk.edu.pl\/#organization","name":"Katedra Pojazd\u00f3w Szynowych","url":"https:\/\/m8.mech.pk.edu.pl\/","logo":{"@type":"ImageObject","inLanguage":"pl-PL","@id":"https:\/\/m8.mech.pk.edu.pl\/#\/schema\/logo\/image\/","url":"https:\/\/m8.mech.pk.edu.pl\/wp-content\/uploads\/2021\/01\/logo-mail-kpsit.png","contentUrl":"https:\/\/m8.mech.pk.edu.pl\/wp-content\/uploads\/2021\/01\/logo-mail-kpsit.png","width":300,"height":119,"caption":"Katedra Pojazd\u00f3w Szynowych"},"image":{"@id":"https:\/\/m8.mech.pk.edu.pl\/#\/schema\/logo\/image\/"},"sameAs":["https:\/\/facebook.com\/KPSzTPK","https:\/\/www.youtube.com\/channel\/UCen3PQ3fl3ry92o_lHkyVaQ"]},{"@type":"Person","@id":"https:\/\/m8.mech.pk.edu.pl\/#\/schema\/person\/d8f6c9a11add49a79e366c6d4261d14e","name":"Maciej","image":{"@type":"ImageObject","inLanguage":"pl-PL","@id":"https:\/\/secure.gravatar.com\/avatar\/5a17b3a5a44d4dca9d48ed0eccafb488c6c54063f627f848184a92807a97590b?s=96&d=mm&r=g","url":"https:\/\/secure.gravatar.com\/avatar\/5a17b3a5a44d4dca9d48ed0eccafb488c6c54063f627f848184a92807a97590b?s=96&d=mm&r=g","contentUrl":"https:\/\/secure.gravatar.com\/avatar\/5a17b3a5a44d4dca9d48ed0eccafb488c6c54063f627f848184a92807a97590b?s=96&d=mm&r=g","caption":"Maciej"}}]}},"_links":{"self":[{"href":"https:\/\/m8.mech.pk.edu.pl\/index.php\/wp-json\/wp\/v2\/posts\/4755","targetHints":{"allow":["GET"]}}],"collection":[{"href":"https:\/\/m8.mech.pk.edu.pl\/index.php\/wp-json\/wp\/v2\/posts"}],"about":[{"href":"https:\/\/m8.mech.pk.edu.pl\/index.php\/wp-json\/wp\/v2\/types\/post"}],"author":[{"embeddable":true,"href":"https:\/\/m8.mech.pk.edu.pl\/index.php\/wp-json\/wp\/v2\/users\/5"}],"replies":[{"embeddable":true,"href":"https:\/\/m8.mech.pk.edu.pl\/index.php\/wp-json\/wp\/v2\/comments?post=4755"}],"version-history":[{"count":6,"href":"https:\/\/m8.mech.pk.edu.pl\/index.php\/wp-json\/wp\/v2\/posts\/4755\/revisions"}],"predecessor-version":[{"id":4961,"href":"https:\/\/m8.mech.pk.edu.pl\/index.php\/wp-json\/wp\/v2\/posts\/4755\/revisions\/4961"}],"wp:featuredmedia":[{"embeddable":true,"href":"https:\/\/m8.mech.pk.edu.pl\/index.php\/wp-json\/wp\/v2\/media\/4759"}],"wp:attachment":[{"href":"https:\/\/m8.mech.pk.edu.pl\/index.php\/wp-json\/wp\/v2\/media?parent=4755"}],"wp:term":[{"taxonomy":"category","embeddable":true,"href":"https:\/\/m8.mech.pk.edu.pl\/index.php\/wp-json\/wp\/v2\/categories?post=4755"},{"taxonomy":"post_tag","embeddable":true,"href":"https:\/\/m8.mech.pk.edu.pl\/index.php\/wp-json\/wp\/v2\/tags?post=4755"}],"curies":[{"name":"wp","href":"https:\/\/api.w.org\/{rel}","templated":true}]}}