{"id":4047,"date":"2023-10-06T17:39:12","date_gmt":"2023-10-06T15:39:12","guid":{"rendered":"https:\/\/m8.mech.pk.edu.pl\/?p=4047"},"modified":"2023-10-06T17:48:36","modified_gmt":"2023-10-06T15:48:36","slug":"przedstawiciele-kpsit-na-kongresie-mobilnosci-2023","status":"publish","type":"post","link":"https:\/\/m8.mech.pk.edu.pl\/index.php\/2023\/10\/06\/przedstawiciele-kpsit-na-kongresie-mobilnosci-2023\/","title":{"rendered":"Przedstawiciele KPSiT na KONGRESIE MOBILNO\u015aCI 2023"},"content":{"rendered":"\n<p>W dniach 4-6 pa\u017adziernika 2023 przedstawiciele Katedry brali udzia\u0142 w KONGRESIE MOBILNO\u015aCI 2023 organizowanym z okazji V KRAKOWSKICH DNI BEZPIECZE\u0143STWA W MIASTACH 2023.<br>Pierwszego dnia dr in\u017c. Maciej Michnej w ramach sesji &#8222;Inteligentne Miasta. Parkowanie&#8221; wyg\u0142osi\u0142 referat pt.: &#8222;Zarz\u0105dzanie parkowaniem jako element strategii na rzecz rozwoju zr\u00f3wnowa\u017conej mobilno\u015bci miejskiej&#8221;. <br>W drugim dniu, dr Maciej G\u00f3rowski w ramach sesji &#8222;Innowacyjny tramwaj&#8221; zaprezentowa\u0142 referat pt.: &#8222;Symulator szkoleniowy jako innowacja i wyzwanie w procesie przygotowania motorniczych tramwaj\u00f3w na przyk\u0142adzie MPK SA w Krakowie&#8221;.<br>Trzeciego dnia wydarzenia prelekcje mia\u0142 kierownik Katedry &#8211; dr hab. in\u017c. Maciej  Szkoda, prof. PK w ramach sesji &#8222;Efektywno\u015b\u0107. Priorytety dla transportu zbiorowego&#8221;. Wyg\u0142osi\u0142 referat pt.: &#8222;Koszty cyklu istnienia (LCC) jako kryterium oceny efektywno\u015bci zakupu taboru komunikacji zbiorowej&#8221;.<\/p>\n\n\n\n<p><br><\/p>\n\n\n\n<!--more-->\n\n\n\n<p>Kongres by\u0142 wydarzeniem z wieloma ciekawymi referatami oraz merytorycznymi dyskusjami na temat miejskiego transportu zbiorowego i zr\u00f3wnowa\u017conej mobilno\u015bci. Otworzy\u0142a go debata pt.: \u201eObecna rola samochodu w obs\u0142udze transportowej obszar\u00f3w zurbanizowanych\u201d moderowana przez prof. dr. hab. in\u017c. Andrzeja Szarat\u0119, rektora Politechniki Krakowskiej. Drugiego dnia konferencji odby\u0142a si\u0119 si\u0119 debata pt.:  \u201eBUSPASY 2023 &#8211; Funkcjonowanie pas\u00f3w autobusowych w polskich miastach\u201d moderowana przez dr. in\u017c. Marka Bauera, prorektora Politechniki Krakowskiej.<\/p>\n\n\n\n<p>Wi\u0119cej informacji: <a href=\"https:\/\/media-prof.pl\/kongres-mobilnosci_2023.html\" target=\"_blank\" rel=\"noreferrer noopener\">https:\/\/media-prof.pl\/kongres-mobilnosci_2023.html<\/a><\/p>\n\n\n\n<figure class=\"wp-block-image size-large\"><a href=\"https:\/\/m8.mech.pk.edu.pl\/wp-content\/uploads\/2023\/10\/kongres2023.jpg\"><img loading=\"lazy\" decoding=\"async\" width=\"1024\" height=\"359\" src=\"https:\/\/m8.mech.pk.edu.pl\/wp-content\/uploads\/2023\/10\/kongres2023-1024x359.jpg\" alt=\"\" class=\"wp-image-4048\" srcset=\"https:\/\/m8.mech.pk.edu.pl\/wp-content\/uploads\/2023\/10\/kongres2023-1024x359.jpg 1024w, https:\/\/m8.mech.pk.edu.pl\/wp-content\/uploads\/2023\/10\/kongres2023-300x105.jpg 300w, https:\/\/m8.mech.pk.edu.pl\/wp-content\/uploads\/2023\/10\/kongres2023-768x269.jpg 768w, https:\/\/m8.mech.pk.edu.pl\/wp-content\/uploads\/2023\/10\/kongres2023.jpg 1500w\" sizes=\"auto, (max-width: 1024px) 100vw, 1024px\" \/><\/a><\/figure>\n\n\n\n<figure class=\"wp-block-image size-full\"><a href=\"https:\/\/media-prof.pl\/kongres-mobilnosci_2023.html\"><img loading=\"lazy\" decoding=\"async\" width=\"900\" height=\"301\" src=\"https:\/\/m8.mech.pk.edu.pl\/wp-content\/uploads\/2023\/10\/KM23_banner-KS-900x301-1.jpg\" alt=\"\" class=\"wp-image-4049\" srcset=\"https:\/\/m8.mech.pk.edu.pl\/wp-content\/uploads\/2023\/10\/KM23_banner-KS-900x301-1.jpg 900w, https:\/\/m8.mech.pk.edu.pl\/wp-content\/uploads\/2023\/10\/KM23_banner-KS-900x301-1-300x100.jpg 300w, https:\/\/m8.mech.pk.edu.pl\/wp-content\/uploads\/2023\/10\/KM23_banner-KS-900x301-1-768x257.jpg 768w\" sizes=\"auto, (max-width: 900px) 100vw, 900px\" \/><\/a><\/figure>\n\n\n\n<p>fot.: Organizator <\/p>\n","protected":false},"excerpt":{"rendered":"<p>W dniach 4-6 pa\u017adziernika 2023 przedstawiciele Katedry brali udzia\u0142 w KONGRESIE MOBILNO\u015aCI 2023 organizowanym z okazji V KRAKOWSKICH DNI BEZPIECZE\u0143STWA W MIASTACH 2023.Pierwszego dnia dr in\u017c. Maciej Michnej w ramach sesji &#8222;Inteligentne Miasta. Parkowanie&#8221; wyg\u0142osi\u0142 referat pt.: &#8222;Zarz\u0105dzanie parkowaniem jako element strategii na rzecz rozwoju zr\u00f3wnowa\u017conej mobilno\u015bci miejskiej&#8221;. W drugim dniu, dr Maciej G\u00f3rowski w [&hellip;]<\/p>\n","protected":false},"author":5,"featured_media":4051,"comment_status":"closed","ping_status":"open","sticky":false,"template":"","format":"standard","meta":{"footnotes":""},"categories":[1],"tags":[],"class_list":["post-4047","post","type-post","status-publish","format-standard","has-post-thumbnail","hentry","category-bez-kategorii"],"yoast_head":"<!-- This site is optimized with the Yoast SEO plugin v27.5 - https:\/\/yoast.com\/product\/yoast-seo-wordpress\/ -->\n<title>Przedstawiciele KPSiT na KONGRESIE MOBILNO\u015aCI 2023 - Katedra Pojazd\u00f3w Szynowych i Transportu<\/title>\n<meta name=\"robots\" content=\"index, follow, max-snippet:-1, max-image-preview:large, max-video-preview:-1\" \/>\n<link rel=\"canonical\" href=\"https:\/\/m8.mech.pk.edu.pl\/index.php\/2023\/10\/06\/przedstawiciele-kpsit-na-kongresie-mobilnosci-2023\/\" \/>\n<meta property=\"og:locale\" content=\"pl_PL\" \/>\n<meta property=\"og:type\" content=\"article\" \/>\n<meta property=\"og:title\" content=\"Przedstawiciele KPSiT na KONGRESIE MOBILNO\u015aCI 2023 - Katedra Pojazd\u00f3w Szynowych i Transportu\" \/>\n<meta property=\"og:description\" content=\"W dniach 4-6 pa\u017adziernika 2023 przedstawiciele Katedry brali udzia\u0142 w KONGRESIE MOBILNO\u015aCI 2023 organizowanym z okazji V KRAKOWSKICH DNI BEZPIECZE\u0143STWA W MIASTACH 2023.Pierwszego dnia dr in\u017c. Maciej Michnej w ramach sesji &#8222;Inteligentne Miasta. Parkowanie&#8221; wyg\u0142osi\u0142 referat pt.: &#8222;Zarz\u0105dzanie parkowaniem jako element strategii na rzecz rozwoju zr\u00f3wnowa\u017conej mobilno\u015bci miejskiej&#8221;. W drugim dniu, dr Maciej G\u00f3rowski w [&hellip;]\" \/>\n<meta property=\"og:url\" content=\"https:\/\/m8.mech.pk.edu.pl\/index.php\/2023\/10\/06\/przedstawiciele-kpsit-na-kongresie-mobilnosci-2023\/\" \/>\n<meta property=\"og:site_name\" content=\"Katedra Pojazd\u00f3w Szynowych i Transportu\" \/>\n<meta property=\"article:publisher\" content=\"https:\/\/facebook.com\/KPSzTPK\" \/>\n<meta property=\"article:published_time\" content=\"2023-10-06T15:39:12+00:00\" \/>\n<meta property=\"article:modified_time\" content=\"2023-10-06T15:48:36+00:00\" \/>\n<meta property=\"og:image\" content=\"https:\/\/m8.mech.pk.edu.pl\/wp-content\/uploads\/2023\/10\/kongres2023m.jpg\" \/>\n\t<meta property=\"og:image:width\" content=\"400\" \/>\n\t<meta property=\"og:image:height\" content=\"272\" \/>\n\t<meta property=\"og:image:type\" content=\"image\/jpeg\" \/>\n<meta name=\"author\" content=\"Maciej\" \/>\n<meta name=\"twitter:card\" content=\"summary_large_image\" \/>\n<meta name=\"twitter:label1\" content=\"Napisane przez\" \/>\n\t<meta name=\"twitter:data1\" content=\"Maciej\" \/>\n\t<meta name=\"twitter:label2\" content=\"Szacowany czas czytania\" \/>\n\t<meta name=\"twitter:data2\" content=\"2 minuty\" \/>\n<script type=\"application\/ld+json\" class=\"yoast-schema-graph\">{\"@context\":\"https:\\\/\\\/schema.org\",\"@graph\":[{\"@type\":\"Article\",\"@id\":\"https:\\\/\\\/m8.mech.pk.edu.pl\\\/index.php\\\/2023\\\/10\\\/06\\\/przedstawiciele-kpsit-na-kongresie-mobilnosci-2023\\\/#article\",\"isPartOf\":{\"@id\":\"https:\\\/\\\/m8.mech.pk.edu.pl\\\/index.php\\\/2023\\\/10\\\/06\\\/przedstawiciele-kpsit-na-kongresie-mobilnosci-2023\\\/\"},\"author\":{\"name\":\"Maciej\",\"@id\":\"https:\\\/\\\/m8.mech.pk.edu.pl\\\/#\\\/schema\\\/person\\\/d8f6c9a11add49a79e366c6d4261d14e\"},\"headline\":\"Przedstawiciele KPSiT na KONGRESIE MOBILNO\u015aCI 2023\",\"datePublished\":\"2023-10-06T15:39:12+00:00\",\"dateModified\":\"2023-10-06T15:48:36+00:00\",\"mainEntityOfPage\":{\"@id\":\"https:\\\/\\\/m8.mech.pk.edu.pl\\\/index.php\\\/2023\\\/10\\\/06\\\/przedstawiciele-kpsit-na-kongresie-mobilnosci-2023\\\/\"},\"wordCount\":218,\"publisher\":{\"@id\":\"https:\\\/\\\/m8.mech.pk.edu.pl\\\/#organization\"},\"image\":{\"@id\":\"https:\\\/\\\/m8.mech.pk.edu.pl\\\/index.php\\\/2023\\\/10\\\/06\\\/przedstawiciele-kpsit-na-kongresie-mobilnosci-2023\\\/#primaryimage\"},\"thumbnailUrl\":\"https:\\\/\\\/m8.mech.pk.edu.pl\\\/wp-content\\\/uploads\\\/2023\\\/10\\\/kongres2023m.jpg\",\"inLanguage\":\"pl-PL\"},{\"@type\":\"WebPage\",\"@id\":\"https:\\\/\\\/m8.mech.pk.edu.pl\\\/index.php\\\/2023\\\/10\\\/06\\\/przedstawiciele-kpsit-na-kongresie-mobilnosci-2023\\\/\",\"url\":\"https:\\\/\\\/m8.mech.pk.edu.pl\\\/index.php\\\/2023\\\/10\\\/06\\\/przedstawiciele-kpsit-na-kongresie-mobilnosci-2023\\\/\",\"name\":\"Przedstawiciele KPSiT na KONGRESIE MOBILNO\u015aCI 2023 - Katedra Pojazd\u00f3w Szynowych i Transportu\",\"isPartOf\":{\"@id\":\"https:\\\/\\\/m8.mech.pk.edu.pl\\\/#website\"},\"primaryImageOfPage\":{\"@id\":\"https:\\\/\\\/m8.mech.pk.edu.pl\\\/index.php\\\/2023\\\/10\\\/06\\\/przedstawiciele-kpsit-na-kongresie-mobilnosci-2023\\\/#primaryimage\"},\"image\":{\"@id\":\"https:\\\/\\\/m8.mech.pk.edu.pl\\\/index.php\\\/2023\\\/10\\\/06\\\/przedstawiciele-kpsit-na-kongresie-mobilnosci-2023\\\/#primaryimage\"},\"thumbnailUrl\":\"https:\\\/\\\/m8.mech.pk.edu.pl\\\/wp-content\\\/uploads\\\/2023\\\/10\\\/kongres2023m.jpg\",\"datePublished\":\"2023-10-06T15:39:12+00:00\",\"dateModified\":\"2023-10-06T15:48:36+00:00\",\"breadcrumb\":{\"@id\":\"https:\\\/\\\/m8.mech.pk.edu.pl\\\/index.php\\\/2023\\\/10\\\/06\\\/przedstawiciele-kpsit-na-kongresie-mobilnosci-2023\\\/#breadcrumb\"},\"inLanguage\":\"pl-PL\",\"potentialAction\":[{\"@type\":\"ReadAction\",\"target\":[\"https:\\\/\\\/m8.mech.pk.edu.pl\\\/index.php\\\/2023\\\/10\\\/06\\\/przedstawiciele-kpsit-na-kongresie-mobilnosci-2023\\\/\"]}]},{\"@type\":\"ImageObject\",\"inLanguage\":\"pl-PL\",\"@id\":\"https:\\\/\\\/m8.mech.pk.edu.pl\\\/index.php\\\/2023\\\/10\\\/06\\\/przedstawiciele-kpsit-na-kongresie-mobilnosci-2023\\\/#primaryimage\",\"url\":\"https:\\\/\\\/m8.mech.pk.edu.pl\\\/wp-content\\\/uploads\\\/2023\\\/10\\\/kongres2023m.jpg\",\"contentUrl\":\"https:\\\/\\\/m8.mech.pk.edu.pl\\\/wp-content\\\/uploads\\\/2023\\\/10\\\/kongres2023m.jpg\",\"width\":400,\"height\":272},{\"@type\":\"BreadcrumbList\",\"@id\":\"https:\\\/\\\/m8.mech.pk.edu.pl\\\/index.php\\\/2023\\\/10\\\/06\\\/przedstawiciele-kpsit-na-kongresie-mobilnosci-2023\\\/#breadcrumb\",\"itemListElement\":[{\"@type\":\"ListItem\",\"position\":1,\"name\":\"Strona g\u0142\u00f3wna\",\"item\":\"https:\\\/\\\/m8.mech.pk.edu.pl\\\/\"},{\"@type\":\"ListItem\",\"position\":2,\"name\":\"Przedstawiciele KPSiT na KONGRESIE MOBILNO\u015aCI 2023\"}]},{\"@type\":\"WebSite\",\"@id\":\"https:\\\/\\\/m8.mech.pk.edu.pl\\\/#website\",\"url\":\"https:\\\/\\\/m8.mech.pk.edu.pl\\\/\",\"name\":\"Katedra Pojazd\u00f3w Szynowych i Transportu\",\"description\":\"Katedra Pojazd\u00f3w Szynowych i Transportu Politechniki Krakowskiej na Wydziale Mechanicznym\",\"publisher\":{\"@id\":\"https:\\\/\\\/m8.mech.pk.edu.pl\\\/#organization\"},\"potentialAction\":[{\"@type\":\"SearchAction\",\"target\":{\"@type\":\"EntryPoint\",\"urlTemplate\":\"https:\\\/\\\/m8.mech.pk.edu.pl\\\/?s={search_term_string}\"},\"query-input\":{\"@type\":\"PropertyValueSpecification\",\"valueRequired\":true,\"valueName\":\"search_term_string\"}}],\"inLanguage\":\"pl-PL\"},{\"@type\":\"Organization\",\"@id\":\"https:\\\/\\\/m8.mech.pk.edu.pl\\\/#organization\",\"name\":\"Katedra Pojazd\u00f3w Szynowych\",\"url\":\"https:\\\/\\\/m8.mech.pk.edu.pl\\\/\",\"logo\":{\"@type\":\"ImageObject\",\"inLanguage\":\"pl-PL\",\"@id\":\"https:\\\/\\\/m8.mech.pk.edu.pl\\\/#\\\/schema\\\/logo\\\/image\\\/\",\"url\":\"https:\\\/\\\/m8.mech.pk.edu.pl\\\/wp-content\\\/uploads\\\/2021\\\/01\\\/logo-mail-kpsit.png\",\"contentUrl\":\"https:\\\/\\\/m8.mech.pk.edu.pl\\\/wp-content\\\/uploads\\\/2021\\\/01\\\/logo-mail-kpsit.png\",\"width\":300,\"height\":119,\"caption\":\"Katedra Pojazd\u00f3w Szynowych\"},\"image\":{\"@id\":\"https:\\\/\\\/m8.mech.pk.edu.pl\\\/#\\\/schema\\\/logo\\\/image\\\/\"},\"sameAs\":[\"https:\\\/\\\/facebook.com\\\/KPSzTPK\",\"https:\\\/\\\/www.youtube.com\\\/channel\\\/UCen3PQ3fl3ry92o_lHkyVaQ\"]},{\"@type\":\"Person\",\"@id\":\"https:\\\/\\\/m8.mech.pk.edu.pl\\\/#\\\/schema\\\/person\\\/d8f6c9a11add49a79e366c6d4261d14e\",\"name\":\"Maciej\",\"image\":{\"@type\":\"ImageObject\",\"inLanguage\":\"pl-PL\",\"@id\":\"https:\\\/\\\/secure.gravatar.com\\\/avatar\\\/5a17b3a5a44d4dca9d48ed0eccafb488c6c54063f627f848184a92807a97590b?s=96&d=mm&r=g\",\"url\":\"https:\\\/\\\/secure.gravatar.com\\\/avatar\\\/5a17b3a5a44d4dca9d48ed0eccafb488c6c54063f627f848184a92807a97590b?s=96&d=mm&r=g\",\"contentUrl\":\"https:\\\/\\\/secure.gravatar.com\\\/avatar\\\/5a17b3a5a44d4dca9d48ed0eccafb488c6c54063f627f848184a92807a97590b?s=96&d=mm&r=g\",\"caption\":\"Maciej\"}}]}<\/script>\n<!-- \/ Yoast SEO plugin. -->","yoast_head_json":{"title":"Przedstawiciele KPSiT na KONGRESIE MOBILNO\u015aCI 2023 - Katedra Pojazd\u00f3w Szynowych i Transportu","robots":{"index":"index","follow":"follow","max-snippet":"max-snippet:-1","max-image-preview":"max-image-preview:large","max-video-preview":"max-video-preview:-1"},"canonical":"https:\/\/m8.mech.pk.edu.pl\/index.php\/2023\/10\/06\/przedstawiciele-kpsit-na-kongresie-mobilnosci-2023\/","og_locale":"pl_PL","og_type":"article","og_title":"Przedstawiciele KPSiT na KONGRESIE MOBILNO\u015aCI 2023 - Katedra Pojazd\u00f3w Szynowych i Transportu","og_description":"W dniach 4-6 pa\u017adziernika 2023 przedstawiciele Katedry brali udzia\u0142 w KONGRESIE MOBILNO\u015aCI 2023 organizowanym z okazji V KRAKOWSKICH DNI BEZPIECZE\u0143STWA W MIASTACH 2023.Pierwszego dnia dr in\u017c. Maciej Michnej w ramach sesji &#8222;Inteligentne Miasta. Parkowanie&#8221; wyg\u0142osi\u0142 referat pt.: &#8222;Zarz\u0105dzanie parkowaniem jako element strategii na rzecz rozwoju zr\u00f3wnowa\u017conej mobilno\u015bci miejskiej&#8221;. W drugim dniu, dr Maciej G\u00f3rowski w [&hellip;]","og_url":"https:\/\/m8.mech.pk.edu.pl\/index.php\/2023\/10\/06\/przedstawiciele-kpsit-na-kongresie-mobilnosci-2023\/","og_site_name":"Katedra Pojazd\u00f3w Szynowych i Transportu","article_publisher":"https:\/\/facebook.com\/KPSzTPK","article_published_time":"2023-10-06T15:39:12+00:00","article_modified_time":"2023-10-06T15:48:36+00:00","og_image":[{"width":400,"height":272,"url":"https:\/\/m8.mech.pk.edu.pl\/wp-content\/uploads\/2023\/10\/kongres2023m.jpg","type":"image\/jpeg"}],"author":"Maciej","twitter_card":"summary_large_image","twitter_misc":{"Napisane przez":"Maciej","Szacowany czas czytania":"2 minuty"},"schema":{"@context":"https:\/\/schema.org","@graph":[{"@type":"Article","@id":"https:\/\/m8.mech.pk.edu.pl\/index.php\/2023\/10\/06\/przedstawiciele-kpsit-na-kongresie-mobilnosci-2023\/#article","isPartOf":{"@id":"https:\/\/m8.mech.pk.edu.pl\/index.php\/2023\/10\/06\/przedstawiciele-kpsit-na-kongresie-mobilnosci-2023\/"},"author":{"name":"Maciej","@id":"https:\/\/m8.mech.pk.edu.pl\/#\/schema\/person\/d8f6c9a11add49a79e366c6d4261d14e"},"headline":"Przedstawiciele KPSiT na KONGRESIE MOBILNO\u015aCI 2023","datePublished":"2023-10-06T15:39:12+00:00","dateModified":"2023-10-06T15:48:36+00:00","mainEntityOfPage":{"@id":"https:\/\/m8.mech.pk.edu.pl\/index.php\/2023\/10\/06\/przedstawiciele-kpsit-na-kongresie-mobilnosci-2023\/"},"wordCount":218,"publisher":{"@id":"https:\/\/m8.mech.pk.edu.pl\/#organization"},"image":{"@id":"https:\/\/m8.mech.pk.edu.pl\/index.php\/2023\/10\/06\/przedstawiciele-kpsit-na-kongresie-mobilnosci-2023\/#primaryimage"},"thumbnailUrl":"https:\/\/m8.mech.pk.edu.pl\/wp-content\/uploads\/2023\/10\/kongres2023m.jpg","inLanguage":"pl-PL"},{"@type":"WebPage","@id":"https:\/\/m8.mech.pk.edu.pl\/index.php\/2023\/10\/06\/przedstawiciele-kpsit-na-kongresie-mobilnosci-2023\/","url":"https:\/\/m8.mech.pk.edu.pl\/index.php\/2023\/10\/06\/przedstawiciele-kpsit-na-kongresie-mobilnosci-2023\/","name":"Przedstawiciele KPSiT na KONGRESIE MOBILNO\u015aCI 2023 - Katedra Pojazd\u00f3w Szynowych i Transportu","isPartOf":{"@id":"https:\/\/m8.mech.pk.edu.pl\/#website"},"primaryImageOfPage":{"@id":"https:\/\/m8.mech.pk.edu.pl\/index.php\/2023\/10\/06\/przedstawiciele-kpsit-na-kongresie-mobilnosci-2023\/#primaryimage"},"image":{"@id":"https:\/\/m8.mech.pk.edu.pl\/index.php\/2023\/10\/06\/przedstawiciele-kpsit-na-kongresie-mobilnosci-2023\/#primaryimage"},"thumbnailUrl":"https:\/\/m8.mech.pk.edu.pl\/wp-content\/uploads\/2023\/10\/kongres2023m.jpg","datePublished":"2023-10-06T15:39:12+00:00","dateModified":"2023-10-06T15:48:36+00:00","breadcrumb":{"@id":"https:\/\/m8.mech.pk.edu.pl\/index.php\/2023\/10\/06\/przedstawiciele-kpsit-na-kongresie-mobilnosci-2023\/#breadcrumb"},"inLanguage":"pl-PL","potentialAction":[{"@type":"ReadAction","target":["https:\/\/m8.mech.pk.edu.pl\/index.php\/2023\/10\/06\/przedstawiciele-kpsit-na-kongresie-mobilnosci-2023\/"]}]},{"@type":"ImageObject","inLanguage":"pl-PL","@id":"https:\/\/m8.mech.pk.edu.pl\/index.php\/2023\/10\/06\/przedstawiciele-kpsit-na-kongresie-mobilnosci-2023\/#primaryimage","url":"https:\/\/m8.mech.pk.edu.pl\/wp-content\/uploads\/2023\/10\/kongres2023m.jpg","contentUrl":"https:\/\/m8.mech.pk.edu.pl\/wp-content\/uploads\/2023\/10\/kongres2023m.jpg","width":400,"height":272},{"@type":"BreadcrumbList","@id":"https:\/\/m8.mech.pk.edu.pl\/index.php\/2023\/10\/06\/przedstawiciele-kpsit-na-kongresie-mobilnosci-2023\/#breadcrumb","itemListElement":[{"@type":"ListItem","position":1,"name":"Strona g\u0142\u00f3wna","item":"https:\/\/m8.mech.pk.edu.pl\/"},{"@type":"ListItem","position":2,"name":"Przedstawiciele KPSiT na KONGRESIE MOBILNO\u015aCI 2023"}]},{"@type":"WebSite","@id":"https:\/\/m8.mech.pk.edu.pl\/#website","url":"https:\/\/m8.mech.pk.edu.pl\/","name":"Katedra Pojazd\u00f3w Szynowych i Transportu","description":"Katedra Pojazd\u00f3w Szynowych i Transportu Politechniki Krakowskiej na Wydziale Mechanicznym","publisher":{"@id":"https:\/\/m8.mech.pk.edu.pl\/#organization"},"potentialAction":[{"@type":"SearchAction","target":{"@type":"EntryPoint","urlTemplate":"https:\/\/m8.mech.pk.edu.pl\/?s={search_term_string}"},"query-input":{"@type":"PropertyValueSpecification","valueRequired":true,"valueName":"search_term_string"}}],"inLanguage":"pl-PL"},{"@type":"Organization","@id":"https:\/\/m8.mech.pk.edu.pl\/#organization","name":"Katedra Pojazd\u00f3w Szynowych","url":"https:\/\/m8.mech.pk.edu.pl\/","logo":{"@type":"ImageObject","inLanguage":"pl-PL","@id":"https:\/\/m8.mech.pk.edu.pl\/#\/schema\/logo\/image\/","url":"https:\/\/m8.mech.pk.edu.pl\/wp-content\/uploads\/2021\/01\/logo-mail-kpsit.png","contentUrl":"https:\/\/m8.mech.pk.edu.pl\/wp-content\/uploads\/2021\/01\/logo-mail-kpsit.png","width":300,"height":119,"caption":"Katedra Pojazd\u00f3w Szynowych"},"image":{"@id":"https:\/\/m8.mech.pk.edu.pl\/#\/schema\/logo\/image\/"},"sameAs":["https:\/\/facebook.com\/KPSzTPK","https:\/\/www.youtube.com\/channel\/UCen3PQ3fl3ry92o_lHkyVaQ"]},{"@type":"Person","@id":"https:\/\/m8.mech.pk.edu.pl\/#\/schema\/person\/d8f6c9a11add49a79e366c6d4261d14e","name":"Maciej","image":{"@type":"ImageObject","inLanguage":"pl-PL","@id":"https:\/\/secure.gravatar.com\/avatar\/5a17b3a5a44d4dca9d48ed0eccafb488c6c54063f627f848184a92807a97590b?s=96&d=mm&r=g","url":"https:\/\/secure.gravatar.com\/avatar\/5a17b3a5a44d4dca9d48ed0eccafb488c6c54063f627f848184a92807a97590b?s=96&d=mm&r=g","contentUrl":"https:\/\/secure.gravatar.com\/avatar\/5a17b3a5a44d4dca9d48ed0eccafb488c6c54063f627f848184a92807a97590b?s=96&d=mm&r=g","caption":"Maciej"}}]}},"_links":{"self":[{"href":"https:\/\/m8.mech.pk.edu.pl\/index.php\/wp-json\/wp\/v2\/posts\/4047","targetHints":{"allow":["GET"]}}],"collection":[{"href":"https:\/\/m8.mech.pk.edu.pl\/index.php\/wp-json\/wp\/v2\/posts"}],"about":[{"href":"https:\/\/m8.mech.pk.edu.pl\/index.php\/wp-json\/wp\/v2\/types\/post"}],"author":[{"embeddable":true,"href":"https:\/\/m8.mech.pk.edu.pl\/index.php\/wp-json\/wp\/v2\/users\/5"}],"replies":[{"embeddable":true,"href":"https:\/\/m8.mech.pk.edu.pl\/index.php\/wp-json\/wp\/v2\/comments?post=4047"}],"version-history":[{"count":4,"href":"https:\/\/m8.mech.pk.edu.pl\/index.php\/wp-json\/wp\/v2\/posts\/4047\/revisions"}],"predecessor-version":[{"id":4055,"href":"https:\/\/m8.mech.pk.edu.pl\/index.php\/wp-json\/wp\/v2\/posts\/4047\/revisions\/4055"}],"wp:featuredmedia":[{"embeddable":true,"href":"https:\/\/m8.mech.pk.edu.pl\/index.php\/wp-json\/wp\/v2\/media\/4051"}],"wp:attachment":[{"href":"https:\/\/m8.mech.pk.edu.pl\/index.php\/wp-json\/wp\/v2\/media?parent=4047"}],"wp:term":[{"taxonomy":"category","embeddable":true,"href":"https:\/\/m8.mech.pk.edu.pl\/index.php\/wp-json\/wp\/v2\/categories?post=4047"},{"taxonomy":"post_tag","embeddable":true,"href":"https:\/\/m8.mech.pk.edu.pl\/index.php\/wp-json\/wp\/v2\/tags?post=4047"}],"curies":[{"name":"wp","href":"https:\/\/api.w.org\/{rel}","templated":true}]}}