{"id":3957,"date":"2023-09-25T21:25:27","date_gmt":"2023-09-25T19:25:27","guid":{"rendered":"https:\/\/m8.mech.pk.edu.pl\/?p=3957"},"modified":"2023-09-25T21:25:27","modified_gmt":"2023-09-25T19:25:27","slug":"i-miejsce-w-konkursie-pkp-intercity-sa","status":"publish","type":"post","link":"https:\/\/m8.mech.pk.edu.pl\/index.php\/2023\/09\/25\/i-miejsce-w-konkursie-pkp-intercity-sa\/","title":{"rendered":"I miejsce w konkursie PKP INTERCITY SA"},"content":{"rendered":"\n<p>Z wielk\u0105 przyjemno\u015bci\u0105 informujemy, \u017ce w konkursie &#8222;Kolej na Nauk\u0119 #IC2030&#8221; I miejsce zdoby\u0142 projekt: Solarny system wspomagania energetycznego wagon\u00f3w pasa\u017cerskich. Dotyczy on zastosowania paneli fotowoltaicznych na dachach wagon\u00f3w, w celu zmniejszenia zu\u017cycia energii elektrycznej pobieranej z sieci trakcyjnej. Autorami rozwi\u0105zania s\u0105 Dorota Zawadzka i Krzysztof Swa\u0142dek &#8211; studenci specjalno\u015bci In\u017cynieria Pojazd\u00f3w Szynowych oraz cz\u0142onkowie Ko\u0142a Naukowego &#8222;TRANSPORT&#8221; Katedry Pojazd\u00f3w Szynowych i Transportu. Za zaj\u0119cie pierwszego miejsca uzyskali oni nagrod\u0119 w wysoko\u015bci 15000 z\u0142. <\/p>\n\n\n\n<!--more-->\n\n\n\n<p>Konkurs \u201eKolej na nauk\u0119 \u2013 #IC2030\u201d to wyzwanie postawione przez PKP Intercity osobom otwartym na innowacje &#8211; studentom i kadrom naukowym uczelni, a tak\u017ce przedstawicielom jednostek badawczych, wchodz\u0105cych w sk\u0142ad start-up\u00f3w. W ten spos\u00f3b narodowy przewo\u017anik da\u0142 szans\u0119 zaistnienia m\u0142odym naukowcom i dowi\u00f3d\u0142 swojej otwarto\u015bci na nowoczesne rozwi\u0105zania.<\/p>\n\n\n\n<p>Konkurs zosta\u0142 og\u0142oszony w marcu tego roku. Zg\u0142aszane projekty musia\u0142y spe\u0142nia\u0107 wytyczne zwarte w regulaminie. Przede wszystkim proponowane rozwi\u0105zania nale\u017ca\u0142o po\u0142\u0105czy\u0107<\/p>\n\n\n\n<p>z zadaniami zawartymi w strategii PKP Intercity. Zakres poszczeg\u00f3lnych zagadnie\u0144 wyznacza\u0142y tematy:<\/p>\n\n\n\n<p>\u2022 Wykorzystanie sztucznej inteligencji w pasa\u017cerskim transporcie kolejowym,<\/p>\n\n\n\n<p>\u2022 Kolej \u2013 najbardziej ekologiczny \u015brodek transportu zbiorowego,<\/p>\n\n\n\n<p>\u2022 Wygoda i bezpiecze\u0144stwo podr\u00f3\u017cy kolej\u0105,<\/p>\n\n\n\n<p>\u2022 Zakup biletu \u2013 pocz\u0105tek wspania\u0142ej podr\u00f3\u017cy.<\/p>\n\n\n\n<p>Zg\u0142oszone pomys\u0142y oceniano na podstawie kryteri\u00f3w: sp\u00f3jno\u015bci merytorycznej, korzy\u015bci wprowadzenia w \u017cycie proponowanego rozwi\u0105zania, innowacyjno\u015bci i oryginalno\u015bci. R\u00f3wnie wa\u017cny by\u0142 aspekt wp\u0142ywu na \u015brodowisko naturalne i spo\u0142ecze\u0144stwo oraz mo\u017cliwo\u015b\u0107 skalowania rozwi\u0105zania i koszt jego wdro\u017cenia. Dodatkowo punktowana by\u0142a gotowo\u015b\u0107 do wsp\u00f3\u0142pracy z PKP Intercity we wdro\u017ceniu zg\u0142oszonej inicjatywy projektowej, na odr\u0119bnie ustalonych warunkach. Zg\u0142oszone do konkursu projekty ocenia\u0142a kapitu\u0142a, w sk\u0142ad kt\u00f3rej weszli przedstawiciele r\u00f3\u017cnych obszar\u00f3w merytorycznych PKP Intercity.<\/p>\n\n\n\n<p>Przyznane nagrody na pewno laureaci konkursu wykorzystaj\u0105 z po\u017cytkiem dla swojej kariery zawodowej i naukowej, a sam fakt zdobycia nagrody ich zdopinguje do dalszej wytrwa\u0142ej pracy. Ju\u017c teraz laureaci mog\u0105 si\u0119 poszczyci\u0107 nie tylko sukcesem swoich innowacyjnych pomys\u0142\u00f3w, ale te\u017c wp\u0142ywem jaki w ten spos\u00f3b mog\u0105 mie\u0107 na udoskonalanie i unowocze\u015bnianie polskiej kolei. Jeste\u015bmy otwarci na wsp\u00f3\u0142prac\u0119 ze \u015brodowiskiem akademickim, czego dowodem s\u0105 nasze partnerskie porozumienia z politechnikami, ale te\u017c w\u0142a\u015bnie takie inicjatywy jak konkurs \u201eKolej na nauk\u0119 \u2013 #IC2030\u201d \u2013 m\u00f3wi Tomasz Gontarz, Wiceprezes Zarz\u0105du PKP Intercity.<br><br>PKP Intercity rozwija wsp\u00f3\u0142prac\u0119 z uczelniami w Polsce, aby w pe\u0142ni korzysta\u0107 z potencja\u0142u \u015brodowiska naukowego i polskich student\u00f3w. Sp\u00f3\u0142ka zawar\u0142a umowy o wsp\u00f3\u0142pracy naukowo-technicznej z uczelniami, kt\u00f3re posiadaj\u0105 wieloletni\u0105 tradycj\u0119 kszta\u0142cenia dla bran\u017cy kolejowej. W gronie partner\u00f3w PKP Intercity s\u0105 m.in. Politechnika Krakowska, Politechnika Warszawska, Politechnika Wroc\u0142awska, Politechnika \u015al\u0105sk\u0105, Politechnika Gda\u0144ska, Wojskowa Akademia Techniczna oraz uczelnie kszta\u0142c\u0105ce w bran\u017cach kluczowych dla rozwoju kolei. Wsp\u00f3\u0142praca odbywa si\u0119 w formie konferencji, seminari\u00f3w, warsztat\u00f3w oraz sympozj\u00f3w, jak r\u00f3wnie\u017c sta\u017cy dualnych i studi\u00f3w podyplomowych.<br><br>\u0179r\u00f3d\u0142o: PKP INTERCITY SA: <a href=\"https:\/\/www.intercity.pl\/pl\/site\/o-nas\/dzial-prasowy\/aktualnosci\/kolej-na-nauke-%E2%80%93-konkurs-pkp-intercity-rozstrzygniety.html?fbclid=IwAR34z1Cu07rAfbO9GovDMlo_-RvBMzW2r2MrX9fKv0bo0Y1q8nD_-_tBeHM\">https:\/\/www.intercity.pl\/pl\/site\/o-nas\/dzial-prasowy\/aktualnosci\/kolej-na-nauke-%E2%80%93-konkurs-pkp-intercity-rozstrzygniety.html?fbclid=IwAR34z1Cu07rAfbO9GovDMlo_-RvBMzW2r2MrX9fKv0bo0Y1q8nD_-_tBeHM<\/a><br><\/p>\n\n\n\n<figure class=\"wp-block-gallery has-nested-images columns-default is-cropped wp-block-gallery-1 is-layout-flex wp-block-gallery-is-layout-flex\">\n<figure class=\"wp-block-image size-large\"><img loading=\"lazy\" decoding=\"async\" width=\"1024\" height=\"683\" data-id=\"3959\" src=\"https:\/\/m8.mech.pk.edu.pl\/wp-content\/uploads\/2023\/09\/377793779_691676246324954_6050260034649411036_n-1024x683.jpg\" alt=\"\" class=\"wp-image-3959\" srcset=\"https:\/\/m8.mech.pk.edu.pl\/wp-content\/uploads\/2023\/09\/377793779_691676246324954_6050260034649411036_n-1024x683.jpg 1024w, https:\/\/m8.mech.pk.edu.pl\/wp-content\/uploads\/2023\/09\/377793779_691676246324954_6050260034649411036_n-300x200.jpg 300w, https:\/\/m8.mech.pk.edu.pl\/wp-content\/uploads\/2023\/09\/377793779_691676246324954_6050260034649411036_n-768x512.jpg 768w, https:\/\/m8.mech.pk.edu.pl\/wp-content\/uploads\/2023\/09\/377793779_691676246324954_6050260034649411036_n-1536x1024.jpg 1536w, https:\/\/m8.mech.pk.edu.pl\/wp-content\/uploads\/2023\/09\/377793779_691676246324954_6050260034649411036_n.jpg 2048w\" sizes=\"auto, (max-width: 1024px) 100vw, 1024px\" \/><\/figure>\n\n\n\n<figure class=\"wp-block-image size-large\"><img loading=\"lazy\" decoding=\"async\" width=\"1024\" height=\"683\" data-id=\"3960\" src=\"https:\/\/m8.mech.pk.edu.pl\/wp-content\/uploads\/2023\/09\/384100225_691676282991617_8953149829822671772_n-1024x683.jpg\" alt=\"\" class=\"wp-image-3960\" srcset=\"https:\/\/m8.mech.pk.edu.pl\/wp-content\/uploads\/2023\/09\/384100225_691676282991617_8953149829822671772_n-1024x683.jpg 1024w, https:\/\/m8.mech.pk.edu.pl\/wp-content\/uploads\/2023\/09\/384100225_691676282991617_8953149829822671772_n-300x200.jpg 300w, https:\/\/m8.mech.pk.edu.pl\/wp-content\/uploads\/2023\/09\/384100225_691676282991617_8953149829822671772_n-768x512.jpg 768w, https:\/\/m8.mech.pk.edu.pl\/wp-content\/uploads\/2023\/09\/384100225_691676282991617_8953149829822671772_n-1536x1024.jpg 1536w, https:\/\/m8.mech.pk.edu.pl\/wp-content\/uploads\/2023\/09\/384100225_691676282991617_8953149829822671772_n.jpg 2048w\" sizes=\"auto, (max-width: 1024px) 100vw, 1024px\" \/><\/figure>\n\n\n\n<figure class=\"wp-block-image size-large\"><img loading=\"lazy\" decoding=\"async\" width=\"800\" height=\"600\" data-id=\"3958\" src=\"https:\/\/m8.mech.pk.edu.pl\/wp-content\/uploads\/2023\/09\/381580723_121768961028473_3460452002566962028_n.jpg\" alt=\"\" class=\"wp-image-3958\" srcset=\"https:\/\/m8.mech.pk.edu.pl\/wp-content\/uploads\/2023\/09\/381580723_121768961028473_3460452002566962028_n.jpg 800w, https:\/\/m8.mech.pk.edu.pl\/wp-content\/uploads\/2023\/09\/381580723_121768961028473_3460452002566962028_n-300x225.jpg 300w, https:\/\/m8.mech.pk.edu.pl\/wp-content\/uploads\/2023\/09\/381580723_121768961028473_3460452002566962028_n-768x576.jpg 768w\" sizes=\"auto, (max-width: 800px) 100vw, 800px\" \/><\/figure>\n<\/figure>\n\n\n\n<p>Fot. 1 i 2 &#8211; PKP IC, fot. 3 &#8211; Grzegorz Zaj\u0105c<\/p>\n","protected":false},"excerpt":{"rendered":"<p>Z wielk\u0105 przyjemno\u015bci\u0105 informujemy, \u017ce w konkursie &#8222;Kolej na Nauk\u0119 #IC2030&#8221; I miejsce zdoby\u0142 projekt: Solarny system wspomagania energetycznego wagon\u00f3w pasa\u017cerskich. Dotyczy on zastosowania paneli fotowoltaicznych na dachach wagon\u00f3w, w celu zmniejszenia zu\u017cycia energii elektrycznej pobieranej z sieci trakcyjnej. Autorami rozwi\u0105zania s\u0105 Dorota Zawadzka i Krzysztof Swa\u0142dek &#8211; studenci specjalno\u015bci In\u017cynieria Pojazd\u00f3w Szynowych oraz cz\u0142onkowie [&hellip;]<\/p>\n","protected":false},"author":5,"featured_media":3958,"comment_status":"closed","ping_status":"open","sticky":false,"template":"","format":"standard","meta":{"footnotes":""},"categories":[1],"tags":[],"class_list":["post-3957","post","type-post","status-publish","format-standard","has-post-thumbnail","hentry","category-bez-kategorii"],"yoast_head":"<!-- This site is optimized with the Yoast SEO plugin v27.5 - https:\/\/yoast.com\/product\/yoast-seo-wordpress\/ -->\n<title>I miejsce w konkursie PKP INTERCITY SA - Katedra Pojazd\u00f3w Szynowych i Transportu<\/title>\n<meta name=\"robots\" content=\"index, follow, max-snippet:-1, max-image-preview:large, max-video-preview:-1\" \/>\n<link rel=\"canonical\" href=\"https:\/\/m8.mech.pk.edu.pl\/index.php\/2023\/09\/25\/i-miejsce-w-konkursie-pkp-intercity-sa\/\" \/>\n<meta property=\"og:locale\" content=\"pl_PL\" \/>\n<meta property=\"og:type\" content=\"article\" \/>\n<meta property=\"og:title\" content=\"I miejsce w konkursie PKP INTERCITY SA - Katedra Pojazd\u00f3w Szynowych i Transportu\" \/>\n<meta property=\"og:description\" content=\"Z wielk\u0105 przyjemno\u015bci\u0105 informujemy, \u017ce w konkursie &#8222;Kolej na Nauk\u0119 #IC2030&#8221; I miejsce zdoby\u0142 projekt: Solarny system wspomagania energetycznego wagon\u00f3w pasa\u017cerskich. Dotyczy on zastosowania paneli fotowoltaicznych na dachach wagon\u00f3w, w celu zmniejszenia zu\u017cycia energii elektrycznej pobieranej z sieci trakcyjnej. Autorami rozwi\u0105zania s\u0105 Dorota Zawadzka i Krzysztof Swa\u0142dek &#8211; studenci specjalno\u015bci In\u017cynieria Pojazd\u00f3w Szynowych oraz cz\u0142onkowie [&hellip;]\" \/>\n<meta property=\"og:url\" content=\"https:\/\/m8.mech.pk.edu.pl\/index.php\/2023\/09\/25\/i-miejsce-w-konkursie-pkp-intercity-sa\/\" \/>\n<meta property=\"og:site_name\" content=\"Katedra Pojazd\u00f3w Szynowych i Transportu\" \/>\n<meta property=\"article:publisher\" content=\"https:\/\/facebook.com\/KPSzTPK\" \/>\n<meta property=\"article:published_time\" content=\"2023-09-25T19:25:27+00:00\" \/>\n<meta property=\"og:image\" content=\"https:\/\/m8.mech.pk.edu.pl\/wp-content\/uploads\/2023\/09\/381580723_121768961028473_3460452002566962028_n.jpg\" \/>\n\t<meta property=\"og:image:width\" content=\"800\" \/>\n\t<meta property=\"og:image:height\" content=\"600\" \/>\n\t<meta property=\"og:image:type\" content=\"image\/jpeg\" \/>\n<meta name=\"author\" content=\"Maciej\" \/>\n<meta name=\"twitter:card\" content=\"summary_large_image\" \/>\n<meta name=\"twitter:label1\" content=\"Napisane przez\" \/>\n\t<meta name=\"twitter:data1\" content=\"Maciej\" \/>\n\t<meta name=\"twitter:label2\" content=\"Szacowany czas czytania\" \/>\n\t<meta name=\"twitter:data2\" content=\"4 minuty\" \/>\n<script type=\"application\/ld+json\" class=\"yoast-schema-graph\">{\"@context\":\"https:\\\/\\\/schema.org\",\"@graph\":[{\"@type\":\"Article\",\"@id\":\"https:\\\/\\\/m8.mech.pk.edu.pl\\\/index.php\\\/2023\\\/09\\\/25\\\/i-miejsce-w-konkursie-pkp-intercity-sa\\\/#article\",\"isPartOf\":{\"@id\":\"https:\\\/\\\/m8.mech.pk.edu.pl\\\/index.php\\\/2023\\\/09\\\/25\\\/i-miejsce-w-konkursie-pkp-intercity-sa\\\/\"},\"author\":{\"name\":\"Maciej\",\"@id\":\"https:\\\/\\\/m8.mech.pk.edu.pl\\\/#\\\/schema\\\/person\\\/d8f6c9a11add49a79e366c6d4261d14e\"},\"headline\":\"I miejsce w konkursie PKP INTERCITY SA\",\"datePublished\":\"2023-09-25T19:25:27+00:00\",\"mainEntityOfPage\":{\"@id\":\"https:\\\/\\\/m8.mech.pk.edu.pl\\\/index.php\\\/2023\\\/09\\\/25\\\/i-miejsce-w-konkursie-pkp-intercity-sa\\\/\"},\"wordCount\":571,\"publisher\":{\"@id\":\"https:\\\/\\\/m8.mech.pk.edu.pl\\\/#organization\"},\"image\":{\"@id\":\"https:\\\/\\\/m8.mech.pk.edu.pl\\\/index.php\\\/2023\\\/09\\\/25\\\/i-miejsce-w-konkursie-pkp-intercity-sa\\\/#primaryimage\"},\"thumbnailUrl\":\"https:\\\/\\\/m8.mech.pk.edu.pl\\\/wp-content\\\/uploads\\\/2023\\\/09\\\/381580723_121768961028473_3460452002566962028_n.jpg\",\"inLanguage\":\"pl-PL\"},{\"@type\":\"WebPage\",\"@id\":\"https:\\\/\\\/m8.mech.pk.edu.pl\\\/index.php\\\/2023\\\/09\\\/25\\\/i-miejsce-w-konkursie-pkp-intercity-sa\\\/\",\"url\":\"https:\\\/\\\/m8.mech.pk.edu.pl\\\/index.php\\\/2023\\\/09\\\/25\\\/i-miejsce-w-konkursie-pkp-intercity-sa\\\/\",\"name\":\"I miejsce w konkursie PKP INTERCITY SA - Katedra Pojazd\u00f3w Szynowych i Transportu\",\"isPartOf\":{\"@id\":\"https:\\\/\\\/m8.mech.pk.edu.pl\\\/#website\"},\"primaryImageOfPage\":{\"@id\":\"https:\\\/\\\/m8.mech.pk.edu.pl\\\/index.php\\\/2023\\\/09\\\/25\\\/i-miejsce-w-konkursie-pkp-intercity-sa\\\/#primaryimage\"},\"image\":{\"@id\":\"https:\\\/\\\/m8.mech.pk.edu.pl\\\/index.php\\\/2023\\\/09\\\/25\\\/i-miejsce-w-konkursie-pkp-intercity-sa\\\/#primaryimage\"},\"thumbnailUrl\":\"https:\\\/\\\/m8.mech.pk.edu.pl\\\/wp-content\\\/uploads\\\/2023\\\/09\\\/381580723_121768961028473_3460452002566962028_n.jpg\",\"datePublished\":\"2023-09-25T19:25:27+00:00\",\"breadcrumb\":{\"@id\":\"https:\\\/\\\/m8.mech.pk.edu.pl\\\/index.php\\\/2023\\\/09\\\/25\\\/i-miejsce-w-konkursie-pkp-intercity-sa\\\/#breadcrumb\"},\"inLanguage\":\"pl-PL\",\"potentialAction\":[{\"@type\":\"ReadAction\",\"target\":[\"https:\\\/\\\/m8.mech.pk.edu.pl\\\/index.php\\\/2023\\\/09\\\/25\\\/i-miejsce-w-konkursie-pkp-intercity-sa\\\/\"]}]},{\"@type\":\"ImageObject\",\"inLanguage\":\"pl-PL\",\"@id\":\"https:\\\/\\\/m8.mech.pk.edu.pl\\\/index.php\\\/2023\\\/09\\\/25\\\/i-miejsce-w-konkursie-pkp-intercity-sa\\\/#primaryimage\",\"url\":\"https:\\\/\\\/m8.mech.pk.edu.pl\\\/wp-content\\\/uploads\\\/2023\\\/09\\\/381580723_121768961028473_3460452002566962028_n.jpg\",\"contentUrl\":\"https:\\\/\\\/m8.mech.pk.edu.pl\\\/wp-content\\\/uploads\\\/2023\\\/09\\\/381580723_121768961028473_3460452002566962028_n.jpg\",\"width\":800,\"height\":600},{\"@type\":\"BreadcrumbList\",\"@id\":\"https:\\\/\\\/m8.mech.pk.edu.pl\\\/index.php\\\/2023\\\/09\\\/25\\\/i-miejsce-w-konkursie-pkp-intercity-sa\\\/#breadcrumb\",\"itemListElement\":[{\"@type\":\"ListItem\",\"position\":1,\"name\":\"Strona g\u0142\u00f3wna\",\"item\":\"https:\\\/\\\/m8.mech.pk.edu.pl\\\/\"},{\"@type\":\"ListItem\",\"position\":2,\"name\":\"I miejsce w konkursie PKP INTERCITY SA\"}]},{\"@type\":\"WebSite\",\"@id\":\"https:\\\/\\\/m8.mech.pk.edu.pl\\\/#website\",\"url\":\"https:\\\/\\\/m8.mech.pk.edu.pl\\\/\",\"name\":\"Katedra Pojazd\u00f3w Szynowych i Transportu\",\"description\":\"Katedra Pojazd\u00f3w Szynowych i Transportu Politechniki Krakowskiej na Wydziale Mechanicznym\",\"publisher\":{\"@id\":\"https:\\\/\\\/m8.mech.pk.edu.pl\\\/#organization\"},\"potentialAction\":[{\"@type\":\"SearchAction\",\"target\":{\"@type\":\"EntryPoint\",\"urlTemplate\":\"https:\\\/\\\/m8.mech.pk.edu.pl\\\/?s={search_term_string}\"},\"query-input\":{\"@type\":\"PropertyValueSpecification\",\"valueRequired\":true,\"valueName\":\"search_term_string\"}}],\"inLanguage\":\"pl-PL\"},{\"@type\":\"Organization\",\"@id\":\"https:\\\/\\\/m8.mech.pk.edu.pl\\\/#organization\",\"name\":\"Katedra Pojazd\u00f3w Szynowych\",\"url\":\"https:\\\/\\\/m8.mech.pk.edu.pl\\\/\",\"logo\":{\"@type\":\"ImageObject\",\"inLanguage\":\"pl-PL\",\"@id\":\"https:\\\/\\\/m8.mech.pk.edu.pl\\\/#\\\/schema\\\/logo\\\/image\\\/\",\"url\":\"https:\\\/\\\/m8.mech.pk.edu.pl\\\/wp-content\\\/uploads\\\/2021\\\/01\\\/logo-mail-kpsit.png\",\"contentUrl\":\"https:\\\/\\\/m8.mech.pk.edu.pl\\\/wp-content\\\/uploads\\\/2021\\\/01\\\/logo-mail-kpsit.png\",\"width\":300,\"height\":119,\"caption\":\"Katedra Pojazd\u00f3w Szynowych\"},\"image\":{\"@id\":\"https:\\\/\\\/m8.mech.pk.edu.pl\\\/#\\\/schema\\\/logo\\\/image\\\/\"},\"sameAs\":[\"https:\\\/\\\/facebook.com\\\/KPSzTPK\",\"https:\\\/\\\/www.youtube.com\\\/channel\\\/UCen3PQ3fl3ry92o_lHkyVaQ\"]},{\"@type\":\"Person\",\"@id\":\"https:\\\/\\\/m8.mech.pk.edu.pl\\\/#\\\/schema\\\/person\\\/d8f6c9a11add49a79e366c6d4261d14e\",\"name\":\"Maciej\",\"image\":{\"@type\":\"ImageObject\",\"inLanguage\":\"pl-PL\",\"@id\":\"https:\\\/\\\/secure.gravatar.com\\\/avatar\\\/5a17b3a5a44d4dca9d48ed0eccafb488c6c54063f627f848184a92807a97590b?s=96&d=mm&r=g\",\"url\":\"https:\\\/\\\/secure.gravatar.com\\\/avatar\\\/5a17b3a5a44d4dca9d48ed0eccafb488c6c54063f627f848184a92807a97590b?s=96&d=mm&r=g\",\"contentUrl\":\"https:\\\/\\\/secure.gravatar.com\\\/avatar\\\/5a17b3a5a44d4dca9d48ed0eccafb488c6c54063f627f848184a92807a97590b?s=96&d=mm&r=g\",\"caption\":\"Maciej\"}}]}<\/script>\n<!-- \/ Yoast SEO plugin. -->","yoast_head_json":{"title":"I miejsce w konkursie PKP INTERCITY SA - Katedra Pojazd\u00f3w Szynowych i Transportu","robots":{"index":"index","follow":"follow","max-snippet":"max-snippet:-1","max-image-preview":"max-image-preview:large","max-video-preview":"max-video-preview:-1"},"canonical":"https:\/\/m8.mech.pk.edu.pl\/index.php\/2023\/09\/25\/i-miejsce-w-konkursie-pkp-intercity-sa\/","og_locale":"pl_PL","og_type":"article","og_title":"I miejsce w konkursie PKP INTERCITY SA - Katedra Pojazd\u00f3w Szynowych i Transportu","og_description":"Z wielk\u0105 przyjemno\u015bci\u0105 informujemy, \u017ce w konkursie &#8222;Kolej na Nauk\u0119 #IC2030&#8221; I miejsce zdoby\u0142 projekt: Solarny system wspomagania energetycznego wagon\u00f3w pasa\u017cerskich. Dotyczy on zastosowania paneli fotowoltaicznych na dachach wagon\u00f3w, w celu zmniejszenia zu\u017cycia energii elektrycznej pobieranej z sieci trakcyjnej. Autorami rozwi\u0105zania s\u0105 Dorota Zawadzka i Krzysztof Swa\u0142dek &#8211; studenci specjalno\u015bci In\u017cynieria Pojazd\u00f3w Szynowych oraz cz\u0142onkowie [&hellip;]","og_url":"https:\/\/m8.mech.pk.edu.pl\/index.php\/2023\/09\/25\/i-miejsce-w-konkursie-pkp-intercity-sa\/","og_site_name":"Katedra Pojazd\u00f3w Szynowych i Transportu","article_publisher":"https:\/\/facebook.com\/KPSzTPK","article_published_time":"2023-09-25T19:25:27+00:00","og_image":[{"width":800,"height":600,"url":"https:\/\/m8.mech.pk.edu.pl\/wp-content\/uploads\/2023\/09\/381580723_121768961028473_3460452002566962028_n.jpg","type":"image\/jpeg"}],"author":"Maciej","twitter_card":"summary_large_image","twitter_misc":{"Napisane przez":"Maciej","Szacowany czas czytania":"4 minuty"},"schema":{"@context":"https:\/\/schema.org","@graph":[{"@type":"Article","@id":"https:\/\/m8.mech.pk.edu.pl\/index.php\/2023\/09\/25\/i-miejsce-w-konkursie-pkp-intercity-sa\/#article","isPartOf":{"@id":"https:\/\/m8.mech.pk.edu.pl\/index.php\/2023\/09\/25\/i-miejsce-w-konkursie-pkp-intercity-sa\/"},"author":{"name":"Maciej","@id":"https:\/\/m8.mech.pk.edu.pl\/#\/schema\/person\/d8f6c9a11add49a79e366c6d4261d14e"},"headline":"I miejsce w konkursie PKP INTERCITY SA","datePublished":"2023-09-25T19:25:27+00:00","mainEntityOfPage":{"@id":"https:\/\/m8.mech.pk.edu.pl\/index.php\/2023\/09\/25\/i-miejsce-w-konkursie-pkp-intercity-sa\/"},"wordCount":571,"publisher":{"@id":"https:\/\/m8.mech.pk.edu.pl\/#organization"},"image":{"@id":"https:\/\/m8.mech.pk.edu.pl\/index.php\/2023\/09\/25\/i-miejsce-w-konkursie-pkp-intercity-sa\/#primaryimage"},"thumbnailUrl":"https:\/\/m8.mech.pk.edu.pl\/wp-content\/uploads\/2023\/09\/381580723_121768961028473_3460452002566962028_n.jpg","inLanguage":"pl-PL"},{"@type":"WebPage","@id":"https:\/\/m8.mech.pk.edu.pl\/index.php\/2023\/09\/25\/i-miejsce-w-konkursie-pkp-intercity-sa\/","url":"https:\/\/m8.mech.pk.edu.pl\/index.php\/2023\/09\/25\/i-miejsce-w-konkursie-pkp-intercity-sa\/","name":"I miejsce w konkursie PKP INTERCITY SA - Katedra Pojazd\u00f3w Szynowych i Transportu","isPartOf":{"@id":"https:\/\/m8.mech.pk.edu.pl\/#website"},"primaryImageOfPage":{"@id":"https:\/\/m8.mech.pk.edu.pl\/index.php\/2023\/09\/25\/i-miejsce-w-konkursie-pkp-intercity-sa\/#primaryimage"},"image":{"@id":"https:\/\/m8.mech.pk.edu.pl\/index.php\/2023\/09\/25\/i-miejsce-w-konkursie-pkp-intercity-sa\/#primaryimage"},"thumbnailUrl":"https:\/\/m8.mech.pk.edu.pl\/wp-content\/uploads\/2023\/09\/381580723_121768961028473_3460452002566962028_n.jpg","datePublished":"2023-09-25T19:25:27+00:00","breadcrumb":{"@id":"https:\/\/m8.mech.pk.edu.pl\/index.php\/2023\/09\/25\/i-miejsce-w-konkursie-pkp-intercity-sa\/#breadcrumb"},"inLanguage":"pl-PL","potentialAction":[{"@type":"ReadAction","target":["https:\/\/m8.mech.pk.edu.pl\/index.php\/2023\/09\/25\/i-miejsce-w-konkursie-pkp-intercity-sa\/"]}]},{"@type":"ImageObject","inLanguage":"pl-PL","@id":"https:\/\/m8.mech.pk.edu.pl\/index.php\/2023\/09\/25\/i-miejsce-w-konkursie-pkp-intercity-sa\/#primaryimage","url":"https:\/\/m8.mech.pk.edu.pl\/wp-content\/uploads\/2023\/09\/381580723_121768961028473_3460452002566962028_n.jpg","contentUrl":"https:\/\/m8.mech.pk.edu.pl\/wp-content\/uploads\/2023\/09\/381580723_121768961028473_3460452002566962028_n.jpg","width":800,"height":600},{"@type":"BreadcrumbList","@id":"https:\/\/m8.mech.pk.edu.pl\/index.php\/2023\/09\/25\/i-miejsce-w-konkursie-pkp-intercity-sa\/#breadcrumb","itemListElement":[{"@type":"ListItem","position":1,"name":"Strona g\u0142\u00f3wna","item":"https:\/\/m8.mech.pk.edu.pl\/"},{"@type":"ListItem","position":2,"name":"I miejsce w konkursie PKP INTERCITY SA"}]},{"@type":"WebSite","@id":"https:\/\/m8.mech.pk.edu.pl\/#website","url":"https:\/\/m8.mech.pk.edu.pl\/","name":"Katedra Pojazd\u00f3w Szynowych i Transportu","description":"Katedra Pojazd\u00f3w Szynowych i Transportu Politechniki Krakowskiej na Wydziale Mechanicznym","publisher":{"@id":"https:\/\/m8.mech.pk.edu.pl\/#organization"},"potentialAction":[{"@type":"SearchAction","target":{"@type":"EntryPoint","urlTemplate":"https:\/\/m8.mech.pk.edu.pl\/?s={search_term_string}"},"query-input":{"@type":"PropertyValueSpecification","valueRequired":true,"valueName":"search_term_string"}}],"inLanguage":"pl-PL"},{"@type":"Organization","@id":"https:\/\/m8.mech.pk.edu.pl\/#organization","name":"Katedra Pojazd\u00f3w Szynowych","url":"https:\/\/m8.mech.pk.edu.pl\/","logo":{"@type":"ImageObject","inLanguage":"pl-PL","@id":"https:\/\/m8.mech.pk.edu.pl\/#\/schema\/logo\/image\/","url":"https:\/\/m8.mech.pk.edu.pl\/wp-content\/uploads\/2021\/01\/logo-mail-kpsit.png","contentUrl":"https:\/\/m8.mech.pk.edu.pl\/wp-content\/uploads\/2021\/01\/logo-mail-kpsit.png","width":300,"height":119,"caption":"Katedra Pojazd\u00f3w Szynowych"},"image":{"@id":"https:\/\/m8.mech.pk.edu.pl\/#\/schema\/logo\/image\/"},"sameAs":["https:\/\/facebook.com\/KPSzTPK","https:\/\/www.youtube.com\/channel\/UCen3PQ3fl3ry92o_lHkyVaQ"]},{"@type":"Person","@id":"https:\/\/m8.mech.pk.edu.pl\/#\/schema\/person\/d8f6c9a11add49a79e366c6d4261d14e","name":"Maciej","image":{"@type":"ImageObject","inLanguage":"pl-PL","@id":"https:\/\/secure.gravatar.com\/avatar\/5a17b3a5a44d4dca9d48ed0eccafb488c6c54063f627f848184a92807a97590b?s=96&d=mm&r=g","url":"https:\/\/secure.gravatar.com\/avatar\/5a17b3a5a44d4dca9d48ed0eccafb488c6c54063f627f848184a92807a97590b?s=96&d=mm&r=g","contentUrl":"https:\/\/secure.gravatar.com\/avatar\/5a17b3a5a44d4dca9d48ed0eccafb488c6c54063f627f848184a92807a97590b?s=96&d=mm&r=g","caption":"Maciej"}}]}},"_links":{"self":[{"href":"https:\/\/m8.mech.pk.edu.pl\/index.php\/wp-json\/wp\/v2\/posts\/3957","targetHints":{"allow":["GET"]}}],"collection":[{"href":"https:\/\/m8.mech.pk.edu.pl\/index.php\/wp-json\/wp\/v2\/posts"}],"about":[{"href":"https:\/\/m8.mech.pk.edu.pl\/index.php\/wp-json\/wp\/v2\/types\/post"}],"author":[{"embeddable":true,"href":"https:\/\/m8.mech.pk.edu.pl\/index.php\/wp-json\/wp\/v2\/users\/5"}],"replies":[{"embeddable":true,"href":"https:\/\/m8.mech.pk.edu.pl\/index.php\/wp-json\/wp\/v2\/comments?post=3957"}],"version-history":[{"count":1,"href":"https:\/\/m8.mech.pk.edu.pl\/index.php\/wp-json\/wp\/v2\/posts\/3957\/revisions"}],"predecessor-version":[{"id":3961,"href":"https:\/\/m8.mech.pk.edu.pl\/index.php\/wp-json\/wp\/v2\/posts\/3957\/revisions\/3961"}],"wp:featuredmedia":[{"embeddable":true,"href":"https:\/\/m8.mech.pk.edu.pl\/index.php\/wp-json\/wp\/v2\/media\/3958"}],"wp:attachment":[{"href":"https:\/\/m8.mech.pk.edu.pl\/index.php\/wp-json\/wp\/v2\/media?parent=3957"}],"wp:term":[{"taxonomy":"category","embeddable":true,"href":"https:\/\/m8.mech.pk.edu.pl\/index.php\/wp-json\/wp\/v2\/categories?post=3957"},{"taxonomy":"post_tag","embeddable":true,"href":"https:\/\/m8.mech.pk.edu.pl\/index.php\/wp-json\/wp\/v2\/tags?post=3957"}],"curies":[{"name":"wp","href":"https:\/\/api.w.org\/{rel}","templated":true}]}}