{"id":3936,"date":"2023-09-22T17:27:09","date_gmt":"2023-09-22T15:27:09","guid":{"rendered":"https:\/\/m8.mech.pk.edu.pl\/?p=3936"},"modified":"2023-09-22T17:29:14","modified_gmt":"2023-09-22T15:29:14","slug":"miedzynarodowe-targi-kolejowe-trako-2023","status":"publish","type":"post","link":"https:\/\/m8.mech.pk.edu.pl\/index.php\/2023\/09\/22\/miedzynarodowe-targi-kolejowe-trako-2023\/","title":{"rendered":"Eksperci Politechniki na Targach TRAKO 2023 \u2013 najwi\u0119kszym wydarzeniu bran\u017cy kolejowej w Polsce"},"content":{"rendered":"\n<p>Rektor Politechniki Krakowskiej prof. Andrzej Szarata oraz specjali\u015bci z Katedry Pojazd\u00f3w Szynowych i Transportu WM z jej kierownikiem dr hab. in\u017c. Maciejem Szkod\u0105, prof. PK na czele, uczestnicz\u0105 w Mi\u0119dzynarodowych Targach Kolejowych TRAKO 2023 (19-22 wrze\u015bnia 2023 r.,&nbsp; Gda\u0144sk), najwi\u0119kszym i najbardziej presti\u017cowym w Polsce wydarzeniu z bran\u017cy transportu szynowego, jednych&nbsp; z najwi\u0119kszych, obok berli\u0144skich, targ\u00f3w kolejowych w Europie.<\/p>\n\n\n\n<!--more-->\n\n\n\n<p>Dzi\u015b na targach zesp\u00f3\u0142 Katedry Pojazd\u00f3w Szynowych i Transportu WM wraz ze studentami WM PK podczas seminarium pt. \u201eKszta\u0142cenie kadry in\u017cynierskiej dla bran\u017cy pojazd\u00f3w szynowych na Wydziale Mechanicznym Politechniki Krakowskiej\u201d przedstawia\u0142 ofert\u0119 edukacyjn\u0105 dla bran\u017cy kolejowej:<\/p>\n\n\n\n<p>&#8211; specjalno\u015b\u0107 <em>in\u017cynieria pojazd\u00f3w szynowych,<\/em> innowacyjny model dualnego kszta\u0142cenia student\u00f3w w ramach kierunku \u015brodki transportu i logistyka<\/p>\n\n\n\n<p>&#8211; kierunek <em>in\u017cynieria wzornictwa przemys\u0142owego<\/em><\/p>\n\n\n\n<p>&#8211; studia podyplomowe \u201eBudowa i eksploatacja pojazd\u00f3w szynowych\u201d<\/p>\n\n\n\n<p>W prezentacji brali udzia\u0142&nbsp; dr hab. in\u017c. Maciej Szkoda, prof. PK, dr Maciej G\u00f3rowski, mgr in\u017c. Bartosz Szachniewicz, dr in\u017c. Maciej Michnej i dra hab. in\u017c. Grzegorz Zaj\u0105c,&nbsp; prof. PK.<\/p>\n\n\n\n<p>Rektor PK prof. Andrzej Szarata bierze udzia\u0142 w panelach dyskusyjnych, m.in.&nbsp; w debacie, organizowanej przez Centrum Unijnych Projekt\u00f3w Transportowych pt.&nbsp; \u201ePlanowanie w transporcie z wykorzystaniem narz\u0119dzi wspieraj\u0105cych podejmowanie decyzji\u201d(<a href=\"https:\/\/www.youtube.com\/watch?v=tzpp9vBScHs\">transmisja online<\/a> od g. 14.30)<\/p>\n\n\n\n<p>Jak podaj\u0105 organizatorzy targ\u00f3w zgromadz\u0105 one ponad 500 wystawc\u00f3w oraz ponad 25 000 go\u015bci bran\u017cowych z ponad 40 kraj\u00f3w. Przedmiotem wydarzenia s\u0105 najnowsze trendy, rozwi\u0105zania technologiczne, rozw\u00f3j system\u00f3w transportowych, infrastruktury kolejowej i nowo\u015bci w Polsce, Europie oraz na \u015bwiecie. &nbsp;<\/p>\n\n\n\n<p>Politechnika Krakowska to jeden z najmocniejszych w Polsce o\u015brodk\u00f3w eksperckich w obszarze transportu szynowego i in\u017cynierii pojazd\u00f3w szynowych. Specjali\u015bci PK s\u0142u\u017c\u0105 eksperckim wsparciem presti\u017cowym firmom z bran\u017cy kolejowej oraz jednostkom samorz\u0105d\u00f3w i instytut\u00f3w badawczych.&nbsp; Uczelni\u0119 \u0142\u0105cz\u0105 wsp\u00f3lne projekty badawczo-rozwojowe oraz inicjatywy edukacyjne&nbsp; z wieloma partnerami z bran\u017cy kolejowej. &nbsp;<\/p>\n\n\n\n<figure class=\"wp-block-gallery has-nested-images columns-default is-cropped wp-block-gallery-1 is-layout-flex wp-block-gallery-is-layout-flex\">\n<figure class=\"wp-block-image size-full\"><a href=\"https:\/\/m8.mech.pk.edu.pl\/wp-content\/uploads\/2023\/09\/1.jpg\" target=\"_blank\" rel=\"noopener\"><img loading=\"lazy\" decoding=\"async\" width=\"294\" height=\"221\" data-id=\"3938\" src=\"https:\/\/m8.mech.pk.edu.pl\/wp-content\/uploads\/2023\/09\/1.jpg\" alt=\"\" class=\"wp-image-3938\"\/><\/a><\/figure>\n\n\n\n<figure class=\"wp-block-image size-full\"><a href=\"https:\/\/m8.mech.pk.edu.pl\/wp-content\/uploads\/2023\/09\/2.jpg\" target=\"_blank\" rel=\"noopener\"><img loading=\"lazy\" decoding=\"async\" width=\"292\" height=\"219\" data-id=\"3937\" src=\"https:\/\/m8.mech.pk.edu.pl\/wp-content\/uploads\/2023\/09\/2.jpg\" alt=\"\" class=\"wp-image-3937\"\/><\/a><\/figure>\n<\/figure>\n","protected":false},"excerpt":{"rendered":"<p>Rektor Politechniki Krakowskiej prof. Andrzej Szarata oraz specjali\u015bci z Katedry Pojazd\u00f3w Szynowych i Transportu WM z jej kierownikiem dr hab. in\u017c. Maciejem Szkod\u0105, prof. PK na czele, uczestnicz\u0105 w Mi\u0119dzynarodowych Targach Kolejowych TRAKO 2023 (19-22 wrze\u015bnia 2023 r.,&nbsp; Gda\u0144sk), najwi\u0119kszym i najbardziej presti\u017cowym w Polsce wydarzeniu z bran\u017cy transportu szynowego, jednych&nbsp; z najwi\u0119kszych, obok berli\u0144skich, [&hellip;]<\/p>\n","protected":false},"author":1,"featured_media":3938,"comment_status":"closed","ping_status":"open","sticky":false,"template":"","format":"standard","meta":{"footnotes":""},"categories":[1],"tags":[],"class_list":["post-3936","post","type-post","status-publish","format-standard","has-post-thumbnail","hentry","category-bez-kategorii"],"yoast_head":"<!-- This site is optimized with the Yoast SEO plugin v27.5 - https:\/\/yoast.com\/product\/yoast-seo-wordpress\/ -->\n<title>Eksperci Politechniki na Targach TRAKO 2023 \u2013 najwi\u0119kszym wydarzeniu bran\u017cy kolejowej w Polsce - Katedra Pojazd\u00f3w Szynowych i Transportu<\/title>\n<meta name=\"robots\" content=\"index, follow, max-snippet:-1, max-image-preview:large, max-video-preview:-1\" \/>\n<link rel=\"canonical\" href=\"https:\/\/m8.mech.pk.edu.pl\/index.php\/2023\/09\/22\/miedzynarodowe-targi-kolejowe-trako-2023\/\" \/>\n<meta property=\"og:locale\" content=\"pl_PL\" \/>\n<meta property=\"og:type\" content=\"article\" \/>\n<meta property=\"og:title\" content=\"Eksperci Politechniki na Targach TRAKO 2023 \u2013 najwi\u0119kszym wydarzeniu bran\u017cy kolejowej w Polsce - Katedra Pojazd\u00f3w Szynowych i Transportu\" \/>\n<meta property=\"og:description\" content=\"Rektor Politechniki Krakowskiej prof. Andrzej Szarata oraz specjali\u015bci z Katedry Pojazd\u00f3w Szynowych i Transportu WM z jej kierownikiem dr hab. in\u017c. Maciejem Szkod\u0105, prof. PK na czele, uczestnicz\u0105 w Mi\u0119dzynarodowych Targach Kolejowych TRAKO 2023 (19-22 wrze\u015bnia 2023 r.,&nbsp; Gda\u0144sk), najwi\u0119kszym i najbardziej presti\u017cowym w Polsce wydarzeniu z bran\u017cy transportu szynowego, jednych&nbsp; z najwi\u0119kszych, obok berli\u0144skich, [&hellip;]\" \/>\n<meta property=\"og:url\" content=\"https:\/\/m8.mech.pk.edu.pl\/index.php\/2023\/09\/22\/miedzynarodowe-targi-kolejowe-trako-2023\/\" \/>\n<meta property=\"og:site_name\" content=\"Katedra Pojazd\u00f3w Szynowych i Transportu\" \/>\n<meta property=\"article:publisher\" content=\"https:\/\/facebook.com\/KPSzTPK\" \/>\n<meta property=\"article:published_time\" content=\"2023-09-22T15:27:09+00:00\" \/>\n<meta property=\"article:modified_time\" content=\"2023-09-22T15:29:14+00:00\" \/>\n<meta property=\"og:image\" content=\"https:\/\/m8.mech.pk.edu.pl\/wp-content\/uploads\/2023\/09\/1.jpg\" \/>\n\t<meta property=\"og:image:width\" content=\"294\" \/>\n\t<meta property=\"og:image:height\" content=\"221\" \/>\n\t<meta property=\"og:image:type\" content=\"image\/jpeg\" \/>\n<meta name=\"author\" content=\"Rafa\u0142\" \/>\n<meta name=\"twitter:card\" content=\"summary_large_image\" \/>\n<meta name=\"twitter:label1\" content=\"Napisane przez\" \/>\n\t<meta name=\"twitter:data1\" content=\"Rafa\u0142\" \/>\n\t<meta name=\"twitter:label2\" content=\"Szacowany czas czytania\" \/>\n\t<meta name=\"twitter:data2\" content=\"3 minuty\" \/>\n<script type=\"application\/ld+json\" class=\"yoast-schema-graph\">{\"@context\":\"https:\\\/\\\/schema.org\",\"@graph\":[{\"@type\":\"Article\",\"@id\":\"https:\\\/\\\/m8.mech.pk.edu.pl\\\/index.php\\\/2023\\\/09\\\/22\\\/miedzynarodowe-targi-kolejowe-trako-2023\\\/#article\",\"isPartOf\":{\"@id\":\"https:\\\/\\\/m8.mech.pk.edu.pl\\\/index.php\\\/2023\\\/09\\\/22\\\/miedzynarodowe-targi-kolejowe-trako-2023\\\/\"},\"author\":{\"name\":\"Rafa\u0142\",\"@id\":\"https:\\\/\\\/m8.mech.pk.edu.pl\\\/#\\\/schema\\\/person\\\/3b5511cf6f7f9280c1bd99bc362480b0\"},\"headline\":\"Eksperci Politechniki na Targach TRAKO 2023 \u2013 najwi\u0119kszym wydarzeniu bran\u017cy kolejowej w Polsce\",\"datePublished\":\"2023-09-22T15:27:09+00:00\",\"dateModified\":\"2023-09-22T15:29:14+00:00\",\"mainEntityOfPage\":{\"@id\":\"https:\\\/\\\/m8.mech.pk.edu.pl\\\/index.php\\\/2023\\\/09\\\/22\\\/miedzynarodowe-targi-kolejowe-trako-2023\\\/\"},\"wordCount\":344,\"publisher\":{\"@id\":\"https:\\\/\\\/m8.mech.pk.edu.pl\\\/#organization\"},\"image\":{\"@id\":\"https:\\\/\\\/m8.mech.pk.edu.pl\\\/index.php\\\/2023\\\/09\\\/22\\\/miedzynarodowe-targi-kolejowe-trako-2023\\\/#primaryimage\"},\"thumbnailUrl\":\"https:\\\/\\\/m8.mech.pk.edu.pl\\\/wp-content\\\/uploads\\\/2023\\\/09\\\/1.jpg\",\"inLanguage\":\"pl-PL\"},{\"@type\":\"WebPage\",\"@id\":\"https:\\\/\\\/m8.mech.pk.edu.pl\\\/index.php\\\/2023\\\/09\\\/22\\\/miedzynarodowe-targi-kolejowe-trako-2023\\\/\",\"url\":\"https:\\\/\\\/m8.mech.pk.edu.pl\\\/index.php\\\/2023\\\/09\\\/22\\\/miedzynarodowe-targi-kolejowe-trako-2023\\\/\",\"name\":\"Eksperci Politechniki na Targach TRAKO 2023 \u2013 najwi\u0119kszym wydarzeniu bran\u017cy kolejowej w Polsce - Katedra Pojazd\u00f3w Szynowych i Transportu\",\"isPartOf\":{\"@id\":\"https:\\\/\\\/m8.mech.pk.edu.pl\\\/#website\"},\"primaryImageOfPage\":{\"@id\":\"https:\\\/\\\/m8.mech.pk.edu.pl\\\/index.php\\\/2023\\\/09\\\/22\\\/miedzynarodowe-targi-kolejowe-trako-2023\\\/#primaryimage\"},\"image\":{\"@id\":\"https:\\\/\\\/m8.mech.pk.edu.pl\\\/index.php\\\/2023\\\/09\\\/22\\\/miedzynarodowe-targi-kolejowe-trako-2023\\\/#primaryimage\"},\"thumbnailUrl\":\"https:\\\/\\\/m8.mech.pk.edu.pl\\\/wp-content\\\/uploads\\\/2023\\\/09\\\/1.jpg\",\"datePublished\":\"2023-09-22T15:27:09+00:00\",\"dateModified\":\"2023-09-22T15:29:14+00:00\",\"breadcrumb\":{\"@id\":\"https:\\\/\\\/m8.mech.pk.edu.pl\\\/index.php\\\/2023\\\/09\\\/22\\\/miedzynarodowe-targi-kolejowe-trako-2023\\\/#breadcrumb\"},\"inLanguage\":\"pl-PL\",\"potentialAction\":[{\"@type\":\"ReadAction\",\"target\":[\"https:\\\/\\\/m8.mech.pk.edu.pl\\\/index.php\\\/2023\\\/09\\\/22\\\/miedzynarodowe-targi-kolejowe-trako-2023\\\/\"]}]},{\"@type\":\"ImageObject\",\"inLanguage\":\"pl-PL\",\"@id\":\"https:\\\/\\\/m8.mech.pk.edu.pl\\\/index.php\\\/2023\\\/09\\\/22\\\/miedzynarodowe-targi-kolejowe-trako-2023\\\/#primaryimage\",\"url\":\"https:\\\/\\\/m8.mech.pk.edu.pl\\\/wp-content\\\/uploads\\\/2023\\\/09\\\/1.jpg\",\"contentUrl\":\"https:\\\/\\\/m8.mech.pk.edu.pl\\\/wp-content\\\/uploads\\\/2023\\\/09\\\/1.jpg\",\"width\":294,\"height\":221},{\"@type\":\"BreadcrumbList\",\"@id\":\"https:\\\/\\\/m8.mech.pk.edu.pl\\\/index.php\\\/2023\\\/09\\\/22\\\/miedzynarodowe-targi-kolejowe-trako-2023\\\/#breadcrumb\",\"itemListElement\":[{\"@type\":\"ListItem\",\"position\":1,\"name\":\"Strona g\u0142\u00f3wna\",\"item\":\"https:\\\/\\\/m8.mech.pk.edu.pl\\\/\"},{\"@type\":\"ListItem\",\"position\":2,\"name\":\"Eksperci Politechniki na Targach TRAKO 2023 \u2013 najwi\u0119kszym wydarzeniu bran\u017cy kolejowej w Polsce\"}]},{\"@type\":\"WebSite\",\"@id\":\"https:\\\/\\\/m8.mech.pk.edu.pl\\\/#website\",\"url\":\"https:\\\/\\\/m8.mech.pk.edu.pl\\\/\",\"name\":\"Katedra Pojazd\u00f3w Szynowych i Transportu\",\"description\":\"Katedra Pojazd\u00f3w Szynowych i Transportu Politechniki Krakowskiej na Wydziale Mechanicznym\",\"publisher\":{\"@id\":\"https:\\\/\\\/m8.mech.pk.edu.pl\\\/#organization\"},\"potentialAction\":[{\"@type\":\"SearchAction\",\"target\":{\"@type\":\"EntryPoint\",\"urlTemplate\":\"https:\\\/\\\/m8.mech.pk.edu.pl\\\/?s={search_term_string}\"},\"query-input\":{\"@type\":\"PropertyValueSpecification\",\"valueRequired\":true,\"valueName\":\"search_term_string\"}}],\"inLanguage\":\"pl-PL\"},{\"@type\":\"Organization\",\"@id\":\"https:\\\/\\\/m8.mech.pk.edu.pl\\\/#organization\",\"name\":\"Katedra Pojazd\u00f3w Szynowych\",\"url\":\"https:\\\/\\\/m8.mech.pk.edu.pl\\\/\",\"logo\":{\"@type\":\"ImageObject\",\"inLanguage\":\"pl-PL\",\"@id\":\"https:\\\/\\\/m8.mech.pk.edu.pl\\\/#\\\/schema\\\/logo\\\/image\\\/\",\"url\":\"https:\\\/\\\/m8.mech.pk.edu.pl\\\/wp-content\\\/uploads\\\/2021\\\/01\\\/logo-mail-kpsit.png\",\"contentUrl\":\"https:\\\/\\\/m8.mech.pk.edu.pl\\\/wp-content\\\/uploads\\\/2021\\\/01\\\/logo-mail-kpsit.png\",\"width\":300,\"height\":119,\"caption\":\"Katedra Pojazd\u00f3w Szynowych\"},\"image\":{\"@id\":\"https:\\\/\\\/m8.mech.pk.edu.pl\\\/#\\\/schema\\\/logo\\\/image\\\/\"},\"sameAs\":[\"https:\\\/\\\/facebook.com\\\/KPSzTPK\",\"https:\\\/\\\/www.youtube.com\\\/channel\\\/UCen3PQ3fl3ry92o_lHkyVaQ\"]},{\"@type\":\"Person\",\"@id\":\"https:\\\/\\\/m8.mech.pk.edu.pl\\\/#\\\/schema\\\/person\\\/3b5511cf6f7f9280c1bd99bc362480b0\",\"name\":\"Rafa\u0142\",\"image\":{\"@type\":\"ImageObject\",\"inLanguage\":\"pl-PL\",\"@id\":\"https:\\\/\\\/secure.gravatar.com\\\/avatar\\\/8e9c17f2eb0d64a51c937221d111e08df2f3a6fafdb5fa07d5aef9e5e9c39e51?s=96&d=mm&r=g\",\"url\":\"https:\\\/\\\/secure.gravatar.com\\\/avatar\\\/8e9c17f2eb0d64a51c937221d111e08df2f3a6fafdb5fa07d5aef9e5e9c39e51?s=96&d=mm&r=g\",\"contentUrl\":\"https:\\\/\\\/secure.gravatar.com\\\/avatar\\\/8e9c17f2eb0d64a51c937221d111e08df2f3a6fafdb5fa07d5aef9e5e9c39e51?s=96&d=mm&r=g\",\"caption\":\"Rafa\u0142\"},\"sameAs\":[\"http:\\\/\\\/149.156.155.135\"]}]}<\/script>\n<!-- \/ Yoast SEO plugin. -->","yoast_head_json":{"title":"Eksperci Politechniki na Targach TRAKO 2023 \u2013 najwi\u0119kszym wydarzeniu bran\u017cy kolejowej w Polsce - Katedra Pojazd\u00f3w Szynowych i Transportu","robots":{"index":"index","follow":"follow","max-snippet":"max-snippet:-1","max-image-preview":"max-image-preview:large","max-video-preview":"max-video-preview:-1"},"canonical":"https:\/\/m8.mech.pk.edu.pl\/index.php\/2023\/09\/22\/miedzynarodowe-targi-kolejowe-trako-2023\/","og_locale":"pl_PL","og_type":"article","og_title":"Eksperci Politechniki na Targach TRAKO 2023 \u2013 najwi\u0119kszym wydarzeniu bran\u017cy kolejowej w Polsce - Katedra Pojazd\u00f3w Szynowych i Transportu","og_description":"Rektor Politechniki Krakowskiej prof. Andrzej Szarata oraz specjali\u015bci z Katedry Pojazd\u00f3w Szynowych i Transportu WM z jej kierownikiem dr hab. in\u017c. Maciejem Szkod\u0105, prof. PK na czele, uczestnicz\u0105 w Mi\u0119dzynarodowych Targach Kolejowych TRAKO 2023 (19-22 wrze\u015bnia 2023 r.,&nbsp; Gda\u0144sk), najwi\u0119kszym i najbardziej presti\u017cowym w Polsce wydarzeniu z bran\u017cy transportu szynowego, jednych&nbsp; z najwi\u0119kszych, obok berli\u0144skich, [&hellip;]","og_url":"https:\/\/m8.mech.pk.edu.pl\/index.php\/2023\/09\/22\/miedzynarodowe-targi-kolejowe-trako-2023\/","og_site_name":"Katedra Pojazd\u00f3w Szynowych i Transportu","article_publisher":"https:\/\/facebook.com\/KPSzTPK","article_published_time":"2023-09-22T15:27:09+00:00","article_modified_time":"2023-09-22T15:29:14+00:00","og_image":[{"width":294,"height":221,"url":"https:\/\/m8.mech.pk.edu.pl\/wp-content\/uploads\/2023\/09\/1.jpg","type":"image\/jpeg"}],"author":"Rafa\u0142","twitter_card":"summary_large_image","twitter_misc":{"Napisane przez":"Rafa\u0142","Szacowany czas czytania":"3 minuty"},"schema":{"@context":"https:\/\/schema.org","@graph":[{"@type":"Article","@id":"https:\/\/m8.mech.pk.edu.pl\/index.php\/2023\/09\/22\/miedzynarodowe-targi-kolejowe-trako-2023\/#article","isPartOf":{"@id":"https:\/\/m8.mech.pk.edu.pl\/index.php\/2023\/09\/22\/miedzynarodowe-targi-kolejowe-trako-2023\/"},"author":{"name":"Rafa\u0142","@id":"https:\/\/m8.mech.pk.edu.pl\/#\/schema\/person\/3b5511cf6f7f9280c1bd99bc362480b0"},"headline":"Eksperci Politechniki na Targach TRAKO 2023 \u2013 najwi\u0119kszym wydarzeniu bran\u017cy kolejowej w Polsce","datePublished":"2023-09-22T15:27:09+00:00","dateModified":"2023-09-22T15:29:14+00:00","mainEntityOfPage":{"@id":"https:\/\/m8.mech.pk.edu.pl\/index.php\/2023\/09\/22\/miedzynarodowe-targi-kolejowe-trako-2023\/"},"wordCount":344,"publisher":{"@id":"https:\/\/m8.mech.pk.edu.pl\/#organization"},"image":{"@id":"https:\/\/m8.mech.pk.edu.pl\/index.php\/2023\/09\/22\/miedzynarodowe-targi-kolejowe-trako-2023\/#primaryimage"},"thumbnailUrl":"https:\/\/m8.mech.pk.edu.pl\/wp-content\/uploads\/2023\/09\/1.jpg","inLanguage":"pl-PL"},{"@type":"WebPage","@id":"https:\/\/m8.mech.pk.edu.pl\/index.php\/2023\/09\/22\/miedzynarodowe-targi-kolejowe-trako-2023\/","url":"https:\/\/m8.mech.pk.edu.pl\/index.php\/2023\/09\/22\/miedzynarodowe-targi-kolejowe-trako-2023\/","name":"Eksperci Politechniki na Targach TRAKO 2023 \u2013 najwi\u0119kszym wydarzeniu bran\u017cy kolejowej w Polsce - Katedra Pojazd\u00f3w Szynowych i Transportu","isPartOf":{"@id":"https:\/\/m8.mech.pk.edu.pl\/#website"},"primaryImageOfPage":{"@id":"https:\/\/m8.mech.pk.edu.pl\/index.php\/2023\/09\/22\/miedzynarodowe-targi-kolejowe-trako-2023\/#primaryimage"},"image":{"@id":"https:\/\/m8.mech.pk.edu.pl\/index.php\/2023\/09\/22\/miedzynarodowe-targi-kolejowe-trako-2023\/#primaryimage"},"thumbnailUrl":"https:\/\/m8.mech.pk.edu.pl\/wp-content\/uploads\/2023\/09\/1.jpg","datePublished":"2023-09-22T15:27:09+00:00","dateModified":"2023-09-22T15:29:14+00:00","breadcrumb":{"@id":"https:\/\/m8.mech.pk.edu.pl\/index.php\/2023\/09\/22\/miedzynarodowe-targi-kolejowe-trako-2023\/#breadcrumb"},"inLanguage":"pl-PL","potentialAction":[{"@type":"ReadAction","target":["https:\/\/m8.mech.pk.edu.pl\/index.php\/2023\/09\/22\/miedzynarodowe-targi-kolejowe-trako-2023\/"]}]},{"@type":"ImageObject","inLanguage":"pl-PL","@id":"https:\/\/m8.mech.pk.edu.pl\/index.php\/2023\/09\/22\/miedzynarodowe-targi-kolejowe-trako-2023\/#primaryimage","url":"https:\/\/m8.mech.pk.edu.pl\/wp-content\/uploads\/2023\/09\/1.jpg","contentUrl":"https:\/\/m8.mech.pk.edu.pl\/wp-content\/uploads\/2023\/09\/1.jpg","width":294,"height":221},{"@type":"BreadcrumbList","@id":"https:\/\/m8.mech.pk.edu.pl\/index.php\/2023\/09\/22\/miedzynarodowe-targi-kolejowe-trako-2023\/#breadcrumb","itemListElement":[{"@type":"ListItem","position":1,"name":"Strona g\u0142\u00f3wna","item":"https:\/\/m8.mech.pk.edu.pl\/"},{"@type":"ListItem","position":2,"name":"Eksperci Politechniki na Targach TRAKO 2023 \u2013 najwi\u0119kszym wydarzeniu bran\u017cy kolejowej w Polsce"}]},{"@type":"WebSite","@id":"https:\/\/m8.mech.pk.edu.pl\/#website","url":"https:\/\/m8.mech.pk.edu.pl\/","name":"Katedra Pojazd\u00f3w Szynowych i Transportu","description":"Katedra Pojazd\u00f3w Szynowych i Transportu Politechniki Krakowskiej na Wydziale Mechanicznym","publisher":{"@id":"https:\/\/m8.mech.pk.edu.pl\/#organization"},"potentialAction":[{"@type":"SearchAction","target":{"@type":"EntryPoint","urlTemplate":"https:\/\/m8.mech.pk.edu.pl\/?s={search_term_string}"},"query-input":{"@type":"PropertyValueSpecification","valueRequired":true,"valueName":"search_term_string"}}],"inLanguage":"pl-PL"},{"@type":"Organization","@id":"https:\/\/m8.mech.pk.edu.pl\/#organization","name":"Katedra Pojazd\u00f3w Szynowych","url":"https:\/\/m8.mech.pk.edu.pl\/","logo":{"@type":"ImageObject","inLanguage":"pl-PL","@id":"https:\/\/m8.mech.pk.edu.pl\/#\/schema\/logo\/image\/","url":"https:\/\/m8.mech.pk.edu.pl\/wp-content\/uploads\/2021\/01\/logo-mail-kpsit.png","contentUrl":"https:\/\/m8.mech.pk.edu.pl\/wp-content\/uploads\/2021\/01\/logo-mail-kpsit.png","width":300,"height":119,"caption":"Katedra Pojazd\u00f3w Szynowych"},"image":{"@id":"https:\/\/m8.mech.pk.edu.pl\/#\/schema\/logo\/image\/"},"sameAs":["https:\/\/facebook.com\/KPSzTPK","https:\/\/www.youtube.com\/channel\/UCen3PQ3fl3ry92o_lHkyVaQ"]},{"@type":"Person","@id":"https:\/\/m8.mech.pk.edu.pl\/#\/schema\/person\/3b5511cf6f7f9280c1bd99bc362480b0","name":"Rafa\u0142","image":{"@type":"ImageObject","inLanguage":"pl-PL","@id":"https:\/\/secure.gravatar.com\/avatar\/8e9c17f2eb0d64a51c937221d111e08df2f3a6fafdb5fa07d5aef9e5e9c39e51?s=96&d=mm&r=g","url":"https:\/\/secure.gravatar.com\/avatar\/8e9c17f2eb0d64a51c937221d111e08df2f3a6fafdb5fa07d5aef9e5e9c39e51?s=96&d=mm&r=g","contentUrl":"https:\/\/secure.gravatar.com\/avatar\/8e9c17f2eb0d64a51c937221d111e08df2f3a6fafdb5fa07d5aef9e5e9c39e51?s=96&d=mm&r=g","caption":"Rafa\u0142"},"sameAs":["http:\/\/149.156.155.135"]}]}},"_links":{"self":[{"href":"https:\/\/m8.mech.pk.edu.pl\/index.php\/wp-json\/wp\/v2\/posts\/3936","targetHints":{"allow":["GET"]}}],"collection":[{"href":"https:\/\/m8.mech.pk.edu.pl\/index.php\/wp-json\/wp\/v2\/posts"}],"about":[{"href":"https:\/\/m8.mech.pk.edu.pl\/index.php\/wp-json\/wp\/v2\/types\/post"}],"author":[{"embeddable":true,"href":"https:\/\/m8.mech.pk.edu.pl\/index.php\/wp-json\/wp\/v2\/users\/1"}],"replies":[{"embeddable":true,"href":"https:\/\/m8.mech.pk.edu.pl\/index.php\/wp-json\/wp\/v2\/comments?post=3936"}],"version-history":[{"count":2,"href":"https:\/\/m8.mech.pk.edu.pl\/index.php\/wp-json\/wp\/v2\/posts\/3936\/revisions"}],"predecessor-version":[{"id":3940,"href":"https:\/\/m8.mech.pk.edu.pl\/index.php\/wp-json\/wp\/v2\/posts\/3936\/revisions\/3940"}],"wp:featuredmedia":[{"embeddable":true,"href":"https:\/\/m8.mech.pk.edu.pl\/index.php\/wp-json\/wp\/v2\/media\/3938"}],"wp:attachment":[{"href":"https:\/\/m8.mech.pk.edu.pl\/index.php\/wp-json\/wp\/v2\/media?parent=3936"}],"wp:term":[{"taxonomy":"category","embeddable":true,"href":"https:\/\/m8.mech.pk.edu.pl\/index.php\/wp-json\/wp\/v2\/categories?post=3936"},{"taxonomy":"post_tag","embeddable":true,"href":"https:\/\/m8.mech.pk.edu.pl\/index.php\/wp-json\/wp\/v2\/tags?post=3936"}],"curies":[{"name":"wp","href":"https:\/\/api.w.org\/{rel}","templated":true}]}}