{"id":3921,"date":"2023-09-22T10:17:05","date_gmt":"2023-09-22T08:17:05","guid":{"rendered":"https:\/\/m8.mech.pk.edu.pl\/?p=3921"},"modified":"2023-09-22T10:17:55","modified_gmt":"2023-09-22T08:17:55","slug":"seminarium-kpsit-o-ksztalceniu-kadry-inzynierskiej-na-trako-2023","status":"publish","type":"post","link":"https:\/\/m8.mech.pk.edu.pl\/index.php\/2023\/09\/22\/seminarium-kpsit-o-ksztalceniu-kadry-inzynierskiej-na-trako-2023\/","title":{"rendered":"Seminarium KPSiT o kszta\u0142ceniu kadry in\u017cynierskiej na TRAKO 2023"},"content":{"rendered":"\n<p>Dzisiaj w ramach Mi\u0119dzynarodowych Targ\u00f3w Kolejowych TRAKO 2023 odby\u0142o si\u0119 seminarium pt.: &#8222;Kszta\u0142cenie kadry in\u017cynierskiej dla bran\u017cy pojazd\u00f3w szynowych na Wydziale Mechanicznym Politechniki Krakowskiej&#8221;. <\/p>\n\n\n\n<!--more-->\n\n\n\n<p>Wydarzenie rozpocz\u0105\u0142 kierownik Katedry dr hab. in\u017c. Maciej Szkoda, prof. PK, charakteryzuj\u0105c profile kszta\u0142cenia oraz wsp\u00f3\u0142prac\u0119 z firmami i instytucjami bran\u017cowymi. Nast\u0119pnie dr Maciej G\u00f3rowski om\u00f3wi\u0142 innowacyjny proces kszta\u0142cenia na dualnej specjalno\u015bci In\u017cynieria Pojazd\u00f3w Szynowych. Kolejnym prelegentem by\u0142 mgr in\u017c. Bartosz Szachniewicz, kt\u00f3ry w ramach prelekcji om\u00f3wi\u0142 &#8222;Nowoczesne narz\u0119dzia wspomagania komputerowego w kszta\u0142ceniu konstruktor\u00f3w pojazd\u00f3w szynowych&#8221;. Kolejna prelekcja wyg\u0142oszona przez dra Macieja G\u00f3rowskiego, dotyczy\u0142a za\u0142o\u017ce\u0144 dydaktycznych i zrealizowanych projekt\u00f3w na kierunku In\u017cynieria Wzornictwa Przemys\u0142owego w ramach przedmiot\u00f3w zwi\u0105zanych z budow\u0105 i projektowaniem pojazd\u00f3w szynowych. Ostatni\u0105 prelekcj\u0119 wyg\u0142osi\u0142 dr in\u017c. Maciej Michnej, omawiaj\u0105c ofert\u0119 kszta\u0142cenia na studiach podyplomowych &#8222;Budowa i Eksploatacja Pojazd\u00f3w Szynowych&#8221;.<\/p>\n\n\n\n<p>W ramach prezentacji specjalno\u015bci IPS g\u0142os zabra\u0142 r\u00f3wnie\u017c in\u017c. Jan Ruda, kt\u00f3ry om\u00f3wi\u0142 proces studiowania, sta\u017c przemys\u0142owy i zrealizowany projekt in\u017cynierski w odniesieniu do swojej obecnej pracy zawodowej w bran\u017cy. Panie Adrianna Stemplinska i Alicja Strz\u0105da\u0142a ramach prezentacji kierunku IWP przedstawi\u0142y sw\u00f3j projekt dwupokladowego, autonomicznego tramwaju dla potrzeb transfer\u00f3w lotniskowych.<\/p>\n\n\n\n<p>Spotkanie podsumowa\u0142 dr hab. in\u017c. Grzegorz Zaj\u0105c, prof. PK.<\/p>\n\n\n\n<figure class=\"wp-block-gallery has-nested-images columns-default is-cropped wp-block-gallery-1 is-layout-flex wp-block-gallery-is-layout-flex\">\n<figure class=\"wp-block-image size-large\"><img loading=\"lazy\" decoding=\"async\" width=\"1024\" height=\"768\" data-id=\"3927\" src=\"https:\/\/m8.mech.pk.edu.pl\/wp-content\/uploads\/2023\/09\/379852915_816427970483363_6971289408452800977_n-1024x768.jpg\" alt=\"\" class=\"wp-image-3927\" srcset=\"https:\/\/m8.mech.pk.edu.pl\/wp-content\/uploads\/2023\/09\/379852915_816427970483363_6971289408452800977_n-1024x768.jpg 1024w, https:\/\/m8.mech.pk.edu.pl\/wp-content\/uploads\/2023\/09\/379852915_816427970483363_6971289408452800977_n-300x225.jpg 300w, https:\/\/m8.mech.pk.edu.pl\/wp-content\/uploads\/2023\/09\/379852915_816427970483363_6971289408452800977_n-768x576.jpg 768w, https:\/\/m8.mech.pk.edu.pl\/wp-content\/uploads\/2023\/09\/379852915_816427970483363_6971289408452800977_n-1536x1152.jpg 1536w, https:\/\/m8.mech.pk.edu.pl\/wp-content\/uploads\/2023\/09\/379852915_816427970483363_6971289408452800977_n.jpg 2048w\" sizes=\"auto, (max-width: 1024px) 100vw, 1024px\" \/><\/figure>\n\n\n\n<figure class=\"wp-block-image size-large\"><img loading=\"lazy\" decoding=\"async\" width=\"1024\" height=\"686\" data-id=\"3923\" src=\"https:\/\/m8.mech.pk.edu.pl\/wp-content\/uploads\/2023\/09\/376744010_816499307142896_7563643317330576985_n-1024x686.jpg\" alt=\"\" class=\"wp-image-3923\" srcset=\"https:\/\/m8.mech.pk.edu.pl\/wp-content\/uploads\/2023\/09\/376744010_816499307142896_7563643317330576985_n-1024x686.jpg 1024w, https:\/\/m8.mech.pk.edu.pl\/wp-content\/uploads\/2023\/09\/376744010_816499307142896_7563643317330576985_n-300x201.jpg 300w, https:\/\/m8.mech.pk.edu.pl\/wp-content\/uploads\/2023\/09\/376744010_816499307142896_7563643317330576985_n-768x515.jpg 768w, https:\/\/m8.mech.pk.edu.pl\/wp-content\/uploads\/2023\/09\/376744010_816499307142896_7563643317330576985_n-1536x1029.jpg 1536w, https:\/\/m8.mech.pk.edu.pl\/wp-content\/uploads\/2023\/09\/376744010_816499307142896_7563643317330576985_n.jpg 2048w\" sizes=\"auto, (max-width: 1024px) 100vw, 1024px\" \/><\/figure>\n\n\n\n<figure class=\"wp-block-image size-large\"><img loading=\"lazy\" decoding=\"async\" width=\"1024\" height=\"713\" data-id=\"3922\" src=\"https:\/\/m8.mech.pk.edu.pl\/wp-content\/uploads\/2023\/09\/376808309_816503513809142_8336979200749136879_n-1024x713.jpg\" alt=\"\" class=\"wp-image-3922\" srcset=\"https:\/\/m8.mech.pk.edu.pl\/wp-content\/uploads\/2023\/09\/376808309_816503513809142_8336979200749136879_n-1024x713.jpg 1024w, https:\/\/m8.mech.pk.edu.pl\/wp-content\/uploads\/2023\/09\/376808309_816503513809142_8336979200749136879_n-300x209.jpg 300w, https:\/\/m8.mech.pk.edu.pl\/wp-content\/uploads\/2023\/09\/376808309_816503513809142_8336979200749136879_n-768x535.jpg 768w, https:\/\/m8.mech.pk.edu.pl\/wp-content\/uploads\/2023\/09\/376808309_816503513809142_8336979200749136879_n-1536x1070.jpg 1536w, https:\/\/m8.mech.pk.edu.pl\/wp-content\/uploads\/2023\/09\/376808309_816503513809142_8336979200749136879_n.jpg 2048w\" sizes=\"auto, (max-width: 1024px) 100vw, 1024px\" \/><\/figure>\n\n\n\n<figure class=\"wp-block-image size-large\"><img loading=\"lazy\" decoding=\"async\" width=\"1024\" height=\"768\" data-id=\"3924\" src=\"https:\/\/m8.mech.pk.edu.pl\/wp-content\/uploads\/2023\/09\/376667721_816487150477445_3972579555481694158_n-1024x768.jpg\" alt=\"\" class=\"wp-image-3924\" srcset=\"https:\/\/m8.mech.pk.edu.pl\/wp-content\/uploads\/2023\/09\/376667721_816487150477445_3972579555481694158_n-1024x768.jpg 1024w, https:\/\/m8.mech.pk.edu.pl\/wp-content\/uploads\/2023\/09\/376667721_816487150477445_3972579555481694158_n-300x225.jpg 300w, https:\/\/m8.mech.pk.edu.pl\/wp-content\/uploads\/2023\/09\/376667721_816487150477445_3972579555481694158_n-768x576.jpg 768w, https:\/\/m8.mech.pk.edu.pl\/wp-content\/uploads\/2023\/09\/376667721_816487150477445_3972579555481694158_n-1536x1152.jpg 1536w, https:\/\/m8.mech.pk.edu.pl\/wp-content\/uploads\/2023\/09\/376667721_816487150477445_3972579555481694158_n.jpg 2000w\" sizes=\"auto, (max-width: 1024px) 100vw, 1024px\" \/><\/figure>\n\n\n\n<figure class=\"wp-block-image size-large\"><img loading=\"lazy\" decoding=\"async\" width=\"1024\" height=\"768\" data-id=\"3925\" src=\"https:\/\/m8.mech.pk.edu.pl\/wp-content\/uploads\/2023\/09\/379743229_816428493816644_5846357512593918784_n-1024x768.jpg\" alt=\"\" class=\"wp-image-3925\" srcset=\"https:\/\/m8.mech.pk.edu.pl\/wp-content\/uploads\/2023\/09\/379743229_816428493816644_5846357512593918784_n-1024x768.jpg 1024w, https:\/\/m8.mech.pk.edu.pl\/wp-content\/uploads\/2023\/09\/379743229_816428493816644_5846357512593918784_n-300x225.jpg 300w, https:\/\/m8.mech.pk.edu.pl\/wp-content\/uploads\/2023\/09\/379743229_816428493816644_5846357512593918784_n-768x576.jpg 768w, https:\/\/m8.mech.pk.edu.pl\/wp-content\/uploads\/2023\/09\/379743229_816428493816644_5846357512593918784_n-1536x1152.jpg 1536w, https:\/\/m8.mech.pk.edu.pl\/wp-content\/uploads\/2023\/09\/379743229_816428493816644_5846357512593918784_n.jpg 2048w\" sizes=\"auto, (max-width: 1024px) 100vw, 1024px\" \/><\/figure>\n\n\n\n<figure class=\"wp-block-image size-large\"><img loading=\"lazy\" decoding=\"async\" width=\"1024\" height=\"768\" data-id=\"3926\" src=\"https:\/\/m8.mech.pk.edu.pl\/wp-content\/uploads\/2023\/09\/379853783_816428417149985_806759300038177289_n-1024x768.jpg\" alt=\"\" class=\"wp-image-3926\" srcset=\"https:\/\/m8.mech.pk.edu.pl\/wp-content\/uploads\/2023\/09\/379853783_816428417149985_806759300038177289_n-1024x768.jpg 1024w, https:\/\/m8.mech.pk.edu.pl\/wp-content\/uploads\/2023\/09\/379853783_816428417149985_806759300038177289_n-300x225.jpg 300w, https:\/\/m8.mech.pk.edu.pl\/wp-content\/uploads\/2023\/09\/379853783_816428417149985_806759300038177289_n-768x576.jpg 768w, https:\/\/m8.mech.pk.edu.pl\/wp-content\/uploads\/2023\/09\/379853783_816428417149985_806759300038177289_n-1536x1152.jpg 1536w, https:\/\/m8.mech.pk.edu.pl\/wp-content\/uploads\/2023\/09\/379853783_816428417149985_806759300038177289_n.jpg 2048w\" sizes=\"auto, (max-width: 1024px) 100vw, 1024px\" \/><\/figure>\n\n\n\n<figure class=\"wp-block-image size-large\"><img loading=\"lazy\" decoding=\"async\" width=\"768\" height=\"1024\" data-id=\"3928\" src=\"https:\/\/m8.mech.pk.edu.pl\/wp-content\/uploads\/2023\/09\/379854668_816428123816681_4518979335721941197_n-768x1024.jpg\" alt=\"\" class=\"wp-image-3928\" srcset=\"https:\/\/m8.mech.pk.edu.pl\/wp-content\/uploads\/2023\/09\/379854668_816428123816681_4518979335721941197_n-768x1024.jpg 768w, https:\/\/m8.mech.pk.edu.pl\/wp-content\/uploads\/2023\/09\/379854668_816428123816681_4518979335721941197_n-225x300.jpg 225w, https:\/\/m8.mech.pk.edu.pl\/wp-content\/uploads\/2023\/09\/379854668_816428123816681_4518979335721941197_n-1152x1536.jpg 1152w, https:\/\/m8.mech.pk.edu.pl\/wp-content\/uploads\/2023\/09\/379854668_816428123816681_4518979335721941197_n.jpg 1536w\" sizes=\"auto, (max-width: 768px) 100vw, 768px\" \/><\/figure>\n\n\n\n<figure class=\"wp-block-image size-large\"><img loading=\"lazy\" decoding=\"async\" width=\"1024\" height=\"768\" data-id=\"3929\" src=\"https:\/\/m8.mech.pk.edu.pl\/wp-content\/uploads\/2023\/09\/380156318_816428557149971_711069697311460494_n-1024x768.jpg\" alt=\"\" class=\"wp-image-3929\" srcset=\"https:\/\/m8.mech.pk.edu.pl\/wp-content\/uploads\/2023\/09\/380156318_816428557149971_711069697311460494_n-1024x768.jpg 1024w, https:\/\/m8.mech.pk.edu.pl\/wp-content\/uploads\/2023\/09\/380156318_816428557149971_711069697311460494_n-300x225.jpg 300w, https:\/\/m8.mech.pk.edu.pl\/wp-content\/uploads\/2023\/09\/380156318_816428557149971_711069697311460494_n-768x576.jpg 768w, https:\/\/m8.mech.pk.edu.pl\/wp-content\/uploads\/2023\/09\/380156318_816428557149971_711069697311460494_n-1536x1152.jpg 1536w, https:\/\/m8.mech.pk.edu.pl\/wp-content\/uploads\/2023\/09\/380156318_816428557149971_711069697311460494_n.jpg 2048w\" sizes=\"auto, (max-width: 1024px) 100vw, 1024px\" \/><\/figure>\n\n\n\n<figure class=\"wp-block-image size-large\"><img loading=\"lazy\" decoding=\"async\" width=\"1024\" height=\"768\" data-id=\"3930\" src=\"https:\/\/m8.mech.pk.edu.pl\/wp-content\/uploads\/2023\/09\/380592787_816428537149973_5527937307000958564_n-1024x768.jpg\" alt=\"\" class=\"wp-image-3930\" srcset=\"https:\/\/m8.mech.pk.edu.pl\/wp-content\/uploads\/2023\/09\/380592787_816428537149973_5527937307000958564_n-1024x768.jpg 1024w, https:\/\/m8.mech.pk.edu.pl\/wp-content\/uploads\/2023\/09\/380592787_816428537149973_5527937307000958564_n-300x225.jpg 300w, https:\/\/m8.mech.pk.edu.pl\/wp-content\/uploads\/2023\/09\/380592787_816428537149973_5527937307000958564_n-768x576.jpg 768w, https:\/\/m8.mech.pk.edu.pl\/wp-content\/uploads\/2023\/09\/380592787_816428537149973_5527937307000958564_n-1536x1152.jpg 1536w, https:\/\/m8.mech.pk.edu.pl\/wp-content\/uploads\/2023\/09\/380592787_816428537149973_5527937307000958564_n.jpg 2048w\" sizes=\"auto, (max-width: 1024px) 100vw, 1024px\" \/><\/figure>\n\n\n\n<figure class=\"wp-block-image size-large\"><img loading=\"lazy\" decoding=\"async\" width=\"768\" height=\"1024\" data-id=\"3931\" src=\"https:\/\/m8.mech.pk.edu.pl\/wp-content\/uploads\/2023\/09\/380878924_816428440483316_7363194679955702521_n-768x1024.jpg\" alt=\"\" class=\"wp-image-3931\" srcset=\"https:\/\/m8.mech.pk.edu.pl\/wp-content\/uploads\/2023\/09\/380878924_816428440483316_7363194679955702521_n-768x1024.jpg 768w, https:\/\/m8.mech.pk.edu.pl\/wp-content\/uploads\/2023\/09\/380878924_816428440483316_7363194679955702521_n-225x300.jpg 225w, https:\/\/m8.mech.pk.edu.pl\/wp-content\/uploads\/2023\/09\/380878924_816428440483316_7363194679955702521_n-1152x1536.jpg 1152w, https:\/\/m8.mech.pk.edu.pl\/wp-content\/uploads\/2023\/09\/380878924_816428440483316_7363194679955702521_n.jpg 1536w\" sizes=\"auto, (max-width: 768px) 100vw, 768px\" \/><\/figure>\n\n\n\n<figure class=\"wp-block-image size-large\"><img loading=\"lazy\" decoding=\"async\" width=\"768\" height=\"1024\" data-id=\"3932\" src=\"https:\/\/m8.mech.pk.edu.pl\/wp-content\/uploads\/2023\/09\/381400514_816428517149975_1559321152551958881_n-768x1024.jpg\" alt=\"\" class=\"wp-image-3932\" srcset=\"https:\/\/m8.mech.pk.edu.pl\/wp-content\/uploads\/2023\/09\/381400514_816428517149975_1559321152551958881_n-768x1024.jpg 768w, https:\/\/m8.mech.pk.edu.pl\/wp-content\/uploads\/2023\/09\/381400514_816428517149975_1559321152551958881_n-225x300.jpg 225w, https:\/\/m8.mech.pk.edu.pl\/wp-content\/uploads\/2023\/09\/381400514_816428517149975_1559321152551958881_n-1152x1536.jpg 1152w, https:\/\/m8.mech.pk.edu.pl\/wp-content\/uploads\/2023\/09\/381400514_816428517149975_1559321152551958881_n.jpg 1536w\" sizes=\"auto, (max-width: 768px) 100vw, 768px\" \/><\/figure>\n\n\n\n<figure class=\"wp-block-image size-large\"><img loading=\"lazy\" decoding=\"async\" width=\"1024\" height=\"768\" data-id=\"3933\" src=\"https:\/\/m8.mech.pk.edu.pl\/wp-content\/uploads\/2023\/09\/381412327_816428453816648_985274319765196593_n-1024x768.jpg\" alt=\"\" class=\"wp-image-3933\" srcset=\"https:\/\/m8.mech.pk.edu.pl\/wp-content\/uploads\/2023\/09\/381412327_816428453816648_985274319765196593_n-1024x768.jpg 1024w, https:\/\/m8.mech.pk.edu.pl\/wp-content\/uploads\/2023\/09\/381412327_816428453816648_985274319765196593_n-300x225.jpg 300w, https:\/\/m8.mech.pk.edu.pl\/wp-content\/uploads\/2023\/09\/381412327_816428453816648_985274319765196593_n-768x576.jpg 768w, https:\/\/m8.mech.pk.edu.pl\/wp-content\/uploads\/2023\/09\/381412327_816428453816648_985274319765196593_n-1536x1152.jpg 1536w, https:\/\/m8.mech.pk.edu.pl\/wp-content\/uploads\/2023\/09\/381412327_816428453816648_985274319765196593_n.jpg 2048w\" sizes=\"auto, (max-width: 1024px) 100vw, 1024px\" \/><\/figure>\n<\/figure>\n","protected":false},"excerpt":{"rendered":"<p>Dzisiaj w ramach Mi\u0119dzynarodowych Targ\u00f3w Kolejowych TRAKO 2023 odby\u0142o si\u0119 seminarium pt.: &#8222;Kszta\u0142cenie kadry in\u017cynierskiej dla bran\u017cy pojazd\u00f3w szynowych na Wydziale Mechanicznym Politechniki Krakowskiej&#8221;.<\/p>\n","protected":false},"author":5,"featured_media":3927,"comment_status":"closed","ping_status":"open","sticky":false,"template":"","format":"standard","meta":{"footnotes":""},"categories":[1],"tags":[],"class_list":["post-3921","post","type-post","status-publish","format-standard","has-post-thumbnail","hentry","category-bez-kategorii"],"yoast_head":"<!-- This site is optimized with the Yoast SEO plugin v27.5 - https:\/\/yoast.com\/product\/yoast-seo-wordpress\/ -->\n<title>Seminarium KPSiT o kszta\u0142ceniu kadry in\u017cynierskiej na TRAKO 2023 - Katedra Pojazd\u00f3w Szynowych i Transportu<\/title>\n<meta name=\"robots\" content=\"index, follow, max-snippet:-1, max-image-preview:large, max-video-preview:-1\" \/>\n<link rel=\"canonical\" href=\"https:\/\/m8.mech.pk.edu.pl\/index.php\/2023\/09\/22\/seminarium-kpsit-o-ksztalceniu-kadry-inzynierskiej-na-trako-2023\/\" \/>\n<meta property=\"og:locale\" content=\"pl_PL\" \/>\n<meta property=\"og:type\" content=\"article\" \/>\n<meta property=\"og:title\" content=\"Seminarium KPSiT o kszta\u0142ceniu kadry in\u017cynierskiej na TRAKO 2023 - Katedra Pojazd\u00f3w Szynowych i Transportu\" \/>\n<meta property=\"og:description\" content=\"Dzisiaj w ramach Mi\u0119dzynarodowych Targ\u00f3w Kolejowych TRAKO 2023 odby\u0142o si\u0119 seminarium pt.: &#8222;Kszta\u0142cenie kadry in\u017cynierskiej dla bran\u017cy pojazd\u00f3w szynowych na Wydziale Mechanicznym Politechniki Krakowskiej&#8221;.\" \/>\n<meta property=\"og:url\" content=\"https:\/\/m8.mech.pk.edu.pl\/index.php\/2023\/09\/22\/seminarium-kpsit-o-ksztalceniu-kadry-inzynierskiej-na-trako-2023\/\" \/>\n<meta property=\"og:site_name\" content=\"Katedra Pojazd\u00f3w Szynowych i Transportu\" \/>\n<meta property=\"article:publisher\" content=\"https:\/\/facebook.com\/KPSzTPK\" \/>\n<meta property=\"article:published_time\" content=\"2023-09-22T08:17:05+00:00\" \/>\n<meta property=\"article:modified_time\" content=\"2023-09-22T08:17:55+00:00\" \/>\n<meta property=\"og:image\" content=\"https:\/\/m8.mech.pk.edu.pl\/wp-content\/uploads\/2023\/09\/379852915_816427970483363_6971289408452800977_n.jpg\" \/>\n\t<meta property=\"og:image:width\" content=\"2048\" \/>\n\t<meta property=\"og:image:height\" content=\"1536\" \/>\n\t<meta property=\"og:image:type\" content=\"image\/jpeg\" \/>\n<meta name=\"author\" content=\"Maciej\" \/>\n<meta name=\"twitter:card\" content=\"summary_large_image\" \/>\n<meta name=\"twitter:label1\" content=\"Napisane przez\" \/>\n\t<meta name=\"twitter:data1\" content=\"Maciej\" \/>\n\t<meta name=\"twitter:label2\" content=\"Szacowany czas czytania\" \/>\n\t<meta name=\"twitter:data2\" content=\"4 minuty\" \/>\n<script type=\"application\/ld+json\" class=\"yoast-schema-graph\">{\"@context\":\"https:\\\/\\\/schema.org\",\"@graph\":[{\"@type\":\"Article\",\"@id\":\"https:\\\/\\\/m8.mech.pk.edu.pl\\\/index.php\\\/2023\\\/09\\\/22\\\/seminarium-kpsit-o-ksztalceniu-kadry-inzynierskiej-na-trako-2023\\\/#article\",\"isPartOf\":{\"@id\":\"https:\\\/\\\/m8.mech.pk.edu.pl\\\/index.php\\\/2023\\\/09\\\/22\\\/seminarium-kpsit-o-ksztalceniu-kadry-inzynierskiej-na-trako-2023\\\/\"},\"author\":{\"name\":\"Maciej\",\"@id\":\"https:\\\/\\\/m8.mech.pk.edu.pl\\\/#\\\/schema\\\/person\\\/d8f6c9a11add49a79e366c6d4261d14e\"},\"headline\":\"Seminarium KPSiT o kszta\u0142ceniu kadry in\u017cynierskiej na TRAKO 2023\",\"datePublished\":\"2023-09-22T08:17:05+00:00\",\"dateModified\":\"2023-09-22T08:17:55+00:00\",\"mainEntityOfPage\":{\"@id\":\"https:\\\/\\\/m8.mech.pk.edu.pl\\\/index.php\\\/2023\\\/09\\\/22\\\/seminarium-kpsit-o-ksztalceniu-kadry-inzynierskiej-na-trako-2023\\\/\"},\"wordCount\":247,\"publisher\":{\"@id\":\"https:\\\/\\\/m8.mech.pk.edu.pl\\\/#organization\"},\"image\":{\"@id\":\"https:\\\/\\\/m8.mech.pk.edu.pl\\\/index.php\\\/2023\\\/09\\\/22\\\/seminarium-kpsit-o-ksztalceniu-kadry-inzynierskiej-na-trako-2023\\\/#primaryimage\"},\"thumbnailUrl\":\"https:\\\/\\\/m8.mech.pk.edu.pl\\\/wp-content\\\/uploads\\\/2023\\\/09\\\/379852915_816427970483363_6971289408452800977_n.jpg\",\"inLanguage\":\"pl-PL\"},{\"@type\":\"WebPage\",\"@id\":\"https:\\\/\\\/m8.mech.pk.edu.pl\\\/index.php\\\/2023\\\/09\\\/22\\\/seminarium-kpsit-o-ksztalceniu-kadry-inzynierskiej-na-trako-2023\\\/\",\"url\":\"https:\\\/\\\/m8.mech.pk.edu.pl\\\/index.php\\\/2023\\\/09\\\/22\\\/seminarium-kpsit-o-ksztalceniu-kadry-inzynierskiej-na-trako-2023\\\/\",\"name\":\"Seminarium KPSiT o kszta\u0142ceniu kadry in\u017cynierskiej na TRAKO 2023 - Katedra Pojazd\u00f3w Szynowych i Transportu\",\"isPartOf\":{\"@id\":\"https:\\\/\\\/m8.mech.pk.edu.pl\\\/#website\"},\"primaryImageOfPage\":{\"@id\":\"https:\\\/\\\/m8.mech.pk.edu.pl\\\/index.php\\\/2023\\\/09\\\/22\\\/seminarium-kpsit-o-ksztalceniu-kadry-inzynierskiej-na-trako-2023\\\/#primaryimage\"},\"image\":{\"@id\":\"https:\\\/\\\/m8.mech.pk.edu.pl\\\/index.php\\\/2023\\\/09\\\/22\\\/seminarium-kpsit-o-ksztalceniu-kadry-inzynierskiej-na-trako-2023\\\/#primaryimage\"},\"thumbnailUrl\":\"https:\\\/\\\/m8.mech.pk.edu.pl\\\/wp-content\\\/uploads\\\/2023\\\/09\\\/379852915_816427970483363_6971289408452800977_n.jpg\",\"datePublished\":\"2023-09-22T08:17:05+00:00\",\"dateModified\":\"2023-09-22T08:17:55+00:00\",\"breadcrumb\":{\"@id\":\"https:\\\/\\\/m8.mech.pk.edu.pl\\\/index.php\\\/2023\\\/09\\\/22\\\/seminarium-kpsit-o-ksztalceniu-kadry-inzynierskiej-na-trako-2023\\\/#breadcrumb\"},\"inLanguage\":\"pl-PL\",\"potentialAction\":[{\"@type\":\"ReadAction\",\"target\":[\"https:\\\/\\\/m8.mech.pk.edu.pl\\\/index.php\\\/2023\\\/09\\\/22\\\/seminarium-kpsit-o-ksztalceniu-kadry-inzynierskiej-na-trako-2023\\\/\"]}]},{\"@type\":\"ImageObject\",\"inLanguage\":\"pl-PL\",\"@id\":\"https:\\\/\\\/m8.mech.pk.edu.pl\\\/index.php\\\/2023\\\/09\\\/22\\\/seminarium-kpsit-o-ksztalceniu-kadry-inzynierskiej-na-trako-2023\\\/#primaryimage\",\"url\":\"https:\\\/\\\/m8.mech.pk.edu.pl\\\/wp-content\\\/uploads\\\/2023\\\/09\\\/379852915_816427970483363_6971289408452800977_n.jpg\",\"contentUrl\":\"https:\\\/\\\/m8.mech.pk.edu.pl\\\/wp-content\\\/uploads\\\/2023\\\/09\\\/379852915_816427970483363_6971289408452800977_n.jpg\",\"width\":2048,\"height\":1536},{\"@type\":\"BreadcrumbList\",\"@id\":\"https:\\\/\\\/m8.mech.pk.edu.pl\\\/index.php\\\/2023\\\/09\\\/22\\\/seminarium-kpsit-o-ksztalceniu-kadry-inzynierskiej-na-trako-2023\\\/#breadcrumb\",\"itemListElement\":[{\"@type\":\"ListItem\",\"position\":1,\"name\":\"Strona g\u0142\u00f3wna\",\"item\":\"https:\\\/\\\/m8.mech.pk.edu.pl\\\/\"},{\"@type\":\"ListItem\",\"position\":2,\"name\":\"Seminarium KPSiT o kszta\u0142ceniu kadry in\u017cynierskiej na TRAKO 2023\"}]},{\"@type\":\"WebSite\",\"@id\":\"https:\\\/\\\/m8.mech.pk.edu.pl\\\/#website\",\"url\":\"https:\\\/\\\/m8.mech.pk.edu.pl\\\/\",\"name\":\"Katedra Pojazd\u00f3w Szynowych i Transportu\",\"description\":\"Katedra Pojazd\u00f3w Szynowych i Transportu Politechniki Krakowskiej na Wydziale Mechanicznym\",\"publisher\":{\"@id\":\"https:\\\/\\\/m8.mech.pk.edu.pl\\\/#organization\"},\"potentialAction\":[{\"@type\":\"SearchAction\",\"target\":{\"@type\":\"EntryPoint\",\"urlTemplate\":\"https:\\\/\\\/m8.mech.pk.edu.pl\\\/?s={search_term_string}\"},\"query-input\":{\"@type\":\"PropertyValueSpecification\",\"valueRequired\":true,\"valueName\":\"search_term_string\"}}],\"inLanguage\":\"pl-PL\"},{\"@type\":\"Organization\",\"@id\":\"https:\\\/\\\/m8.mech.pk.edu.pl\\\/#organization\",\"name\":\"Katedra Pojazd\u00f3w Szynowych\",\"url\":\"https:\\\/\\\/m8.mech.pk.edu.pl\\\/\",\"logo\":{\"@type\":\"ImageObject\",\"inLanguage\":\"pl-PL\",\"@id\":\"https:\\\/\\\/m8.mech.pk.edu.pl\\\/#\\\/schema\\\/logo\\\/image\\\/\",\"url\":\"https:\\\/\\\/m8.mech.pk.edu.pl\\\/wp-content\\\/uploads\\\/2021\\\/01\\\/logo-mail-kpsit.png\",\"contentUrl\":\"https:\\\/\\\/m8.mech.pk.edu.pl\\\/wp-content\\\/uploads\\\/2021\\\/01\\\/logo-mail-kpsit.png\",\"width\":300,\"height\":119,\"caption\":\"Katedra Pojazd\u00f3w Szynowych\"},\"image\":{\"@id\":\"https:\\\/\\\/m8.mech.pk.edu.pl\\\/#\\\/schema\\\/logo\\\/image\\\/\"},\"sameAs\":[\"https:\\\/\\\/facebook.com\\\/KPSzTPK\",\"https:\\\/\\\/www.youtube.com\\\/channel\\\/UCen3PQ3fl3ry92o_lHkyVaQ\"]},{\"@type\":\"Person\",\"@id\":\"https:\\\/\\\/m8.mech.pk.edu.pl\\\/#\\\/schema\\\/person\\\/d8f6c9a11add49a79e366c6d4261d14e\",\"name\":\"Maciej\",\"image\":{\"@type\":\"ImageObject\",\"inLanguage\":\"pl-PL\",\"@id\":\"https:\\\/\\\/secure.gravatar.com\\\/avatar\\\/5a17b3a5a44d4dca9d48ed0eccafb488c6c54063f627f848184a92807a97590b?s=96&d=mm&r=g\",\"url\":\"https:\\\/\\\/secure.gravatar.com\\\/avatar\\\/5a17b3a5a44d4dca9d48ed0eccafb488c6c54063f627f848184a92807a97590b?s=96&d=mm&r=g\",\"contentUrl\":\"https:\\\/\\\/secure.gravatar.com\\\/avatar\\\/5a17b3a5a44d4dca9d48ed0eccafb488c6c54063f627f848184a92807a97590b?s=96&d=mm&r=g\",\"caption\":\"Maciej\"}}]}<\/script>\n<!-- \/ Yoast SEO plugin. -->","yoast_head_json":{"title":"Seminarium KPSiT o kszta\u0142ceniu kadry in\u017cynierskiej na TRAKO 2023 - Katedra Pojazd\u00f3w Szynowych i Transportu","robots":{"index":"index","follow":"follow","max-snippet":"max-snippet:-1","max-image-preview":"max-image-preview:large","max-video-preview":"max-video-preview:-1"},"canonical":"https:\/\/m8.mech.pk.edu.pl\/index.php\/2023\/09\/22\/seminarium-kpsit-o-ksztalceniu-kadry-inzynierskiej-na-trako-2023\/","og_locale":"pl_PL","og_type":"article","og_title":"Seminarium KPSiT o kszta\u0142ceniu kadry in\u017cynierskiej na TRAKO 2023 - Katedra Pojazd\u00f3w Szynowych i Transportu","og_description":"Dzisiaj w ramach Mi\u0119dzynarodowych Targ\u00f3w Kolejowych TRAKO 2023 odby\u0142o si\u0119 seminarium pt.: &#8222;Kszta\u0142cenie kadry in\u017cynierskiej dla bran\u017cy pojazd\u00f3w szynowych na Wydziale Mechanicznym Politechniki Krakowskiej&#8221;.","og_url":"https:\/\/m8.mech.pk.edu.pl\/index.php\/2023\/09\/22\/seminarium-kpsit-o-ksztalceniu-kadry-inzynierskiej-na-trako-2023\/","og_site_name":"Katedra Pojazd\u00f3w Szynowych i Transportu","article_publisher":"https:\/\/facebook.com\/KPSzTPK","article_published_time":"2023-09-22T08:17:05+00:00","article_modified_time":"2023-09-22T08:17:55+00:00","og_image":[{"width":2048,"height":1536,"url":"https:\/\/m8.mech.pk.edu.pl\/wp-content\/uploads\/2023\/09\/379852915_816427970483363_6971289408452800977_n.jpg","type":"image\/jpeg"}],"author":"Maciej","twitter_card":"summary_large_image","twitter_misc":{"Napisane przez":"Maciej","Szacowany czas czytania":"4 minuty"},"schema":{"@context":"https:\/\/schema.org","@graph":[{"@type":"Article","@id":"https:\/\/m8.mech.pk.edu.pl\/index.php\/2023\/09\/22\/seminarium-kpsit-o-ksztalceniu-kadry-inzynierskiej-na-trako-2023\/#article","isPartOf":{"@id":"https:\/\/m8.mech.pk.edu.pl\/index.php\/2023\/09\/22\/seminarium-kpsit-o-ksztalceniu-kadry-inzynierskiej-na-trako-2023\/"},"author":{"name":"Maciej","@id":"https:\/\/m8.mech.pk.edu.pl\/#\/schema\/person\/d8f6c9a11add49a79e366c6d4261d14e"},"headline":"Seminarium KPSiT o kszta\u0142ceniu kadry in\u017cynierskiej na TRAKO 2023","datePublished":"2023-09-22T08:17:05+00:00","dateModified":"2023-09-22T08:17:55+00:00","mainEntityOfPage":{"@id":"https:\/\/m8.mech.pk.edu.pl\/index.php\/2023\/09\/22\/seminarium-kpsit-o-ksztalceniu-kadry-inzynierskiej-na-trako-2023\/"},"wordCount":247,"publisher":{"@id":"https:\/\/m8.mech.pk.edu.pl\/#organization"},"image":{"@id":"https:\/\/m8.mech.pk.edu.pl\/index.php\/2023\/09\/22\/seminarium-kpsit-o-ksztalceniu-kadry-inzynierskiej-na-trako-2023\/#primaryimage"},"thumbnailUrl":"https:\/\/m8.mech.pk.edu.pl\/wp-content\/uploads\/2023\/09\/379852915_816427970483363_6971289408452800977_n.jpg","inLanguage":"pl-PL"},{"@type":"WebPage","@id":"https:\/\/m8.mech.pk.edu.pl\/index.php\/2023\/09\/22\/seminarium-kpsit-o-ksztalceniu-kadry-inzynierskiej-na-trako-2023\/","url":"https:\/\/m8.mech.pk.edu.pl\/index.php\/2023\/09\/22\/seminarium-kpsit-o-ksztalceniu-kadry-inzynierskiej-na-trako-2023\/","name":"Seminarium KPSiT o kszta\u0142ceniu kadry in\u017cynierskiej na TRAKO 2023 - Katedra Pojazd\u00f3w Szynowych i Transportu","isPartOf":{"@id":"https:\/\/m8.mech.pk.edu.pl\/#website"},"primaryImageOfPage":{"@id":"https:\/\/m8.mech.pk.edu.pl\/index.php\/2023\/09\/22\/seminarium-kpsit-o-ksztalceniu-kadry-inzynierskiej-na-trako-2023\/#primaryimage"},"image":{"@id":"https:\/\/m8.mech.pk.edu.pl\/index.php\/2023\/09\/22\/seminarium-kpsit-o-ksztalceniu-kadry-inzynierskiej-na-trako-2023\/#primaryimage"},"thumbnailUrl":"https:\/\/m8.mech.pk.edu.pl\/wp-content\/uploads\/2023\/09\/379852915_816427970483363_6971289408452800977_n.jpg","datePublished":"2023-09-22T08:17:05+00:00","dateModified":"2023-09-22T08:17:55+00:00","breadcrumb":{"@id":"https:\/\/m8.mech.pk.edu.pl\/index.php\/2023\/09\/22\/seminarium-kpsit-o-ksztalceniu-kadry-inzynierskiej-na-trako-2023\/#breadcrumb"},"inLanguage":"pl-PL","potentialAction":[{"@type":"ReadAction","target":["https:\/\/m8.mech.pk.edu.pl\/index.php\/2023\/09\/22\/seminarium-kpsit-o-ksztalceniu-kadry-inzynierskiej-na-trako-2023\/"]}]},{"@type":"ImageObject","inLanguage":"pl-PL","@id":"https:\/\/m8.mech.pk.edu.pl\/index.php\/2023\/09\/22\/seminarium-kpsit-o-ksztalceniu-kadry-inzynierskiej-na-trako-2023\/#primaryimage","url":"https:\/\/m8.mech.pk.edu.pl\/wp-content\/uploads\/2023\/09\/379852915_816427970483363_6971289408452800977_n.jpg","contentUrl":"https:\/\/m8.mech.pk.edu.pl\/wp-content\/uploads\/2023\/09\/379852915_816427970483363_6971289408452800977_n.jpg","width":2048,"height":1536},{"@type":"BreadcrumbList","@id":"https:\/\/m8.mech.pk.edu.pl\/index.php\/2023\/09\/22\/seminarium-kpsit-o-ksztalceniu-kadry-inzynierskiej-na-trako-2023\/#breadcrumb","itemListElement":[{"@type":"ListItem","position":1,"name":"Strona g\u0142\u00f3wna","item":"https:\/\/m8.mech.pk.edu.pl\/"},{"@type":"ListItem","position":2,"name":"Seminarium KPSiT o kszta\u0142ceniu kadry in\u017cynierskiej na TRAKO 2023"}]},{"@type":"WebSite","@id":"https:\/\/m8.mech.pk.edu.pl\/#website","url":"https:\/\/m8.mech.pk.edu.pl\/","name":"Katedra Pojazd\u00f3w Szynowych i Transportu","description":"Katedra Pojazd\u00f3w Szynowych i Transportu Politechniki Krakowskiej na Wydziale Mechanicznym","publisher":{"@id":"https:\/\/m8.mech.pk.edu.pl\/#organization"},"potentialAction":[{"@type":"SearchAction","target":{"@type":"EntryPoint","urlTemplate":"https:\/\/m8.mech.pk.edu.pl\/?s={search_term_string}"},"query-input":{"@type":"PropertyValueSpecification","valueRequired":true,"valueName":"search_term_string"}}],"inLanguage":"pl-PL"},{"@type":"Organization","@id":"https:\/\/m8.mech.pk.edu.pl\/#organization","name":"Katedra Pojazd\u00f3w Szynowych","url":"https:\/\/m8.mech.pk.edu.pl\/","logo":{"@type":"ImageObject","inLanguage":"pl-PL","@id":"https:\/\/m8.mech.pk.edu.pl\/#\/schema\/logo\/image\/","url":"https:\/\/m8.mech.pk.edu.pl\/wp-content\/uploads\/2021\/01\/logo-mail-kpsit.png","contentUrl":"https:\/\/m8.mech.pk.edu.pl\/wp-content\/uploads\/2021\/01\/logo-mail-kpsit.png","width":300,"height":119,"caption":"Katedra Pojazd\u00f3w Szynowych"},"image":{"@id":"https:\/\/m8.mech.pk.edu.pl\/#\/schema\/logo\/image\/"},"sameAs":["https:\/\/facebook.com\/KPSzTPK","https:\/\/www.youtube.com\/channel\/UCen3PQ3fl3ry92o_lHkyVaQ"]},{"@type":"Person","@id":"https:\/\/m8.mech.pk.edu.pl\/#\/schema\/person\/d8f6c9a11add49a79e366c6d4261d14e","name":"Maciej","image":{"@type":"ImageObject","inLanguage":"pl-PL","@id":"https:\/\/secure.gravatar.com\/avatar\/5a17b3a5a44d4dca9d48ed0eccafb488c6c54063f627f848184a92807a97590b?s=96&d=mm&r=g","url":"https:\/\/secure.gravatar.com\/avatar\/5a17b3a5a44d4dca9d48ed0eccafb488c6c54063f627f848184a92807a97590b?s=96&d=mm&r=g","contentUrl":"https:\/\/secure.gravatar.com\/avatar\/5a17b3a5a44d4dca9d48ed0eccafb488c6c54063f627f848184a92807a97590b?s=96&d=mm&r=g","caption":"Maciej"}}]}},"_links":{"self":[{"href":"https:\/\/m8.mech.pk.edu.pl\/index.php\/wp-json\/wp\/v2\/posts\/3921","targetHints":{"allow":["GET"]}}],"collection":[{"href":"https:\/\/m8.mech.pk.edu.pl\/index.php\/wp-json\/wp\/v2\/posts"}],"about":[{"href":"https:\/\/m8.mech.pk.edu.pl\/index.php\/wp-json\/wp\/v2\/types\/post"}],"author":[{"embeddable":true,"href":"https:\/\/m8.mech.pk.edu.pl\/index.php\/wp-json\/wp\/v2\/users\/5"}],"replies":[{"embeddable":true,"href":"https:\/\/m8.mech.pk.edu.pl\/index.php\/wp-json\/wp\/v2\/comments?post=3921"}],"version-history":[{"count":1,"href":"https:\/\/m8.mech.pk.edu.pl\/index.php\/wp-json\/wp\/v2\/posts\/3921\/revisions"}],"predecessor-version":[{"id":3934,"href":"https:\/\/m8.mech.pk.edu.pl\/index.php\/wp-json\/wp\/v2\/posts\/3921\/revisions\/3934"}],"wp:featuredmedia":[{"embeddable":true,"href":"https:\/\/m8.mech.pk.edu.pl\/index.php\/wp-json\/wp\/v2\/media\/3927"}],"wp:attachment":[{"href":"https:\/\/m8.mech.pk.edu.pl\/index.php\/wp-json\/wp\/v2\/media?parent=3921"}],"wp:term":[{"taxonomy":"category","embeddable":true,"href":"https:\/\/m8.mech.pk.edu.pl\/index.php\/wp-json\/wp\/v2\/categories?post=3921"},{"taxonomy":"post_tag","embeddable":true,"href":"https:\/\/m8.mech.pk.edu.pl\/index.php\/wp-json\/wp\/v2\/tags?post=3921"}],"curies":[{"name":"wp","href":"https:\/\/api.w.org\/{rel}","templated":true}]}}