{"id":3916,"date":"2023-09-15T12:29:03","date_gmt":"2023-09-15T10:29:03","guid":{"rendered":"https:\/\/m8.mech.pk.edu.pl\/?p=3916"},"modified":"2023-09-15T12:30:06","modified_gmt":"2023-09-15T10:30:06","slug":"europejski-tydzien-mobilnosci-2023-w-kpsit","status":"publish","type":"post","link":"https:\/\/m8.mech.pk.edu.pl\/index.php\/2023\/09\/15\/europejski-tydzien-mobilnosci-2023-w-kpsit\/","title":{"rendered":"Europejski Tydzie\u0144 Mobilno\u015bci 2023 w KPSiT"},"content":{"rendered":"\n<p>Serdecznie zapraszamy do naszej Katedry w dniu 22.09.2023 (pi\u0105tek) od godziny 13:00 do 17:00 w ramach Europejskiego Tygodnia Mobilno\u015bci. W ramach wydarzenia pod has\u0142em &#8222;Odzyskuj energi\u0119 z tramwajem&#8221; przejazdy w symulatorze tramwaju dla wszystkich ch\u0119tnych, omawianie zalet i budowy taboru tramwajowego w tym rozwi\u0105za\u0144 wp\u0142ywaj\u0105cych na energooszcz\u0119dno\u015b\u0107 tego \u015brodka transportu, zwiedzanie laboratorium Budowy i Eksploatacji Pojazd\u00f3w Szynowych. <br><\/p>\n\n\n\n<!--more-->\n\n\n\n<p>Europejski Tydzie\u0144 Mobilno\u015bci jest inicjatyw\u0105 Komisji Europejskiej, maj\u0105c\u0105 na celu zach\u0119cenie mieszka\u0144c\u00f3w miast do zmiany niekorzystnych dla zdrowia przyzwyczaje\u0144 i wybrania alternatywnych, ekologicznych \u015brodk\u00f3w podr\u00f3\u017cowania.<br>Szczeg\u00f3\u0142y ETM w Krakowie: <a href=\"https:\/\/www.krakow.pl\/aktualnosci\/275002,26,komunikat,przed_nami_europejski_tydzien_mobilnosci.html?fbclid=IwAR2RmTspXpyN17ayrZVL1qEgQTxT8NLhxNBqiACA5_5EgOybpKZBQVlrkkg\" target=\"_blank\" rel=\"noreferrer noopener\">https:\/\/www.krakow.pl\/&#8230;\/275002,26,komunikat,przed_nami&#8230;<\/a><\/p>\n\n\n\n<figure class=\"wp-block-gallery has-nested-images columns-default is-cropped wp-block-gallery-1 is-layout-flex wp-block-gallery-is-layout-flex\">\n<figure class=\"wp-block-image size-large\"><img loading=\"lazy\" decoding=\"async\" width=\"1024\" height=\"526\" data-id=\"3917\" src=\"https:\/\/m8.mech.pk.edu.pl\/wp-content\/uploads\/2023\/09\/etm2023-1024x526.jpg\" alt=\"\" class=\"wp-image-3917\" srcset=\"https:\/\/m8.mech.pk.edu.pl\/wp-content\/uploads\/2023\/09\/etm2023-1024x526.jpg 1024w, https:\/\/m8.mech.pk.edu.pl\/wp-content\/uploads\/2023\/09\/etm2023-300x154.jpg 300w, https:\/\/m8.mech.pk.edu.pl\/wp-content\/uploads\/2023\/09\/etm2023-768x394.jpg 768w, https:\/\/m8.mech.pk.edu.pl\/wp-content\/uploads\/2023\/09\/etm2023-1536x789.jpg 1536w, https:\/\/m8.mech.pk.edu.pl\/wp-content\/uploads\/2023\/09\/etm2023.jpg 1869w\" sizes=\"auto, (max-width: 1024px) 100vw, 1024px\" \/><\/figure>\n<\/figure>\n","protected":false},"excerpt":{"rendered":"<p>Serdecznie zapraszamy do naszej Katedry w dniu 22.09.2023 (pi\u0105tek) od godziny 13:00 do 17:00 w ramach Europejskiego Tygodnia Mobilno\u015bci. W ramach wydarzenia pod has\u0142em &#8222;Odzyskuj energi\u0119 z tramwajem&#8221; przejazdy w symulatorze tramwaju dla wszystkich ch\u0119tnych, omawianie zalet i budowy taboru tramwajowego w tym rozwi\u0105za\u0144 wp\u0142ywaj\u0105cych na energooszcz\u0119dno\u015b\u0107 tego \u015brodka transportu, zwiedzanie laboratorium Budowy i Eksploatacji [&hellip;]<\/p>\n","protected":false},"author":5,"featured_media":3917,"comment_status":"closed","ping_status":"open","sticky":false,"template":"","format":"standard","meta":{"footnotes":""},"categories":[1],"tags":[],"class_list":["post-3916","post","type-post","status-publish","format-standard","has-post-thumbnail","hentry","category-bez-kategorii"],"yoast_head":"<!-- This site is optimized with the Yoast SEO plugin v27.5 - https:\/\/yoast.com\/product\/yoast-seo-wordpress\/ -->\n<title>Europejski Tydzie\u0144 Mobilno\u015bci 2023 w KPSiT - Katedra Pojazd\u00f3w Szynowych i Transportu<\/title>\n<meta name=\"robots\" content=\"index, follow, max-snippet:-1, max-image-preview:large, max-video-preview:-1\" \/>\n<link rel=\"canonical\" href=\"https:\/\/m8.mech.pk.edu.pl\/index.php\/2023\/09\/15\/europejski-tydzien-mobilnosci-2023-w-kpsit\/\" \/>\n<meta property=\"og:locale\" content=\"pl_PL\" \/>\n<meta property=\"og:type\" content=\"article\" \/>\n<meta property=\"og:title\" content=\"Europejski Tydzie\u0144 Mobilno\u015bci 2023 w KPSiT - Katedra Pojazd\u00f3w Szynowych i Transportu\" \/>\n<meta property=\"og:description\" content=\"Serdecznie zapraszamy do naszej Katedry w dniu 22.09.2023 (pi\u0105tek) od godziny 13:00 do 17:00 w ramach Europejskiego Tygodnia Mobilno\u015bci. W ramach wydarzenia pod has\u0142em &#8222;Odzyskuj energi\u0119 z tramwajem&#8221; przejazdy w symulatorze tramwaju dla wszystkich ch\u0119tnych, omawianie zalet i budowy taboru tramwajowego w tym rozwi\u0105za\u0144 wp\u0142ywaj\u0105cych na energooszcz\u0119dno\u015b\u0107 tego \u015brodka transportu, zwiedzanie laboratorium Budowy i Eksploatacji [&hellip;]\" \/>\n<meta property=\"og:url\" content=\"https:\/\/m8.mech.pk.edu.pl\/index.php\/2023\/09\/15\/europejski-tydzien-mobilnosci-2023-w-kpsit\/\" \/>\n<meta property=\"og:site_name\" content=\"Katedra Pojazd\u00f3w Szynowych i Transportu\" \/>\n<meta property=\"article:publisher\" content=\"https:\/\/facebook.com\/KPSzTPK\" \/>\n<meta property=\"article:published_time\" content=\"2023-09-15T10:29:03+00:00\" \/>\n<meta property=\"article:modified_time\" content=\"2023-09-15T10:30:06+00:00\" \/>\n<meta property=\"og:image\" content=\"https:\/\/m8.mech.pk.edu.pl\/wp-content\/uploads\/2023\/09\/etm2023.jpg\" \/>\n\t<meta property=\"og:image:width\" content=\"1869\" \/>\n\t<meta property=\"og:image:height\" content=\"960\" \/>\n\t<meta property=\"og:image:type\" content=\"image\/jpeg\" \/>\n<meta name=\"author\" content=\"Maciej\" \/>\n<meta name=\"twitter:card\" content=\"summary_large_image\" \/>\n<meta name=\"twitter:label1\" content=\"Napisane przez\" \/>\n\t<meta name=\"twitter:data1\" content=\"Maciej\" \/>\n\t<meta name=\"twitter:label2\" content=\"Szacowany czas czytania\" \/>\n\t<meta name=\"twitter:data2\" content=\"1 minuta\" \/>\n<script type=\"application\/ld+json\" class=\"yoast-schema-graph\">{\"@context\":\"https:\\\/\\\/schema.org\",\"@graph\":[{\"@type\":\"Article\",\"@id\":\"https:\\\/\\\/m8.mech.pk.edu.pl\\\/index.php\\\/2023\\\/09\\\/15\\\/europejski-tydzien-mobilnosci-2023-w-kpsit\\\/#article\",\"isPartOf\":{\"@id\":\"https:\\\/\\\/m8.mech.pk.edu.pl\\\/index.php\\\/2023\\\/09\\\/15\\\/europejski-tydzien-mobilnosci-2023-w-kpsit\\\/\"},\"author\":{\"name\":\"Maciej\",\"@id\":\"https:\\\/\\\/m8.mech.pk.edu.pl\\\/#\\\/schema\\\/person\\\/d8f6c9a11add49a79e366c6d4261d14e\"},\"headline\":\"Europejski Tydzie\u0144 Mobilno\u015bci 2023 w KPSiT\",\"datePublished\":\"2023-09-15T10:29:03+00:00\",\"dateModified\":\"2023-09-15T10:30:06+00:00\",\"mainEntityOfPage\":{\"@id\":\"https:\\\/\\\/m8.mech.pk.edu.pl\\\/index.php\\\/2023\\\/09\\\/15\\\/europejski-tydzien-mobilnosci-2023-w-kpsit\\\/\"},\"wordCount\":113,\"publisher\":{\"@id\":\"https:\\\/\\\/m8.mech.pk.edu.pl\\\/#organization\"},\"image\":{\"@id\":\"https:\\\/\\\/m8.mech.pk.edu.pl\\\/index.php\\\/2023\\\/09\\\/15\\\/europejski-tydzien-mobilnosci-2023-w-kpsit\\\/#primaryimage\"},\"thumbnailUrl\":\"https:\\\/\\\/m8.mech.pk.edu.pl\\\/wp-content\\\/uploads\\\/2023\\\/09\\\/etm2023.jpg\",\"inLanguage\":\"pl-PL\"},{\"@type\":\"WebPage\",\"@id\":\"https:\\\/\\\/m8.mech.pk.edu.pl\\\/index.php\\\/2023\\\/09\\\/15\\\/europejski-tydzien-mobilnosci-2023-w-kpsit\\\/\",\"url\":\"https:\\\/\\\/m8.mech.pk.edu.pl\\\/index.php\\\/2023\\\/09\\\/15\\\/europejski-tydzien-mobilnosci-2023-w-kpsit\\\/\",\"name\":\"Europejski Tydzie\u0144 Mobilno\u015bci 2023 w KPSiT - Katedra Pojazd\u00f3w Szynowych i Transportu\",\"isPartOf\":{\"@id\":\"https:\\\/\\\/m8.mech.pk.edu.pl\\\/#website\"},\"primaryImageOfPage\":{\"@id\":\"https:\\\/\\\/m8.mech.pk.edu.pl\\\/index.php\\\/2023\\\/09\\\/15\\\/europejski-tydzien-mobilnosci-2023-w-kpsit\\\/#primaryimage\"},\"image\":{\"@id\":\"https:\\\/\\\/m8.mech.pk.edu.pl\\\/index.php\\\/2023\\\/09\\\/15\\\/europejski-tydzien-mobilnosci-2023-w-kpsit\\\/#primaryimage\"},\"thumbnailUrl\":\"https:\\\/\\\/m8.mech.pk.edu.pl\\\/wp-content\\\/uploads\\\/2023\\\/09\\\/etm2023.jpg\",\"datePublished\":\"2023-09-15T10:29:03+00:00\",\"dateModified\":\"2023-09-15T10:30:06+00:00\",\"breadcrumb\":{\"@id\":\"https:\\\/\\\/m8.mech.pk.edu.pl\\\/index.php\\\/2023\\\/09\\\/15\\\/europejski-tydzien-mobilnosci-2023-w-kpsit\\\/#breadcrumb\"},\"inLanguage\":\"pl-PL\",\"potentialAction\":[{\"@type\":\"ReadAction\",\"target\":[\"https:\\\/\\\/m8.mech.pk.edu.pl\\\/index.php\\\/2023\\\/09\\\/15\\\/europejski-tydzien-mobilnosci-2023-w-kpsit\\\/\"]}]},{\"@type\":\"ImageObject\",\"inLanguage\":\"pl-PL\",\"@id\":\"https:\\\/\\\/m8.mech.pk.edu.pl\\\/index.php\\\/2023\\\/09\\\/15\\\/europejski-tydzien-mobilnosci-2023-w-kpsit\\\/#primaryimage\",\"url\":\"https:\\\/\\\/m8.mech.pk.edu.pl\\\/wp-content\\\/uploads\\\/2023\\\/09\\\/etm2023.jpg\",\"contentUrl\":\"https:\\\/\\\/m8.mech.pk.edu.pl\\\/wp-content\\\/uploads\\\/2023\\\/09\\\/etm2023.jpg\",\"width\":1869,\"height\":960},{\"@type\":\"BreadcrumbList\",\"@id\":\"https:\\\/\\\/m8.mech.pk.edu.pl\\\/index.php\\\/2023\\\/09\\\/15\\\/europejski-tydzien-mobilnosci-2023-w-kpsit\\\/#breadcrumb\",\"itemListElement\":[{\"@type\":\"ListItem\",\"position\":1,\"name\":\"Strona g\u0142\u00f3wna\",\"item\":\"https:\\\/\\\/m8.mech.pk.edu.pl\\\/\"},{\"@type\":\"ListItem\",\"position\":2,\"name\":\"Europejski Tydzie\u0144 Mobilno\u015bci 2023 w KPSiT\"}]},{\"@type\":\"WebSite\",\"@id\":\"https:\\\/\\\/m8.mech.pk.edu.pl\\\/#website\",\"url\":\"https:\\\/\\\/m8.mech.pk.edu.pl\\\/\",\"name\":\"Katedra Pojazd\u00f3w Szynowych i Transportu\",\"description\":\"Katedra Pojazd\u00f3w Szynowych i Transportu Politechniki Krakowskiej na Wydziale Mechanicznym\",\"publisher\":{\"@id\":\"https:\\\/\\\/m8.mech.pk.edu.pl\\\/#organization\"},\"potentialAction\":[{\"@type\":\"SearchAction\",\"target\":{\"@type\":\"EntryPoint\",\"urlTemplate\":\"https:\\\/\\\/m8.mech.pk.edu.pl\\\/?s={search_term_string}\"},\"query-input\":{\"@type\":\"PropertyValueSpecification\",\"valueRequired\":true,\"valueName\":\"search_term_string\"}}],\"inLanguage\":\"pl-PL\"},{\"@type\":\"Organization\",\"@id\":\"https:\\\/\\\/m8.mech.pk.edu.pl\\\/#organization\",\"name\":\"Katedra Pojazd\u00f3w Szynowych\",\"url\":\"https:\\\/\\\/m8.mech.pk.edu.pl\\\/\",\"logo\":{\"@type\":\"ImageObject\",\"inLanguage\":\"pl-PL\",\"@id\":\"https:\\\/\\\/m8.mech.pk.edu.pl\\\/#\\\/schema\\\/logo\\\/image\\\/\",\"url\":\"https:\\\/\\\/m8.mech.pk.edu.pl\\\/wp-content\\\/uploads\\\/2021\\\/01\\\/logo-mail-kpsit.png\",\"contentUrl\":\"https:\\\/\\\/m8.mech.pk.edu.pl\\\/wp-content\\\/uploads\\\/2021\\\/01\\\/logo-mail-kpsit.png\",\"width\":300,\"height\":119,\"caption\":\"Katedra Pojazd\u00f3w Szynowych\"},\"image\":{\"@id\":\"https:\\\/\\\/m8.mech.pk.edu.pl\\\/#\\\/schema\\\/logo\\\/image\\\/\"},\"sameAs\":[\"https:\\\/\\\/facebook.com\\\/KPSzTPK\",\"https:\\\/\\\/www.youtube.com\\\/channel\\\/UCen3PQ3fl3ry92o_lHkyVaQ\"]},{\"@type\":\"Person\",\"@id\":\"https:\\\/\\\/m8.mech.pk.edu.pl\\\/#\\\/schema\\\/person\\\/d8f6c9a11add49a79e366c6d4261d14e\",\"name\":\"Maciej\",\"image\":{\"@type\":\"ImageObject\",\"inLanguage\":\"pl-PL\",\"@id\":\"https:\\\/\\\/secure.gravatar.com\\\/avatar\\\/5a17b3a5a44d4dca9d48ed0eccafb488c6c54063f627f848184a92807a97590b?s=96&d=mm&r=g\",\"url\":\"https:\\\/\\\/secure.gravatar.com\\\/avatar\\\/5a17b3a5a44d4dca9d48ed0eccafb488c6c54063f627f848184a92807a97590b?s=96&d=mm&r=g\",\"contentUrl\":\"https:\\\/\\\/secure.gravatar.com\\\/avatar\\\/5a17b3a5a44d4dca9d48ed0eccafb488c6c54063f627f848184a92807a97590b?s=96&d=mm&r=g\",\"caption\":\"Maciej\"}}]}<\/script>\n<!-- \/ Yoast SEO plugin. -->","yoast_head_json":{"title":"Europejski Tydzie\u0144 Mobilno\u015bci 2023 w KPSiT - Katedra Pojazd\u00f3w Szynowych i Transportu","robots":{"index":"index","follow":"follow","max-snippet":"max-snippet:-1","max-image-preview":"max-image-preview:large","max-video-preview":"max-video-preview:-1"},"canonical":"https:\/\/m8.mech.pk.edu.pl\/index.php\/2023\/09\/15\/europejski-tydzien-mobilnosci-2023-w-kpsit\/","og_locale":"pl_PL","og_type":"article","og_title":"Europejski Tydzie\u0144 Mobilno\u015bci 2023 w KPSiT - Katedra Pojazd\u00f3w Szynowych i Transportu","og_description":"Serdecznie zapraszamy do naszej Katedry w dniu 22.09.2023 (pi\u0105tek) od godziny 13:00 do 17:00 w ramach Europejskiego Tygodnia Mobilno\u015bci. W ramach wydarzenia pod has\u0142em &#8222;Odzyskuj energi\u0119 z tramwajem&#8221; przejazdy w symulatorze tramwaju dla wszystkich ch\u0119tnych, omawianie zalet i budowy taboru tramwajowego w tym rozwi\u0105za\u0144 wp\u0142ywaj\u0105cych na energooszcz\u0119dno\u015b\u0107 tego \u015brodka transportu, zwiedzanie laboratorium Budowy i Eksploatacji [&hellip;]","og_url":"https:\/\/m8.mech.pk.edu.pl\/index.php\/2023\/09\/15\/europejski-tydzien-mobilnosci-2023-w-kpsit\/","og_site_name":"Katedra Pojazd\u00f3w Szynowych i Transportu","article_publisher":"https:\/\/facebook.com\/KPSzTPK","article_published_time":"2023-09-15T10:29:03+00:00","article_modified_time":"2023-09-15T10:30:06+00:00","og_image":[{"width":1869,"height":960,"url":"https:\/\/m8.mech.pk.edu.pl\/wp-content\/uploads\/2023\/09\/etm2023.jpg","type":"image\/jpeg"}],"author":"Maciej","twitter_card":"summary_large_image","twitter_misc":{"Napisane przez":"Maciej","Szacowany czas czytania":"1 minuta"},"schema":{"@context":"https:\/\/schema.org","@graph":[{"@type":"Article","@id":"https:\/\/m8.mech.pk.edu.pl\/index.php\/2023\/09\/15\/europejski-tydzien-mobilnosci-2023-w-kpsit\/#article","isPartOf":{"@id":"https:\/\/m8.mech.pk.edu.pl\/index.php\/2023\/09\/15\/europejski-tydzien-mobilnosci-2023-w-kpsit\/"},"author":{"name":"Maciej","@id":"https:\/\/m8.mech.pk.edu.pl\/#\/schema\/person\/d8f6c9a11add49a79e366c6d4261d14e"},"headline":"Europejski Tydzie\u0144 Mobilno\u015bci 2023 w KPSiT","datePublished":"2023-09-15T10:29:03+00:00","dateModified":"2023-09-15T10:30:06+00:00","mainEntityOfPage":{"@id":"https:\/\/m8.mech.pk.edu.pl\/index.php\/2023\/09\/15\/europejski-tydzien-mobilnosci-2023-w-kpsit\/"},"wordCount":113,"publisher":{"@id":"https:\/\/m8.mech.pk.edu.pl\/#organization"},"image":{"@id":"https:\/\/m8.mech.pk.edu.pl\/index.php\/2023\/09\/15\/europejski-tydzien-mobilnosci-2023-w-kpsit\/#primaryimage"},"thumbnailUrl":"https:\/\/m8.mech.pk.edu.pl\/wp-content\/uploads\/2023\/09\/etm2023.jpg","inLanguage":"pl-PL"},{"@type":"WebPage","@id":"https:\/\/m8.mech.pk.edu.pl\/index.php\/2023\/09\/15\/europejski-tydzien-mobilnosci-2023-w-kpsit\/","url":"https:\/\/m8.mech.pk.edu.pl\/index.php\/2023\/09\/15\/europejski-tydzien-mobilnosci-2023-w-kpsit\/","name":"Europejski Tydzie\u0144 Mobilno\u015bci 2023 w KPSiT - Katedra Pojazd\u00f3w Szynowych i Transportu","isPartOf":{"@id":"https:\/\/m8.mech.pk.edu.pl\/#website"},"primaryImageOfPage":{"@id":"https:\/\/m8.mech.pk.edu.pl\/index.php\/2023\/09\/15\/europejski-tydzien-mobilnosci-2023-w-kpsit\/#primaryimage"},"image":{"@id":"https:\/\/m8.mech.pk.edu.pl\/index.php\/2023\/09\/15\/europejski-tydzien-mobilnosci-2023-w-kpsit\/#primaryimage"},"thumbnailUrl":"https:\/\/m8.mech.pk.edu.pl\/wp-content\/uploads\/2023\/09\/etm2023.jpg","datePublished":"2023-09-15T10:29:03+00:00","dateModified":"2023-09-15T10:30:06+00:00","breadcrumb":{"@id":"https:\/\/m8.mech.pk.edu.pl\/index.php\/2023\/09\/15\/europejski-tydzien-mobilnosci-2023-w-kpsit\/#breadcrumb"},"inLanguage":"pl-PL","potentialAction":[{"@type":"ReadAction","target":["https:\/\/m8.mech.pk.edu.pl\/index.php\/2023\/09\/15\/europejski-tydzien-mobilnosci-2023-w-kpsit\/"]}]},{"@type":"ImageObject","inLanguage":"pl-PL","@id":"https:\/\/m8.mech.pk.edu.pl\/index.php\/2023\/09\/15\/europejski-tydzien-mobilnosci-2023-w-kpsit\/#primaryimage","url":"https:\/\/m8.mech.pk.edu.pl\/wp-content\/uploads\/2023\/09\/etm2023.jpg","contentUrl":"https:\/\/m8.mech.pk.edu.pl\/wp-content\/uploads\/2023\/09\/etm2023.jpg","width":1869,"height":960},{"@type":"BreadcrumbList","@id":"https:\/\/m8.mech.pk.edu.pl\/index.php\/2023\/09\/15\/europejski-tydzien-mobilnosci-2023-w-kpsit\/#breadcrumb","itemListElement":[{"@type":"ListItem","position":1,"name":"Strona g\u0142\u00f3wna","item":"https:\/\/m8.mech.pk.edu.pl\/"},{"@type":"ListItem","position":2,"name":"Europejski Tydzie\u0144 Mobilno\u015bci 2023 w KPSiT"}]},{"@type":"WebSite","@id":"https:\/\/m8.mech.pk.edu.pl\/#website","url":"https:\/\/m8.mech.pk.edu.pl\/","name":"Katedra Pojazd\u00f3w Szynowych i Transportu","description":"Katedra Pojazd\u00f3w Szynowych i Transportu Politechniki Krakowskiej na Wydziale Mechanicznym","publisher":{"@id":"https:\/\/m8.mech.pk.edu.pl\/#organization"},"potentialAction":[{"@type":"SearchAction","target":{"@type":"EntryPoint","urlTemplate":"https:\/\/m8.mech.pk.edu.pl\/?s={search_term_string}"},"query-input":{"@type":"PropertyValueSpecification","valueRequired":true,"valueName":"search_term_string"}}],"inLanguage":"pl-PL"},{"@type":"Organization","@id":"https:\/\/m8.mech.pk.edu.pl\/#organization","name":"Katedra Pojazd\u00f3w Szynowych","url":"https:\/\/m8.mech.pk.edu.pl\/","logo":{"@type":"ImageObject","inLanguage":"pl-PL","@id":"https:\/\/m8.mech.pk.edu.pl\/#\/schema\/logo\/image\/","url":"https:\/\/m8.mech.pk.edu.pl\/wp-content\/uploads\/2021\/01\/logo-mail-kpsit.png","contentUrl":"https:\/\/m8.mech.pk.edu.pl\/wp-content\/uploads\/2021\/01\/logo-mail-kpsit.png","width":300,"height":119,"caption":"Katedra Pojazd\u00f3w Szynowych"},"image":{"@id":"https:\/\/m8.mech.pk.edu.pl\/#\/schema\/logo\/image\/"},"sameAs":["https:\/\/facebook.com\/KPSzTPK","https:\/\/www.youtube.com\/channel\/UCen3PQ3fl3ry92o_lHkyVaQ"]},{"@type":"Person","@id":"https:\/\/m8.mech.pk.edu.pl\/#\/schema\/person\/d8f6c9a11add49a79e366c6d4261d14e","name":"Maciej","image":{"@type":"ImageObject","inLanguage":"pl-PL","@id":"https:\/\/secure.gravatar.com\/avatar\/5a17b3a5a44d4dca9d48ed0eccafb488c6c54063f627f848184a92807a97590b?s=96&d=mm&r=g","url":"https:\/\/secure.gravatar.com\/avatar\/5a17b3a5a44d4dca9d48ed0eccafb488c6c54063f627f848184a92807a97590b?s=96&d=mm&r=g","contentUrl":"https:\/\/secure.gravatar.com\/avatar\/5a17b3a5a44d4dca9d48ed0eccafb488c6c54063f627f848184a92807a97590b?s=96&d=mm&r=g","caption":"Maciej"}}]}},"_links":{"self":[{"href":"https:\/\/m8.mech.pk.edu.pl\/index.php\/wp-json\/wp\/v2\/posts\/3916","targetHints":{"allow":["GET"]}}],"collection":[{"href":"https:\/\/m8.mech.pk.edu.pl\/index.php\/wp-json\/wp\/v2\/posts"}],"about":[{"href":"https:\/\/m8.mech.pk.edu.pl\/index.php\/wp-json\/wp\/v2\/types\/post"}],"author":[{"embeddable":true,"href":"https:\/\/m8.mech.pk.edu.pl\/index.php\/wp-json\/wp\/v2\/users\/5"}],"replies":[{"embeddable":true,"href":"https:\/\/m8.mech.pk.edu.pl\/index.php\/wp-json\/wp\/v2\/comments?post=3916"}],"version-history":[{"count":2,"href":"https:\/\/m8.mech.pk.edu.pl\/index.php\/wp-json\/wp\/v2\/posts\/3916\/revisions"}],"predecessor-version":[{"id":3919,"href":"https:\/\/m8.mech.pk.edu.pl\/index.php\/wp-json\/wp\/v2\/posts\/3916\/revisions\/3919"}],"wp:featuredmedia":[{"embeddable":true,"href":"https:\/\/m8.mech.pk.edu.pl\/index.php\/wp-json\/wp\/v2\/media\/3917"}],"wp:attachment":[{"href":"https:\/\/m8.mech.pk.edu.pl\/index.php\/wp-json\/wp\/v2\/media?parent=3916"}],"wp:term":[{"taxonomy":"category","embeddable":true,"href":"https:\/\/m8.mech.pk.edu.pl\/index.php\/wp-json\/wp\/v2\/categories?post=3916"},{"taxonomy":"post_tag","embeddable":true,"href":"https:\/\/m8.mech.pk.edu.pl\/index.php\/wp-json\/wp\/v2\/tags?post=3916"}],"curies":[{"name":"wp","href":"https:\/\/api.w.org\/{rel}","templated":true}]}}