{"id":3653,"date":"2023-05-24T20:10:56","date_gmt":"2023-05-24T18:10:56","guid":{"rendered":"https:\/\/m8.mech.pk.edu.pl\/?p=3653"},"modified":"2023-05-24T20:10:57","modified_gmt":"2023-05-24T18:10:57","slug":"startuje-europejski-projekt-nextlevel-parking-spotkanie-partnerow-na-pk","status":"publish","type":"post","link":"https:\/\/m8.mech.pk.edu.pl\/index.php\/2023\/05\/24\/startuje-europejski-projekt-nextlevel-parking-spotkanie-partnerow-na-pk\/","title":{"rendered":"Startuje europejski projekt NextLevel Parking \u2013 spotkanie partner\u00f3w na PK"},"content":{"rendered":"\n<p>24 maja 2023 na Politechnice Krakowskiej rozpocz\u0119\u0142o si\u0119 trzydniowe spotkanie \u201eKick-off meeting\u201d projektu InterregCE NEXTLEVEL Parking &#8211; Pushing a parking management approach on the agendas to green mobility strategies in functional urban areas. Do Krakowa przyjechali partnerzy z o\u015bmiu kraj\u00f3w Europy, w tym przedstawiciele Ministerstwa Infrastruktury oraz Radna autonomicznego regionu Bolzano-South Tyrol.\u00a0 Uczestnik\u00f3w przywita\u0142 rektor PK prof. Andrzej Szarata. Projekt NextLevel Parking, kt\u00f3rego koordynatorem jest Politechnika Krakowska, a kierownikiem dr in\u017c. Maciej Michnej, zast\u0119pca kierownika Katedry Pojazd\u00f3w Szynowych i Transportu z WM PK, zak\u0142ada promowanie i zapewnienie wydajnej, bardziej ekologicznej i zr\u00f3wnowa\u017conej mobilno\u015bci miejskiej poprzez zmian\u0119 zachowa\u0144 transportowych mieszka\u0144c\u00f3w miast Europy \u015arodkowej w kierunku zmniejszenia korzystania z prywatnych samochod\u00f3w. Projekt zak\u0142ada wykorzystanie zarz\u0105dzania przestrzeni\u0105 parkingow\u0105 jako narz\u0119dzia kszta\u0142towania popytu na podr\u00f3\u017ce w miejskich obszarach funkcjonalnych.<\/p>\n\n\n\n<!--more-->\n\n\n\n<figure class=\"wp-block-gallery has-nested-images columns-default is-cropped wp-block-gallery-1 is-layout-flex wp-block-gallery-is-layout-flex\">\n<figure class=\"wp-block-image size-large\"><img loading=\"lazy\" decoding=\"async\" width=\"600\" height=\"450\" data-id=\"3654\" src=\"https:\/\/m8.mech.pk.edu.pl\/wp-content\/uploads\/2023\/05\/nlp1.jpg\" alt=\"\" class=\"wp-image-3654\" srcset=\"https:\/\/m8.mech.pk.edu.pl\/wp-content\/uploads\/2023\/05\/nlp1.jpg 600w, https:\/\/m8.mech.pk.edu.pl\/wp-content\/uploads\/2023\/05\/nlp1-300x225.jpg 300w\" sizes=\"auto, (max-width: 600px) 100vw, 600px\" \/><\/figure>\n\n\n\n<figure class=\"wp-block-image size-large\"><img loading=\"lazy\" decoding=\"async\" width=\"600\" height=\"450\" data-id=\"3655\" src=\"https:\/\/m8.mech.pk.edu.pl\/wp-content\/uploads\/2023\/05\/nlp2.jpg\" alt=\"\" class=\"wp-image-3655\" srcset=\"https:\/\/m8.mech.pk.edu.pl\/wp-content\/uploads\/2023\/05\/nlp2.jpg 600w, https:\/\/m8.mech.pk.edu.pl\/wp-content\/uploads\/2023\/05\/nlp2-300x225.jpg 300w\" sizes=\"auto, (max-width: 600px) 100vw, 600px\" \/><\/figure>\n\n\n\n<figure class=\"wp-block-image size-large\"><img loading=\"lazy\" decoding=\"async\" width=\"1024\" height=\"768\" data-id=\"3656\" src=\"https:\/\/m8.mech.pk.edu.pl\/wp-content\/uploads\/2023\/05\/nlp3-1024x768.jpg\" alt=\"\" class=\"wp-image-3656\" srcset=\"https:\/\/m8.mech.pk.edu.pl\/wp-content\/uploads\/2023\/05\/nlp3-1024x768.jpg 1024w, https:\/\/m8.mech.pk.edu.pl\/wp-content\/uploads\/2023\/05\/nlp3-300x225.jpg 300w, https:\/\/m8.mech.pk.edu.pl\/wp-content\/uploads\/2023\/05\/nlp3-768x576.jpg 768w, https:\/\/m8.mech.pk.edu.pl\/wp-content\/uploads\/2023\/05\/nlp3-1536x1152.jpg 1536w, https:\/\/m8.mech.pk.edu.pl\/wp-content\/uploads\/2023\/05\/nlp3.jpg 2048w\" sizes=\"auto, (max-width: 1024px) 100vw, 1024px\" \/><\/figure>\n<\/figure>\n","protected":false},"excerpt":{"rendered":"<p>24 maja 2023 na Politechnice Krakowskiej rozpocz\u0119\u0142o si\u0119 trzydniowe spotkanie \u201eKick-off meeting\u201d projektu InterregCE NEXTLEVEL Parking &#8211; Pushing a parking management approach on the agendas to green mobility strategies in functional urban areas. Do Krakowa przyjechali partnerzy z o\u015bmiu kraj\u00f3w Europy, w tym przedstawiciele Ministerstwa Infrastruktury oraz Radna autonomicznego regionu Bolzano-South Tyrol.\u00a0 Uczestnik\u00f3w przywita\u0142 rektor [&hellip;]<\/p>\n","protected":false},"author":5,"featured_media":3654,"comment_status":"closed","ping_status":"open","sticky":false,"template":"","format":"standard","meta":{"footnotes":""},"categories":[1],"tags":[],"class_list":["post-3653","post","type-post","status-publish","format-standard","has-post-thumbnail","hentry","category-bez-kategorii"],"yoast_head":"<!-- This site is optimized with the Yoast SEO plugin v27.5 - https:\/\/yoast.com\/product\/yoast-seo-wordpress\/ -->\n<title>Startuje europejski projekt NextLevel Parking \u2013 spotkanie partner\u00f3w na PK - Katedra Pojazd\u00f3w Szynowych i Transportu<\/title>\n<meta name=\"robots\" content=\"index, follow, max-snippet:-1, max-image-preview:large, max-video-preview:-1\" \/>\n<link rel=\"canonical\" href=\"https:\/\/m8.mech.pk.edu.pl\/index.php\/2023\/05\/24\/startuje-europejski-projekt-nextlevel-parking-spotkanie-partnerow-na-pk\/\" \/>\n<meta property=\"og:locale\" content=\"pl_PL\" \/>\n<meta property=\"og:type\" content=\"article\" \/>\n<meta property=\"og:title\" content=\"Startuje europejski projekt NextLevel Parking \u2013 spotkanie partner\u00f3w na PK - Katedra Pojazd\u00f3w Szynowych i Transportu\" \/>\n<meta property=\"og:description\" content=\"24 maja 2023 na Politechnice Krakowskiej rozpocz\u0119\u0142o si\u0119 trzydniowe spotkanie \u201eKick-off meeting\u201d projektu InterregCE NEXTLEVEL Parking &#8211; Pushing a parking management approach on the agendas to green mobility strategies in functional urban areas. Do Krakowa przyjechali partnerzy z o\u015bmiu kraj\u00f3w Europy, w tym przedstawiciele Ministerstwa Infrastruktury oraz Radna autonomicznego regionu Bolzano-South Tyrol.\u00a0 Uczestnik\u00f3w przywita\u0142 rektor [&hellip;]\" \/>\n<meta property=\"og:url\" content=\"https:\/\/m8.mech.pk.edu.pl\/index.php\/2023\/05\/24\/startuje-europejski-projekt-nextlevel-parking-spotkanie-partnerow-na-pk\/\" \/>\n<meta property=\"og:site_name\" content=\"Katedra Pojazd\u00f3w Szynowych i Transportu\" \/>\n<meta property=\"article:publisher\" content=\"https:\/\/facebook.com\/KPSzTPK\" \/>\n<meta property=\"article:published_time\" content=\"2023-05-24T18:10:56+00:00\" \/>\n<meta property=\"article:modified_time\" content=\"2023-05-24T18:10:57+00:00\" \/>\n<meta property=\"og:image\" content=\"https:\/\/m8.mech.pk.edu.pl\/wp-content\/uploads\/2023\/05\/nlp1.jpg\" \/>\n\t<meta property=\"og:image:width\" content=\"600\" \/>\n\t<meta property=\"og:image:height\" content=\"450\" \/>\n\t<meta property=\"og:image:type\" content=\"image\/jpeg\" \/>\n<meta name=\"author\" content=\"Maciej\" \/>\n<meta name=\"twitter:card\" content=\"summary_large_image\" \/>\n<meta name=\"twitter:label1\" content=\"Napisane przez\" \/>\n\t<meta name=\"twitter:data1\" content=\"Maciej\" \/>\n\t<meta name=\"twitter:label2\" content=\"Szacowany czas czytania\" \/>\n\t<meta name=\"twitter:data2\" content=\"2 minuty\" \/>\n<script type=\"application\/ld+json\" class=\"yoast-schema-graph\">{\"@context\":\"https:\\\/\\\/schema.org\",\"@graph\":[{\"@type\":\"Article\",\"@id\":\"https:\\\/\\\/m8.mech.pk.edu.pl\\\/index.php\\\/2023\\\/05\\\/24\\\/startuje-europejski-projekt-nextlevel-parking-spotkanie-partnerow-na-pk\\\/#article\",\"isPartOf\":{\"@id\":\"https:\\\/\\\/m8.mech.pk.edu.pl\\\/index.php\\\/2023\\\/05\\\/24\\\/startuje-europejski-projekt-nextlevel-parking-spotkanie-partnerow-na-pk\\\/\"},\"author\":{\"name\":\"Maciej\",\"@id\":\"https:\\\/\\\/m8.mech.pk.edu.pl\\\/#\\\/schema\\\/person\\\/d8f6c9a11add49a79e366c6d4261d14e\"},\"headline\":\"Startuje europejski projekt NextLevel Parking \u2013 spotkanie partner\u00f3w na PK\",\"datePublished\":\"2023-05-24T18:10:56+00:00\",\"dateModified\":\"2023-05-24T18:10:57+00:00\",\"mainEntityOfPage\":{\"@id\":\"https:\\\/\\\/m8.mech.pk.edu.pl\\\/index.php\\\/2023\\\/05\\\/24\\\/startuje-europejski-projekt-nextlevel-parking-spotkanie-partnerow-na-pk\\\/\"},\"wordCount\":152,\"publisher\":{\"@id\":\"https:\\\/\\\/m8.mech.pk.edu.pl\\\/#organization\"},\"image\":{\"@id\":\"https:\\\/\\\/m8.mech.pk.edu.pl\\\/index.php\\\/2023\\\/05\\\/24\\\/startuje-europejski-projekt-nextlevel-parking-spotkanie-partnerow-na-pk\\\/#primaryimage\"},\"thumbnailUrl\":\"https:\\\/\\\/m8.mech.pk.edu.pl\\\/wp-content\\\/uploads\\\/2023\\\/05\\\/nlp1.jpg\",\"inLanguage\":\"pl-PL\"},{\"@type\":\"WebPage\",\"@id\":\"https:\\\/\\\/m8.mech.pk.edu.pl\\\/index.php\\\/2023\\\/05\\\/24\\\/startuje-europejski-projekt-nextlevel-parking-spotkanie-partnerow-na-pk\\\/\",\"url\":\"https:\\\/\\\/m8.mech.pk.edu.pl\\\/index.php\\\/2023\\\/05\\\/24\\\/startuje-europejski-projekt-nextlevel-parking-spotkanie-partnerow-na-pk\\\/\",\"name\":\"Startuje europejski projekt NextLevel Parking \u2013 spotkanie partner\u00f3w na PK - Katedra Pojazd\u00f3w Szynowych i Transportu\",\"isPartOf\":{\"@id\":\"https:\\\/\\\/m8.mech.pk.edu.pl\\\/#website\"},\"primaryImageOfPage\":{\"@id\":\"https:\\\/\\\/m8.mech.pk.edu.pl\\\/index.php\\\/2023\\\/05\\\/24\\\/startuje-europejski-projekt-nextlevel-parking-spotkanie-partnerow-na-pk\\\/#primaryimage\"},\"image\":{\"@id\":\"https:\\\/\\\/m8.mech.pk.edu.pl\\\/index.php\\\/2023\\\/05\\\/24\\\/startuje-europejski-projekt-nextlevel-parking-spotkanie-partnerow-na-pk\\\/#primaryimage\"},\"thumbnailUrl\":\"https:\\\/\\\/m8.mech.pk.edu.pl\\\/wp-content\\\/uploads\\\/2023\\\/05\\\/nlp1.jpg\",\"datePublished\":\"2023-05-24T18:10:56+00:00\",\"dateModified\":\"2023-05-24T18:10:57+00:00\",\"breadcrumb\":{\"@id\":\"https:\\\/\\\/m8.mech.pk.edu.pl\\\/index.php\\\/2023\\\/05\\\/24\\\/startuje-europejski-projekt-nextlevel-parking-spotkanie-partnerow-na-pk\\\/#breadcrumb\"},\"inLanguage\":\"pl-PL\",\"potentialAction\":[{\"@type\":\"ReadAction\",\"target\":[\"https:\\\/\\\/m8.mech.pk.edu.pl\\\/index.php\\\/2023\\\/05\\\/24\\\/startuje-europejski-projekt-nextlevel-parking-spotkanie-partnerow-na-pk\\\/\"]}]},{\"@type\":\"ImageObject\",\"inLanguage\":\"pl-PL\",\"@id\":\"https:\\\/\\\/m8.mech.pk.edu.pl\\\/index.php\\\/2023\\\/05\\\/24\\\/startuje-europejski-projekt-nextlevel-parking-spotkanie-partnerow-na-pk\\\/#primaryimage\",\"url\":\"https:\\\/\\\/m8.mech.pk.edu.pl\\\/wp-content\\\/uploads\\\/2023\\\/05\\\/nlp1.jpg\",\"contentUrl\":\"https:\\\/\\\/m8.mech.pk.edu.pl\\\/wp-content\\\/uploads\\\/2023\\\/05\\\/nlp1.jpg\",\"width\":600,\"height\":450},{\"@type\":\"BreadcrumbList\",\"@id\":\"https:\\\/\\\/m8.mech.pk.edu.pl\\\/index.php\\\/2023\\\/05\\\/24\\\/startuje-europejski-projekt-nextlevel-parking-spotkanie-partnerow-na-pk\\\/#breadcrumb\",\"itemListElement\":[{\"@type\":\"ListItem\",\"position\":1,\"name\":\"Strona g\u0142\u00f3wna\",\"item\":\"https:\\\/\\\/m8.mech.pk.edu.pl\\\/\"},{\"@type\":\"ListItem\",\"position\":2,\"name\":\"Startuje europejski projekt NextLevel Parking \u2013 spotkanie partner\u00f3w na PK\"}]},{\"@type\":\"WebSite\",\"@id\":\"https:\\\/\\\/m8.mech.pk.edu.pl\\\/#website\",\"url\":\"https:\\\/\\\/m8.mech.pk.edu.pl\\\/\",\"name\":\"Katedra Pojazd\u00f3w Szynowych i Transportu\",\"description\":\"Katedra Pojazd\u00f3w Szynowych i Transportu Politechniki Krakowskiej na Wydziale Mechanicznym\",\"publisher\":{\"@id\":\"https:\\\/\\\/m8.mech.pk.edu.pl\\\/#organization\"},\"potentialAction\":[{\"@type\":\"SearchAction\",\"target\":{\"@type\":\"EntryPoint\",\"urlTemplate\":\"https:\\\/\\\/m8.mech.pk.edu.pl\\\/?s={search_term_string}\"},\"query-input\":{\"@type\":\"PropertyValueSpecification\",\"valueRequired\":true,\"valueName\":\"search_term_string\"}}],\"inLanguage\":\"pl-PL\"},{\"@type\":\"Organization\",\"@id\":\"https:\\\/\\\/m8.mech.pk.edu.pl\\\/#organization\",\"name\":\"Katedra Pojazd\u00f3w Szynowych\",\"url\":\"https:\\\/\\\/m8.mech.pk.edu.pl\\\/\",\"logo\":{\"@type\":\"ImageObject\",\"inLanguage\":\"pl-PL\",\"@id\":\"https:\\\/\\\/m8.mech.pk.edu.pl\\\/#\\\/schema\\\/logo\\\/image\\\/\",\"url\":\"https:\\\/\\\/m8.mech.pk.edu.pl\\\/wp-content\\\/uploads\\\/2021\\\/01\\\/logo-mail-kpsit.png\",\"contentUrl\":\"https:\\\/\\\/m8.mech.pk.edu.pl\\\/wp-content\\\/uploads\\\/2021\\\/01\\\/logo-mail-kpsit.png\",\"width\":300,\"height\":119,\"caption\":\"Katedra Pojazd\u00f3w Szynowych\"},\"image\":{\"@id\":\"https:\\\/\\\/m8.mech.pk.edu.pl\\\/#\\\/schema\\\/logo\\\/image\\\/\"},\"sameAs\":[\"https:\\\/\\\/facebook.com\\\/KPSzTPK\",\"https:\\\/\\\/www.youtube.com\\\/channel\\\/UCen3PQ3fl3ry92o_lHkyVaQ\"]},{\"@type\":\"Person\",\"@id\":\"https:\\\/\\\/m8.mech.pk.edu.pl\\\/#\\\/schema\\\/person\\\/d8f6c9a11add49a79e366c6d4261d14e\",\"name\":\"Maciej\",\"image\":{\"@type\":\"ImageObject\",\"inLanguage\":\"pl-PL\",\"@id\":\"https:\\\/\\\/secure.gravatar.com\\\/avatar\\\/5a17b3a5a44d4dca9d48ed0eccafb488c6c54063f627f848184a92807a97590b?s=96&d=mm&r=g\",\"url\":\"https:\\\/\\\/secure.gravatar.com\\\/avatar\\\/5a17b3a5a44d4dca9d48ed0eccafb488c6c54063f627f848184a92807a97590b?s=96&d=mm&r=g\",\"contentUrl\":\"https:\\\/\\\/secure.gravatar.com\\\/avatar\\\/5a17b3a5a44d4dca9d48ed0eccafb488c6c54063f627f848184a92807a97590b?s=96&d=mm&r=g\",\"caption\":\"Maciej\"}}]}<\/script>\n<!-- \/ Yoast SEO plugin. -->","yoast_head_json":{"title":"Startuje europejski projekt NextLevel Parking \u2013 spotkanie partner\u00f3w na PK - Katedra Pojazd\u00f3w Szynowych i Transportu","robots":{"index":"index","follow":"follow","max-snippet":"max-snippet:-1","max-image-preview":"max-image-preview:large","max-video-preview":"max-video-preview:-1"},"canonical":"https:\/\/m8.mech.pk.edu.pl\/index.php\/2023\/05\/24\/startuje-europejski-projekt-nextlevel-parking-spotkanie-partnerow-na-pk\/","og_locale":"pl_PL","og_type":"article","og_title":"Startuje europejski projekt NextLevel Parking \u2013 spotkanie partner\u00f3w na PK - Katedra Pojazd\u00f3w Szynowych i Transportu","og_description":"24 maja 2023 na Politechnice Krakowskiej rozpocz\u0119\u0142o si\u0119 trzydniowe spotkanie \u201eKick-off meeting\u201d projektu InterregCE NEXTLEVEL Parking &#8211; Pushing a parking management approach on the agendas to green mobility strategies in functional urban areas. Do Krakowa przyjechali partnerzy z o\u015bmiu kraj\u00f3w Europy, w tym przedstawiciele Ministerstwa Infrastruktury oraz Radna autonomicznego regionu Bolzano-South Tyrol.\u00a0 Uczestnik\u00f3w przywita\u0142 rektor [&hellip;]","og_url":"https:\/\/m8.mech.pk.edu.pl\/index.php\/2023\/05\/24\/startuje-europejski-projekt-nextlevel-parking-spotkanie-partnerow-na-pk\/","og_site_name":"Katedra Pojazd\u00f3w Szynowych i Transportu","article_publisher":"https:\/\/facebook.com\/KPSzTPK","article_published_time":"2023-05-24T18:10:56+00:00","article_modified_time":"2023-05-24T18:10:57+00:00","og_image":[{"width":600,"height":450,"url":"https:\/\/m8.mech.pk.edu.pl\/wp-content\/uploads\/2023\/05\/nlp1.jpg","type":"image\/jpeg"}],"author":"Maciej","twitter_card":"summary_large_image","twitter_misc":{"Napisane przez":"Maciej","Szacowany czas czytania":"2 minuty"},"schema":{"@context":"https:\/\/schema.org","@graph":[{"@type":"Article","@id":"https:\/\/m8.mech.pk.edu.pl\/index.php\/2023\/05\/24\/startuje-europejski-projekt-nextlevel-parking-spotkanie-partnerow-na-pk\/#article","isPartOf":{"@id":"https:\/\/m8.mech.pk.edu.pl\/index.php\/2023\/05\/24\/startuje-europejski-projekt-nextlevel-parking-spotkanie-partnerow-na-pk\/"},"author":{"name":"Maciej","@id":"https:\/\/m8.mech.pk.edu.pl\/#\/schema\/person\/d8f6c9a11add49a79e366c6d4261d14e"},"headline":"Startuje europejski projekt NextLevel Parking \u2013 spotkanie partner\u00f3w na PK","datePublished":"2023-05-24T18:10:56+00:00","dateModified":"2023-05-24T18:10:57+00:00","mainEntityOfPage":{"@id":"https:\/\/m8.mech.pk.edu.pl\/index.php\/2023\/05\/24\/startuje-europejski-projekt-nextlevel-parking-spotkanie-partnerow-na-pk\/"},"wordCount":152,"publisher":{"@id":"https:\/\/m8.mech.pk.edu.pl\/#organization"},"image":{"@id":"https:\/\/m8.mech.pk.edu.pl\/index.php\/2023\/05\/24\/startuje-europejski-projekt-nextlevel-parking-spotkanie-partnerow-na-pk\/#primaryimage"},"thumbnailUrl":"https:\/\/m8.mech.pk.edu.pl\/wp-content\/uploads\/2023\/05\/nlp1.jpg","inLanguage":"pl-PL"},{"@type":"WebPage","@id":"https:\/\/m8.mech.pk.edu.pl\/index.php\/2023\/05\/24\/startuje-europejski-projekt-nextlevel-parking-spotkanie-partnerow-na-pk\/","url":"https:\/\/m8.mech.pk.edu.pl\/index.php\/2023\/05\/24\/startuje-europejski-projekt-nextlevel-parking-spotkanie-partnerow-na-pk\/","name":"Startuje europejski projekt NextLevel Parking \u2013 spotkanie partner\u00f3w na PK - Katedra Pojazd\u00f3w Szynowych i Transportu","isPartOf":{"@id":"https:\/\/m8.mech.pk.edu.pl\/#website"},"primaryImageOfPage":{"@id":"https:\/\/m8.mech.pk.edu.pl\/index.php\/2023\/05\/24\/startuje-europejski-projekt-nextlevel-parking-spotkanie-partnerow-na-pk\/#primaryimage"},"image":{"@id":"https:\/\/m8.mech.pk.edu.pl\/index.php\/2023\/05\/24\/startuje-europejski-projekt-nextlevel-parking-spotkanie-partnerow-na-pk\/#primaryimage"},"thumbnailUrl":"https:\/\/m8.mech.pk.edu.pl\/wp-content\/uploads\/2023\/05\/nlp1.jpg","datePublished":"2023-05-24T18:10:56+00:00","dateModified":"2023-05-24T18:10:57+00:00","breadcrumb":{"@id":"https:\/\/m8.mech.pk.edu.pl\/index.php\/2023\/05\/24\/startuje-europejski-projekt-nextlevel-parking-spotkanie-partnerow-na-pk\/#breadcrumb"},"inLanguage":"pl-PL","potentialAction":[{"@type":"ReadAction","target":["https:\/\/m8.mech.pk.edu.pl\/index.php\/2023\/05\/24\/startuje-europejski-projekt-nextlevel-parking-spotkanie-partnerow-na-pk\/"]}]},{"@type":"ImageObject","inLanguage":"pl-PL","@id":"https:\/\/m8.mech.pk.edu.pl\/index.php\/2023\/05\/24\/startuje-europejski-projekt-nextlevel-parking-spotkanie-partnerow-na-pk\/#primaryimage","url":"https:\/\/m8.mech.pk.edu.pl\/wp-content\/uploads\/2023\/05\/nlp1.jpg","contentUrl":"https:\/\/m8.mech.pk.edu.pl\/wp-content\/uploads\/2023\/05\/nlp1.jpg","width":600,"height":450},{"@type":"BreadcrumbList","@id":"https:\/\/m8.mech.pk.edu.pl\/index.php\/2023\/05\/24\/startuje-europejski-projekt-nextlevel-parking-spotkanie-partnerow-na-pk\/#breadcrumb","itemListElement":[{"@type":"ListItem","position":1,"name":"Strona g\u0142\u00f3wna","item":"https:\/\/m8.mech.pk.edu.pl\/"},{"@type":"ListItem","position":2,"name":"Startuje europejski projekt NextLevel Parking \u2013 spotkanie partner\u00f3w na PK"}]},{"@type":"WebSite","@id":"https:\/\/m8.mech.pk.edu.pl\/#website","url":"https:\/\/m8.mech.pk.edu.pl\/","name":"Katedra Pojazd\u00f3w Szynowych i Transportu","description":"Katedra Pojazd\u00f3w Szynowych i Transportu Politechniki Krakowskiej na Wydziale Mechanicznym","publisher":{"@id":"https:\/\/m8.mech.pk.edu.pl\/#organization"},"potentialAction":[{"@type":"SearchAction","target":{"@type":"EntryPoint","urlTemplate":"https:\/\/m8.mech.pk.edu.pl\/?s={search_term_string}"},"query-input":{"@type":"PropertyValueSpecification","valueRequired":true,"valueName":"search_term_string"}}],"inLanguage":"pl-PL"},{"@type":"Organization","@id":"https:\/\/m8.mech.pk.edu.pl\/#organization","name":"Katedra Pojazd\u00f3w Szynowych","url":"https:\/\/m8.mech.pk.edu.pl\/","logo":{"@type":"ImageObject","inLanguage":"pl-PL","@id":"https:\/\/m8.mech.pk.edu.pl\/#\/schema\/logo\/image\/","url":"https:\/\/m8.mech.pk.edu.pl\/wp-content\/uploads\/2021\/01\/logo-mail-kpsit.png","contentUrl":"https:\/\/m8.mech.pk.edu.pl\/wp-content\/uploads\/2021\/01\/logo-mail-kpsit.png","width":300,"height":119,"caption":"Katedra Pojazd\u00f3w Szynowych"},"image":{"@id":"https:\/\/m8.mech.pk.edu.pl\/#\/schema\/logo\/image\/"},"sameAs":["https:\/\/facebook.com\/KPSzTPK","https:\/\/www.youtube.com\/channel\/UCen3PQ3fl3ry92o_lHkyVaQ"]},{"@type":"Person","@id":"https:\/\/m8.mech.pk.edu.pl\/#\/schema\/person\/d8f6c9a11add49a79e366c6d4261d14e","name":"Maciej","image":{"@type":"ImageObject","inLanguage":"pl-PL","@id":"https:\/\/secure.gravatar.com\/avatar\/5a17b3a5a44d4dca9d48ed0eccafb488c6c54063f627f848184a92807a97590b?s=96&d=mm&r=g","url":"https:\/\/secure.gravatar.com\/avatar\/5a17b3a5a44d4dca9d48ed0eccafb488c6c54063f627f848184a92807a97590b?s=96&d=mm&r=g","contentUrl":"https:\/\/secure.gravatar.com\/avatar\/5a17b3a5a44d4dca9d48ed0eccafb488c6c54063f627f848184a92807a97590b?s=96&d=mm&r=g","caption":"Maciej"}}]}},"_links":{"self":[{"href":"https:\/\/m8.mech.pk.edu.pl\/index.php\/wp-json\/wp\/v2\/posts\/3653","targetHints":{"allow":["GET"]}}],"collection":[{"href":"https:\/\/m8.mech.pk.edu.pl\/index.php\/wp-json\/wp\/v2\/posts"}],"about":[{"href":"https:\/\/m8.mech.pk.edu.pl\/index.php\/wp-json\/wp\/v2\/types\/post"}],"author":[{"embeddable":true,"href":"https:\/\/m8.mech.pk.edu.pl\/index.php\/wp-json\/wp\/v2\/users\/5"}],"replies":[{"embeddable":true,"href":"https:\/\/m8.mech.pk.edu.pl\/index.php\/wp-json\/wp\/v2\/comments?post=3653"}],"version-history":[{"count":1,"href":"https:\/\/m8.mech.pk.edu.pl\/index.php\/wp-json\/wp\/v2\/posts\/3653\/revisions"}],"predecessor-version":[{"id":3657,"href":"https:\/\/m8.mech.pk.edu.pl\/index.php\/wp-json\/wp\/v2\/posts\/3653\/revisions\/3657"}],"wp:featuredmedia":[{"embeddable":true,"href":"https:\/\/m8.mech.pk.edu.pl\/index.php\/wp-json\/wp\/v2\/media\/3654"}],"wp:attachment":[{"href":"https:\/\/m8.mech.pk.edu.pl\/index.php\/wp-json\/wp\/v2\/media?parent=3653"}],"wp:term":[{"taxonomy":"category","embeddable":true,"href":"https:\/\/m8.mech.pk.edu.pl\/index.php\/wp-json\/wp\/v2\/categories?post=3653"},{"taxonomy":"post_tag","embeddable":true,"href":"https:\/\/m8.mech.pk.edu.pl\/index.php\/wp-json\/wp\/v2\/tags?post=3653"}],"curies":[{"name":"wp","href":"https:\/\/api.w.org\/{rel}","templated":true}]}}