{"id":3587,"date":"2023-04-20T22:37:22","date_gmt":"2023-04-20T20:37:22","guid":{"rendered":"https:\/\/m8.mech.pk.edu.pl\/?p=3587"},"modified":"2023-04-20T22:38:48","modified_gmt":"2023-04-20T20:38:48","slug":"3587","status":"publish","type":"post","link":"https:\/\/m8.mech.pk.edu.pl\/index.php\/2023\/04\/20\/3587\/","title":{"rendered":"Wyk\u0142ad: \u201ePKP Intercity \u2013 Twoje miejsce rozwoju w bran\u017cy kolejowej\u201d"},"content":{"rendered":"\n<p>W dniu 20 kwietnia 2023 r. na Wydziale Mechanicznym PK odby\u0142o si\u0119 spotkanie student\u00f3w trzech wydzia\u0142\u00f3w Politechniki Krakowskiej: Wydzia\u0142u In\u017cynierii L\u0105dowej, Wydzia\u0142u In\u017cynierii Elektrycznej i Komputerowej oraz Wydzia\u0142u Mechanicznego z przedstawicielami sp\u00f3\u0142ki PKP Intercity SA. Spotkanie by\u0142o nast\u0119pstwem podpisanego porozumienia o wsp\u00f3\u0142pracy pomi\u0119dzy Politechnik\u0105 Krakowsk\u0105 i PKP Intercity, kt\u00f3re w obszarze dydaktycznym obejmuje m.in. wyk\u0142ady dla student\u00f3w, wizyty studyjne, jak r\u00f3wnie\u017c organizacj\u0119 sta\u017cy i praktyk studenckich.W spotkaniu uczestniczy\u0142a Pani Ewa Boguszewska \u2013 Dyrektor Biura Zarz\u0105dzania Zasobami Ludzkimi oraz Pani Anna Karniej \u2013 Ekspert ds. wsp\u00f3\u0142pracy ze szkolnictwem wy\u017cszym w sp\u00f3\u0142ce PKP Intercity SA, kt\u00f3re przedstawi\u0142y interesuj\u0105cy wyk\u0142ad nt.: \u201ePKP Intercity \u2013 Twoje miejsce rozwoju w bran\u017cy kolejowej\u201d. <\/p>\n\n\n\n<!--more-->\n\n\n\n<p>Podczas wyst\u0105pienia om\u00f3wiono zapotrzebowanie na nowe kompetencje, jak r\u00f3wnie\u017c przedstawiono strategi\u0119 sta\u017cy studenckich jako pierwszego kroku do rozwoju kariery zawodowej w PKP Intercity. Spotkanie by\u0142o r\u00f3wnie\u017c okazj\u0105 do om\u00f3wienia wsp\u00f3\u0142pracy w ramach innowacyjnej specjalno\u015bci \u2013 \u201eIn\u017cynieria Pojazd\u00f3w Szynowych\u201d prowadzonej w systemie dualnym na kierunku \u201e\u015arodki Transportu i Logistyka\u201d. PKP Intercity SA jest krajowym, narodowym przewo\u017anikiem pasa\u017cerskim realizuj\u0105cym najwi\u0119ksz\u0105 prac\u0119 przewozow\u0105 i eksploatacyjn\u0105 w\u015br\u00f3d wszystkich przewo\u017anik\u00f3w kolejowych. W 2022 r. udzia\u0142 w rynku liczony prac\u0105 przewozow\u0105 (mln pas-km) wyni\u00f3s\u0142 54,6%, a prac\u0105 eksploatacyjn\u0105 (mln poc-km) 35,1%.<br>Organizatorem spotkania by\u0142a Katedra Pojazd\u00f3w Szynowych i Transportu Politechniki Krakowskiej.<\/p>\n\n\n\n<figure class=\"wp-block-gallery has-nested-images columns-default is-cropped wp-block-gallery-1 is-layout-flex wp-block-gallery-is-layout-flex\">\n<figure class=\"wp-block-image size-large\"><img loading=\"lazy\" decoding=\"async\" width=\"1024\" height=\"576\" data-id=\"3589\" src=\"https:\/\/m8.mech.pk.edu.pl\/wp-content\/uploads\/2023\/04\/PSX_20230420_112042-1024x576.jpg\" alt=\"\" class=\"wp-image-3589\" srcset=\"https:\/\/m8.mech.pk.edu.pl\/wp-content\/uploads\/2023\/04\/PSX_20230420_112042-1024x576.jpg 1024w, https:\/\/m8.mech.pk.edu.pl\/wp-content\/uploads\/2023\/04\/PSX_20230420_112042-300x169.jpg 300w, https:\/\/m8.mech.pk.edu.pl\/wp-content\/uploads\/2023\/04\/PSX_20230420_112042-768x432.jpg 768w, https:\/\/m8.mech.pk.edu.pl\/wp-content\/uploads\/2023\/04\/PSX_20230420_112042-1536x864.jpg 1536w, https:\/\/m8.mech.pk.edu.pl\/wp-content\/uploads\/2023\/04\/PSX_20230420_112042.jpg 2016w\" sizes=\"auto, (max-width: 1024px) 100vw, 1024px\" \/><\/figure>\n\n\n\n<figure class=\"wp-block-image size-large\"><img loading=\"lazy\" decoding=\"async\" width=\"1024\" height=\"576\" data-id=\"3590\" src=\"https:\/\/m8.mech.pk.edu.pl\/wp-content\/uploads\/2023\/04\/PSX_20230420_112142-1024x576.jpg\" alt=\"\" class=\"wp-image-3590\" srcset=\"https:\/\/m8.mech.pk.edu.pl\/wp-content\/uploads\/2023\/04\/PSX_20230420_112142-1024x576.jpg 1024w, https:\/\/m8.mech.pk.edu.pl\/wp-content\/uploads\/2023\/04\/PSX_20230420_112142-300x169.jpg 300w, https:\/\/m8.mech.pk.edu.pl\/wp-content\/uploads\/2023\/04\/PSX_20230420_112142-768x432.jpg 768w, https:\/\/m8.mech.pk.edu.pl\/wp-content\/uploads\/2023\/04\/PSX_20230420_112142-1536x864.jpg 1536w, https:\/\/m8.mech.pk.edu.pl\/wp-content\/uploads\/2023\/04\/PSX_20230420_112142.jpg 2016w\" sizes=\"auto, (max-width: 1024px) 100vw, 1024px\" \/><\/figure>\n\n\n\n<figure class=\"wp-block-image size-large\"><img loading=\"lazy\" decoding=\"async\" width=\"1024\" height=\"576\" data-id=\"3592\" src=\"https:\/\/m8.mech.pk.edu.pl\/wp-content\/uploads\/2023\/04\/PSX_20230420_145710-1024x576.jpg\" alt=\"\" class=\"wp-image-3592\" srcset=\"https:\/\/m8.mech.pk.edu.pl\/wp-content\/uploads\/2023\/04\/PSX_20230420_145710-1024x576.jpg 1024w, https:\/\/m8.mech.pk.edu.pl\/wp-content\/uploads\/2023\/04\/PSX_20230420_145710-300x169.jpg 300w, https:\/\/m8.mech.pk.edu.pl\/wp-content\/uploads\/2023\/04\/PSX_20230420_145710-768x432.jpg 768w, https:\/\/m8.mech.pk.edu.pl\/wp-content\/uploads\/2023\/04\/PSX_20230420_145710-1536x864.jpg 1536w, https:\/\/m8.mech.pk.edu.pl\/wp-content\/uploads\/2023\/04\/PSX_20230420_145710.jpg 2016w\" sizes=\"auto, (max-width: 1024px) 100vw, 1024px\" \/><\/figure>\n\n\n\n<figure class=\"wp-block-image size-large\"><img loading=\"lazy\" decoding=\"async\" width=\"576\" height=\"1024\" data-id=\"3588\" src=\"https:\/\/m8.mech.pk.edu.pl\/wp-content\/uploads\/2023\/04\/PSX_20230420_145732-576x1024.jpg\" alt=\"\" class=\"wp-image-3588\" srcset=\"https:\/\/m8.mech.pk.edu.pl\/wp-content\/uploads\/2023\/04\/PSX_20230420_145732-576x1024.jpg 576w, https:\/\/m8.mech.pk.edu.pl\/wp-content\/uploads\/2023\/04\/PSX_20230420_145732-169x300.jpg 169w, https:\/\/m8.mech.pk.edu.pl\/wp-content\/uploads\/2023\/04\/PSX_20230420_145732-768x1365.jpg 768w, https:\/\/m8.mech.pk.edu.pl\/wp-content\/uploads\/2023\/04\/PSX_20230420_145732-864x1536.jpg 864w, https:\/\/m8.mech.pk.edu.pl\/wp-content\/uploads\/2023\/04\/PSX_20230420_145732.jpg 1134w\" sizes=\"auto, (max-width: 576px) 100vw, 576px\" \/><\/figure>\n\n\n\n<figure class=\"wp-block-image size-large\"><img loading=\"lazy\" decoding=\"async\" width=\"576\" height=\"1024\" data-id=\"3591\" src=\"https:\/\/m8.mech.pk.edu.pl\/wp-content\/uploads\/2023\/04\/PSX_20230420_145926-576x1024.jpg\" alt=\"\" class=\"wp-image-3591\" srcset=\"https:\/\/m8.mech.pk.edu.pl\/wp-content\/uploads\/2023\/04\/PSX_20230420_145926-576x1024.jpg 576w, https:\/\/m8.mech.pk.edu.pl\/wp-content\/uploads\/2023\/04\/PSX_20230420_145926-169x300.jpg 169w, https:\/\/m8.mech.pk.edu.pl\/wp-content\/uploads\/2023\/04\/PSX_20230420_145926-768x1365.jpg 768w, https:\/\/m8.mech.pk.edu.pl\/wp-content\/uploads\/2023\/04\/PSX_20230420_145926-864x1536.jpg 864w, https:\/\/m8.mech.pk.edu.pl\/wp-content\/uploads\/2023\/04\/PSX_20230420_145926.jpg 1134w\" sizes=\"auto, (max-width: 576px) 100vw, 576px\" \/><\/figure>\n<\/figure>\n","protected":false},"excerpt":{"rendered":"<p>W dniu 20 kwietnia 2023 r. na Wydziale Mechanicznym PK odby\u0142o si\u0119 spotkanie student\u00f3w trzech wydzia\u0142\u00f3w Politechniki Krakowskiej: Wydzia\u0142u In\u017cynierii L\u0105dowej, Wydzia\u0142u In\u017cynierii Elektrycznej i Komputerowej oraz Wydzia\u0142u Mechanicznego z przedstawicielami sp\u00f3\u0142ki PKP Intercity SA. Spotkanie by\u0142o nast\u0119pstwem podpisanego porozumienia o wsp\u00f3\u0142pracy pomi\u0119dzy Politechnik\u0105 Krakowsk\u0105 i PKP Intercity, kt\u00f3re w obszarze dydaktycznym obejmuje m.in. wyk\u0142ady [&hellip;]<\/p>\n","protected":false},"author":5,"featured_media":3589,"comment_status":"closed","ping_status":"open","sticky":false,"template":"","format":"standard","meta":{"footnotes":""},"categories":[1],"tags":[],"class_list":["post-3587","post","type-post","status-publish","format-standard","has-post-thumbnail","hentry","category-bez-kategorii"],"yoast_head":"<!-- This site is optimized with the Yoast SEO plugin v27.5 - https:\/\/yoast.com\/product\/yoast-seo-wordpress\/ -->\n<title>Wyk\u0142ad: \u201ePKP Intercity \u2013 Twoje miejsce rozwoju w bran\u017cy kolejowej\u201d - Katedra Pojazd\u00f3w Szynowych i Transportu<\/title>\n<meta name=\"robots\" content=\"index, follow, max-snippet:-1, max-image-preview:large, max-video-preview:-1\" \/>\n<link rel=\"canonical\" href=\"https:\/\/m8.mech.pk.edu.pl\/index.php\/2023\/04\/20\/3587\/\" \/>\n<meta property=\"og:locale\" content=\"pl_PL\" \/>\n<meta property=\"og:type\" content=\"article\" \/>\n<meta property=\"og:title\" content=\"Wyk\u0142ad: \u201ePKP Intercity \u2013 Twoje miejsce rozwoju w bran\u017cy kolejowej\u201d - Katedra Pojazd\u00f3w Szynowych i Transportu\" \/>\n<meta property=\"og:description\" content=\"W dniu 20 kwietnia 2023 r. na Wydziale Mechanicznym PK odby\u0142o si\u0119 spotkanie student\u00f3w trzech wydzia\u0142\u00f3w Politechniki Krakowskiej: Wydzia\u0142u In\u017cynierii L\u0105dowej, Wydzia\u0142u In\u017cynierii Elektrycznej i Komputerowej oraz Wydzia\u0142u Mechanicznego z przedstawicielami sp\u00f3\u0142ki PKP Intercity SA. Spotkanie by\u0142o nast\u0119pstwem podpisanego porozumienia o wsp\u00f3\u0142pracy pomi\u0119dzy Politechnik\u0105 Krakowsk\u0105 i PKP Intercity, kt\u00f3re w obszarze dydaktycznym obejmuje m.in. wyk\u0142ady [&hellip;]\" \/>\n<meta property=\"og:url\" content=\"https:\/\/m8.mech.pk.edu.pl\/index.php\/2023\/04\/20\/3587\/\" \/>\n<meta property=\"og:site_name\" content=\"Katedra Pojazd\u00f3w Szynowych i Transportu\" \/>\n<meta property=\"article:publisher\" content=\"https:\/\/facebook.com\/KPSzTPK\" \/>\n<meta property=\"article:published_time\" content=\"2023-04-20T20:37:22+00:00\" \/>\n<meta property=\"article:modified_time\" content=\"2023-04-20T20:38:48+00:00\" \/>\n<meta property=\"og:image\" content=\"https:\/\/m8.mech.pk.edu.pl\/wp-content\/uploads\/2023\/04\/PSX_20230420_112042.jpg\" \/>\n\t<meta property=\"og:image:width\" content=\"2016\" \/>\n\t<meta property=\"og:image:height\" content=\"1134\" \/>\n\t<meta property=\"og:image:type\" content=\"image\/jpeg\" \/>\n<meta name=\"author\" content=\"Maciej\" \/>\n<meta name=\"twitter:card\" content=\"summary_large_image\" \/>\n<meta name=\"twitter:label1\" content=\"Napisane przez\" \/>\n\t<meta name=\"twitter:data1\" content=\"Maciej\" \/>\n\t<meta name=\"twitter:label2\" content=\"Szacowany czas czytania\" \/>\n\t<meta name=\"twitter:data2\" content=\"3 minuty\" \/>\n<script type=\"application\/ld+json\" class=\"yoast-schema-graph\">{\"@context\":\"https:\\\/\\\/schema.org\",\"@graph\":[{\"@type\":\"Article\",\"@id\":\"https:\\\/\\\/m8.mech.pk.edu.pl\\\/index.php\\\/2023\\\/04\\\/20\\\/3587\\\/#article\",\"isPartOf\":{\"@id\":\"https:\\\/\\\/m8.mech.pk.edu.pl\\\/index.php\\\/2023\\\/04\\\/20\\\/3587\\\/\"},\"author\":{\"name\":\"Maciej\",\"@id\":\"https:\\\/\\\/m8.mech.pk.edu.pl\\\/#\\\/schema\\\/person\\\/d8f6c9a11add49a79e366c6d4261d14e\"},\"headline\":\"Wyk\u0142ad: \u201ePKP Intercity \u2013 Twoje miejsce rozwoju w bran\u017cy kolejowej\u201d\",\"datePublished\":\"2023-04-20T20:37:22+00:00\",\"dateModified\":\"2023-04-20T20:38:48+00:00\",\"mainEntityOfPage\":{\"@id\":\"https:\\\/\\\/m8.mech.pk.edu.pl\\\/index.php\\\/2023\\\/04\\\/20\\\/3587\\\/\"},\"wordCount\":257,\"publisher\":{\"@id\":\"https:\\\/\\\/m8.mech.pk.edu.pl\\\/#organization\"},\"image\":{\"@id\":\"https:\\\/\\\/m8.mech.pk.edu.pl\\\/index.php\\\/2023\\\/04\\\/20\\\/3587\\\/#primaryimage\"},\"thumbnailUrl\":\"https:\\\/\\\/m8.mech.pk.edu.pl\\\/wp-content\\\/uploads\\\/2023\\\/04\\\/PSX_20230420_112042.jpg\",\"inLanguage\":\"pl-PL\"},{\"@type\":\"WebPage\",\"@id\":\"https:\\\/\\\/m8.mech.pk.edu.pl\\\/index.php\\\/2023\\\/04\\\/20\\\/3587\\\/\",\"url\":\"https:\\\/\\\/m8.mech.pk.edu.pl\\\/index.php\\\/2023\\\/04\\\/20\\\/3587\\\/\",\"name\":\"Wyk\u0142ad: \u201ePKP Intercity \u2013 Twoje miejsce rozwoju w bran\u017cy kolejowej\u201d - Katedra Pojazd\u00f3w Szynowych i Transportu\",\"isPartOf\":{\"@id\":\"https:\\\/\\\/m8.mech.pk.edu.pl\\\/#website\"},\"primaryImageOfPage\":{\"@id\":\"https:\\\/\\\/m8.mech.pk.edu.pl\\\/index.php\\\/2023\\\/04\\\/20\\\/3587\\\/#primaryimage\"},\"image\":{\"@id\":\"https:\\\/\\\/m8.mech.pk.edu.pl\\\/index.php\\\/2023\\\/04\\\/20\\\/3587\\\/#primaryimage\"},\"thumbnailUrl\":\"https:\\\/\\\/m8.mech.pk.edu.pl\\\/wp-content\\\/uploads\\\/2023\\\/04\\\/PSX_20230420_112042.jpg\",\"datePublished\":\"2023-04-20T20:37:22+00:00\",\"dateModified\":\"2023-04-20T20:38:48+00:00\",\"breadcrumb\":{\"@id\":\"https:\\\/\\\/m8.mech.pk.edu.pl\\\/index.php\\\/2023\\\/04\\\/20\\\/3587\\\/#breadcrumb\"},\"inLanguage\":\"pl-PL\",\"potentialAction\":[{\"@type\":\"ReadAction\",\"target\":[\"https:\\\/\\\/m8.mech.pk.edu.pl\\\/index.php\\\/2023\\\/04\\\/20\\\/3587\\\/\"]}]},{\"@type\":\"ImageObject\",\"inLanguage\":\"pl-PL\",\"@id\":\"https:\\\/\\\/m8.mech.pk.edu.pl\\\/index.php\\\/2023\\\/04\\\/20\\\/3587\\\/#primaryimage\",\"url\":\"https:\\\/\\\/m8.mech.pk.edu.pl\\\/wp-content\\\/uploads\\\/2023\\\/04\\\/PSX_20230420_112042.jpg\",\"contentUrl\":\"https:\\\/\\\/m8.mech.pk.edu.pl\\\/wp-content\\\/uploads\\\/2023\\\/04\\\/PSX_20230420_112042.jpg\",\"width\":2016,\"height\":1134},{\"@type\":\"BreadcrumbList\",\"@id\":\"https:\\\/\\\/m8.mech.pk.edu.pl\\\/index.php\\\/2023\\\/04\\\/20\\\/3587\\\/#breadcrumb\",\"itemListElement\":[{\"@type\":\"ListItem\",\"position\":1,\"name\":\"Strona g\u0142\u00f3wna\",\"item\":\"https:\\\/\\\/m8.mech.pk.edu.pl\\\/\"},{\"@type\":\"ListItem\",\"position\":2,\"name\":\"Wyk\u0142ad: \u201ePKP Intercity \u2013 Twoje miejsce rozwoju w bran\u017cy kolejowej\u201d\"}]},{\"@type\":\"WebSite\",\"@id\":\"https:\\\/\\\/m8.mech.pk.edu.pl\\\/#website\",\"url\":\"https:\\\/\\\/m8.mech.pk.edu.pl\\\/\",\"name\":\"Katedra Pojazd\u00f3w Szynowych i Transportu\",\"description\":\"Katedra Pojazd\u00f3w Szynowych i Transportu Politechniki Krakowskiej na Wydziale Mechanicznym\",\"publisher\":{\"@id\":\"https:\\\/\\\/m8.mech.pk.edu.pl\\\/#organization\"},\"potentialAction\":[{\"@type\":\"SearchAction\",\"target\":{\"@type\":\"EntryPoint\",\"urlTemplate\":\"https:\\\/\\\/m8.mech.pk.edu.pl\\\/?s={search_term_string}\"},\"query-input\":{\"@type\":\"PropertyValueSpecification\",\"valueRequired\":true,\"valueName\":\"search_term_string\"}}],\"inLanguage\":\"pl-PL\"},{\"@type\":\"Organization\",\"@id\":\"https:\\\/\\\/m8.mech.pk.edu.pl\\\/#organization\",\"name\":\"Katedra Pojazd\u00f3w Szynowych\",\"url\":\"https:\\\/\\\/m8.mech.pk.edu.pl\\\/\",\"logo\":{\"@type\":\"ImageObject\",\"inLanguage\":\"pl-PL\",\"@id\":\"https:\\\/\\\/m8.mech.pk.edu.pl\\\/#\\\/schema\\\/logo\\\/image\\\/\",\"url\":\"https:\\\/\\\/m8.mech.pk.edu.pl\\\/wp-content\\\/uploads\\\/2021\\\/01\\\/logo-mail-kpsit.png\",\"contentUrl\":\"https:\\\/\\\/m8.mech.pk.edu.pl\\\/wp-content\\\/uploads\\\/2021\\\/01\\\/logo-mail-kpsit.png\",\"width\":300,\"height\":119,\"caption\":\"Katedra Pojazd\u00f3w Szynowych\"},\"image\":{\"@id\":\"https:\\\/\\\/m8.mech.pk.edu.pl\\\/#\\\/schema\\\/logo\\\/image\\\/\"},\"sameAs\":[\"https:\\\/\\\/facebook.com\\\/KPSzTPK\",\"https:\\\/\\\/www.youtube.com\\\/channel\\\/UCen3PQ3fl3ry92o_lHkyVaQ\"]},{\"@type\":\"Person\",\"@id\":\"https:\\\/\\\/m8.mech.pk.edu.pl\\\/#\\\/schema\\\/person\\\/d8f6c9a11add49a79e366c6d4261d14e\",\"name\":\"Maciej\",\"image\":{\"@type\":\"ImageObject\",\"inLanguage\":\"pl-PL\",\"@id\":\"https:\\\/\\\/secure.gravatar.com\\\/avatar\\\/5a17b3a5a44d4dca9d48ed0eccafb488c6c54063f627f848184a92807a97590b?s=96&d=mm&r=g\",\"url\":\"https:\\\/\\\/secure.gravatar.com\\\/avatar\\\/5a17b3a5a44d4dca9d48ed0eccafb488c6c54063f627f848184a92807a97590b?s=96&d=mm&r=g\",\"contentUrl\":\"https:\\\/\\\/secure.gravatar.com\\\/avatar\\\/5a17b3a5a44d4dca9d48ed0eccafb488c6c54063f627f848184a92807a97590b?s=96&d=mm&r=g\",\"caption\":\"Maciej\"}}]}<\/script>\n<!-- \/ Yoast SEO plugin. -->","yoast_head_json":{"title":"Wyk\u0142ad: \u201ePKP Intercity \u2013 Twoje miejsce rozwoju w bran\u017cy kolejowej\u201d - Katedra Pojazd\u00f3w Szynowych i Transportu","robots":{"index":"index","follow":"follow","max-snippet":"max-snippet:-1","max-image-preview":"max-image-preview:large","max-video-preview":"max-video-preview:-1"},"canonical":"https:\/\/m8.mech.pk.edu.pl\/index.php\/2023\/04\/20\/3587\/","og_locale":"pl_PL","og_type":"article","og_title":"Wyk\u0142ad: \u201ePKP Intercity \u2013 Twoje miejsce rozwoju w bran\u017cy kolejowej\u201d - Katedra Pojazd\u00f3w Szynowych i Transportu","og_description":"W dniu 20 kwietnia 2023 r. na Wydziale Mechanicznym PK odby\u0142o si\u0119 spotkanie student\u00f3w trzech wydzia\u0142\u00f3w Politechniki Krakowskiej: Wydzia\u0142u In\u017cynierii L\u0105dowej, Wydzia\u0142u In\u017cynierii Elektrycznej i Komputerowej oraz Wydzia\u0142u Mechanicznego z przedstawicielami sp\u00f3\u0142ki PKP Intercity SA. Spotkanie by\u0142o nast\u0119pstwem podpisanego porozumienia o wsp\u00f3\u0142pracy pomi\u0119dzy Politechnik\u0105 Krakowsk\u0105 i PKP Intercity, kt\u00f3re w obszarze dydaktycznym obejmuje m.in. wyk\u0142ady [&hellip;]","og_url":"https:\/\/m8.mech.pk.edu.pl\/index.php\/2023\/04\/20\/3587\/","og_site_name":"Katedra Pojazd\u00f3w Szynowych i Transportu","article_publisher":"https:\/\/facebook.com\/KPSzTPK","article_published_time":"2023-04-20T20:37:22+00:00","article_modified_time":"2023-04-20T20:38:48+00:00","og_image":[{"width":2016,"height":1134,"url":"https:\/\/m8.mech.pk.edu.pl\/wp-content\/uploads\/2023\/04\/PSX_20230420_112042.jpg","type":"image\/jpeg"}],"author":"Maciej","twitter_card":"summary_large_image","twitter_misc":{"Napisane przez":"Maciej","Szacowany czas czytania":"3 minuty"},"schema":{"@context":"https:\/\/schema.org","@graph":[{"@type":"Article","@id":"https:\/\/m8.mech.pk.edu.pl\/index.php\/2023\/04\/20\/3587\/#article","isPartOf":{"@id":"https:\/\/m8.mech.pk.edu.pl\/index.php\/2023\/04\/20\/3587\/"},"author":{"name":"Maciej","@id":"https:\/\/m8.mech.pk.edu.pl\/#\/schema\/person\/d8f6c9a11add49a79e366c6d4261d14e"},"headline":"Wyk\u0142ad: \u201ePKP Intercity \u2013 Twoje miejsce rozwoju w bran\u017cy kolejowej\u201d","datePublished":"2023-04-20T20:37:22+00:00","dateModified":"2023-04-20T20:38:48+00:00","mainEntityOfPage":{"@id":"https:\/\/m8.mech.pk.edu.pl\/index.php\/2023\/04\/20\/3587\/"},"wordCount":257,"publisher":{"@id":"https:\/\/m8.mech.pk.edu.pl\/#organization"},"image":{"@id":"https:\/\/m8.mech.pk.edu.pl\/index.php\/2023\/04\/20\/3587\/#primaryimage"},"thumbnailUrl":"https:\/\/m8.mech.pk.edu.pl\/wp-content\/uploads\/2023\/04\/PSX_20230420_112042.jpg","inLanguage":"pl-PL"},{"@type":"WebPage","@id":"https:\/\/m8.mech.pk.edu.pl\/index.php\/2023\/04\/20\/3587\/","url":"https:\/\/m8.mech.pk.edu.pl\/index.php\/2023\/04\/20\/3587\/","name":"Wyk\u0142ad: \u201ePKP Intercity \u2013 Twoje miejsce rozwoju w bran\u017cy kolejowej\u201d - Katedra Pojazd\u00f3w Szynowych i Transportu","isPartOf":{"@id":"https:\/\/m8.mech.pk.edu.pl\/#website"},"primaryImageOfPage":{"@id":"https:\/\/m8.mech.pk.edu.pl\/index.php\/2023\/04\/20\/3587\/#primaryimage"},"image":{"@id":"https:\/\/m8.mech.pk.edu.pl\/index.php\/2023\/04\/20\/3587\/#primaryimage"},"thumbnailUrl":"https:\/\/m8.mech.pk.edu.pl\/wp-content\/uploads\/2023\/04\/PSX_20230420_112042.jpg","datePublished":"2023-04-20T20:37:22+00:00","dateModified":"2023-04-20T20:38:48+00:00","breadcrumb":{"@id":"https:\/\/m8.mech.pk.edu.pl\/index.php\/2023\/04\/20\/3587\/#breadcrumb"},"inLanguage":"pl-PL","potentialAction":[{"@type":"ReadAction","target":["https:\/\/m8.mech.pk.edu.pl\/index.php\/2023\/04\/20\/3587\/"]}]},{"@type":"ImageObject","inLanguage":"pl-PL","@id":"https:\/\/m8.mech.pk.edu.pl\/index.php\/2023\/04\/20\/3587\/#primaryimage","url":"https:\/\/m8.mech.pk.edu.pl\/wp-content\/uploads\/2023\/04\/PSX_20230420_112042.jpg","contentUrl":"https:\/\/m8.mech.pk.edu.pl\/wp-content\/uploads\/2023\/04\/PSX_20230420_112042.jpg","width":2016,"height":1134},{"@type":"BreadcrumbList","@id":"https:\/\/m8.mech.pk.edu.pl\/index.php\/2023\/04\/20\/3587\/#breadcrumb","itemListElement":[{"@type":"ListItem","position":1,"name":"Strona g\u0142\u00f3wna","item":"https:\/\/m8.mech.pk.edu.pl\/"},{"@type":"ListItem","position":2,"name":"Wyk\u0142ad: \u201ePKP Intercity \u2013 Twoje miejsce rozwoju w bran\u017cy kolejowej\u201d"}]},{"@type":"WebSite","@id":"https:\/\/m8.mech.pk.edu.pl\/#website","url":"https:\/\/m8.mech.pk.edu.pl\/","name":"Katedra Pojazd\u00f3w Szynowych i Transportu","description":"Katedra Pojazd\u00f3w Szynowych i Transportu Politechniki Krakowskiej na Wydziale Mechanicznym","publisher":{"@id":"https:\/\/m8.mech.pk.edu.pl\/#organization"},"potentialAction":[{"@type":"SearchAction","target":{"@type":"EntryPoint","urlTemplate":"https:\/\/m8.mech.pk.edu.pl\/?s={search_term_string}"},"query-input":{"@type":"PropertyValueSpecification","valueRequired":true,"valueName":"search_term_string"}}],"inLanguage":"pl-PL"},{"@type":"Organization","@id":"https:\/\/m8.mech.pk.edu.pl\/#organization","name":"Katedra Pojazd\u00f3w Szynowych","url":"https:\/\/m8.mech.pk.edu.pl\/","logo":{"@type":"ImageObject","inLanguage":"pl-PL","@id":"https:\/\/m8.mech.pk.edu.pl\/#\/schema\/logo\/image\/","url":"https:\/\/m8.mech.pk.edu.pl\/wp-content\/uploads\/2021\/01\/logo-mail-kpsit.png","contentUrl":"https:\/\/m8.mech.pk.edu.pl\/wp-content\/uploads\/2021\/01\/logo-mail-kpsit.png","width":300,"height":119,"caption":"Katedra Pojazd\u00f3w Szynowych"},"image":{"@id":"https:\/\/m8.mech.pk.edu.pl\/#\/schema\/logo\/image\/"},"sameAs":["https:\/\/facebook.com\/KPSzTPK","https:\/\/www.youtube.com\/channel\/UCen3PQ3fl3ry92o_lHkyVaQ"]},{"@type":"Person","@id":"https:\/\/m8.mech.pk.edu.pl\/#\/schema\/person\/d8f6c9a11add49a79e366c6d4261d14e","name":"Maciej","image":{"@type":"ImageObject","inLanguage":"pl-PL","@id":"https:\/\/secure.gravatar.com\/avatar\/5a17b3a5a44d4dca9d48ed0eccafb488c6c54063f627f848184a92807a97590b?s=96&d=mm&r=g","url":"https:\/\/secure.gravatar.com\/avatar\/5a17b3a5a44d4dca9d48ed0eccafb488c6c54063f627f848184a92807a97590b?s=96&d=mm&r=g","contentUrl":"https:\/\/secure.gravatar.com\/avatar\/5a17b3a5a44d4dca9d48ed0eccafb488c6c54063f627f848184a92807a97590b?s=96&d=mm&r=g","caption":"Maciej"}}]}},"_links":{"self":[{"href":"https:\/\/m8.mech.pk.edu.pl\/index.php\/wp-json\/wp\/v2\/posts\/3587","targetHints":{"allow":["GET"]}}],"collection":[{"href":"https:\/\/m8.mech.pk.edu.pl\/index.php\/wp-json\/wp\/v2\/posts"}],"about":[{"href":"https:\/\/m8.mech.pk.edu.pl\/index.php\/wp-json\/wp\/v2\/types\/post"}],"author":[{"embeddable":true,"href":"https:\/\/m8.mech.pk.edu.pl\/index.php\/wp-json\/wp\/v2\/users\/5"}],"replies":[{"embeddable":true,"href":"https:\/\/m8.mech.pk.edu.pl\/index.php\/wp-json\/wp\/v2\/comments?post=3587"}],"version-history":[{"count":2,"href":"https:\/\/m8.mech.pk.edu.pl\/index.php\/wp-json\/wp\/v2\/posts\/3587\/revisions"}],"predecessor-version":[{"id":3594,"href":"https:\/\/m8.mech.pk.edu.pl\/index.php\/wp-json\/wp\/v2\/posts\/3587\/revisions\/3594"}],"wp:featuredmedia":[{"embeddable":true,"href":"https:\/\/m8.mech.pk.edu.pl\/index.php\/wp-json\/wp\/v2\/media\/3589"}],"wp:attachment":[{"href":"https:\/\/m8.mech.pk.edu.pl\/index.php\/wp-json\/wp\/v2\/media?parent=3587"}],"wp:term":[{"taxonomy":"category","embeddable":true,"href":"https:\/\/m8.mech.pk.edu.pl\/index.php\/wp-json\/wp\/v2\/categories?post=3587"},{"taxonomy":"post_tag","embeddable":true,"href":"https:\/\/m8.mech.pk.edu.pl\/index.php\/wp-json\/wp\/v2\/tags?post=3587"}],"curies":[{"name":"wp","href":"https:\/\/api.w.org\/{rel}","templated":true}]}}