{"id":3441,"date":"2023-02-08T21:01:24","date_gmt":"2023-02-08T20:01:24","guid":{"rendered":"https:\/\/m8.mech.pk.edu.pl\/?p=3441"},"modified":"2023-02-10T10:16:34","modified_gmt":"2023-02-10T09:16:34","slug":"porozumienie-o-wspolpracy-z-alstom","status":"publish","type":"post","link":"https:\/\/m8.mech.pk.edu.pl\/index.php\/2023\/02\/08\/porozumienie-o-wspolpracy-z-alstom\/","title":{"rendered":"Porozumienie o wsp\u00f3\u0142pracy z ALSTOM"},"content":{"rendered":"\n<p>Z wielk\u0105 przyjemno\u015bci\u0105 informujemy, \u017ce 7 lutego 2023 zosta\u0142o podpisane porozumienie o wsp\u00f3\u0142pracy z firm\u0105 ALSTOM ZWUS &#8211; liderem w zakresie produkcji system\u00f3w i urz\u0105dze\u0144 sterowania ruchem kolejowym oraz uk\u0142ad\u00f3w automatyki bezpiecze\u0144stwa jazdy poci\u0105g\u00f3w, nale\u017c\u0105cym do \u015bwiatowego koncernu ALSTOM Transport. Porozumienie firmy z uczelni\u0105 dotyczy wsp\u00f3\u0142pracy naukowo-technicznej, wymiany do\u015bwiadcze\u0144, realizacji projekt\u00f3w in\u017cynierskich i badawczych oraz wsparcia procesu dydaktycznego w ramach kierunk\u00f3w zwi\u0105zanych z transportem na trzech wydzia\u0142ach PK, w tym innowacyjnej specjalno\u015bci prowadzonej w systemie dualnym &#8211; In\u017cynieria Pojazd\u00f3w Szynowych.<br><\/p>\n\n\n\n<!--more-->\n\n\n\n<p>To kolejne du\u017ce przedsi\u0119biorstwo z bran\u017cy transportu szynowego, z kt\u00f3rym nawi\u0105zali\u015bmy wsp\u00f3\u0142prac\u0119.<br>Wi\u0119cej informacji:<br><a href=\"https:\/\/www.pk.edu.pl\/index.php\/pl\/pk18-aktualnosci-glowna\/4624-politechnika-krakowska-zaczyna-strategiczna-wspolprace-z-alstom-zwus\" target=\"_blank\" rel=\"noreferrer noopener\">https:\/\/www.pk.edu.pl\/index.php\/pl\/pk18-aktualnosci-glowna\/4624-politechnika-krakowska-zaczyna-strategiczna-wspolprace-z-alstom-zwus<\/a><br><\/p>\n\n\n\n<div style=\"height:5px\" aria-hidden=\"true\" class=\"wp-block-spacer\"><\/div>\n\n\n<div class=\"wp-block-image\">\n<figure class=\"aligncenter size-large\"><img loading=\"lazy\" decoding=\"async\" width=\"1024\" height=\"577\" src=\"https:\/\/m8.mech.pk.edu.pl\/wp-content\/uploads\/2023\/02\/alstom1-1024x577.jpg\" alt=\"\" class=\"wp-image-3442\" srcset=\"https:\/\/m8.mech.pk.edu.pl\/wp-content\/uploads\/2023\/02\/alstom1-1024x577.jpg 1024w, https:\/\/m8.mech.pk.edu.pl\/wp-content\/uploads\/2023\/02\/alstom1-300x169.jpg 300w, https:\/\/m8.mech.pk.edu.pl\/wp-content\/uploads\/2023\/02\/alstom1-768x433.jpg 768w, https:\/\/m8.mech.pk.edu.pl\/wp-content\/uploads\/2023\/02\/alstom1-1536x866.jpg 1536w, https:\/\/m8.mech.pk.edu.pl\/wp-content\/uploads\/2023\/02\/alstom1.jpg 2000w\" sizes=\"auto, (max-width: 1024px) 100vw, 1024px\" \/><figcaption class=\"wp-element-caption\">fot. J. Zych<\/figcaption><\/figure>\n<\/div>\n\n\n<p><\/p>\n\n\n\n<figure class=\"wp-block-gallery has-nested-images columns-default is-cropped wp-block-gallery-1 is-layout-flex wp-block-gallery-is-layout-flex\">\n<figure class=\"wp-block-image size-large\"><a href=\"https:\/\/m8.mech.pk.edu.pl\/wp-content\/uploads\/2023\/02\/DSC_0030-scaled.jpg\" target=\"_blank\" rel=\"noopener\"><img loading=\"lazy\" decoding=\"async\" width=\"1024\" height=\"683\" data-id=\"3444\" src=\"https:\/\/m8.mech.pk.edu.pl\/wp-content\/uploads\/2023\/02\/DSC_0030-1024x683.jpg\" alt=\"\" class=\"wp-image-3444\" srcset=\"https:\/\/m8.mech.pk.edu.pl\/wp-content\/uploads\/2023\/02\/DSC_0030-1024x683.jpg 1024w, https:\/\/m8.mech.pk.edu.pl\/wp-content\/uploads\/2023\/02\/DSC_0030-300x200.jpg 300w, https:\/\/m8.mech.pk.edu.pl\/wp-content\/uploads\/2023\/02\/DSC_0030-768x512.jpg 768w, https:\/\/m8.mech.pk.edu.pl\/wp-content\/uploads\/2023\/02\/DSC_0030-1536x1024.jpg 1536w, https:\/\/m8.mech.pk.edu.pl\/wp-content\/uploads\/2023\/02\/DSC_0030-2048x1365.jpg 2048w\" sizes=\"auto, (max-width: 1024px) 100vw, 1024px\" \/><\/a><\/figure>\n\n\n\n<figure class=\"wp-block-image size-large\"><a href=\"https:\/\/m8.mech.pk.edu.pl\/wp-content\/uploads\/2023\/02\/DSC_0034-scaled.jpg\" target=\"_blank\" rel=\"noopener\"><img loading=\"lazy\" decoding=\"async\" width=\"1024\" height=\"683\" data-id=\"3445\" src=\"https:\/\/m8.mech.pk.edu.pl\/wp-content\/uploads\/2023\/02\/DSC_0034-1024x683.jpg\" alt=\"\" class=\"wp-image-3445\" srcset=\"https:\/\/m8.mech.pk.edu.pl\/wp-content\/uploads\/2023\/02\/DSC_0034-1024x683.jpg 1024w, https:\/\/m8.mech.pk.edu.pl\/wp-content\/uploads\/2023\/02\/DSC_0034-300x200.jpg 300w, https:\/\/m8.mech.pk.edu.pl\/wp-content\/uploads\/2023\/02\/DSC_0034-768x512.jpg 768w, https:\/\/m8.mech.pk.edu.pl\/wp-content\/uploads\/2023\/02\/DSC_0034-1536x1024.jpg 1536w, https:\/\/m8.mech.pk.edu.pl\/wp-content\/uploads\/2023\/02\/DSC_0034-2048x1365.jpg 2048w\" sizes=\"auto, (max-width: 1024px) 100vw, 1024px\" \/><\/a><\/figure>\n\n\n\n<figure class=\"wp-block-image size-large\"><a href=\"https:\/\/m8.mech.pk.edu.pl\/wp-content\/uploads\/2023\/02\/DSC_0059-scaled.jpg\" target=\"_blank\" rel=\"noopener\"><img loading=\"lazy\" decoding=\"async\" width=\"1024\" height=\"683\" data-id=\"3447\" src=\"https:\/\/m8.mech.pk.edu.pl\/wp-content\/uploads\/2023\/02\/DSC_0059-1024x683.jpg\" alt=\"\" class=\"wp-image-3447\" srcset=\"https:\/\/m8.mech.pk.edu.pl\/wp-content\/uploads\/2023\/02\/DSC_0059-1024x683.jpg 1024w, https:\/\/m8.mech.pk.edu.pl\/wp-content\/uploads\/2023\/02\/DSC_0059-300x200.jpg 300w, https:\/\/m8.mech.pk.edu.pl\/wp-content\/uploads\/2023\/02\/DSC_0059-768x512.jpg 768w, https:\/\/m8.mech.pk.edu.pl\/wp-content\/uploads\/2023\/02\/DSC_0059-1536x1024.jpg 1536w, https:\/\/m8.mech.pk.edu.pl\/wp-content\/uploads\/2023\/02\/DSC_0059-2048x1365.jpg 2048w\" sizes=\"auto, (max-width: 1024px) 100vw, 1024px\" \/><\/a><\/figure>\n<figcaption class=\"blocks-gallery-caption wp-element-caption\">fot. Jan Zych<\/figcaption><\/figure>\n","protected":false},"excerpt":{"rendered":"<p>Z wielk\u0105 przyjemno\u015bci\u0105 informujemy, \u017ce 7 lutego 2023 zosta\u0142o podpisane porozumienie o wsp\u00f3\u0142pracy z firm\u0105 ALSTOM ZWUS &#8211; liderem w zakresie produkcji system\u00f3w i urz\u0105dze\u0144 sterowania ruchem kolejowym oraz uk\u0142ad\u00f3w automatyki bezpiecze\u0144stwa jazdy poci\u0105g\u00f3w, nale\u017c\u0105cym do \u015bwiatowego koncernu ALSTOM Transport. Porozumienie firmy z uczelni\u0105 dotyczy wsp\u00f3\u0142pracy naukowo-technicznej, wymiany do\u015bwiadcze\u0144, realizacji projekt\u00f3w in\u017cynierskich i badawczych oraz [&hellip;]<\/p>\n","protected":false},"author":5,"featured_media":3442,"comment_status":"closed","ping_status":"open","sticky":false,"template":"","format":"standard","meta":{"footnotes":""},"categories":[1],"tags":[],"class_list":["post-3441","post","type-post","status-publish","format-standard","has-post-thumbnail","hentry","category-bez-kategorii"],"yoast_head":"<!-- This site is optimized with the Yoast SEO plugin v27.5 - https:\/\/yoast.com\/product\/yoast-seo-wordpress\/ -->\n<title>Porozumienie o wsp\u00f3\u0142pracy z ALSTOM - Katedra Pojazd\u00f3w Szynowych i Transportu<\/title>\n<meta name=\"robots\" content=\"index, follow, max-snippet:-1, max-image-preview:large, max-video-preview:-1\" \/>\n<link rel=\"canonical\" href=\"https:\/\/m8.mech.pk.edu.pl\/index.php\/2023\/02\/08\/porozumienie-o-wspolpracy-z-alstom\/\" \/>\n<meta property=\"og:locale\" content=\"pl_PL\" \/>\n<meta property=\"og:type\" content=\"article\" \/>\n<meta property=\"og:title\" content=\"Porozumienie o wsp\u00f3\u0142pracy z ALSTOM - Katedra Pojazd\u00f3w Szynowych i Transportu\" \/>\n<meta property=\"og:description\" content=\"Z wielk\u0105 przyjemno\u015bci\u0105 informujemy, \u017ce 7 lutego 2023 zosta\u0142o podpisane porozumienie o wsp\u00f3\u0142pracy z firm\u0105 ALSTOM ZWUS &#8211; liderem w zakresie produkcji system\u00f3w i urz\u0105dze\u0144 sterowania ruchem kolejowym oraz uk\u0142ad\u00f3w automatyki bezpiecze\u0144stwa jazdy poci\u0105g\u00f3w, nale\u017c\u0105cym do \u015bwiatowego koncernu ALSTOM Transport. Porozumienie firmy z uczelni\u0105 dotyczy wsp\u00f3\u0142pracy naukowo-technicznej, wymiany do\u015bwiadcze\u0144, realizacji projekt\u00f3w in\u017cynierskich i badawczych oraz [&hellip;]\" \/>\n<meta property=\"og:url\" content=\"https:\/\/m8.mech.pk.edu.pl\/index.php\/2023\/02\/08\/porozumienie-o-wspolpracy-z-alstom\/\" \/>\n<meta property=\"og:site_name\" content=\"Katedra Pojazd\u00f3w Szynowych i Transportu\" \/>\n<meta property=\"article:publisher\" content=\"https:\/\/facebook.com\/KPSzTPK\" \/>\n<meta property=\"article:published_time\" content=\"2023-02-08T20:01:24+00:00\" \/>\n<meta property=\"article:modified_time\" content=\"2023-02-10T09:16:34+00:00\" \/>\n<meta property=\"og:image\" content=\"https:\/\/m8.mech.pk.edu.pl\/wp-content\/uploads\/2023\/02\/alstom1.jpg\" \/>\n\t<meta property=\"og:image:width\" content=\"2000\" \/>\n\t<meta property=\"og:image:height\" content=\"1127\" \/>\n\t<meta property=\"og:image:type\" content=\"image\/jpeg\" \/>\n<meta name=\"author\" content=\"Maciej\" \/>\n<meta name=\"twitter:card\" content=\"summary_large_image\" \/>\n<meta name=\"twitter:label1\" content=\"Napisane przez\" \/>\n\t<meta name=\"twitter:data1\" content=\"Maciej\" \/>\n\t<meta name=\"twitter:label2\" content=\"Szacowany czas czytania\" \/>\n\t<meta name=\"twitter:data2\" content=\"2 minuty\" \/>\n<script type=\"application\/ld+json\" class=\"yoast-schema-graph\">{\"@context\":\"https:\\\/\\\/schema.org\",\"@graph\":[{\"@type\":\"Article\",\"@id\":\"https:\\\/\\\/m8.mech.pk.edu.pl\\\/index.php\\\/2023\\\/02\\\/08\\\/porozumienie-o-wspolpracy-z-alstom\\\/#article\",\"isPartOf\":{\"@id\":\"https:\\\/\\\/m8.mech.pk.edu.pl\\\/index.php\\\/2023\\\/02\\\/08\\\/porozumienie-o-wspolpracy-z-alstom\\\/\"},\"author\":{\"name\":\"Maciej\",\"@id\":\"https:\\\/\\\/m8.mech.pk.edu.pl\\\/#\\\/schema\\\/person\\\/d8f6c9a11add49a79e366c6d4261d14e\"},\"headline\":\"Porozumienie o wsp\u00f3\u0142pracy z ALSTOM\",\"datePublished\":\"2023-02-08T20:01:24+00:00\",\"dateModified\":\"2023-02-10T09:16:34+00:00\",\"mainEntityOfPage\":{\"@id\":\"https:\\\/\\\/m8.mech.pk.edu.pl\\\/index.php\\\/2023\\\/02\\\/08\\\/porozumienie-o-wspolpracy-z-alstom\\\/\"},\"wordCount\":144,\"publisher\":{\"@id\":\"https:\\\/\\\/m8.mech.pk.edu.pl\\\/#organization\"},\"image\":{\"@id\":\"https:\\\/\\\/m8.mech.pk.edu.pl\\\/index.php\\\/2023\\\/02\\\/08\\\/porozumienie-o-wspolpracy-z-alstom\\\/#primaryimage\"},\"thumbnailUrl\":\"https:\\\/\\\/m8.mech.pk.edu.pl\\\/wp-content\\\/uploads\\\/2023\\\/02\\\/alstom1.jpg\",\"inLanguage\":\"pl-PL\"},{\"@type\":\"WebPage\",\"@id\":\"https:\\\/\\\/m8.mech.pk.edu.pl\\\/index.php\\\/2023\\\/02\\\/08\\\/porozumienie-o-wspolpracy-z-alstom\\\/\",\"url\":\"https:\\\/\\\/m8.mech.pk.edu.pl\\\/index.php\\\/2023\\\/02\\\/08\\\/porozumienie-o-wspolpracy-z-alstom\\\/\",\"name\":\"Porozumienie o wsp\u00f3\u0142pracy z ALSTOM - Katedra Pojazd\u00f3w Szynowych i Transportu\",\"isPartOf\":{\"@id\":\"https:\\\/\\\/m8.mech.pk.edu.pl\\\/#website\"},\"primaryImageOfPage\":{\"@id\":\"https:\\\/\\\/m8.mech.pk.edu.pl\\\/index.php\\\/2023\\\/02\\\/08\\\/porozumienie-o-wspolpracy-z-alstom\\\/#primaryimage\"},\"image\":{\"@id\":\"https:\\\/\\\/m8.mech.pk.edu.pl\\\/index.php\\\/2023\\\/02\\\/08\\\/porozumienie-o-wspolpracy-z-alstom\\\/#primaryimage\"},\"thumbnailUrl\":\"https:\\\/\\\/m8.mech.pk.edu.pl\\\/wp-content\\\/uploads\\\/2023\\\/02\\\/alstom1.jpg\",\"datePublished\":\"2023-02-08T20:01:24+00:00\",\"dateModified\":\"2023-02-10T09:16:34+00:00\",\"breadcrumb\":{\"@id\":\"https:\\\/\\\/m8.mech.pk.edu.pl\\\/index.php\\\/2023\\\/02\\\/08\\\/porozumienie-o-wspolpracy-z-alstom\\\/#breadcrumb\"},\"inLanguage\":\"pl-PL\",\"potentialAction\":[{\"@type\":\"ReadAction\",\"target\":[\"https:\\\/\\\/m8.mech.pk.edu.pl\\\/index.php\\\/2023\\\/02\\\/08\\\/porozumienie-o-wspolpracy-z-alstom\\\/\"]}]},{\"@type\":\"ImageObject\",\"inLanguage\":\"pl-PL\",\"@id\":\"https:\\\/\\\/m8.mech.pk.edu.pl\\\/index.php\\\/2023\\\/02\\\/08\\\/porozumienie-o-wspolpracy-z-alstom\\\/#primaryimage\",\"url\":\"https:\\\/\\\/m8.mech.pk.edu.pl\\\/wp-content\\\/uploads\\\/2023\\\/02\\\/alstom1.jpg\",\"contentUrl\":\"https:\\\/\\\/m8.mech.pk.edu.pl\\\/wp-content\\\/uploads\\\/2023\\\/02\\\/alstom1.jpg\",\"width\":2000,\"height\":1127},{\"@type\":\"BreadcrumbList\",\"@id\":\"https:\\\/\\\/m8.mech.pk.edu.pl\\\/index.php\\\/2023\\\/02\\\/08\\\/porozumienie-o-wspolpracy-z-alstom\\\/#breadcrumb\",\"itemListElement\":[{\"@type\":\"ListItem\",\"position\":1,\"name\":\"Strona g\u0142\u00f3wna\",\"item\":\"https:\\\/\\\/m8.mech.pk.edu.pl\\\/\"},{\"@type\":\"ListItem\",\"position\":2,\"name\":\"Porozumienie o wsp\u00f3\u0142pracy z ALSTOM\"}]},{\"@type\":\"WebSite\",\"@id\":\"https:\\\/\\\/m8.mech.pk.edu.pl\\\/#website\",\"url\":\"https:\\\/\\\/m8.mech.pk.edu.pl\\\/\",\"name\":\"Katedra Pojazd\u00f3w Szynowych i Transportu\",\"description\":\"Katedra Pojazd\u00f3w Szynowych i Transportu Politechniki Krakowskiej na Wydziale Mechanicznym\",\"publisher\":{\"@id\":\"https:\\\/\\\/m8.mech.pk.edu.pl\\\/#organization\"},\"potentialAction\":[{\"@type\":\"SearchAction\",\"target\":{\"@type\":\"EntryPoint\",\"urlTemplate\":\"https:\\\/\\\/m8.mech.pk.edu.pl\\\/?s={search_term_string}\"},\"query-input\":{\"@type\":\"PropertyValueSpecification\",\"valueRequired\":true,\"valueName\":\"search_term_string\"}}],\"inLanguage\":\"pl-PL\"},{\"@type\":\"Organization\",\"@id\":\"https:\\\/\\\/m8.mech.pk.edu.pl\\\/#organization\",\"name\":\"Katedra Pojazd\u00f3w Szynowych\",\"url\":\"https:\\\/\\\/m8.mech.pk.edu.pl\\\/\",\"logo\":{\"@type\":\"ImageObject\",\"inLanguage\":\"pl-PL\",\"@id\":\"https:\\\/\\\/m8.mech.pk.edu.pl\\\/#\\\/schema\\\/logo\\\/image\\\/\",\"url\":\"https:\\\/\\\/m8.mech.pk.edu.pl\\\/wp-content\\\/uploads\\\/2021\\\/01\\\/logo-mail-kpsit.png\",\"contentUrl\":\"https:\\\/\\\/m8.mech.pk.edu.pl\\\/wp-content\\\/uploads\\\/2021\\\/01\\\/logo-mail-kpsit.png\",\"width\":300,\"height\":119,\"caption\":\"Katedra Pojazd\u00f3w Szynowych\"},\"image\":{\"@id\":\"https:\\\/\\\/m8.mech.pk.edu.pl\\\/#\\\/schema\\\/logo\\\/image\\\/\"},\"sameAs\":[\"https:\\\/\\\/facebook.com\\\/KPSzTPK\",\"https:\\\/\\\/www.youtube.com\\\/channel\\\/UCen3PQ3fl3ry92o_lHkyVaQ\"]},{\"@type\":\"Person\",\"@id\":\"https:\\\/\\\/m8.mech.pk.edu.pl\\\/#\\\/schema\\\/person\\\/d8f6c9a11add49a79e366c6d4261d14e\",\"name\":\"Maciej\",\"image\":{\"@type\":\"ImageObject\",\"inLanguage\":\"pl-PL\",\"@id\":\"https:\\\/\\\/secure.gravatar.com\\\/avatar\\\/5a17b3a5a44d4dca9d48ed0eccafb488c6c54063f627f848184a92807a97590b?s=96&d=mm&r=g\",\"url\":\"https:\\\/\\\/secure.gravatar.com\\\/avatar\\\/5a17b3a5a44d4dca9d48ed0eccafb488c6c54063f627f848184a92807a97590b?s=96&d=mm&r=g\",\"contentUrl\":\"https:\\\/\\\/secure.gravatar.com\\\/avatar\\\/5a17b3a5a44d4dca9d48ed0eccafb488c6c54063f627f848184a92807a97590b?s=96&d=mm&r=g\",\"caption\":\"Maciej\"}}]}<\/script>\n<!-- \/ Yoast SEO plugin. -->","yoast_head_json":{"title":"Porozumienie o wsp\u00f3\u0142pracy z ALSTOM - Katedra Pojazd\u00f3w Szynowych i Transportu","robots":{"index":"index","follow":"follow","max-snippet":"max-snippet:-1","max-image-preview":"max-image-preview:large","max-video-preview":"max-video-preview:-1"},"canonical":"https:\/\/m8.mech.pk.edu.pl\/index.php\/2023\/02\/08\/porozumienie-o-wspolpracy-z-alstom\/","og_locale":"pl_PL","og_type":"article","og_title":"Porozumienie o wsp\u00f3\u0142pracy z ALSTOM - Katedra Pojazd\u00f3w Szynowych i Transportu","og_description":"Z wielk\u0105 przyjemno\u015bci\u0105 informujemy, \u017ce 7 lutego 2023 zosta\u0142o podpisane porozumienie o wsp\u00f3\u0142pracy z firm\u0105 ALSTOM ZWUS &#8211; liderem w zakresie produkcji system\u00f3w i urz\u0105dze\u0144 sterowania ruchem kolejowym oraz uk\u0142ad\u00f3w automatyki bezpiecze\u0144stwa jazdy poci\u0105g\u00f3w, nale\u017c\u0105cym do \u015bwiatowego koncernu ALSTOM Transport. Porozumienie firmy z uczelni\u0105 dotyczy wsp\u00f3\u0142pracy naukowo-technicznej, wymiany do\u015bwiadcze\u0144, realizacji projekt\u00f3w in\u017cynierskich i badawczych oraz [&hellip;]","og_url":"https:\/\/m8.mech.pk.edu.pl\/index.php\/2023\/02\/08\/porozumienie-o-wspolpracy-z-alstom\/","og_site_name":"Katedra Pojazd\u00f3w Szynowych i Transportu","article_publisher":"https:\/\/facebook.com\/KPSzTPK","article_published_time":"2023-02-08T20:01:24+00:00","article_modified_time":"2023-02-10T09:16:34+00:00","og_image":[{"width":2000,"height":1127,"url":"https:\/\/m8.mech.pk.edu.pl\/wp-content\/uploads\/2023\/02\/alstom1.jpg","type":"image\/jpeg"}],"author":"Maciej","twitter_card":"summary_large_image","twitter_misc":{"Napisane przez":"Maciej","Szacowany czas czytania":"2 minuty"},"schema":{"@context":"https:\/\/schema.org","@graph":[{"@type":"Article","@id":"https:\/\/m8.mech.pk.edu.pl\/index.php\/2023\/02\/08\/porozumienie-o-wspolpracy-z-alstom\/#article","isPartOf":{"@id":"https:\/\/m8.mech.pk.edu.pl\/index.php\/2023\/02\/08\/porozumienie-o-wspolpracy-z-alstom\/"},"author":{"name":"Maciej","@id":"https:\/\/m8.mech.pk.edu.pl\/#\/schema\/person\/d8f6c9a11add49a79e366c6d4261d14e"},"headline":"Porozumienie o wsp\u00f3\u0142pracy z ALSTOM","datePublished":"2023-02-08T20:01:24+00:00","dateModified":"2023-02-10T09:16:34+00:00","mainEntityOfPage":{"@id":"https:\/\/m8.mech.pk.edu.pl\/index.php\/2023\/02\/08\/porozumienie-o-wspolpracy-z-alstom\/"},"wordCount":144,"publisher":{"@id":"https:\/\/m8.mech.pk.edu.pl\/#organization"},"image":{"@id":"https:\/\/m8.mech.pk.edu.pl\/index.php\/2023\/02\/08\/porozumienie-o-wspolpracy-z-alstom\/#primaryimage"},"thumbnailUrl":"https:\/\/m8.mech.pk.edu.pl\/wp-content\/uploads\/2023\/02\/alstom1.jpg","inLanguage":"pl-PL"},{"@type":"WebPage","@id":"https:\/\/m8.mech.pk.edu.pl\/index.php\/2023\/02\/08\/porozumienie-o-wspolpracy-z-alstom\/","url":"https:\/\/m8.mech.pk.edu.pl\/index.php\/2023\/02\/08\/porozumienie-o-wspolpracy-z-alstom\/","name":"Porozumienie o wsp\u00f3\u0142pracy z ALSTOM - Katedra Pojazd\u00f3w Szynowych i Transportu","isPartOf":{"@id":"https:\/\/m8.mech.pk.edu.pl\/#website"},"primaryImageOfPage":{"@id":"https:\/\/m8.mech.pk.edu.pl\/index.php\/2023\/02\/08\/porozumienie-o-wspolpracy-z-alstom\/#primaryimage"},"image":{"@id":"https:\/\/m8.mech.pk.edu.pl\/index.php\/2023\/02\/08\/porozumienie-o-wspolpracy-z-alstom\/#primaryimage"},"thumbnailUrl":"https:\/\/m8.mech.pk.edu.pl\/wp-content\/uploads\/2023\/02\/alstom1.jpg","datePublished":"2023-02-08T20:01:24+00:00","dateModified":"2023-02-10T09:16:34+00:00","breadcrumb":{"@id":"https:\/\/m8.mech.pk.edu.pl\/index.php\/2023\/02\/08\/porozumienie-o-wspolpracy-z-alstom\/#breadcrumb"},"inLanguage":"pl-PL","potentialAction":[{"@type":"ReadAction","target":["https:\/\/m8.mech.pk.edu.pl\/index.php\/2023\/02\/08\/porozumienie-o-wspolpracy-z-alstom\/"]}]},{"@type":"ImageObject","inLanguage":"pl-PL","@id":"https:\/\/m8.mech.pk.edu.pl\/index.php\/2023\/02\/08\/porozumienie-o-wspolpracy-z-alstom\/#primaryimage","url":"https:\/\/m8.mech.pk.edu.pl\/wp-content\/uploads\/2023\/02\/alstom1.jpg","contentUrl":"https:\/\/m8.mech.pk.edu.pl\/wp-content\/uploads\/2023\/02\/alstom1.jpg","width":2000,"height":1127},{"@type":"BreadcrumbList","@id":"https:\/\/m8.mech.pk.edu.pl\/index.php\/2023\/02\/08\/porozumienie-o-wspolpracy-z-alstom\/#breadcrumb","itemListElement":[{"@type":"ListItem","position":1,"name":"Strona g\u0142\u00f3wna","item":"https:\/\/m8.mech.pk.edu.pl\/"},{"@type":"ListItem","position":2,"name":"Porozumienie o wsp\u00f3\u0142pracy z ALSTOM"}]},{"@type":"WebSite","@id":"https:\/\/m8.mech.pk.edu.pl\/#website","url":"https:\/\/m8.mech.pk.edu.pl\/","name":"Katedra Pojazd\u00f3w Szynowych i Transportu","description":"Katedra Pojazd\u00f3w Szynowych i Transportu Politechniki Krakowskiej na Wydziale Mechanicznym","publisher":{"@id":"https:\/\/m8.mech.pk.edu.pl\/#organization"},"potentialAction":[{"@type":"SearchAction","target":{"@type":"EntryPoint","urlTemplate":"https:\/\/m8.mech.pk.edu.pl\/?s={search_term_string}"},"query-input":{"@type":"PropertyValueSpecification","valueRequired":true,"valueName":"search_term_string"}}],"inLanguage":"pl-PL"},{"@type":"Organization","@id":"https:\/\/m8.mech.pk.edu.pl\/#organization","name":"Katedra Pojazd\u00f3w Szynowych","url":"https:\/\/m8.mech.pk.edu.pl\/","logo":{"@type":"ImageObject","inLanguage":"pl-PL","@id":"https:\/\/m8.mech.pk.edu.pl\/#\/schema\/logo\/image\/","url":"https:\/\/m8.mech.pk.edu.pl\/wp-content\/uploads\/2021\/01\/logo-mail-kpsit.png","contentUrl":"https:\/\/m8.mech.pk.edu.pl\/wp-content\/uploads\/2021\/01\/logo-mail-kpsit.png","width":300,"height":119,"caption":"Katedra Pojazd\u00f3w Szynowych"},"image":{"@id":"https:\/\/m8.mech.pk.edu.pl\/#\/schema\/logo\/image\/"},"sameAs":["https:\/\/facebook.com\/KPSzTPK","https:\/\/www.youtube.com\/channel\/UCen3PQ3fl3ry92o_lHkyVaQ"]},{"@type":"Person","@id":"https:\/\/m8.mech.pk.edu.pl\/#\/schema\/person\/d8f6c9a11add49a79e366c6d4261d14e","name":"Maciej","image":{"@type":"ImageObject","inLanguage":"pl-PL","@id":"https:\/\/secure.gravatar.com\/avatar\/5a17b3a5a44d4dca9d48ed0eccafb488c6c54063f627f848184a92807a97590b?s=96&d=mm&r=g","url":"https:\/\/secure.gravatar.com\/avatar\/5a17b3a5a44d4dca9d48ed0eccafb488c6c54063f627f848184a92807a97590b?s=96&d=mm&r=g","contentUrl":"https:\/\/secure.gravatar.com\/avatar\/5a17b3a5a44d4dca9d48ed0eccafb488c6c54063f627f848184a92807a97590b?s=96&d=mm&r=g","caption":"Maciej"}}]}},"_links":{"self":[{"href":"https:\/\/m8.mech.pk.edu.pl\/index.php\/wp-json\/wp\/v2\/posts\/3441","targetHints":{"allow":["GET"]}}],"collection":[{"href":"https:\/\/m8.mech.pk.edu.pl\/index.php\/wp-json\/wp\/v2\/posts"}],"about":[{"href":"https:\/\/m8.mech.pk.edu.pl\/index.php\/wp-json\/wp\/v2\/types\/post"}],"author":[{"embeddable":true,"href":"https:\/\/m8.mech.pk.edu.pl\/index.php\/wp-json\/wp\/v2\/users\/5"}],"replies":[{"embeddable":true,"href":"https:\/\/m8.mech.pk.edu.pl\/index.php\/wp-json\/wp\/v2\/comments?post=3441"}],"version-history":[{"count":8,"href":"https:\/\/m8.mech.pk.edu.pl\/index.php\/wp-json\/wp\/v2\/posts\/3441\/revisions"}],"predecessor-version":[{"id":3457,"href":"https:\/\/m8.mech.pk.edu.pl\/index.php\/wp-json\/wp\/v2\/posts\/3441\/revisions\/3457"}],"wp:featuredmedia":[{"embeddable":true,"href":"https:\/\/m8.mech.pk.edu.pl\/index.php\/wp-json\/wp\/v2\/media\/3442"}],"wp:attachment":[{"href":"https:\/\/m8.mech.pk.edu.pl\/index.php\/wp-json\/wp\/v2\/media?parent=3441"}],"wp:term":[{"taxonomy":"category","embeddable":true,"href":"https:\/\/m8.mech.pk.edu.pl\/index.php\/wp-json\/wp\/v2\/categories?post=3441"},{"taxonomy":"post_tag","embeddable":true,"href":"https:\/\/m8.mech.pk.edu.pl\/index.php\/wp-json\/wp\/v2\/tags?post=3441"}],"curies":[{"name":"wp","href":"https:\/\/api.w.org\/{rel}","templated":true}]}}