{"id":2936,"date":"2022-05-24T19:21:03","date_gmt":"2022-05-24T17:21:03","guid":{"rendered":"https:\/\/m8.mech.pk.edu.pl\/?p=2936"},"modified":"2022-05-26T21:47:49","modified_gmt":"2022-05-26T19:47:49","slug":"iii-miejsce-studentow-kn-transport-w-ramach-sesji-kol-naukowych-wm","status":"publish","type":"post","link":"https:\/\/m8.mech.pk.edu.pl\/index.php\/2022\/05\/24\/iii-miejsce-studentow-kn-transport-w-ramach-sesji-kol-naukowych-wm\/","title":{"rendered":"III miejsce student\u00f3w KN &#8222;Transport&#8221; w ramach Sesji K\u00f3\u0142 Naukowych WM."},"content":{"rendered":"\n<p>24 maja 2022 odby\u0142a si\u0119 Wydzia\u0142owa Sesja K\u00f3\u0142 Naukowych. Studenci Ko\u0142a Naukowego &#8222;Transport&#8221; zg\u0142osili trzy referaty: &#8222;Ocena mo\u017cliwo\u015bci zastosowania paneli fotowoltaicznych do zasilania wagon\u00f3w pasa\u017cerskich&#8221; autorstwa Krzysztofa Swa\u0142dka i Doroty Zawadzkiej, &#8222;Analiza kolei du\u017cych pr\u0119dko\u015bci w Europie w aspekcie budowy sieci kolei du\u017cych pr\u0119dko\u015bci w Polsce&#8221; autorstwa Krzysztofa Borowczyka i Katarzyny Belskiej oraz &#8222;Trakcja wodorowa \u2013 nap\u0119d przysz\u0142o\u015bci&#8221; autorstwa Krzysztofa Borowczyka, Micha\u0142a Knefel i Szymona Kude\u0142ki.<\/p>\n\n\n\n<!--more-->\n\n\n\n<p>Komisja z 17 zg\u0142oszonych referat\u00f3w przyzna\u0142a III miejsce ex aequo studentom Krzysztof Swa\u0142dek i Dorota Zawadzka \u201eOcena mo\u017cliwo\u015bci zastosowania paneli fotowoltaicznych do zasilania wagon\u00f3w pasa\u017cerskich\u201d, zrealizowanego pod opiek\u0105 mgr in\u017c. Tymoteusza Rasi\u0144skiego. <br>Serdecznie gratulujemy!<\/p>\n\n\n\n<figure class=\"wp-block-gallery has-nested-images columns-default is-cropped wp-block-gallery-1 is-layout-flex wp-block-gallery-is-layout-flex\">\n<figure class=\"wp-block-image size-large\"><img loading=\"lazy\" decoding=\"async\" width=\"1200\" height=\"900\" data-id=\"2949\" src=\"https:\/\/m8.mech.pk.edu.pl\/wp-content\/uploads\/2022\/05\/DSCN9460.jpg\" alt=\"\" class=\"wp-image-2949\" srcset=\"https:\/\/m8.mech.pk.edu.pl\/wp-content\/uploads\/2022\/05\/DSCN9460.jpg 1200w, https:\/\/m8.mech.pk.edu.pl\/wp-content\/uploads\/2022\/05\/DSCN9460-300x225.jpg 300w, https:\/\/m8.mech.pk.edu.pl\/wp-content\/uploads\/2022\/05\/DSCN9460-1024x768.jpg 1024w, https:\/\/m8.mech.pk.edu.pl\/wp-content\/uploads\/2022\/05\/DSCN9460-768x576.jpg 768w\" sizes=\"auto, (max-width: 1200px) 100vw, 1200px\" \/><\/figure>\n\n\n\n<figure class=\"wp-block-image size-large\"><img loading=\"lazy\" decoding=\"async\" width=\"1200\" height=\"900\" data-id=\"2950\" src=\"https:\/\/m8.mech.pk.edu.pl\/wp-content\/uploads\/2022\/05\/DSCN9463.jpg\" alt=\"\" class=\"wp-image-2950\" srcset=\"https:\/\/m8.mech.pk.edu.pl\/wp-content\/uploads\/2022\/05\/DSCN9463.jpg 1200w, https:\/\/m8.mech.pk.edu.pl\/wp-content\/uploads\/2022\/05\/DSCN9463-300x225.jpg 300w, https:\/\/m8.mech.pk.edu.pl\/wp-content\/uploads\/2022\/05\/DSCN9463-1024x768.jpg 1024w, https:\/\/m8.mech.pk.edu.pl\/wp-content\/uploads\/2022\/05\/DSCN9463-768x576.jpg 768w\" sizes=\"auto, (max-width: 1200px) 100vw, 1200px\" \/><\/figure>\n\n\n\n<figure class=\"wp-block-image size-large\"><img loading=\"lazy\" decoding=\"async\" width=\"1200\" height=\"900\" data-id=\"2951\" src=\"https:\/\/m8.mech.pk.edu.pl\/wp-content\/uploads\/2022\/05\/DSCN9464.jpg\" alt=\"\" class=\"wp-image-2951\" srcset=\"https:\/\/m8.mech.pk.edu.pl\/wp-content\/uploads\/2022\/05\/DSCN9464.jpg 1200w, https:\/\/m8.mech.pk.edu.pl\/wp-content\/uploads\/2022\/05\/DSCN9464-300x225.jpg 300w, https:\/\/m8.mech.pk.edu.pl\/wp-content\/uploads\/2022\/05\/DSCN9464-1024x768.jpg 1024w, https:\/\/m8.mech.pk.edu.pl\/wp-content\/uploads\/2022\/05\/DSCN9464-768x576.jpg 768w\" sizes=\"auto, (max-width: 1200px) 100vw, 1200px\" \/><\/figure>\n\n\n\n<figure class=\"wp-block-image size-large\"><img loading=\"lazy\" decoding=\"async\" width=\"1080\" height=\"810\" data-id=\"2937\" src=\"https:\/\/m8.mech.pk.edu.pl\/wp-content\/uploads\/2022\/05\/sesjakolnauk2022.jpg\" alt=\"\" class=\"wp-image-2937\" srcset=\"https:\/\/m8.mech.pk.edu.pl\/wp-content\/uploads\/2022\/05\/sesjakolnauk2022.jpg 1080w, https:\/\/m8.mech.pk.edu.pl\/wp-content\/uploads\/2022\/05\/sesjakolnauk2022-300x225.jpg 300w, https:\/\/m8.mech.pk.edu.pl\/wp-content\/uploads\/2022\/05\/sesjakolnauk2022-1024x768.jpg 1024w, https:\/\/m8.mech.pk.edu.pl\/wp-content\/uploads\/2022\/05\/sesjakolnauk2022-768x576.jpg 768w\" sizes=\"auto, (max-width: 1080px) 100vw, 1080px\" \/><\/figure>\n<\/figure>\n","protected":false},"excerpt":{"rendered":"<p>24 maja 2022 odby\u0142a si\u0119 Wydzia\u0142owa Sesja K\u00f3\u0142 Naukowych. Studenci Ko\u0142a Naukowego &#8222;Transport&#8221; zg\u0142osili trzy referaty: &#8222;Ocena mo\u017cliwo\u015bci zastosowania paneli fotowoltaicznych do zasilania wagon\u00f3w pasa\u017cerskich&#8221; autorstwa Krzysztofa Swa\u0142dka i Doroty Zawadzkiej, &#8222;Analiza kolei du\u017cych pr\u0119dko\u015bci w Europie w aspekcie budowy sieci kolei du\u017cych pr\u0119dko\u015bci w Polsce&#8221; autorstwa Krzysztofa Borowczyka i Katarzyny Belskiej oraz &#8222;Trakcja wodorowa [&hellip;]<\/p>\n","protected":false},"author":5,"featured_media":2937,"comment_status":"closed","ping_status":"open","sticky":false,"template":"","format":"standard","meta":{"footnotes":""},"categories":[1],"tags":[],"class_list":["post-2936","post","type-post","status-publish","format-standard","has-post-thumbnail","hentry","category-bez-kategorii"],"yoast_head":"<!-- This site is optimized with the Yoast SEO plugin v27.5 - https:\/\/yoast.com\/product\/yoast-seo-wordpress\/ -->\n<title>III miejsce student\u00f3w KN &quot;Transport&quot; w ramach Sesji K\u00f3\u0142 Naukowych WM. - Katedra Pojazd\u00f3w Szynowych i Transportu<\/title>\n<meta name=\"robots\" content=\"index, follow, max-snippet:-1, max-image-preview:large, max-video-preview:-1\" \/>\n<link rel=\"canonical\" href=\"https:\/\/m8.mech.pk.edu.pl\/index.php\/2022\/05\/24\/iii-miejsce-studentow-kn-transport-w-ramach-sesji-kol-naukowych-wm\/\" \/>\n<meta property=\"og:locale\" content=\"pl_PL\" \/>\n<meta property=\"og:type\" content=\"article\" \/>\n<meta property=\"og:title\" content=\"III miejsce student\u00f3w KN &quot;Transport&quot; w ramach Sesji K\u00f3\u0142 Naukowych WM. - Katedra Pojazd\u00f3w Szynowych i Transportu\" \/>\n<meta property=\"og:description\" content=\"24 maja 2022 odby\u0142a si\u0119 Wydzia\u0142owa Sesja K\u00f3\u0142 Naukowych. Studenci Ko\u0142a Naukowego &#8222;Transport&#8221; zg\u0142osili trzy referaty: &#8222;Ocena mo\u017cliwo\u015bci zastosowania paneli fotowoltaicznych do zasilania wagon\u00f3w pasa\u017cerskich&#8221; autorstwa Krzysztofa Swa\u0142dka i Doroty Zawadzkiej, &#8222;Analiza kolei du\u017cych pr\u0119dko\u015bci w Europie w aspekcie budowy sieci kolei du\u017cych pr\u0119dko\u015bci w Polsce&#8221; autorstwa Krzysztofa Borowczyka i Katarzyny Belskiej oraz &#8222;Trakcja wodorowa [&hellip;]\" \/>\n<meta property=\"og:url\" content=\"https:\/\/m8.mech.pk.edu.pl\/index.php\/2022\/05\/24\/iii-miejsce-studentow-kn-transport-w-ramach-sesji-kol-naukowych-wm\/\" \/>\n<meta property=\"og:site_name\" content=\"Katedra Pojazd\u00f3w Szynowych i Transportu\" \/>\n<meta property=\"article:publisher\" content=\"https:\/\/facebook.com\/KPSzTPK\" \/>\n<meta property=\"article:published_time\" content=\"2022-05-24T17:21:03+00:00\" \/>\n<meta property=\"article:modified_time\" content=\"2022-05-26T19:47:49+00:00\" \/>\n<meta property=\"og:image\" content=\"https:\/\/m8.mech.pk.edu.pl\/wp-content\/uploads\/2022\/05\/sesjakolnauk2022.jpg\" \/>\n\t<meta property=\"og:image:width\" content=\"1080\" \/>\n\t<meta property=\"og:image:height\" content=\"810\" \/>\n\t<meta property=\"og:image:type\" content=\"image\/jpeg\" \/>\n<meta name=\"author\" content=\"Maciej\" \/>\n<meta name=\"twitter:card\" content=\"summary_large_image\" \/>\n<meta name=\"twitter:label1\" content=\"Napisane przez\" \/>\n\t<meta name=\"twitter:data1\" content=\"Maciej\" \/>\n\t<meta name=\"twitter:label2\" content=\"Szacowany czas czytania\" \/>\n\t<meta name=\"twitter:data2\" content=\"2 minuty\" \/>\n<script type=\"application\/ld+json\" class=\"yoast-schema-graph\">{\"@context\":\"https:\\\/\\\/schema.org\",\"@graph\":[{\"@type\":\"Article\",\"@id\":\"https:\\\/\\\/m8.mech.pk.edu.pl\\\/index.php\\\/2022\\\/05\\\/24\\\/iii-miejsce-studentow-kn-transport-w-ramach-sesji-kol-naukowych-wm\\\/#article\",\"isPartOf\":{\"@id\":\"https:\\\/\\\/m8.mech.pk.edu.pl\\\/index.php\\\/2022\\\/05\\\/24\\\/iii-miejsce-studentow-kn-transport-w-ramach-sesji-kol-naukowych-wm\\\/\"},\"author\":{\"name\":\"Maciej\",\"@id\":\"https:\\\/\\\/m8.mech.pk.edu.pl\\\/#\\\/schema\\\/person\\\/d8f6c9a11add49a79e366c6d4261d14e\"},\"headline\":\"III miejsce student\u00f3w KN &#8222;Transport&#8221; w ramach Sesji K\u00f3\u0142 Naukowych WM.\",\"datePublished\":\"2022-05-24T17:21:03+00:00\",\"dateModified\":\"2022-05-26T19:47:49+00:00\",\"mainEntityOfPage\":{\"@id\":\"https:\\\/\\\/m8.mech.pk.edu.pl\\\/index.php\\\/2022\\\/05\\\/24\\\/iii-miejsce-studentow-kn-transport-w-ramach-sesji-kol-naukowych-wm\\\/\"},\"wordCount\":137,\"publisher\":{\"@id\":\"https:\\\/\\\/m8.mech.pk.edu.pl\\\/#organization\"},\"image\":{\"@id\":\"https:\\\/\\\/m8.mech.pk.edu.pl\\\/index.php\\\/2022\\\/05\\\/24\\\/iii-miejsce-studentow-kn-transport-w-ramach-sesji-kol-naukowych-wm\\\/#primaryimage\"},\"thumbnailUrl\":\"https:\\\/\\\/m8.mech.pk.edu.pl\\\/wp-content\\\/uploads\\\/2022\\\/05\\\/sesjakolnauk2022.jpg\",\"inLanguage\":\"pl-PL\"},{\"@type\":\"WebPage\",\"@id\":\"https:\\\/\\\/m8.mech.pk.edu.pl\\\/index.php\\\/2022\\\/05\\\/24\\\/iii-miejsce-studentow-kn-transport-w-ramach-sesji-kol-naukowych-wm\\\/\",\"url\":\"https:\\\/\\\/m8.mech.pk.edu.pl\\\/index.php\\\/2022\\\/05\\\/24\\\/iii-miejsce-studentow-kn-transport-w-ramach-sesji-kol-naukowych-wm\\\/\",\"name\":\"III miejsce student\u00f3w KN \\\"Transport\\\" w ramach Sesji K\u00f3\u0142 Naukowych WM. - Katedra Pojazd\u00f3w Szynowych i Transportu\",\"isPartOf\":{\"@id\":\"https:\\\/\\\/m8.mech.pk.edu.pl\\\/#website\"},\"primaryImageOfPage\":{\"@id\":\"https:\\\/\\\/m8.mech.pk.edu.pl\\\/index.php\\\/2022\\\/05\\\/24\\\/iii-miejsce-studentow-kn-transport-w-ramach-sesji-kol-naukowych-wm\\\/#primaryimage\"},\"image\":{\"@id\":\"https:\\\/\\\/m8.mech.pk.edu.pl\\\/index.php\\\/2022\\\/05\\\/24\\\/iii-miejsce-studentow-kn-transport-w-ramach-sesji-kol-naukowych-wm\\\/#primaryimage\"},\"thumbnailUrl\":\"https:\\\/\\\/m8.mech.pk.edu.pl\\\/wp-content\\\/uploads\\\/2022\\\/05\\\/sesjakolnauk2022.jpg\",\"datePublished\":\"2022-05-24T17:21:03+00:00\",\"dateModified\":\"2022-05-26T19:47:49+00:00\",\"breadcrumb\":{\"@id\":\"https:\\\/\\\/m8.mech.pk.edu.pl\\\/index.php\\\/2022\\\/05\\\/24\\\/iii-miejsce-studentow-kn-transport-w-ramach-sesji-kol-naukowych-wm\\\/#breadcrumb\"},\"inLanguage\":\"pl-PL\",\"potentialAction\":[{\"@type\":\"ReadAction\",\"target\":[\"https:\\\/\\\/m8.mech.pk.edu.pl\\\/index.php\\\/2022\\\/05\\\/24\\\/iii-miejsce-studentow-kn-transport-w-ramach-sesji-kol-naukowych-wm\\\/\"]}]},{\"@type\":\"ImageObject\",\"inLanguage\":\"pl-PL\",\"@id\":\"https:\\\/\\\/m8.mech.pk.edu.pl\\\/index.php\\\/2022\\\/05\\\/24\\\/iii-miejsce-studentow-kn-transport-w-ramach-sesji-kol-naukowych-wm\\\/#primaryimage\",\"url\":\"https:\\\/\\\/m8.mech.pk.edu.pl\\\/wp-content\\\/uploads\\\/2022\\\/05\\\/sesjakolnauk2022.jpg\",\"contentUrl\":\"https:\\\/\\\/m8.mech.pk.edu.pl\\\/wp-content\\\/uploads\\\/2022\\\/05\\\/sesjakolnauk2022.jpg\",\"width\":1080,\"height\":810},{\"@type\":\"BreadcrumbList\",\"@id\":\"https:\\\/\\\/m8.mech.pk.edu.pl\\\/index.php\\\/2022\\\/05\\\/24\\\/iii-miejsce-studentow-kn-transport-w-ramach-sesji-kol-naukowych-wm\\\/#breadcrumb\",\"itemListElement\":[{\"@type\":\"ListItem\",\"position\":1,\"name\":\"Strona g\u0142\u00f3wna\",\"item\":\"https:\\\/\\\/m8.mech.pk.edu.pl\\\/\"},{\"@type\":\"ListItem\",\"position\":2,\"name\":\"III miejsce student\u00f3w KN &#8222;Transport&#8221; w ramach Sesji K\u00f3\u0142 Naukowych WM.\"}]},{\"@type\":\"WebSite\",\"@id\":\"https:\\\/\\\/m8.mech.pk.edu.pl\\\/#website\",\"url\":\"https:\\\/\\\/m8.mech.pk.edu.pl\\\/\",\"name\":\"Katedra Pojazd\u00f3w Szynowych i Transportu\",\"description\":\"Katedra Pojazd\u00f3w Szynowych i Transportu Politechniki Krakowskiej na Wydziale Mechanicznym\",\"publisher\":{\"@id\":\"https:\\\/\\\/m8.mech.pk.edu.pl\\\/#organization\"},\"potentialAction\":[{\"@type\":\"SearchAction\",\"target\":{\"@type\":\"EntryPoint\",\"urlTemplate\":\"https:\\\/\\\/m8.mech.pk.edu.pl\\\/?s={search_term_string}\"},\"query-input\":{\"@type\":\"PropertyValueSpecification\",\"valueRequired\":true,\"valueName\":\"search_term_string\"}}],\"inLanguage\":\"pl-PL\"},{\"@type\":\"Organization\",\"@id\":\"https:\\\/\\\/m8.mech.pk.edu.pl\\\/#organization\",\"name\":\"Katedra Pojazd\u00f3w Szynowych\",\"url\":\"https:\\\/\\\/m8.mech.pk.edu.pl\\\/\",\"logo\":{\"@type\":\"ImageObject\",\"inLanguage\":\"pl-PL\",\"@id\":\"https:\\\/\\\/m8.mech.pk.edu.pl\\\/#\\\/schema\\\/logo\\\/image\\\/\",\"url\":\"https:\\\/\\\/m8.mech.pk.edu.pl\\\/wp-content\\\/uploads\\\/2021\\\/01\\\/logo-mail-kpsit.png\",\"contentUrl\":\"https:\\\/\\\/m8.mech.pk.edu.pl\\\/wp-content\\\/uploads\\\/2021\\\/01\\\/logo-mail-kpsit.png\",\"width\":300,\"height\":119,\"caption\":\"Katedra Pojazd\u00f3w Szynowych\"},\"image\":{\"@id\":\"https:\\\/\\\/m8.mech.pk.edu.pl\\\/#\\\/schema\\\/logo\\\/image\\\/\"},\"sameAs\":[\"https:\\\/\\\/facebook.com\\\/KPSzTPK\",\"https:\\\/\\\/www.youtube.com\\\/channel\\\/UCen3PQ3fl3ry92o_lHkyVaQ\"]},{\"@type\":\"Person\",\"@id\":\"https:\\\/\\\/m8.mech.pk.edu.pl\\\/#\\\/schema\\\/person\\\/d8f6c9a11add49a79e366c6d4261d14e\",\"name\":\"Maciej\",\"image\":{\"@type\":\"ImageObject\",\"inLanguage\":\"pl-PL\",\"@id\":\"https:\\\/\\\/secure.gravatar.com\\\/avatar\\\/5a17b3a5a44d4dca9d48ed0eccafb488c6c54063f627f848184a92807a97590b?s=96&d=mm&r=g\",\"url\":\"https:\\\/\\\/secure.gravatar.com\\\/avatar\\\/5a17b3a5a44d4dca9d48ed0eccafb488c6c54063f627f848184a92807a97590b?s=96&d=mm&r=g\",\"contentUrl\":\"https:\\\/\\\/secure.gravatar.com\\\/avatar\\\/5a17b3a5a44d4dca9d48ed0eccafb488c6c54063f627f848184a92807a97590b?s=96&d=mm&r=g\",\"caption\":\"Maciej\"}}]}<\/script>\n<!-- \/ Yoast SEO plugin. -->","yoast_head_json":{"title":"III miejsce student\u00f3w KN \"Transport\" w ramach Sesji K\u00f3\u0142 Naukowych WM. - Katedra Pojazd\u00f3w Szynowych i Transportu","robots":{"index":"index","follow":"follow","max-snippet":"max-snippet:-1","max-image-preview":"max-image-preview:large","max-video-preview":"max-video-preview:-1"},"canonical":"https:\/\/m8.mech.pk.edu.pl\/index.php\/2022\/05\/24\/iii-miejsce-studentow-kn-transport-w-ramach-sesji-kol-naukowych-wm\/","og_locale":"pl_PL","og_type":"article","og_title":"III miejsce student\u00f3w KN \"Transport\" w ramach Sesji K\u00f3\u0142 Naukowych WM. - Katedra Pojazd\u00f3w Szynowych i Transportu","og_description":"24 maja 2022 odby\u0142a si\u0119 Wydzia\u0142owa Sesja K\u00f3\u0142 Naukowych. Studenci Ko\u0142a Naukowego &#8222;Transport&#8221; zg\u0142osili trzy referaty: &#8222;Ocena mo\u017cliwo\u015bci zastosowania paneli fotowoltaicznych do zasilania wagon\u00f3w pasa\u017cerskich&#8221; autorstwa Krzysztofa Swa\u0142dka i Doroty Zawadzkiej, &#8222;Analiza kolei du\u017cych pr\u0119dko\u015bci w Europie w aspekcie budowy sieci kolei du\u017cych pr\u0119dko\u015bci w Polsce&#8221; autorstwa Krzysztofa Borowczyka i Katarzyny Belskiej oraz &#8222;Trakcja wodorowa [&hellip;]","og_url":"https:\/\/m8.mech.pk.edu.pl\/index.php\/2022\/05\/24\/iii-miejsce-studentow-kn-transport-w-ramach-sesji-kol-naukowych-wm\/","og_site_name":"Katedra Pojazd\u00f3w Szynowych i Transportu","article_publisher":"https:\/\/facebook.com\/KPSzTPK","article_published_time":"2022-05-24T17:21:03+00:00","article_modified_time":"2022-05-26T19:47:49+00:00","og_image":[{"width":1080,"height":810,"url":"https:\/\/m8.mech.pk.edu.pl\/wp-content\/uploads\/2022\/05\/sesjakolnauk2022.jpg","type":"image\/jpeg"}],"author":"Maciej","twitter_card":"summary_large_image","twitter_misc":{"Napisane przez":"Maciej","Szacowany czas czytania":"2 minuty"},"schema":{"@context":"https:\/\/schema.org","@graph":[{"@type":"Article","@id":"https:\/\/m8.mech.pk.edu.pl\/index.php\/2022\/05\/24\/iii-miejsce-studentow-kn-transport-w-ramach-sesji-kol-naukowych-wm\/#article","isPartOf":{"@id":"https:\/\/m8.mech.pk.edu.pl\/index.php\/2022\/05\/24\/iii-miejsce-studentow-kn-transport-w-ramach-sesji-kol-naukowych-wm\/"},"author":{"name":"Maciej","@id":"https:\/\/m8.mech.pk.edu.pl\/#\/schema\/person\/d8f6c9a11add49a79e366c6d4261d14e"},"headline":"III miejsce student\u00f3w KN &#8222;Transport&#8221; w ramach Sesji K\u00f3\u0142 Naukowych WM.","datePublished":"2022-05-24T17:21:03+00:00","dateModified":"2022-05-26T19:47:49+00:00","mainEntityOfPage":{"@id":"https:\/\/m8.mech.pk.edu.pl\/index.php\/2022\/05\/24\/iii-miejsce-studentow-kn-transport-w-ramach-sesji-kol-naukowych-wm\/"},"wordCount":137,"publisher":{"@id":"https:\/\/m8.mech.pk.edu.pl\/#organization"},"image":{"@id":"https:\/\/m8.mech.pk.edu.pl\/index.php\/2022\/05\/24\/iii-miejsce-studentow-kn-transport-w-ramach-sesji-kol-naukowych-wm\/#primaryimage"},"thumbnailUrl":"https:\/\/m8.mech.pk.edu.pl\/wp-content\/uploads\/2022\/05\/sesjakolnauk2022.jpg","inLanguage":"pl-PL"},{"@type":"WebPage","@id":"https:\/\/m8.mech.pk.edu.pl\/index.php\/2022\/05\/24\/iii-miejsce-studentow-kn-transport-w-ramach-sesji-kol-naukowych-wm\/","url":"https:\/\/m8.mech.pk.edu.pl\/index.php\/2022\/05\/24\/iii-miejsce-studentow-kn-transport-w-ramach-sesji-kol-naukowych-wm\/","name":"III miejsce student\u00f3w KN \"Transport\" w ramach Sesji K\u00f3\u0142 Naukowych WM. - Katedra Pojazd\u00f3w Szynowych i Transportu","isPartOf":{"@id":"https:\/\/m8.mech.pk.edu.pl\/#website"},"primaryImageOfPage":{"@id":"https:\/\/m8.mech.pk.edu.pl\/index.php\/2022\/05\/24\/iii-miejsce-studentow-kn-transport-w-ramach-sesji-kol-naukowych-wm\/#primaryimage"},"image":{"@id":"https:\/\/m8.mech.pk.edu.pl\/index.php\/2022\/05\/24\/iii-miejsce-studentow-kn-transport-w-ramach-sesji-kol-naukowych-wm\/#primaryimage"},"thumbnailUrl":"https:\/\/m8.mech.pk.edu.pl\/wp-content\/uploads\/2022\/05\/sesjakolnauk2022.jpg","datePublished":"2022-05-24T17:21:03+00:00","dateModified":"2022-05-26T19:47:49+00:00","breadcrumb":{"@id":"https:\/\/m8.mech.pk.edu.pl\/index.php\/2022\/05\/24\/iii-miejsce-studentow-kn-transport-w-ramach-sesji-kol-naukowych-wm\/#breadcrumb"},"inLanguage":"pl-PL","potentialAction":[{"@type":"ReadAction","target":["https:\/\/m8.mech.pk.edu.pl\/index.php\/2022\/05\/24\/iii-miejsce-studentow-kn-transport-w-ramach-sesji-kol-naukowych-wm\/"]}]},{"@type":"ImageObject","inLanguage":"pl-PL","@id":"https:\/\/m8.mech.pk.edu.pl\/index.php\/2022\/05\/24\/iii-miejsce-studentow-kn-transport-w-ramach-sesji-kol-naukowych-wm\/#primaryimage","url":"https:\/\/m8.mech.pk.edu.pl\/wp-content\/uploads\/2022\/05\/sesjakolnauk2022.jpg","contentUrl":"https:\/\/m8.mech.pk.edu.pl\/wp-content\/uploads\/2022\/05\/sesjakolnauk2022.jpg","width":1080,"height":810},{"@type":"BreadcrumbList","@id":"https:\/\/m8.mech.pk.edu.pl\/index.php\/2022\/05\/24\/iii-miejsce-studentow-kn-transport-w-ramach-sesji-kol-naukowych-wm\/#breadcrumb","itemListElement":[{"@type":"ListItem","position":1,"name":"Strona g\u0142\u00f3wna","item":"https:\/\/m8.mech.pk.edu.pl\/"},{"@type":"ListItem","position":2,"name":"III miejsce student\u00f3w KN &#8222;Transport&#8221; w ramach Sesji K\u00f3\u0142 Naukowych WM."}]},{"@type":"WebSite","@id":"https:\/\/m8.mech.pk.edu.pl\/#website","url":"https:\/\/m8.mech.pk.edu.pl\/","name":"Katedra Pojazd\u00f3w Szynowych i Transportu","description":"Katedra Pojazd\u00f3w Szynowych i Transportu Politechniki Krakowskiej na Wydziale Mechanicznym","publisher":{"@id":"https:\/\/m8.mech.pk.edu.pl\/#organization"},"potentialAction":[{"@type":"SearchAction","target":{"@type":"EntryPoint","urlTemplate":"https:\/\/m8.mech.pk.edu.pl\/?s={search_term_string}"},"query-input":{"@type":"PropertyValueSpecification","valueRequired":true,"valueName":"search_term_string"}}],"inLanguage":"pl-PL"},{"@type":"Organization","@id":"https:\/\/m8.mech.pk.edu.pl\/#organization","name":"Katedra Pojazd\u00f3w Szynowych","url":"https:\/\/m8.mech.pk.edu.pl\/","logo":{"@type":"ImageObject","inLanguage":"pl-PL","@id":"https:\/\/m8.mech.pk.edu.pl\/#\/schema\/logo\/image\/","url":"https:\/\/m8.mech.pk.edu.pl\/wp-content\/uploads\/2021\/01\/logo-mail-kpsit.png","contentUrl":"https:\/\/m8.mech.pk.edu.pl\/wp-content\/uploads\/2021\/01\/logo-mail-kpsit.png","width":300,"height":119,"caption":"Katedra Pojazd\u00f3w Szynowych"},"image":{"@id":"https:\/\/m8.mech.pk.edu.pl\/#\/schema\/logo\/image\/"},"sameAs":["https:\/\/facebook.com\/KPSzTPK","https:\/\/www.youtube.com\/channel\/UCen3PQ3fl3ry92o_lHkyVaQ"]},{"@type":"Person","@id":"https:\/\/m8.mech.pk.edu.pl\/#\/schema\/person\/d8f6c9a11add49a79e366c6d4261d14e","name":"Maciej","image":{"@type":"ImageObject","inLanguage":"pl-PL","@id":"https:\/\/secure.gravatar.com\/avatar\/5a17b3a5a44d4dca9d48ed0eccafb488c6c54063f627f848184a92807a97590b?s=96&d=mm&r=g","url":"https:\/\/secure.gravatar.com\/avatar\/5a17b3a5a44d4dca9d48ed0eccafb488c6c54063f627f848184a92807a97590b?s=96&d=mm&r=g","contentUrl":"https:\/\/secure.gravatar.com\/avatar\/5a17b3a5a44d4dca9d48ed0eccafb488c6c54063f627f848184a92807a97590b?s=96&d=mm&r=g","caption":"Maciej"}}]}},"_links":{"self":[{"href":"https:\/\/m8.mech.pk.edu.pl\/index.php\/wp-json\/wp\/v2\/posts\/2936","targetHints":{"allow":["GET"]}}],"collection":[{"href":"https:\/\/m8.mech.pk.edu.pl\/index.php\/wp-json\/wp\/v2\/posts"}],"about":[{"href":"https:\/\/m8.mech.pk.edu.pl\/index.php\/wp-json\/wp\/v2\/types\/post"}],"author":[{"embeddable":true,"href":"https:\/\/m8.mech.pk.edu.pl\/index.php\/wp-json\/wp\/v2\/users\/5"}],"replies":[{"embeddable":true,"href":"https:\/\/m8.mech.pk.edu.pl\/index.php\/wp-json\/wp\/v2\/comments?post=2936"}],"version-history":[{"count":3,"href":"https:\/\/m8.mech.pk.edu.pl\/index.php\/wp-json\/wp\/v2\/posts\/2936\/revisions"}],"predecessor-version":[{"id":2953,"href":"https:\/\/m8.mech.pk.edu.pl\/index.php\/wp-json\/wp\/v2\/posts\/2936\/revisions\/2953"}],"wp:featuredmedia":[{"embeddable":true,"href":"https:\/\/m8.mech.pk.edu.pl\/index.php\/wp-json\/wp\/v2\/media\/2937"}],"wp:attachment":[{"href":"https:\/\/m8.mech.pk.edu.pl\/index.php\/wp-json\/wp\/v2\/media?parent=2936"}],"wp:term":[{"taxonomy":"category","embeddable":true,"href":"https:\/\/m8.mech.pk.edu.pl\/index.php\/wp-json\/wp\/v2\/categories?post=2936"},{"taxonomy":"post_tag","embeddable":true,"href":"https:\/\/m8.mech.pk.edu.pl\/index.php\/wp-json\/wp\/v2\/tags?post=2936"}],"curies":[{"name":"wp","href":"https:\/\/api.w.org\/{rel}","templated":true}]}}