{"id":2930,"date":"2022-05-17T22:59:05","date_gmt":"2022-05-17T20:59:05","guid":{"rendered":"https:\/\/m8.mech.pk.edu.pl\/?p=2930"},"modified":"2022-05-17T22:59:06","modified_gmt":"2022-05-17T20:59:06","slug":"pracownicy-katedry-odznaczeni-przez-simp","status":"publish","type":"post","link":"https:\/\/m8.mech.pk.edu.pl\/index.php\/2022\/05\/17\/pracownicy-katedry-odznaczeni-przez-simp\/","title":{"rendered":"Pracownicy Katedry odznaczeni przez SIMP"},"content":{"rendered":"\n<p>12 maja 2022 podczas XXXIII Walnego Zgromadzenia Delegat\u00f3w Oddzia\u0142u Stowarzyszenia In\u017cynier\u00f3w i Technik\u00f3w Mechanik\u00f3w Polskich w Krakowie, naukowcy zwi\u0105zani z Politechnik\u0105 Krakowsk\u0105 zostali uhonorowani odznaczeniami za wk\u0142ad w rozw\u00f3j Stowarzyszenia. <\/p>\n\n\n\n<!--more-->\n\n\n\n<p>Z naszej Katedry odznaczenia otrzymali: dr hab. in\u017c. Stanis\u0142aw M\u0142ynarski, prof. PK &#8211; najwy\u017csze odznaczenie SIMP \u2013 Odznak\u0119 im. Henryka Mierzejewskiego, dr in\u017c. Maciej Michnej &#8211; Z\u0142ot\u0105 Honorow\u0105 Odznak\u0119 SIMP oraz dr hab. in\u017c. Grzegorz Zaj\u0105c &#8211; Srebrn\u0105 Honorow\u0105 Odznak\u0119 SIMP.Odznaczenia wr\u0119czyli prezes Zarz\u0105du Oddzia\u0142u SIMP w Krakowie Jan Zag\u00f3rski oraz wiceprezes Zarz\u0105du Oddzia\u0142u SIMP w Krakowie, cz\u0142onek honorowy SIMP dr hab. in\u017c. Roman Wielgosz, prof. PK. <br><br>Wi\u0119cej informacji: <a href=\"https:\/\/www.pk.edu.pl\/index.php?option=com_content&amp;view=article&amp;id=4290%3Apracownicy-pk-docenieni-przez-stowarzyszenie-inzynierow-i-technikow-mechanikow-polskich&amp;catid=49&amp;lang=pl&amp;Itemid=944&amp;fbclid=IwAR2aeJ194IWBsfP55qW89MCi7J3csmT__q1MBIxKflHfKHQAXUxk_tQnhHw\" target=\"_blank\" rel=\"noreferrer noopener\">https:\/\/www.pk.edu.pl\/index.php?option=com_content&amp;view=article&amp;id=4290:pracownicy-pk-docenieni-przez-stowarzyszenie-inzynierow-i-technikow-mechanikow-polskich&amp;catid=49&amp;lang=pl&amp;Itemid=944<\/a> <br><\/p>\n\n\n\n<figure class=\"wp-block-gallery has-nested-images columns-default is-cropped wp-block-gallery-1 is-layout-flex wp-block-gallery-is-layout-flex\">\n<figure class=\"wp-block-image size-large\"><img loading=\"lazy\" decoding=\"async\" width=\"1000\" height=\"750\" data-id=\"2932\" src=\"https:\/\/m8.mech.pk.edu.pl\/wp-content\/uploads\/2022\/05\/Profesor_Mynarski_oznaczony_przez_SIMP_kopia.jpg\" alt=\"\" class=\"wp-image-2932\" srcset=\"https:\/\/m8.mech.pk.edu.pl\/wp-content\/uploads\/2022\/05\/Profesor_Mynarski_oznaczony_przez_SIMP_kopia.jpg 1000w, https:\/\/m8.mech.pk.edu.pl\/wp-content\/uploads\/2022\/05\/Profesor_Mynarski_oznaczony_przez_SIMP_kopia-300x225.jpg 300w, https:\/\/m8.mech.pk.edu.pl\/wp-content\/uploads\/2022\/05\/Profesor_Mynarski_oznaczony_przez_SIMP_kopia-768x576.jpg 768w\" sizes=\"auto, (max-width: 1000px) 100vw, 1000px\" \/><\/figure>\n\n\n\n<figure class=\"wp-block-image size-large\"><img loading=\"lazy\" decoding=\"async\" width=\"1000\" height=\"750\" data-id=\"2931\" src=\"https:\/\/m8.mech.pk.edu.pl\/wp-content\/uploads\/2022\/05\/Doktor_Michnej_odznaczony_przez_SIMP_kopia.jpg\" alt=\"\" class=\"wp-image-2931\" srcset=\"https:\/\/m8.mech.pk.edu.pl\/wp-content\/uploads\/2022\/05\/Doktor_Michnej_odznaczony_przez_SIMP_kopia.jpg 1000w, https:\/\/m8.mech.pk.edu.pl\/wp-content\/uploads\/2022\/05\/Doktor_Michnej_odznaczony_przez_SIMP_kopia-300x225.jpg 300w, https:\/\/m8.mech.pk.edu.pl\/wp-content\/uploads\/2022\/05\/Doktor_Michnej_odznaczony_przez_SIMP_kopia-768x576.jpg 768w\" sizes=\"auto, (max-width: 1000px) 100vw, 1000px\" \/><\/figure>\n\n\n\n<figure class=\"wp-block-image size-large\"><img loading=\"lazy\" decoding=\"async\" width=\"1000\" height=\"750\" data-id=\"2933\" src=\"https:\/\/m8.mech.pk.edu.pl\/wp-content\/uploads\/2022\/05\/Profesor_Zajc_odznaczony_przez_SIMP_kopia.jpg\" alt=\"\" class=\"wp-image-2933\" srcset=\"https:\/\/m8.mech.pk.edu.pl\/wp-content\/uploads\/2022\/05\/Profesor_Zajc_odznaczony_przez_SIMP_kopia.jpg 1000w, https:\/\/m8.mech.pk.edu.pl\/wp-content\/uploads\/2022\/05\/Profesor_Zajc_odznaczony_przez_SIMP_kopia-300x225.jpg 300w, https:\/\/m8.mech.pk.edu.pl\/wp-content\/uploads\/2022\/05\/Profesor_Zajc_odznaczony_przez_SIMP_kopia-768x576.jpg 768w\" sizes=\"auto, (max-width: 1000px) 100vw, 1000px\" \/><\/figure>\n<figcaption class=\"blocks-gallery-caption\">fot. SIMP<\/figcaption><\/figure>\n\n\n\n<p><\/p>\n","protected":false},"excerpt":{"rendered":"<p>12 maja 2022 podczas XXXIII Walnego Zgromadzenia Delegat\u00f3w Oddzia\u0142u Stowarzyszenia In\u017cynier\u00f3w i Technik\u00f3w Mechanik\u00f3w Polskich w Krakowie, naukowcy zwi\u0105zani z Politechnik\u0105 Krakowsk\u0105 zostali uhonorowani odznaczeniami za wk\u0142ad w rozw\u00f3j Stowarzyszenia.<\/p>\n","protected":false},"author":5,"featured_media":2932,"comment_status":"closed","ping_status":"open","sticky":false,"template":"","format":"standard","meta":{"footnotes":""},"categories":[1],"tags":[],"class_list":["post-2930","post","type-post","status-publish","format-standard","has-post-thumbnail","hentry","category-bez-kategorii"],"yoast_head":"<!-- This site is optimized with the Yoast SEO plugin v27.5 - https:\/\/yoast.com\/product\/yoast-seo-wordpress\/ -->\n<title>Pracownicy Katedry odznaczeni przez SIMP - Katedra Pojazd\u00f3w Szynowych i Transportu<\/title>\n<meta name=\"robots\" content=\"index, follow, max-snippet:-1, max-image-preview:large, max-video-preview:-1\" \/>\n<link rel=\"canonical\" href=\"https:\/\/m8.mech.pk.edu.pl\/index.php\/2022\/05\/17\/pracownicy-katedry-odznaczeni-przez-simp\/\" \/>\n<meta property=\"og:locale\" content=\"pl_PL\" \/>\n<meta property=\"og:type\" content=\"article\" \/>\n<meta property=\"og:title\" content=\"Pracownicy Katedry odznaczeni przez SIMP - Katedra Pojazd\u00f3w Szynowych i Transportu\" \/>\n<meta property=\"og:description\" content=\"12 maja 2022 podczas XXXIII Walnego Zgromadzenia Delegat\u00f3w Oddzia\u0142u Stowarzyszenia In\u017cynier\u00f3w i Technik\u00f3w Mechanik\u00f3w Polskich w Krakowie, naukowcy zwi\u0105zani z Politechnik\u0105 Krakowsk\u0105 zostali uhonorowani odznaczeniami za wk\u0142ad w rozw\u00f3j Stowarzyszenia.\" \/>\n<meta property=\"og:url\" content=\"https:\/\/m8.mech.pk.edu.pl\/index.php\/2022\/05\/17\/pracownicy-katedry-odznaczeni-przez-simp\/\" \/>\n<meta property=\"og:site_name\" content=\"Katedra Pojazd\u00f3w Szynowych i Transportu\" \/>\n<meta property=\"article:publisher\" content=\"https:\/\/facebook.com\/KPSzTPK\" \/>\n<meta property=\"article:published_time\" content=\"2022-05-17T20:59:05+00:00\" \/>\n<meta property=\"article:modified_time\" content=\"2022-05-17T20:59:06+00:00\" \/>\n<meta property=\"og:image\" content=\"https:\/\/m8.mech.pk.edu.pl\/wp-content\/uploads\/2022\/05\/Profesor_Mynarski_oznaczony_przez_SIMP_kopia.jpg\" \/>\n\t<meta property=\"og:image:width\" content=\"1000\" \/>\n\t<meta property=\"og:image:height\" content=\"750\" \/>\n\t<meta property=\"og:image:type\" content=\"image\/jpeg\" \/>\n<meta name=\"author\" content=\"Maciej\" \/>\n<meta name=\"twitter:card\" content=\"summary_large_image\" \/>\n<meta name=\"twitter:label1\" content=\"Napisane przez\" \/>\n\t<meta name=\"twitter:data1\" content=\"Maciej\" \/>\n\t<meta name=\"twitter:label2\" content=\"Szacowany czas czytania\" \/>\n\t<meta name=\"twitter:data2\" content=\"2 minuty\" \/>\n<script type=\"application\/ld+json\" class=\"yoast-schema-graph\">{\"@context\":\"https:\\\/\\\/schema.org\",\"@graph\":[{\"@type\":\"Article\",\"@id\":\"https:\\\/\\\/m8.mech.pk.edu.pl\\\/index.php\\\/2022\\\/05\\\/17\\\/pracownicy-katedry-odznaczeni-przez-simp\\\/#article\",\"isPartOf\":{\"@id\":\"https:\\\/\\\/m8.mech.pk.edu.pl\\\/index.php\\\/2022\\\/05\\\/17\\\/pracownicy-katedry-odznaczeni-przez-simp\\\/\"},\"author\":{\"name\":\"Maciej\",\"@id\":\"https:\\\/\\\/m8.mech.pk.edu.pl\\\/#\\\/schema\\\/person\\\/d8f6c9a11add49a79e366c6d4261d14e\"},\"headline\":\"Pracownicy Katedry odznaczeni przez SIMP\",\"datePublished\":\"2022-05-17T20:59:05+00:00\",\"dateModified\":\"2022-05-17T20:59:06+00:00\",\"mainEntityOfPage\":{\"@id\":\"https:\\\/\\\/m8.mech.pk.edu.pl\\\/index.php\\\/2022\\\/05\\\/17\\\/pracownicy-katedry-odznaczeni-przez-simp\\\/\"},\"wordCount\":149,\"publisher\":{\"@id\":\"https:\\\/\\\/m8.mech.pk.edu.pl\\\/#organization\"},\"image\":{\"@id\":\"https:\\\/\\\/m8.mech.pk.edu.pl\\\/index.php\\\/2022\\\/05\\\/17\\\/pracownicy-katedry-odznaczeni-przez-simp\\\/#primaryimage\"},\"thumbnailUrl\":\"https:\\\/\\\/m8.mech.pk.edu.pl\\\/wp-content\\\/uploads\\\/2022\\\/05\\\/Profesor_Mynarski_oznaczony_przez_SIMP_kopia.jpg\",\"inLanguage\":\"pl-PL\"},{\"@type\":\"WebPage\",\"@id\":\"https:\\\/\\\/m8.mech.pk.edu.pl\\\/index.php\\\/2022\\\/05\\\/17\\\/pracownicy-katedry-odznaczeni-przez-simp\\\/\",\"url\":\"https:\\\/\\\/m8.mech.pk.edu.pl\\\/index.php\\\/2022\\\/05\\\/17\\\/pracownicy-katedry-odznaczeni-przez-simp\\\/\",\"name\":\"Pracownicy Katedry odznaczeni przez SIMP - Katedra Pojazd\u00f3w Szynowych i Transportu\",\"isPartOf\":{\"@id\":\"https:\\\/\\\/m8.mech.pk.edu.pl\\\/#website\"},\"primaryImageOfPage\":{\"@id\":\"https:\\\/\\\/m8.mech.pk.edu.pl\\\/index.php\\\/2022\\\/05\\\/17\\\/pracownicy-katedry-odznaczeni-przez-simp\\\/#primaryimage\"},\"image\":{\"@id\":\"https:\\\/\\\/m8.mech.pk.edu.pl\\\/index.php\\\/2022\\\/05\\\/17\\\/pracownicy-katedry-odznaczeni-przez-simp\\\/#primaryimage\"},\"thumbnailUrl\":\"https:\\\/\\\/m8.mech.pk.edu.pl\\\/wp-content\\\/uploads\\\/2022\\\/05\\\/Profesor_Mynarski_oznaczony_przez_SIMP_kopia.jpg\",\"datePublished\":\"2022-05-17T20:59:05+00:00\",\"dateModified\":\"2022-05-17T20:59:06+00:00\",\"breadcrumb\":{\"@id\":\"https:\\\/\\\/m8.mech.pk.edu.pl\\\/index.php\\\/2022\\\/05\\\/17\\\/pracownicy-katedry-odznaczeni-przez-simp\\\/#breadcrumb\"},\"inLanguage\":\"pl-PL\",\"potentialAction\":[{\"@type\":\"ReadAction\",\"target\":[\"https:\\\/\\\/m8.mech.pk.edu.pl\\\/index.php\\\/2022\\\/05\\\/17\\\/pracownicy-katedry-odznaczeni-przez-simp\\\/\"]}]},{\"@type\":\"ImageObject\",\"inLanguage\":\"pl-PL\",\"@id\":\"https:\\\/\\\/m8.mech.pk.edu.pl\\\/index.php\\\/2022\\\/05\\\/17\\\/pracownicy-katedry-odznaczeni-przez-simp\\\/#primaryimage\",\"url\":\"https:\\\/\\\/m8.mech.pk.edu.pl\\\/wp-content\\\/uploads\\\/2022\\\/05\\\/Profesor_Mynarski_oznaczony_przez_SIMP_kopia.jpg\",\"contentUrl\":\"https:\\\/\\\/m8.mech.pk.edu.pl\\\/wp-content\\\/uploads\\\/2022\\\/05\\\/Profesor_Mynarski_oznaczony_przez_SIMP_kopia.jpg\",\"width\":1000,\"height\":750},{\"@type\":\"BreadcrumbList\",\"@id\":\"https:\\\/\\\/m8.mech.pk.edu.pl\\\/index.php\\\/2022\\\/05\\\/17\\\/pracownicy-katedry-odznaczeni-przez-simp\\\/#breadcrumb\",\"itemListElement\":[{\"@type\":\"ListItem\",\"position\":1,\"name\":\"Strona g\u0142\u00f3wna\",\"item\":\"https:\\\/\\\/m8.mech.pk.edu.pl\\\/\"},{\"@type\":\"ListItem\",\"position\":2,\"name\":\"Pracownicy Katedry odznaczeni przez SIMP\"}]},{\"@type\":\"WebSite\",\"@id\":\"https:\\\/\\\/m8.mech.pk.edu.pl\\\/#website\",\"url\":\"https:\\\/\\\/m8.mech.pk.edu.pl\\\/\",\"name\":\"Katedra Pojazd\u00f3w Szynowych i Transportu\",\"description\":\"Katedra Pojazd\u00f3w Szynowych i Transportu Politechniki Krakowskiej na Wydziale Mechanicznym\",\"publisher\":{\"@id\":\"https:\\\/\\\/m8.mech.pk.edu.pl\\\/#organization\"},\"potentialAction\":[{\"@type\":\"SearchAction\",\"target\":{\"@type\":\"EntryPoint\",\"urlTemplate\":\"https:\\\/\\\/m8.mech.pk.edu.pl\\\/?s={search_term_string}\"},\"query-input\":{\"@type\":\"PropertyValueSpecification\",\"valueRequired\":true,\"valueName\":\"search_term_string\"}}],\"inLanguage\":\"pl-PL\"},{\"@type\":\"Organization\",\"@id\":\"https:\\\/\\\/m8.mech.pk.edu.pl\\\/#organization\",\"name\":\"Katedra Pojazd\u00f3w Szynowych\",\"url\":\"https:\\\/\\\/m8.mech.pk.edu.pl\\\/\",\"logo\":{\"@type\":\"ImageObject\",\"inLanguage\":\"pl-PL\",\"@id\":\"https:\\\/\\\/m8.mech.pk.edu.pl\\\/#\\\/schema\\\/logo\\\/image\\\/\",\"url\":\"https:\\\/\\\/m8.mech.pk.edu.pl\\\/wp-content\\\/uploads\\\/2021\\\/01\\\/logo-mail-kpsit.png\",\"contentUrl\":\"https:\\\/\\\/m8.mech.pk.edu.pl\\\/wp-content\\\/uploads\\\/2021\\\/01\\\/logo-mail-kpsit.png\",\"width\":300,\"height\":119,\"caption\":\"Katedra Pojazd\u00f3w Szynowych\"},\"image\":{\"@id\":\"https:\\\/\\\/m8.mech.pk.edu.pl\\\/#\\\/schema\\\/logo\\\/image\\\/\"},\"sameAs\":[\"https:\\\/\\\/facebook.com\\\/KPSzTPK\",\"https:\\\/\\\/www.youtube.com\\\/channel\\\/UCen3PQ3fl3ry92o_lHkyVaQ\"]},{\"@type\":\"Person\",\"@id\":\"https:\\\/\\\/m8.mech.pk.edu.pl\\\/#\\\/schema\\\/person\\\/d8f6c9a11add49a79e366c6d4261d14e\",\"name\":\"Maciej\",\"image\":{\"@type\":\"ImageObject\",\"inLanguage\":\"pl-PL\",\"@id\":\"https:\\\/\\\/secure.gravatar.com\\\/avatar\\\/5a17b3a5a44d4dca9d48ed0eccafb488c6c54063f627f848184a92807a97590b?s=96&d=mm&r=g\",\"url\":\"https:\\\/\\\/secure.gravatar.com\\\/avatar\\\/5a17b3a5a44d4dca9d48ed0eccafb488c6c54063f627f848184a92807a97590b?s=96&d=mm&r=g\",\"contentUrl\":\"https:\\\/\\\/secure.gravatar.com\\\/avatar\\\/5a17b3a5a44d4dca9d48ed0eccafb488c6c54063f627f848184a92807a97590b?s=96&d=mm&r=g\",\"caption\":\"Maciej\"}}]}<\/script>\n<!-- \/ Yoast SEO plugin. -->","yoast_head_json":{"title":"Pracownicy Katedry odznaczeni przez SIMP - Katedra Pojazd\u00f3w Szynowych i Transportu","robots":{"index":"index","follow":"follow","max-snippet":"max-snippet:-1","max-image-preview":"max-image-preview:large","max-video-preview":"max-video-preview:-1"},"canonical":"https:\/\/m8.mech.pk.edu.pl\/index.php\/2022\/05\/17\/pracownicy-katedry-odznaczeni-przez-simp\/","og_locale":"pl_PL","og_type":"article","og_title":"Pracownicy Katedry odznaczeni przez SIMP - Katedra Pojazd\u00f3w Szynowych i Transportu","og_description":"12 maja 2022 podczas XXXIII Walnego Zgromadzenia Delegat\u00f3w Oddzia\u0142u Stowarzyszenia In\u017cynier\u00f3w i Technik\u00f3w Mechanik\u00f3w Polskich w Krakowie, naukowcy zwi\u0105zani z Politechnik\u0105 Krakowsk\u0105 zostali uhonorowani odznaczeniami za wk\u0142ad w rozw\u00f3j Stowarzyszenia.","og_url":"https:\/\/m8.mech.pk.edu.pl\/index.php\/2022\/05\/17\/pracownicy-katedry-odznaczeni-przez-simp\/","og_site_name":"Katedra Pojazd\u00f3w Szynowych i Transportu","article_publisher":"https:\/\/facebook.com\/KPSzTPK","article_published_time":"2022-05-17T20:59:05+00:00","article_modified_time":"2022-05-17T20:59:06+00:00","og_image":[{"width":1000,"height":750,"url":"https:\/\/m8.mech.pk.edu.pl\/wp-content\/uploads\/2022\/05\/Profesor_Mynarski_oznaczony_przez_SIMP_kopia.jpg","type":"image\/jpeg"}],"author":"Maciej","twitter_card":"summary_large_image","twitter_misc":{"Napisane przez":"Maciej","Szacowany czas czytania":"2 minuty"},"schema":{"@context":"https:\/\/schema.org","@graph":[{"@type":"Article","@id":"https:\/\/m8.mech.pk.edu.pl\/index.php\/2022\/05\/17\/pracownicy-katedry-odznaczeni-przez-simp\/#article","isPartOf":{"@id":"https:\/\/m8.mech.pk.edu.pl\/index.php\/2022\/05\/17\/pracownicy-katedry-odznaczeni-przez-simp\/"},"author":{"name":"Maciej","@id":"https:\/\/m8.mech.pk.edu.pl\/#\/schema\/person\/d8f6c9a11add49a79e366c6d4261d14e"},"headline":"Pracownicy Katedry odznaczeni przez SIMP","datePublished":"2022-05-17T20:59:05+00:00","dateModified":"2022-05-17T20:59:06+00:00","mainEntityOfPage":{"@id":"https:\/\/m8.mech.pk.edu.pl\/index.php\/2022\/05\/17\/pracownicy-katedry-odznaczeni-przez-simp\/"},"wordCount":149,"publisher":{"@id":"https:\/\/m8.mech.pk.edu.pl\/#organization"},"image":{"@id":"https:\/\/m8.mech.pk.edu.pl\/index.php\/2022\/05\/17\/pracownicy-katedry-odznaczeni-przez-simp\/#primaryimage"},"thumbnailUrl":"https:\/\/m8.mech.pk.edu.pl\/wp-content\/uploads\/2022\/05\/Profesor_Mynarski_oznaczony_przez_SIMP_kopia.jpg","inLanguage":"pl-PL"},{"@type":"WebPage","@id":"https:\/\/m8.mech.pk.edu.pl\/index.php\/2022\/05\/17\/pracownicy-katedry-odznaczeni-przez-simp\/","url":"https:\/\/m8.mech.pk.edu.pl\/index.php\/2022\/05\/17\/pracownicy-katedry-odznaczeni-przez-simp\/","name":"Pracownicy Katedry odznaczeni przez SIMP - Katedra Pojazd\u00f3w Szynowych i Transportu","isPartOf":{"@id":"https:\/\/m8.mech.pk.edu.pl\/#website"},"primaryImageOfPage":{"@id":"https:\/\/m8.mech.pk.edu.pl\/index.php\/2022\/05\/17\/pracownicy-katedry-odznaczeni-przez-simp\/#primaryimage"},"image":{"@id":"https:\/\/m8.mech.pk.edu.pl\/index.php\/2022\/05\/17\/pracownicy-katedry-odznaczeni-przez-simp\/#primaryimage"},"thumbnailUrl":"https:\/\/m8.mech.pk.edu.pl\/wp-content\/uploads\/2022\/05\/Profesor_Mynarski_oznaczony_przez_SIMP_kopia.jpg","datePublished":"2022-05-17T20:59:05+00:00","dateModified":"2022-05-17T20:59:06+00:00","breadcrumb":{"@id":"https:\/\/m8.mech.pk.edu.pl\/index.php\/2022\/05\/17\/pracownicy-katedry-odznaczeni-przez-simp\/#breadcrumb"},"inLanguage":"pl-PL","potentialAction":[{"@type":"ReadAction","target":["https:\/\/m8.mech.pk.edu.pl\/index.php\/2022\/05\/17\/pracownicy-katedry-odznaczeni-przez-simp\/"]}]},{"@type":"ImageObject","inLanguage":"pl-PL","@id":"https:\/\/m8.mech.pk.edu.pl\/index.php\/2022\/05\/17\/pracownicy-katedry-odznaczeni-przez-simp\/#primaryimage","url":"https:\/\/m8.mech.pk.edu.pl\/wp-content\/uploads\/2022\/05\/Profesor_Mynarski_oznaczony_przez_SIMP_kopia.jpg","contentUrl":"https:\/\/m8.mech.pk.edu.pl\/wp-content\/uploads\/2022\/05\/Profesor_Mynarski_oznaczony_przez_SIMP_kopia.jpg","width":1000,"height":750},{"@type":"BreadcrumbList","@id":"https:\/\/m8.mech.pk.edu.pl\/index.php\/2022\/05\/17\/pracownicy-katedry-odznaczeni-przez-simp\/#breadcrumb","itemListElement":[{"@type":"ListItem","position":1,"name":"Strona g\u0142\u00f3wna","item":"https:\/\/m8.mech.pk.edu.pl\/"},{"@type":"ListItem","position":2,"name":"Pracownicy Katedry odznaczeni przez SIMP"}]},{"@type":"WebSite","@id":"https:\/\/m8.mech.pk.edu.pl\/#website","url":"https:\/\/m8.mech.pk.edu.pl\/","name":"Katedra Pojazd\u00f3w Szynowych i Transportu","description":"Katedra Pojazd\u00f3w Szynowych i Transportu Politechniki Krakowskiej na Wydziale Mechanicznym","publisher":{"@id":"https:\/\/m8.mech.pk.edu.pl\/#organization"},"potentialAction":[{"@type":"SearchAction","target":{"@type":"EntryPoint","urlTemplate":"https:\/\/m8.mech.pk.edu.pl\/?s={search_term_string}"},"query-input":{"@type":"PropertyValueSpecification","valueRequired":true,"valueName":"search_term_string"}}],"inLanguage":"pl-PL"},{"@type":"Organization","@id":"https:\/\/m8.mech.pk.edu.pl\/#organization","name":"Katedra Pojazd\u00f3w Szynowych","url":"https:\/\/m8.mech.pk.edu.pl\/","logo":{"@type":"ImageObject","inLanguage":"pl-PL","@id":"https:\/\/m8.mech.pk.edu.pl\/#\/schema\/logo\/image\/","url":"https:\/\/m8.mech.pk.edu.pl\/wp-content\/uploads\/2021\/01\/logo-mail-kpsit.png","contentUrl":"https:\/\/m8.mech.pk.edu.pl\/wp-content\/uploads\/2021\/01\/logo-mail-kpsit.png","width":300,"height":119,"caption":"Katedra Pojazd\u00f3w Szynowych"},"image":{"@id":"https:\/\/m8.mech.pk.edu.pl\/#\/schema\/logo\/image\/"},"sameAs":["https:\/\/facebook.com\/KPSzTPK","https:\/\/www.youtube.com\/channel\/UCen3PQ3fl3ry92o_lHkyVaQ"]},{"@type":"Person","@id":"https:\/\/m8.mech.pk.edu.pl\/#\/schema\/person\/d8f6c9a11add49a79e366c6d4261d14e","name":"Maciej","image":{"@type":"ImageObject","inLanguage":"pl-PL","@id":"https:\/\/secure.gravatar.com\/avatar\/5a17b3a5a44d4dca9d48ed0eccafb488c6c54063f627f848184a92807a97590b?s=96&d=mm&r=g","url":"https:\/\/secure.gravatar.com\/avatar\/5a17b3a5a44d4dca9d48ed0eccafb488c6c54063f627f848184a92807a97590b?s=96&d=mm&r=g","contentUrl":"https:\/\/secure.gravatar.com\/avatar\/5a17b3a5a44d4dca9d48ed0eccafb488c6c54063f627f848184a92807a97590b?s=96&d=mm&r=g","caption":"Maciej"}}]}},"_links":{"self":[{"href":"https:\/\/m8.mech.pk.edu.pl\/index.php\/wp-json\/wp\/v2\/posts\/2930","targetHints":{"allow":["GET"]}}],"collection":[{"href":"https:\/\/m8.mech.pk.edu.pl\/index.php\/wp-json\/wp\/v2\/posts"}],"about":[{"href":"https:\/\/m8.mech.pk.edu.pl\/index.php\/wp-json\/wp\/v2\/types\/post"}],"author":[{"embeddable":true,"href":"https:\/\/m8.mech.pk.edu.pl\/index.php\/wp-json\/wp\/v2\/users\/5"}],"replies":[{"embeddable":true,"href":"https:\/\/m8.mech.pk.edu.pl\/index.php\/wp-json\/wp\/v2\/comments?post=2930"}],"version-history":[{"count":1,"href":"https:\/\/m8.mech.pk.edu.pl\/index.php\/wp-json\/wp\/v2\/posts\/2930\/revisions"}],"predecessor-version":[{"id":2934,"href":"https:\/\/m8.mech.pk.edu.pl\/index.php\/wp-json\/wp\/v2\/posts\/2930\/revisions\/2934"}],"wp:featuredmedia":[{"embeddable":true,"href":"https:\/\/m8.mech.pk.edu.pl\/index.php\/wp-json\/wp\/v2\/media\/2932"}],"wp:attachment":[{"href":"https:\/\/m8.mech.pk.edu.pl\/index.php\/wp-json\/wp\/v2\/media?parent=2930"}],"wp:term":[{"taxonomy":"category","embeddable":true,"href":"https:\/\/m8.mech.pk.edu.pl\/index.php\/wp-json\/wp\/v2\/categories?post=2930"},{"taxonomy":"post_tag","embeddable":true,"href":"https:\/\/m8.mech.pk.edu.pl\/index.php\/wp-json\/wp\/v2\/tags?post=2930"}],"curies":[{"name":"wp","href":"https:\/\/api.w.org\/{rel}","templated":true}]}}