{"id":2879,"date":"2022-04-22T19:24:27","date_gmt":"2022-04-22T17:24:27","guid":{"rendered":"https:\/\/m8.mech.pk.edu.pl\/?p=2879"},"modified":"2022-04-22T19:26:03","modified_gmt":"2022-04-22T17:26:03","slug":"wspolpraca-kpsit-z-zespolem-doradcow-gospodarczych-tor","status":"publish","type":"post","link":"https:\/\/m8.mech.pk.edu.pl\/index.php\/2022\/04\/22\/wspolpraca-kpsit-z-zespolem-doradcow-gospodarczych-tor\/","title":{"rendered":"Wsp\u00f3\u0142praca KPSiT z Zespo\u0142em Doradc\u00f3w Gospodarczych TOR"},"content":{"rendered":"\n<p>Nasza Katedra b\u0119dzie wsp\u00f3\u0142pracowa\u0107 z Zespo\u0142em Doradc\u00f3w Gospodarczych TOR w zakresie realizacji projekt\u00f3w analitycznych i doradczych dotycz\u0105cych taboru szynowego. Porozumienie w tej sprawie podpisali prof. Jerzy S\u0142adek &#8211; dziekan Wydzia\u0142u Mechanicznego PK , dr hab. in\u017c. Macieja Szkoda, prof. PK &#8211; kierownik Katedry Pojazd\u00f3w Szynowych i Transportu PK oraz Adrian Furgalski i Jakub Klimkiewicz \u2013 odpowiednio prezes i wiceprezes Zespo\u0142u Doradc\u00f3w Gospodarczych TOR.<\/p>\n\n\n\n<!--more-->\n\n\n\n<p>Naukowcy z Katedry Pojazd\u00f3w Szynowych i Transportu Wydzia\u0142u Mechanicznego Politechniki Krakowskiej s\u0105 uczestnikami presti\u017cowych projekt\u00f3w badawczych oraz autorami wielu znacz\u0105cych prac, ekspertyz i analiz dla biznesu oraz przemys\u0142u z zakresu pojazd\u00f3w szynowych. Realizuj\u0105 projekty mi\u0119dzynarodowe i krajowe dotycz\u0105ce m.in. produkcji i modernizacji taboru, optymalizacji konstrukcji, projektowania, analiz wytrzyma\u0142o\u015bciowych, bezpiecze\u0144stwa oraz eksploatacji, czy oceny efektywno\u015bci z zastosowaniem LCC. Wsp\u00f3\u0142pracuj\u0105 w tym obszarze m.in. z jednostkami samorz\u0105d\u00f3w, wiod\u0105cymi przedsi\u0119biorstwami bran\u017cy transportowej, o\u015brodkami badawczymi i doradczymi. Katedra prowadzi te\u017c szerok\u0105 dzia\u0142alno\u015b\u0107 edukacyjn\u0105, m.in kszta\u0142ci kadry in\u017cynierskie na studiach dualnych w ramach specjalno\u015bci \u201eIn\u017cynieria pojazd\u00f3w szynowych\u201d oraz prowadzi studia podyplomowe z zakresu Budowy i eksploatacji pojazd\u00f3w szynowych. \u2013 Mamy bardzo bogate do\u015bwiadczenie eksperckie, je\u015bli chodzi o bran\u017c\u0119 transportu i pojazd\u00f3w szynowych. Cieszymy si\u0119, \u017ce dzi\u0119ki porozumieniu o wsp\u00f3\u0142pracy z ZDG TOR b\u0119dziemy mogli si\u0119 nim dzieli\u0107 na jeszcze szersz\u0105 skal\u0119 &#8211; podkre\u015bla dr hab. in\u017c. Maciej Szkoda, prof. PK. &#8211; Wnosimy do naszej wsp\u00f3\u0142pracy unikatow\u0105 wiedz\u0119 i kompetencje naszych specjalist\u00f3w oraz mo\u017cliwo\u015b\u0107 korzystania z nowoczesnej infrastruktury badawczej Politechniki Krakowskiej i Wydzia\u0142u Mechanicznego uczelni. Umo\u017cliwi to m.in. realizacj\u0119 interdyscyplinarnych projekt\u00f3w doradczych dotycz\u0105cych taboru szynowego, kt\u00f3re mog\u0105 by\u0107 nas by\u0107 \u017ar\u00f3d\u0142em ciekawych wyzwa\u0144 badawczych, koncepcyjnych i praktycznych.Eksperci Zespo\u0142u Doradc\u00f3w Gospodarczych TOR zajmuj\u0105 si\u0119 doradztwem dotycz\u0105cym kolei, mobilno\u015bci miejskiej i Smart City, infrastruktury i lotnictwa. \u2013 W zakresie analityki rynku taboru szynowego opracowujemy raporty rynkowe dotycz\u0105ce krajowego i europejskiego sektora produkcji, modernizacji i napraw taboru szynowego, oferujemy doradztwa dla samorz\u0105d\u00f3w, przewo\u017anik\u00f3w i firm dotycz\u0105ce strategii taborowych, studi\u00f3w wykonalno\u015bci zakupu pojazd\u00f3w szynowych, tworzenia og\u00f3lnych warunk\u00f3w zam\u00f3wienia do przetarg\u00f3w, due diligence przedsi\u0119biorstw, czy koncepcji rozwoju firm oraz konkurencyjno\u015bci otoczenia rynkowego. Wiedz\u0119 o rynkach, na kt\u00f3rych jeste\u015bmy aktywni, gromadzimy od ponad 20 lat \u2013 m\u00f3wi Jakub Klimkiewicz, wiceprezes ZDG TOR. \u2013 Kooperacja z renomowanym podmiotem naukowym, jakim jest Katedra Pojazd\u00f3w Szynowych i Transportu, z pewno\u015bci\u0105 wp\u0142ynie na poszerzenie. naszych mo\u017cliwo\u015bci i umiej\u0119tno\u015bci \u2013 podkre\u015bla.<\/p>\n","protected":false},"excerpt":{"rendered":"<p>Nasza Katedra b\u0119dzie wsp\u00f3\u0142pracowa\u0107 z Zespo\u0142em Doradc\u00f3w Gospodarczych TOR w zakresie realizacji projekt\u00f3w analitycznych i doradczych dotycz\u0105cych taboru szynowego. Porozumienie w tej sprawie podpisali prof. Jerzy S\u0142adek &#8211; dziekan Wydzia\u0142u Mechanicznego PK , dr hab. in\u017c. Macieja Szkoda, prof. PK &#8211; kierownik Katedry Pojazd\u00f3w Szynowych i Transportu PK oraz Adrian Furgalski i Jakub Klimkiewicz \u2013 [&hellip;]<\/p>\n","protected":false},"author":5,"featured_media":2880,"comment_status":"closed","ping_status":"open","sticky":false,"template":"","format":"standard","meta":{"footnotes":""},"categories":[1],"tags":[],"class_list":["post-2879","post","type-post","status-publish","format-standard","has-post-thumbnail","hentry","category-bez-kategorii"],"yoast_head":"<!-- This site is optimized with the Yoast SEO plugin v27.5 - https:\/\/yoast.com\/product\/yoast-seo-wordpress\/ -->\n<title>Wsp\u00f3\u0142praca KPSiT z Zespo\u0142em Doradc\u00f3w Gospodarczych TOR - Katedra Pojazd\u00f3w Szynowych i Transportu<\/title>\n<meta name=\"robots\" content=\"index, follow, max-snippet:-1, max-image-preview:large, max-video-preview:-1\" \/>\n<link rel=\"canonical\" href=\"https:\/\/m8.mech.pk.edu.pl\/index.php\/2022\/04\/22\/wspolpraca-kpsit-z-zespolem-doradcow-gospodarczych-tor\/\" \/>\n<meta property=\"og:locale\" content=\"pl_PL\" \/>\n<meta property=\"og:type\" content=\"article\" \/>\n<meta property=\"og:title\" content=\"Wsp\u00f3\u0142praca KPSiT z Zespo\u0142em Doradc\u00f3w Gospodarczych TOR - Katedra Pojazd\u00f3w Szynowych i Transportu\" \/>\n<meta property=\"og:description\" content=\"Nasza Katedra b\u0119dzie wsp\u00f3\u0142pracowa\u0107 z Zespo\u0142em Doradc\u00f3w Gospodarczych TOR w zakresie realizacji projekt\u00f3w analitycznych i doradczych dotycz\u0105cych taboru szynowego. Porozumienie w tej sprawie podpisali prof. Jerzy S\u0142adek &#8211; dziekan Wydzia\u0142u Mechanicznego PK , dr hab. in\u017c. Macieja Szkoda, prof. PK &#8211; kierownik Katedry Pojazd\u00f3w Szynowych i Transportu PK oraz Adrian Furgalski i Jakub Klimkiewicz \u2013 [&hellip;]\" \/>\n<meta property=\"og:url\" content=\"https:\/\/m8.mech.pk.edu.pl\/index.php\/2022\/04\/22\/wspolpraca-kpsit-z-zespolem-doradcow-gospodarczych-tor\/\" \/>\n<meta property=\"og:site_name\" content=\"Katedra Pojazd\u00f3w Szynowych i Transportu\" \/>\n<meta property=\"article:publisher\" content=\"https:\/\/facebook.com\/KPSzTPK\" \/>\n<meta property=\"article:published_time\" content=\"2022-04-22T17:24:27+00:00\" \/>\n<meta property=\"article:modified_time\" content=\"2022-04-22T17:26:03+00:00\" \/>\n<meta property=\"og:image\" content=\"https:\/\/m8.mech.pk.edu.pl\/wp-content\/uploads\/2022\/04\/279132102_2509938059141814_2393038986164948037_n.jpg\" \/>\n\t<meta property=\"og:image:width\" content=\"2048\" \/>\n\t<meta property=\"og:image:height\" content=\"1202\" \/>\n\t<meta property=\"og:image:type\" content=\"image\/jpeg\" \/>\n<meta name=\"author\" content=\"Maciej\" \/>\n<meta name=\"twitter:card\" content=\"summary_large_image\" \/>\n<meta name=\"twitter:label1\" content=\"Napisane przez\" \/>\n\t<meta name=\"twitter:data1\" content=\"Maciej\" \/>\n\t<meta name=\"twitter:label2\" content=\"Szacowany czas czytania\" \/>\n\t<meta name=\"twitter:data2\" content=\"3 minuty\" \/>\n<script type=\"application\/ld+json\" class=\"yoast-schema-graph\">{\"@context\":\"https:\\\/\\\/schema.org\",\"@graph\":[{\"@type\":\"Article\",\"@id\":\"https:\\\/\\\/m8.mech.pk.edu.pl\\\/index.php\\\/2022\\\/04\\\/22\\\/wspolpraca-kpsit-z-zespolem-doradcow-gospodarczych-tor\\\/#article\",\"isPartOf\":{\"@id\":\"https:\\\/\\\/m8.mech.pk.edu.pl\\\/index.php\\\/2022\\\/04\\\/22\\\/wspolpraca-kpsit-z-zespolem-doradcow-gospodarczych-tor\\\/\"},\"author\":{\"name\":\"Maciej\",\"@id\":\"https:\\\/\\\/m8.mech.pk.edu.pl\\\/#\\\/schema\\\/person\\\/d8f6c9a11add49a79e366c6d4261d14e\"},\"headline\":\"Wsp\u00f3\u0142praca KPSiT z Zespo\u0142em Doradc\u00f3w Gospodarczych TOR\",\"datePublished\":\"2022-04-22T17:24:27+00:00\",\"dateModified\":\"2022-04-22T17:26:03+00:00\",\"mainEntityOfPage\":{\"@id\":\"https:\\\/\\\/m8.mech.pk.edu.pl\\\/index.php\\\/2022\\\/04\\\/22\\\/wspolpraca-kpsit-z-zespolem-doradcow-gospodarczych-tor\\\/\"},\"wordCount\":459,\"publisher\":{\"@id\":\"https:\\\/\\\/m8.mech.pk.edu.pl\\\/#organization\"},\"image\":{\"@id\":\"https:\\\/\\\/m8.mech.pk.edu.pl\\\/index.php\\\/2022\\\/04\\\/22\\\/wspolpraca-kpsit-z-zespolem-doradcow-gospodarczych-tor\\\/#primaryimage\"},\"thumbnailUrl\":\"https:\\\/\\\/m8.mech.pk.edu.pl\\\/wp-content\\\/uploads\\\/2022\\\/04\\\/279132102_2509938059141814_2393038986164948037_n.jpg\",\"inLanguage\":\"pl-PL\"},{\"@type\":\"WebPage\",\"@id\":\"https:\\\/\\\/m8.mech.pk.edu.pl\\\/index.php\\\/2022\\\/04\\\/22\\\/wspolpraca-kpsit-z-zespolem-doradcow-gospodarczych-tor\\\/\",\"url\":\"https:\\\/\\\/m8.mech.pk.edu.pl\\\/index.php\\\/2022\\\/04\\\/22\\\/wspolpraca-kpsit-z-zespolem-doradcow-gospodarczych-tor\\\/\",\"name\":\"Wsp\u00f3\u0142praca KPSiT z Zespo\u0142em Doradc\u00f3w Gospodarczych TOR - Katedra Pojazd\u00f3w Szynowych i Transportu\",\"isPartOf\":{\"@id\":\"https:\\\/\\\/m8.mech.pk.edu.pl\\\/#website\"},\"primaryImageOfPage\":{\"@id\":\"https:\\\/\\\/m8.mech.pk.edu.pl\\\/index.php\\\/2022\\\/04\\\/22\\\/wspolpraca-kpsit-z-zespolem-doradcow-gospodarczych-tor\\\/#primaryimage\"},\"image\":{\"@id\":\"https:\\\/\\\/m8.mech.pk.edu.pl\\\/index.php\\\/2022\\\/04\\\/22\\\/wspolpraca-kpsit-z-zespolem-doradcow-gospodarczych-tor\\\/#primaryimage\"},\"thumbnailUrl\":\"https:\\\/\\\/m8.mech.pk.edu.pl\\\/wp-content\\\/uploads\\\/2022\\\/04\\\/279132102_2509938059141814_2393038986164948037_n.jpg\",\"datePublished\":\"2022-04-22T17:24:27+00:00\",\"dateModified\":\"2022-04-22T17:26:03+00:00\",\"breadcrumb\":{\"@id\":\"https:\\\/\\\/m8.mech.pk.edu.pl\\\/index.php\\\/2022\\\/04\\\/22\\\/wspolpraca-kpsit-z-zespolem-doradcow-gospodarczych-tor\\\/#breadcrumb\"},\"inLanguage\":\"pl-PL\",\"potentialAction\":[{\"@type\":\"ReadAction\",\"target\":[\"https:\\\/\\\/m8.mech.pk.edu.pl\\\/index.php\\\/2022\\\/04\\\/22\\\/wspolpraca-kpsit-z-zespolem-doradcow-gospodarczych-tor\\\/\"]}]},{\"@type\":\"ImageObject\",\"inLanguage\":\"pl-PL\",\"@id\":\"https:\\\/\\\/m8.mech.pk.edu.pl\\\/index.php\\\/2022\\\/04\\\/22\\\/wspolpraca-kpsit-z-zespolem-doradcow-gospodarczych-tor\\\/#primaryimage\",\"url\":\"https:\\\/\\\/m8.mech.pk.edu.pl\\\/wp-content\\\/uploads\\\/2022\\\/04\\\/279132102_2509938059141814_2393038986164948037_n.jpg\",\"contentUrl\":\"https:\\\/\\\/m8.mech.pk.edu.pl\\\/wp-content\\\/uploads\\\/2022\\\/04\\\/279132102_2509938059141814_2393038986164948037_n.jpg\",\"width\":2048,\"height\":1202},{\"@type\":\"BreadcrumbList\",\"@id\":\"https:\\\/\\\/m8.mech.pk.edu.pl\\\/index.php\\\/2022\\\/04\\\/22\\\/wspolpraca-kpsit-z-zespolem-doradcow-gospodarczych-tor\\\/#breadcrumb\",\"itemListElement\":[{\"@type\":\"ListItem\",\"position\":1,\"name\":\"Strona g\u0142\u00f3wna\",\"item\":\"https:\\\/\\\/m8.mech.pk.edu.pl\\\/\"},{\"@type\":\"ListItem\",\"position\":2,\"name\":\"Wsp\u00f3\u0142praca KPSiT z Zespo\u0142em Doradc\u00f3w Gospodarczych TOR\"}]},{\"@type\":\"WebSite\",\"@id\":\"https:\\\/\\\/m8.mech.pk.edu.pl\\\/#website\",\"url\":\"https:\\\/\\\/m8.mech.pk.edu.pl\\\/\",\"name\":\"Katedra Pojazd\u00f3w Szynowych i Transportu\",\"description\":\"Katedra Pojazd\u00f3w Szynowych i Transportu Politechniki Krakowskiej na Wydziale Mechanicznym\",\"publisher\":{\"@id\":\"https:\\\/\\\/m8.mech.pk.edu.pl\\\/#organization\"},\"potentialAction\":[{\"@type\":\"SearchAction\",\"target\":{\"@type\":\"EntryPoint\",\"urlTemplate\":\"https:\\\/\\\/m8.mech.pk.edu.pl\\\/?s={search_term_string}\"},\"query-input\":{\"@type\":\"PropertyValueSpecification\",\"valueRequired\":true,\"valueName\":\"search_term_string\"}}],\"inLanguage\":\"pl-PL\"},{\"@type\":\"Organization\",\"@id\":\"https:\\\/\\\/m8.mech.pk.edu.pl\\\/#organization\",\"name\":\"Katedra Pojazd\u00f3w Szynowych\",\"url\":\"https:\\\/\\\/m8.mech.pk.edu.pl\\\/\",\"logo\":{\"@type\":\"ImageObject\",\"inLanguage\":\"pl-PL\",\"@id\":\"https:\\\/\\\/m8.mech.pk.edu.pl\\\/#\\\/schema\\\/logo\\\/image\\\/\",\"url\":\"https:\\\/\\\/m8.mech.pk.edu.pl\\\/wp-content\\\/uploads\\\/2021\\\/01\\\/logo-mail-kpsit.png\",\"contentUrl\":\"https:\\\/\\\/m8.mech.pk.edu.pl\\\/wp-content\\\/uploads\\\/2021\\\/01\\\/logo-mail-kpsit.png\",\"width\":300,\"height\":119,\"caption\":\"Katedra Pojazd\u00f3w Szynowych\"},\"image\":{\"@id\":\"https:\\\/\\\/m8.mech.pk.edu.pl\\\/#\\\/schema\\\/logo\\\/image\\\/\"},\"sameAs\":[\"https:\\\/\\\/facebook.com\\\/KPSzTPK\",\"https:\\\/\\\/www.youtube.com\\\/channel\\\/UCen3PQ3fl3ry92o_lHkyVaQ\"]},{\"@type\":\"Person\",\"@id\":\"https:\\\/\\\/m8.mech.pk.edu.pl\\\/#\\\/schema\\\/person\\\/d8f6c9a11add49a79e366c6d4261d14e\",\"name\":\"Maciej\",\"image\":{\"@type\":\"ImageObject\",\"inLanguage\":\"pl-PL\",\"@id\":\"https:\\\/\\\/secure.gravatar.com\\\/avatar\\\/5a17b3a5a44d4dca9d48ed0eccafb488c6c54063f627f848184a92807a97590b?s=96&d=mm&r=g\",\"url\":\"https:\\\/\\\/secure.gravatar.com\\\/avatar\\\/5a17b3a5a44d4dca9d48ed0eccafb488c6c54063f627f848184a92807a97590b?s=96&d=mm&r=g\",\"contentUrl\":\"https:\\\/\\\/secure.gravatar.com\\\/avatar\\\/5a17b3a5a44d4dca9d48ed0eccafb488c6c54063f627f848184a92807a97590b?s=96&d=mm&r=g\",\"caption\":\"Maciej\"}}]}<\/script>\n<!-- \/ Yoast SEO plugin. -->","yoast_head_json":{"title":"Wsp\u00f3\u0142praca KPSiT z Zespo\u0142em Doradc\u00f3w Gospodarczych TOR - Katedra Pojazd\u00f3w Szynowych i Transportu","robots":{"index":"index","follow":"follow","max-snippet":"max-snippet:-1","max-image-preview":"max-image-preview:large","max-video-preview":"max-video-preview:-1"},"canonical":"https:\/\/m8.mech.pk.edu.pl\/index.php\/2022\/04\/22\/wspolpraca-kpsit-z-zespolem-doradcow-gospodarczych-tor\/","og_locale":"pl_PL","og_type":"article","og_title":"Wsp\u00f3\u0142praca KPSiT z Zespo\u0142em Doradc\u00f3w Gospodarczych TOR - Katedra Pojazd\u00f3w Szynowych i Transportu","og_description":"Nasza Katedra b\u0119dzie wsp\u00f3\u0142pracowa\u0107 z Zespo\u0142em Doradc\u00f3w Gospodarczych TOR w zakresie realizacji projekt\u00f3w analitycznych i doradczych dotycz\u0105cych taboru szynowego. Porozumienie w tej sprawie podpisali prof. Jerzy S\u0142adek &#8211; dziekan Wydzia\u0142u Mechanicznego PK , dr hab. in\u017c. Macieja Szkoda, prof. PK &#8211; kierownik Katedry Pojazd\u00f3w Szynowych i Transportu PK oraz Adrian Furgalski i Jakub Klimkiewicz \u2013 [&hellip;]","og_url":"https:\/\/m8.mech.pk.edu.pl\/index.php\/2022\/04\/22\/wspolpraca-kpsit-z-zespolem-doradcow-gospodarczych-tor\/","og_site_name":"Katedra Pojazd\u00f3w Szynowych i Transportu","article_publisher":"https:\/\/facebook.com\/KPSzTPK","article_published_time":"2022-04-22T17:24:27+00:00","article_modified_time":"2022-04-22T17:26:03+00:00","og_image":[{"width":2048,"height":1202,"url":"https:\/\/m8.mech.pk.edu.pl\/wp-content\/uploads\/2022\/04\/279132102_2509938059141814_2393038986164948037_n.jpg","type":"image\/jpeg"}],"author":"Maciej","twitter_card":"summary_large_image","twitter_misc":{"Napisane przez":"Maciej","Szacowany czas czytania":"3 minuty"},"schema":{"@context":"https:\/\/schema.org","@graph":[{"@type":"Article","@id":"https:\/\/m8.mech.pk.edu.pl\/index.php\/2022\/04\/22\/wspolpraca-kpsit-z-zespolem-doradcow-gospodarczych-tor\/#article","isPartOf":{"@id":"https:\/\/m8.mech.pk.edu.pl\/index.php\/2022\/04\/22\/wspolpraca-kpsit-z-zespolem-doradcow-gospodarczych-tor\/"},"author":{"name":"Maciej","@id":"https:\/\/m8.mech.pk.edu.pl\/#\/schema\/person\/d8f6c9a11add49a79e366c6d4261d14e"},"headline":"Wsp\u00f3\u0142praca KPSiT z Zespo\u0142em Doradc\u00f3w Gospodarczych TOR","datePublished":"2022-04-22T17:24:27+00:00","dateModified":"2022-04-22T17:26:03+00:00","mainEntityOfPage":{"@id":"https:\/\/m8.mech.pk.edu.pl\/index.php\/2022\/04\/22\/wspolpraca-kpsit-z-zespolem-doradcow-gospodarczych-tor\/"},"wordCount":459,"publisher":{"@id":"https:\/\/m8.mech.pk.edu.pl\/#organization"},"image":{"@id":"https:\/\/m8.mech.pk.edu.pl\/index.php\/2022\/04\/22\/wspolpraca-kpsit-z-zespolem-doradcow-gospodarczych-tor\/#primaryimage"},"thumbnailUrl":"https:\/\/m8.mech.pk.edu.pl\/wp-content\/uploads\/2022\/04\/279132102_2509938059141814_2393038986164948037_n.jpg","inLanguage":"pl-PL"},{"@type":"WebPage","@id":"https:\/\/m8.mech.pk.edu.pl\/index.php\/2022\/04\/22\/wspolpraca-kpsit-z-zespolem-doradcow-gospodarczych-tor\/","url":"https:\/\/m8.mech.pk.edu.pl\/index.php\/2022\/04\/22\/wspolpraca-kpsit-z-zespolem-doradcow-gospodarczych-tor\/","name":"Wsp\u00f3\u0142praca KPSiT z Zespo\u0142em Doradc\u00f3w Gospodarczych TOR - Katedra Pojazd\u00f3w Szynowych i Transportu","isPartOf":{"@id":"https:\/\/m8.mech.pk.edu.pl\/#website"},"primaryImageOfPage":{"@id":"https:\/\/m8.mech.pk.edu.pl\/index.php\/2022\/04\/22\/wspolpraca-kpsit-z-zespolem-doradcow-gospodarczych-tor\/#primaryimage"},"image":{"@id":"https:\/\/m8.mech.pk.edu.pl\/index.php\/2022\/04\/22\/wspolpraca-kpsit-z-zespolem-doradcow-gospodarczych-tor\/#primaryimage"},"thumbnailUrl":"https:\/\/m8.mech.pk.edu.pl\/wp-content\/uploads\/2022\/04\/279132102_2509938059141814_2393038986164948037_n.jpg","datePublished":"2022-04-22T17:24:27+00:00","dateModified":"2022-04-22T17:26:03+00:00","breadcrumb":{"@id":"https:\/\/m8.mech.pk.edu.pl\/index.php\/2022\/04\/22\/wspolpraca-kpsit-z-zespolem-doradcow-gospodarczych-tor\/#breadcrumb"},"inLanguage":"pl-PL","potentialAction":[{"@type":"ReadAction","target":["https:\/\/m8.mech.pk.edu.pl\/index.php\/2022\/04\/22\/wspolpraca-kpsit-z-zespolem-doradcow-gospodarczych-tor\/"]}]},{"@type":"ImageObject","inLanguage":"pl-PL","@id":"https:\/\/m8.mech.pk.edu.pl\/index.php\/2022\/04\/22\/wspolpraca-kpsit-z-zespolem-doradcow-gospodarczych-tor\/#primaryimage","url":"https:\/\/m8.mech.pk.edu.pl\/wp-content\/uploads\/2022\/04\/279132102_2509938059141814_2393038986164948037_n.jpg","contentUrl":"https:\/\/m8.mech.pk.edu.pl\/wp-content\/uploads\/2022\/04\/279132102_2509938059141814_2393038986164948037_n.jpg","width":2048,"height":1202},{"@type":"BreadcrumbList","@id":"https:\/\/m8.mech.pk.edu.pl\/index.php\/2022\/04\/22\/wspolpraca-kpsit-z-zespolem-doradcow-gospodarczych-tor\/#breadcrumb","itemListElement":[{"@type":"ListItem","position":1,"name":"Strona g\u0142\u00f3wna","item":"https:\/\/m8.mech.pk.edu.pl\/"},{"@type":"ListItem","position":2,"name":"Wsp\u00f3\u0142praca KPSiT z Zespo\u0142em Doradc\u00f3w Gospodarczych TOR"}]},{"@type":"WebSite","@id":"https:\/\/m8.mech.pk.edu.pl\/#website","url":"https:\/\/m8.mech.pk.edu.pl\/","name":"Katedra Pojazd\u00f3w Szynowych i Transportu","description":"Katedra Pojazd\u00f3w Szynowych i Transportu Politechniki Krakowskiej na Wydziale Mechanicznym","publisher":{"@id":"https:\/\/m8.mech.pk.edu.pl\/#organization"},"potentialAction":[{"@type":"SearchAction","target":{"@type":"EntryPoint","urlTemplate":"https:\/\/m8.mech.pk.edu.pl\/?s={search_term_string}"},"query-input":{"@type":"PropertyValueSpecification","valueRequired":true,"valueName":"search_term_string"}}],"inLanguage":"pl-PL"},{"@type":"Organization","@id":"https:\/\/m8.mech.pk.edu.pl\/#organization","name":"Katedra Pojazd\u00f3w Szynowych","url":"https:\/\/m8.mech.pk.edu.pl\/","logo":{"@type":"ImageObject","inLanguage":"pl-PL","@id":"https:\/\/m8.mech.pk.edu.pl\/#\/schema\/logo\/image\/","url":"https:\/\/m8.mech.pk.edu.pl\/wp-content\/uploads\/2021\/01\/logo-mail-kpsit.png","contentUrl":"https:\/\/m8.mech.pk.edu.pl\/wp-content\/uploads\/2021\/01\/logo-mail-kpsit.png","width":300,"height":119,"caption":"Katedra Pojazd\u00f3w Szynowych"},"image":{"@id":"https:\/\/m8.mech.pk.edu.pl\/#\/schema\/logo\/image\/"},"sameAs":["https:\/\/facebook.com\/KPSzTPK","https:\/\/www.youtube.com\/channel\/UCen3PQ3fl3ry92o_lHkyVaQ"]},{"@type":"Person","@id":"https:\/\/m8.mech.pk.edu.pl\/#\/schema\/person\/d8f6c9a11add49a79e366c6d4261d14e","name":"Maciej","image":{"@type":"ImageObject","inLanguage":"pl-PL","@id":"https:\/\/secure.gravatar.com\/avatar\/5a17b3a5a44d4dca9d48ed0eccafb488c6c54063f627f848184a92807a97590b?s=96&d=mm&r=g","url":"https:\/\/secure.gravatar.com\/avatar\/5a17b3a5a44d4dca9d48ed0eccafb488c6c54063f627f848184a92807a97590b?s=96&d=mm&r=g","contentUrl":"https:\/\/secure.gravatar.com\/avatar\/5a17b3a5a44d4dca9d48ed0eccafb488c6c54063f627f848184a92807a97590b?s=96&d=mm&r=g","caption":"Maciej"}}]}},"_links":{"self":[{"href":"https:\/\/m8.mech.pk.edu.pl\/index.php\/wp-json\/wp\/v2\/posts\/2879","targetHints":{"allow":["GET"]}}],"collection":[{"href":"https:\/\/m8.mech.pk.edu.pl\/index.php\/wp-json\/wp\/v2\/posts"}],"about":[{"href":"https:\/\/m8.mech.pk.edu.pl\/index.php\/wp-json\/wp\/v2\/types\/post"}],"author":[{"embeddable":true,"href":"https:\/\/m8.mech.pk.edu.pl\/index.php\/wp-json\/wp\/v2\/users\/5"}],"replies":[{"embeddable":true,"href":"https:\/\/m8.mech.pk.edu.pl\/index.php\/wp-json\/wp\/v2\/comments?post=2879"}],"version-history":[{"count":2,"href":"https:\/\/m8.mech.pk.edu.pl\/index.php\/wp-json\/wp\/v2\/posts\/2879\/revisions"}],"predecessor-version":[{"id":2883,"href":"https:\/\/m8.mech.pk.edu.pl\/index.php\/wp-json\/wp\/v2\/posts\/2879\/revisions\/2883"}],"wp:featuredmedia":[{"embeddable":true,"href":"https:\/\/m8.mech.pk.edu.pl\/index.php\/wp-json\/wp\/v2\/media\/2880"}],"wp:attachment":[{"href":"https:\/\/m8.mech.pk.edu.pl\/index.php\/wp-json\/wp\/v2\/media?parent=2879"}],"wp:term":[{"taxonomy":"category","embeddable":true,"href":"https:\/\/m8.mech.pk.edu.pl\/index.php\/wp-json\/wp\/v2\/categories?post=2879"},{"taxonomy":"post_tag","embeddable":true,"href":"https:\/\/m8.mech.pk.edu.pl\/index.php\/wp-json\/wp\/v2\/tags?post=2879"}],"curies":[{"name":"wp","href":"https:\/\/api.w.org\/{rel}","templated":true}]}}