{"id":2864,"date":"2022-04-12T16:51:47","date_gmt":"2022-04-12T14:51:47","guid":{"rendered":"https:\/\/m8.mech.pk.edu.pl\/?p=2864"},"modified":"2022-04-12T16:51:47","modified_gmt":"2022-04-12T14:51:47","slug":"politechnika-krakowska-i-miejskie-przedsiebiorstwo-komunikacyjne-s-a-w-krakowie-zaciesniaja-wspolprace","status":"publish","type":"post","link":"https:\/\/m8.mech.pk.edu.pl\/index.php\/2022\/04\/12\/politechnika-krakowska-i-miejskie-przedsiebiorstwo-komunikacyjne-s-a-w-krakowie-zaciesniaja-wspolprace\/","title":{"rendered":"Politechnika Krakowska i Miejskie Przedsi\u0119biorstwo Komunikacyjne S.A. w Krakowie zacie\u015bniaj\u0105 wsp\u00f3\u0142prac\u0119"},"content":{"rendered":"\n<p>Politechnika Krakowska i Miejskie Przedsi\u0119biorstwo Komunikacyjne S.A. w Krakowie zawar\u0142y 12 kwietnia porozumienie o strategicznej wsp\u00f3\u0142pracy w obszarach naukowo-badawczym, technologicznym oraz edukacyjnym. W Sali Senackiej uczelni umow\u0119 podpisali rektor PK prof. Andrzej Bia\u0142kiewicz i prorektor ds. nauki prof. Dariusz Bogda\u0142 oraz dr Rafa\u0142 \u015awierczy\u0144ski, prezes zarz\u0105du MPK S.A. i Mariusz Sza\u0142kowski, wiceprezes sp\u00f3\u0142ki. Porozumienie rozszerza pola dotychczasowej wsp\u00f3\u0142pracy, stwarza te\u017c nowe mo\u017cliwo\u015bci dla student\u00f3w i doktorant\u00f3w uczelni oraz kadr MPK, m.in. przez wzbogacenie programu praktyk, sta\u017c\u00f3w i wizyt studialnych oraz realizacj\u0119 doktorat\u00f3w wdro\u017ceniowych w Szkole Doktorskiej PK. Nasza Katedra jest intensywnie zaanga\u017cowana w rozw\u00f3j wsp\u00f3\u0142pracy z MPK S.A. w Krakowie.<\/p>\n\n\n\n<!--more-->\n\n\n\n<p>Politechnik\u0119 Krakowsk\u0105 i MPK \u0142\u0105cz\u0105 ju\u017c wsp\u00f3lne przedsi\u0119wzi\u0119cia, realizowane przez jednostki uczelni. Najbardziej spektakularnym owocem dotychczasowej wsp\u00f3\u0142pracy jest \u2013 zaprezentowany publicznie w 2020 r. \u2013 projekt pierwszego w Polsce uk\u0142adu sterowania autonomicznego tramwaju, realizowany m.in. przez naukowc\u00f3w z Wydzia\u0142u Mechanicznego (WM) PK i MPK. Eksperci PK s\u0142u\u017c\u0105 miejskiemu przewo\u017anikowi wsparciem m.in. przy ocenie stanu technicznego taboru komunikacji i jego wp\u0142ywu na poziom bezpiecze\u0144stwa transportu szynowego, tak\u017ce przy projektowaniu nowych tras tramwajowych i autobusowych, wyznaczaniu nowych p\u0119tli czy optymalizacji tras przejazd\u00f3w. MPK korzysta tak\u017ce z infrastruktury dydaktycznej WM PK, szczeg\u00f3lnie uczelnianego symulatora tramwaju NGT6, na kt\u00f3rym realizowane s\u0105 kursy dla kandydat\u00f3w na motorniczych. Praktycy firmy wspieraj\u0105 z kolei kszta\u0142cenie student\u00f3w w Szkole Transportu PK, m.in. na specjalno\u015bci dualnej \u201eIn\u017cynieria pojazd\u00f3w szynowych\u201d, prowadzonej na Wydziale Mechanicznym.<\/p>\n\n\n\n<p>Ca\u0142y artyku\u0142: <a href=\"https:\/\/www.pk.edu.pl\/index.php?option=com_content&amp;view=article&amp;id=4255:politechnika-krakowska-i-miejskie-przedsiebiorstwo-komunikacyjne-sa-w-krakowie-zaciesniaja-wspolprace&amp;catid=49&amp;lang=pl&amp;Itemid=944\" target=\"_blank\" rel=\"noreferrer noopener\">https:\/\/www.pk.edu.pl\/index.php?option=com_content&amp;view=article&amp;id=4255:politechnika-krakowska-i-miejskie-przedsiebiorstwo-komunikacyjne-sa-w-krakowie-zaciesniaja-wspolprace&amp;catid=49&amp;lang=pl&amp;Itemid=944<\/a><\/p>\n\n\n\n<p><\/p>\n","protected":false},"excerpt":{"rendered":"<p>Politechnika Krakowska i Miejskie Przedsi\u0119biorstwo Komunikacyjne S.A. w Krakowie zawar\u0142y 12 kwietnia porozumienie o strategicznej wsp\u00f3\u0142pracy w obszarach naukowo-badawczym, technologicznym oraz edukacyjnym. W Sali Senackiej uczelni umow\u0119 podpisali rektor PK prof. Andrzej Bia\u0142kiewicz i prorektor ds. nauki prof. Dariusz Bogda\u0142 oraz dr Rafa\u0142 \u015awierczy\u0144ski, prezes zarz\u0105du MPK S.A. i Mariusz Sza\u0142kowski, wiceprezes sp\u00f3\u0142ki. Porozumienie rozszerza [&hellip;]<\/p>\n","protected":false},"author":5,"featured_media":2865,"comment_status":"closed","ping_status":"open","sticky":false,"template":"","format":"standard","meta":{"footnotes":""},"categories":[1],"tags":[],"class_list":["post-2864","post","type-post","status-publish","format-standard","has-post-thumbnail","hentry","category-bez-kategorii"],"yoast_head":"<!-- This site is optimized with the Yoast SEO plugin v27.5 - https:\/\/yoast.com\/product\/yoast-seo-wordpress\/ -->\n<title>Politechnika Krakowska i Miejskie Przedsi\u0119biorstwo Komunikacyjne S.A. w Krakowie zacie\u015bniaj\u0105 wsp\u00f3\u0142prac\u0119 - Katedra Pojazd\u00f3w Szynowych i Transportu<\/title>\n<meta name=\"robots\" content=\"index, follow, max-snippet:-1, max-image-preview:large, max-video-preview:-1\" \/>\n<link rel=\"canonical\" href=\"https:\/\/m8.mech.pk.edu.pl\/index.php\/2022\/04\/12\/politechnika-krakowska-i-miejskie-przedsiebiorstwo-komunikacyjne-s-a-w-krakowie-zaciesniaja-wspolprace\/\" \/>\n<meta property=\"og:locale\" content=\"pl_PL\" \/>\n<meta property=\"og:type\" content=\"article\" \/>\n<meta property=\"og:title\" content=\"Politechnika Krakowska i Miejskie Przedsi\u0119biorstwo Komunikacyjne S.A. w Krakowie zacie\u015bniaj\u0105 wsp\u00f3\u0142prac\u0119 - Katedra Pojazd\u00f3w Szynowych i Transportu\" \/>\n<meta property=\"og:description\" content=\"Politechnika Krakowska i Miejskie Przedsi\u0119biorstwo Komunikacyjne S.A. w Krakowie zawar\u0142y 12 kwietnia porozumienie o strategicznej wsp\u00f3\u0142pracy w obszarach naukowo-badawczym, technologicznym oraz edukacyjnym. W Sali Senackiej uczelni umow\u0119 podpisali rektor PK prof. Andrzej Bia\u0142kiewicz i prorektor ds. nauki prof. Dariusz Bogda\u0142 oraz dr Rafa\u0142 \u015awierczy\u0144ski, prezes zarz\u0105du MPK S.A. i Mariusz Sza\u0142kowski, wiceprezes sp\u00f3\u0142ki. Porozumienie rozszerza [&hellip;]\" \/>\n<meta property=\"og:url\" content=\"https:\/\/m8.mech.pk.edu.pl\/index.php\/2022\/04\/12\/politechnika-krakowska-i-miejskie-przedsiebiorstwo-komunikacyjne-s-a-w-krakowie-zaciesniaja-wspolprace\/\" \/>\n<meta property=\"og:site_name\" content=\"Katedra Pojazd\u00f3w Szynowych i Transportu\" \/>\n<meta property=\"article:publisher\" content=\"https:\/\/facebook.com\/KPSzTPK\" \/>\n<meta property=\"article:published_time\" content=\"2022-04-12T14:51:47+00:00\" \/>\n<meta property=\"og:image\" content=\"https:\/\/m8.mech.pk.edu.pl\/wp-content\/uploads\/2022\/04\/MPK-PK1.jpg\" \/>\n\t<meta property=\"og:image:width\" content=\"532\" \/>\n\t<meta property=\"og:image:height\" content=\"355\" \/>\n\t<meta property=\"og:image:type\" content=\"image\/jpeg\" \/>\n<meta name=\"author\" content=\"Maciej\" \/>\n<meta name=\"twitter:card\" content=\"summary_large_image\" \/>\n<meta name=\"twitter:label1\" content=\"Napisane przez\" \/>\n\t<meta name=\"twitter:data1\" content=\"Maciej\" \/>\n\t<meta name=\"twitter:label2\" content=\"Szacowany czas czytania\" \/>\n\t<meta name=\"twitter:data2\" content=\"2 minuty\" \/>\n<script type=\"application\/ld+json\" class=\"yoast-schema-graph\">{\"@context\":\"https:\\\/\\\/schema.org\",\"@graph\":[{\"@type\":\"Article\",\"@id\":\"https:\\\/\\\/m8.mech.pk.edu.pl\\\/index.php\\\/2022\\\/04\\\/12\\\/politechnika-krakowska-i-miejskie-przedsiebiorstwo-komunikacyjne-s-a-w-krakowie-zaciesniaja-wspolprace\\\/#article\",\"isPartOf\":{\"@id\":\"https:\\\/\\\/m8.mech.pk.edu.pl\\\/index.php\\\/2022\\\/04\\\/12\\\/politechnika-krakowska-i-miejskie-przedsiebiorstwo-komunikacyjne-s-a-w-krakowie-zaciesniaja-wspolprace\\\/\"},\"author\":{\"name\":\"Maciej\",\"@id\":\"https:\\\/\\\/m8.mech.pk.edu.pl\\\/#\\\/schema\\\/person\\\/d8f6c9a11add49a79e366c6d4261d14e\"},\"headline\":\"Politechnika Krakowska i Miejskie Przedsi\u0119biorstwo Komunikacyjne S.A. w Krakowie zacie\u015bniaj\u0105 wsp\u00f3\u0142prac\u0119\",\"datePublished\":\"2022-04-12T14:51:47+00:00\",\"mainEntityOfPage\":{\"@id\":\"https:\\\/\\\/m8.mech.pk.edu.pl\\\/index.php\\\/2022\\\/04\\\/12\\\/politechnika-krakowska-i-miejskie-przedsiebiorstwo-komunikacyjne-s-a-w-krakowie-zaciesniaja-wspolprace\\\/\"},\"wordCount\":310,\"publisher\":{\"@id\":\"https:\\\/\\\/m8.mech.pk.edu.pl\\\/#organization\"},\"image\":{\"@id\":\"https:\\\/\\\/m8.mech.pk.edu.pl\\\/index.php\\\/2022\\\/04\\\/12\\\/politechnika-krakowska-i-miejskie-przedsiebiorstwo-komunikacyjne-s-a-w-krakowie-zaciesniaja-wspolprace\\\/#primaryimage\"},\"thumbnailUrl\":\"https:\\\/\\\/m8.mech.pk.edu.pl\\\/wp-content\\\/uploads\\\/2022\\\/04\\\/MPK-PK1.jpg\",\"inLanguage\":\"pl-PL\"},{\"@type\":\"WebPage\",\"@id\":\"https:\\\/\\\/m8.mech.pk.edu.pl\\\/index.php\\\/2022\\\/04\\\/12\\\/politechnika-krakowska-i-miejskie-przedsiebiorstwo-komunikacyjne-s-a-w-krakowie-zaciesniaja-wspolprace\\\/\",\"url\":\"https:\\\/\\\/m8.mech.pk.edu.pl\\\/index.php\\\/2022\\\/04\\\/12\\\/politechnika-krakowska-i-miejskie-przedsiebiorstwo-komunikacyjne-s-a-w-krakowie-zaciesniaja-wspolprace\\\/\",\"name\":\"Politechnika Krakowska i Miejskie Przedsi\u0119biorstwo Komunikacyjne S.A. w Krakowie zacie\u015bniaj\u0105 wsp\u00f3\u0142prac\u0119 - Katedra Pojazd\u00f3w Szynowych i Transportu\",\"isPartOf\":{\"@id\":\"https:\\\/\\\/m8.mech.pk.edu.pl\\\/#website\"},\"primaryImageOfPage\":{\"@id\":\"https:\\\/\\\/m8.mech.pk.edu.pl\\\/index.php\\\/2022\\\/04\\\/12\\\/politechnika-krakowska-i-miejskie-przedsiebiorstwo-komunikacyjne-s-a-w-krakowie-zaciesniaja-wspolprace\\\/#primaryimage\"},\"image\":{\"@id\":\"https:\\\/\\\/m8.mech.pk.edu.pl\\\/index.php\\\/2022\\\/04\\\/12\\\/politechnika-krakowska-i-miejskie-przedsiebiorstwo-komunikacyjne-s-a-w-krakowie-zaciesniaja-wspolprace\\\/#primaryimage\"},\"thumbnailUrl\":\"https:\\\/\\\/m8.mech.pk.edu.pl\\\/wp-content\\\/uploads\\\/2022\\\/04\\\/MPK-PK1.jpg\",\"datePublished\":\"2022-04-12T14:51:47+00:00\",\"breadcrumb\":{\"@id\":\"https:\\\/\\\/m8.mech.pk.edu.pl\\\/index.php\\\/2022\\\/04\\\/12\\\/politechnika-krakowska-i-miejskie-przedsiebiorstwo-komunikacyjne-s-a-w-krakowie-zaciesniaja-wspolprace\\\/#breadcrumb\"},\"inLanguage\":\"pl-PL\",\"potentialAction\":[{\"@type\":\"ReadAction\",\"target\":[\"https:\\\/\\\/m8.mech.pk.edu.pl\\\/index.php\\\/2022\\\/04\\\/12\\\/politechnika-krakowska-i-miejskie-przedsiebiorstwo-komunikacyjne-s-a-w-krakowie-zaciesniaja-wspolprace\\\/\"]}]},{\"@type\":\"ImageObject\",\"inLanguage\":\"pl-PL\",\"@id\":\"https:\\\/\\\/m8.mech.pk.edu.pl\\\/index.php\\\/2022\\\/04\\\/12\\\/politechnika-krakowska-i-miejskie-przedsiebiorstwo-komunikacyjne-s-a-w-krakowie-zaciesniaja-wspolprace\\\/#primaryimage\",\"url\":\"https:\\\/\\\/m8.mech.pk.edu.pl\\\/wp-content\\\/uploads\\\/2022\\\/04\\\/MPK-PK1.jpg\",\"contentUrl\":\"https:\\\/\\\/m8.mech.pk.edu.pl\\\/wp-content\\\/uploads\\\/2022\\\/04\\\/MPK-PK1.jpg\",\"width\":532,\"height\":355},{\"@type\":\"BreadcrumbList\",\"@id\":\"https:\\\/\\\/m8.mech.pk.edu.pl\\\/index.php\\\/2022\\\/04\\\/12\\\/politechnika-krakowska-i-miejskie-przedsiebiorstwo-komunikacyjne-s-a-w-krakowie-zaciesniaja-wspolprace\\\/#breadcrumb\",\"itemListElement\":[{\"@type\":\"ListItem\",\"position\":1,\"name\":\"Strona g\u0142\u00f3wna\",\"item\":\"https:\\\/\\\/m8.mech.pk.edu.pl\\\/\"},{\"@type\":\"ListItem\",\"position\":2,\"name\":\"Politechnika Krakowska i Miejskie Przedsi\u0119biorstwo Komunikacyjne S.A. w Krakowie zacie\u015bniaj\u0105 wsp\u00f3\u0142prac\u0119\"}]},{\"@type\":\"WebSite\",\"@id\":\"https:\\\/\\\/m8.mech.pk.edu.pl\\\/#website\",\"url\":\"https:\\\/\\\/m8.mech.pk.edu.pl\\\/\",\"name\":\"Katedra Pojazd\u00f3w Szynowych i Transportu\",\"description\":\"Katedra Pojazd\u00f3w Szynowych i Transportu Politechniki Krakowskiej na Wydziale Mechanicznym\",\"publisher\":{\"@id\":\"https:\\\/\\\/m8.mech.pk.edu.pl\\\/#organization\"},\"potentialAction\":[{\"@type\":\"SearchAction\",\"target\":{\"@type\":\"EntryPoint\",\"urlTemplate\":\"https:\\\/\\\/m8.mech.pk.edu.pl\\\/?s={search_term_string}\"},\"query-input\":{\"@type\":\"PropertyValueSpecification\",\"valueRequired\":true,\"valueName\":\"search_term_string\"}}],\"inLanguage\":\"pl-PL\"},{\"@type\":\"Organization\",\"@id\":\"https:\\\/\\\/m8.mech.pk.edu.pl\\\/#organization\",\"name\":\"Katedra Pojazd\u00f3w Szynowych\",\"url\":\"https:\\\/\\\/m8.mech.pk.edu.pl\\\/\",\"logo\":{\"@type\":\"ImageObject\",\"inLanguage\":\"pl-PL\",\"@id\":\"https:\\\/\\\/m8.mech.pk.edu.pl\\\/#\\\/schema\\\/logo\\\/image\\\/\",\"url\":\"https:\\\/\\\/m8.mech.pk.edu.pl\\\/wp-content\\\/uploads\\\/2021\\\/01\\\/logo-mail-kpsit.png\",\"contentUrl\":\"https:\\\/\\\/m8.mech.pk.edu.pl\\\/wp-content\\\/uploads\\\/2021\\\/01\\\/logo-mail-kpsit.png\",\"width\":300,\"height\":119,\"caption\":\"Katedra Pojazd\u00f3w Szynowych\"},\"image\":{\"@id\":\"https:\\\/\\\/m8.mech.pk.edu.pl\\\/#\\\/schema\\\/logo\\\/image\\\/\"},\"sameAs\":[\"https:\\\/\\\/facebook.com\\\/KPSzTPK\",\"https:\\\/\\\/www.youtube.com\\\/channel\\\/UCen3PQ3fl3ry92o_lHkyVaQ\"]},{\"@type\":\"Person\",\"@id\":\"https:\\\/\\\/m8.mech.pk.edu.pl\\\/#\\\/schema\\\/person\\\/d8f6c9a11add49a79e366c6d4261d14e\",\"name\":\"Maciej\",\"image\":{\"@type\":\"ImageObject\",\"inLanguage\":\"pl-PL\",\"@id\":\"https:\\\/\\\/secure.gravatar.com\\\/avatar\\\/5a17b3a5a44d4dca9d48ed0eccafb488c6c54063f627f848184a92807a97590b?s=96&d=mm&r=g\",\"url\":\"https:\\\/\\\/secure.gravatar.com\\\/avatar\\\/5a17b3a5a44d4dca9d48ed0eccafb488c6c54063f627f848184a92807a97590b?s=96&d=mm&r=g\",\"contentUrl\":\"https:\\\/\\\/secure.gravatar.com\\\/avatar\\\/5a17b3a5a44d4dca9d48ed0eccafb488c6c54063f627f848184a92807a97590b?s=96&d=mm&r=g\",\"caption\":\"Maciej\"}}]}<\/script>\n<!-- \/ Yoast SEO plugin. -->","yoast_head_json":{"title":"Politechnika Krakowska i Miejskie Przedsi\u0119biorstwo Komunikacyjne S.A. w Krakowie zacie\u015bniaj\u0105 wsp\u00f3\u0142prac\u0119 - Katedra Pojazd\u00f3w Szynowych i Transportu","robots":{"index":"index","follow":"follow","max-snippet":"max-snippet:-1","max-image-preview":"max-image-preview:large","max-video-preview":"max-video-preview:-1"},"canonical":"https:\/\/m8.mech.pk.edu.pl\/index.php\/2022\/04\/12\/politechnika-krakowska-i-miejskie-przedsiebiorstwo-komunikacyjne-s-a-w-krakowie-zaciesniaja-wspolprace\/","og_locale":"pl_PL","og_type":"article","og_title":"Politechnika Krakowska i Miejskie Przedsi\u0119biorstwo Komunikacyjne S.A. w Krakowie zacie\u015bniaj\u0105 wsp\u00f3\u0142prac\u0119 - Katedra Pojazd\u00f3w Szynowych i Transportu","og_description":"Politechnika Krakowska i Miejskie Przedsi\u0119biorstwo Komunikacyjne S.A. w Krakowie zawar\u0142y 12 kwietnia porozumienie o strategicznej wsp\u00f3\u0142pracy w obszarach naukowo-badawczym, technologicznym oraz edukacyjnym. W Sali Senackiej uczelni umow\u0119 podpisali rektor PK prof. Andrzej Bia\u0142kiewicz i prorektor ds. nauki prof. Dariusz Bogda\u0142 oraz dr Rafa\u0142 \u015awierczy\u0144ski, prezes zarz\u0105du MPK S.A. i Mariusz Sza\u0142kowski, wiceprezes sp\u00f3\u0142ki. Porozumienie rozszerza [&hellip;]","og_url":"https:\/\/m8.mech.pk.edu.pl\/index.php\/2022\/04\/12\/politechnika-krakowska-i-miejskie-przedsiebiorstwo-komunikacyjne-s-a-w-krakowie-zaciesniaja-wspolprace\/","og_site_name":"Katedra Pojazd\u00f3w Szynowych i Transportu","article_publisher":"https:\/\/facebook.com\/KPSzTPK","article_published_time":"2022-04-12T14:51:47+00:00","og_image":[{"width":532,"height":355,"url":"https:\/\/m8.mech.pk.edu.pl\/wp-content\/uploads\/2022\/04\/MPK-PK1.jpg","type":"image\/jpeg"}],"author":"Maciej","twitter_card":"summary_large_image","twitter_misc":{"Napisane przez":"Maciej","Szacowany czas czytania":"2 minuty"},"schema":{"@context":"https:\/\/schema.org","@graph":[{"@type":"Article","@id":"https:\/\/m8.mech.pk.edu.pl\/index.php\/2022\/04\/12\/politechnika-krakowska-i-miejskie-przedsiebiorstwo-komunikacyjne-s-a-w-krakowie-zaciesniaja-wspolprace\/#article","isPartOf":{"@id":"https:\/\/m8.mech.pk.edu.pl\/index.php\/2022\/04\/12\/politechnika-krakowska-i-miejskie-przedsiebiorstwo-komunikacyjne-s-a-w-krakowie-zaciesniaja-wspolprace\/"},"author":{"name":"Maciej","@id":"https:\/\/m8.mech.pk.edu.pl\/#\/schema\/person\/d8f6c9a11add49a79e366c6d4261d14e"},"headline":"Politechnika Krakowska i Miejskie Przedsi\u0119biorstwo Komunikacyjne S.A. w Krakowie zacie\u015bniaj\u0105 wsp\u00f3\u0142prac\u0119","datePublished":"2022-04-12T14:51:47+00:00","mainEntityOfPage":{"@id":"https:\/\/m8.mech.pk.edu.pl\/index.php\/2022\/04\/12\/politechnika-krakowska-i-miejskie-przedsiebiorstwo-komunikacyjne-s-a-w-krakowie-zaciesniaja-wspolprace\/"},"wordCount":310,"publisher":{"@id":"https:\/\/m8.mech.pk.edu.pl\/#organization"},"image":{"@id":"https:\/\/m8.mech.pk.edu.pl\/index.php\/2022\/04\/12\/politechnika-krakowska-i-miejskie-przedsiebiorstwo-komunikacyjne-s-a-w-krakowie-zaciesniaja-wspolprace\/#primaryimage"},"thumbnailUrl":"https:\/\/m8.mech.pk.edu.pl\/wp-content\/uploads\/2022\/04\/MPK-PK1.jpg","inLanguage":"pl-PL"},{"@type":"WebPage","@id":"https:\/\/m8.mech.pk.edu.pl\/index.php\/2022\/04\/12\/politechnika-krakowska-i-miejskie-przedsiebiorstwo-komunikacyjne-s-a-w-krakowie-zaciesniaja-wspolprace\/","url":"https:\/\/m8.mech.pk.edu.pl\/index.php\/2022\/04\/12\/politechnika-krakowska-i-miejskie-przedsiebiorstwo-komunikacyjne-s-a-w-krakowie-zaciesniaja-wspolprace\/","name":"Politechnika Krakowska i Miejskie Przedsi\u0119biorstwo Komunikacyjne S.A. w Krakowie zacie\u015bniaj\u0105 wsp\u00f3\u0142prac\u0119 - Katedra Pojazd\u00f3w Szynowych i Transportu","isPartOf":{"@id":"https:\/\/m8.mech.pk.edu.pl\/#website"},"primaryImageOfPage":{"@id":"https:\/\/m8.mech.pk.edu.pl\/index.php\/2022\/04\/12\/politechnika-krakowska-i-miejskie-przedsiebiorstwo-komunikacyjne-s-a-w-krakowie-zaciesniaja-wspolprace\/#primaryimage"},"image":{"@id":"https:\/\/m8.mech.pk.edu.pl\/index.php\/2022\/04\/12\/politechnika-krakowska-i-miejskie-przedsiebiorstwo-komunikacyjne-s-a-w-krakowie-zaciesniaja-wspolprace\/#primaryimage"},"thumbnailUrl":"https:\/\/m8.mech.pk.edu.pl\/wp-content\/uploads\/2022\/04\/MPK-PK1.jpg","datePublished":"2022-04-12T14:51:47+00:00","breadcrumb":{"@id":"https:\/\/m8.mech.pk.edu.pl\/index.php\/2022\/04\/12\/politechnika-krakowska-i-miejskie-przedsiebiorstwo-komunikacyjne-s-a-w-krakowie-zaciesniaja-wspolprace\/#breadcrumb"},"inLanguage":"pl-PL","potentialAction":[{"@type":"ReadAction","target":["https:\/\/m8.mech.pk.edu.pl\/index.php\/2022\/04\/12\/politechnika-krakowska-i-miejskie-przedsiebiorstwo-komunikacyjne-s-a-w-krakowie-zaciesniaja-wspolprace\/"]}]},{"@type":"ImageObject","inLanguage":"pl-PL","@id":"https:\/\/m8.mech.pk.edu.pl\/index.php\/2022\/04\/12\/politechnika-krakowska-i-miejskie-przedsiebiorstwo-komunikacyjne-s-a-w-krakowie-zaciesniaja-wspolprace\/#primaryimage","url":"https:\/\/m8.mech.pk.edu.pl\/wp-content\/uploads\/2022\/04\/MPK-PK1.jpg","contentUrl":"https:\/\/m8.mech.pk.edu.pl\/wp-content\/uploads\/2022\/04\/MPK-PK1.jpg","width":532,"height":355},{"@type":"BreadcrumbList","@id":"https:\/\/m8.mech.pk.edu.pl\/index.php\/2022\/04\/12\/politechnika-krakowska-i-miejskie-przedsiebiorstwo-komunikacyjne-s-a-w-krakowie-zaciesniaja-wspolprace\/#breadcrumb","itemListElement":[{"@type":"ListItem","position":1,"name":"Strona g\u0142\u00f3wna","item":"https:\/\/m8.mech.pk.edu.pl\/"},{"@type":"ListItem","position":2,"name":"Politechnika Krakowska i Miejskie Przedsi\u0119biorstwo Komunikacyjne S.A. w Krakowie zacie\u015bniaj\u0105 wsp\u00f3\u0142prac\u0119"}]},{"@type":"WebSite","@id":"https:\/\/m8.mech.pk.edu.pl\/#website","url":"https:\/\/m8.mech.pk.edu.pl\/","name":"Katedra Pojazd\u00f3w Szynowych i Transportu","description":"Katedra Pojazd\u00f3w Szynowych i Transportu Politechniki Krakowskiej na Wydziale Mechanicznym","publisher":{"@id":"https:\/\/m8.mech.pk.edu.pl\/#organization"},"potentialAction":[{"@type":"SearchAction","target":{"@type":"EntryPoint","urlTemplate":"https:\/\/m8.mech.pk.edu.pl\/?s={search_term_string}"},"query-input":{"@type":"PropertyValueSpecification","valueRequired":true,"valueName":"search_term_string"}}],"inLanguage":"pl-PL"},{"@type":"Organization","@id":"https:\/\/m8.mech.pk.edu.pl\/#organization","name":"Katedra Pojazd\u00f3w Szynowych","url":"https:\/\/m8.mech.pk.edu.pl\/","logo":{"@type":"ImageObject","inLanguage":"pl-PL","@id":"https:\/\/m8.mech.pk.edu.pl\/#\/schema\/logo\/image\/","url":"https:\/\/m8.mech.pk.edu.pl\/wp-content\/uploads\/2021\/01\/logo-mail-kpsit.png","contentUrl":"https:\/\/m8.mech.pk.edu.pl\/wp-content\/uploads\/2021\/01\/logo-mail-kpsit.png","width":300,"height":119,"caption":"Katedra Pojazd\u00f3w Szynowych"},"image":{"@id":"https:\/\/m8.mech.pk.edu.pl\/#\/schema\/logo\/image\/"},"sameAs":["https:\/\/facebook.com\/KPSzTPK","https:\/\/www.youtube.com\/channel\/UCen3PQ3fl3ry92o_lHkyVaQ"]},{"@type":"Person","@id":"https:\/\/m8.mech.pk.edu.pl\/#\/schema\/person\/d8f6c9a11add49a79e366c6d4261d14e","name":"Maciej","image":{"@type":"ImageObject","inLanguage":"pl-PL","@id":"https:\/\/secure.gravatar.com\/avatar\/5a17b3a5a44d4dca9d48ed0eccafb488c6c54063f627f848184a92807a97590b?s=96&d=mm&r=g","url":"https:\/\/secure.gravatar.com\/avatar\/5a17b3a5a44d4dca9d48ed0eccafb488c6c54063f627f848184a92807a97590b?s=96&d=mm&r=g","contentUrl":"https:\/\/secure.gravatar.com\/avatar\/5a17b3a5a44d4dca9d48ed0eccafb488c6c54063f627f848184a92807a97590b?s=96&d=mm&r=g","caption":"Maciej"}}]}},"_links":{"self":[{"href":"https:\/\/m8.mech.pk.edu.pl\/index.php\/wp-json\/wp\/v2\/posts\/2864","targetHints":{"allow":["GET"]}}],"collection":[{"href":"https:\/\/m8.mech.pk.edu.pl\/index.php\/wp-json\/wp\/v2\/posts"}],"about":[{"href":"https:\/\/m8.mech.pk.edu.pl\/index.php\/wp-json\/wp\/v2\/types\/post"}],"author":[{"embeddable":true,"href":"https:\/\/m8.mech.pk.edu.pl\/index.php\/wp-json\/wp\/v2\/users\/5"}],"replies":[{"embeddable":true,"href":"https:\/\/m8.mech.pk.edu.pl\/index.php\/wp-json\/wp\/v2\/comments?post=2864"}],"version-history":[{"count":1,"href":"https:\/\/m8.mech.pk.edu.pl\/index.php\/wp-json\/wp\/v2\/posts\/2864\/revisions"}],"predecessor-version":[{"id":2866,"href":"https:\/\/m8.mech.pk.edu.pl\/index.php\/wp-json\/wp\/v2\/posts\/2864\/revisions\/2866"}],"wp:featuredmedia":[{"embeddable":true,"href":"https:\/\/m8.mech.pk.edu.pl\/index.php\/wp-json\/wp\/v2\/media\/2865"}],"wp:attachment":[{"href":"https:\/\/m8.mech.pk.edu.pl\/index.php\/wp-json\/wp\/v2\/media?parent=2864"}],"wp:term":[{"taxonomy":"category","embeddable":true,"href":"https:\/\/m8.mech.pk.edu.pl\/index.php\/wp-json\/wp\/v2\/categories?post=2864"},{"taxonomy":"post_tag","embeddable":true,"href":"https:\/\/m8.mech.pk.edu.pl\/index.php\/wp-json\/wp\/v2\/tags?post=2864"}],"curies":[{"name":"wp","href":"https:\/\/api.w.org\/{rel}","templated":true}]}}