{"id":2844,"date":"2022-03-30T20:09:58","date_gmt":"2022-03-30T18:09:58","guid":{"rendered":"https:\/\/m8.mech.pk.edu.pl\/?p=2844"},"modified":"2022-03-30T20:10:54","modified_gmt":"2022-03-30T18:10:54","slug":"prezentacja-ofert-stazowych-dla-ips","status":"publish","type":"post","link":"https:\/\/m8.mech.pk.edu.pl\/index.php\/2022\/03\/30\/prezentacja-ofert-stazowych-dla-ips\/","title":{"rendered":"Prezentacja ofert sta\u017cowych dla IPS"},"content":{"rendered":"\n<p>23 i 30 marca 2022 odby\u0142y si\u0119 prezentacje ofert sta\u017cowych dla student\u00f3w IV edycji dualnej specjalno\u015bci In\u017cynieria Pojazd\u00f3w Szynowych. Zgodnie z programem studi\u00f3w, studenci podczas ca\u0142ego VII semestru realizuj\u0105 zadania zwi\u0105zane z dzia\u0142alno\u015bci\u0105 wybranej firmy \/ instytucji bran\u017cowej, kt\u00f3re zwie\u0144czone s\u0105 obron\u0105 pracy in\u017cynierskiej. <\/p>\n\n\n\n<!--more-->\n\n\n\n<p>Dzi\u0119ki temu ju\u017c podczas studi\u00f3w szczeg\u00f3\u0142owo zapoznaj\u0105 si\u0119 z dzia\u0142alno\u015bci\u0105 przemys\u0142u i przygotowuj\u0105 do podj\u0119cia pracy zawodowej. W tym roku miejsca na sta\u017c zaoferowa\u0142y: <a href=\"https:\/\/www.facebook.com\/NEWAG.GROUP\/?__cft__[0]=AZWOOx6d5U2hjy-BXt6wnj0kl4tja8BBre5IZKaKXsMwKcqRTrfq_lHJE_eDFNITTUaS_5f3dN_pVN-TFosBuZNh22SL40DgRpP2kEUvKQDRowVtzWJRvZz0pg1HOx6OPefl2LsT0fgUoscEUaaW-hScriwlPHQaNy-Kchwh9ZM4l6ZrJZC8wdaml1pKTbJTwms&amp;__tn__=kK-R\">NEWAG S.A.<\/a>, <a href=\"https:\/\/www.facebook.com\/Urz%C4%85d-Transportu-Kolejowego-335457486571860\/?__cft__[0]=AZWOOx6d5U2hjy-BXt6wnj0kl4tja8BBre5IZKaKXsMwKcqRTrfq_lHJE_eDFNITTUaS_5f3dN_pVN-TFosBuZNh22SL40DgRpP2kEUvKQDRowVtzWJRvZz0pg1HOx6OPefl2LsT0fgUoscEUaaW-hScriwlPHQaNy-Kchwh9ZM4l6ZrJZC8wdaml1pKTbJTwms&amp;__tn__=kK-R\">Urz\u0105d Transportu Kolejowego<\/a>, <a href=\"https:\/\/www.facebook.com\/knorrbremseliberec\/?__cft__[0]=AZWOOx6d5U2hjy-BXt6wnj0kl4tja8BBre5IZKaKXsMwKcqRTrfq_lHJE_eDFNITTUaS_5f3dN_pVN-TFosBuZNh22SL40DgRpP2kEUvKQDRowVtzWJRvZz0pg1HOx6OPefl2LsT0fgUoscEUaaW-hScriwlPHQaNy-Kchwh9ZM4l6ZrJZC8wdaml1pKTbJTwms&amp;__tn__=kK-R\">Knorr-Bremse<\/a> oraz <a href=\"https:\/\/www.facebook.com\/KolejeMalopolskie\/?__cft__[0]=AZWOOx6d5U2hjy-BXt6wnj0kl4tja8BBre5IZKaKXsMwKcqRTrfq_lHJE_eDFNITTUaS_5f3dN_pVN-TFosBuZNh22SL40DgRpP2kEUvKQDRowVtzWJRvZz0pg1HOx6OPefl2LsT0fgUoscEUaaW-hScriwlPHQaNy-Kchwh9ZM4l6ZrJZC8wdaml1pKTbJTwms&amp;__tn__=kK-R\">Koleje Ma\u0142opolskie<\/a>.<\/p>\n\n\n\n<figure class=\"wp-block-image size-large is-resized\"><img loading=\"lazy\" decoding=\"async\" src=\"https:\/\/m8.mech.pk.edu.pl\/wp-content\/uploads\/2022\/03\/staze-ips-22-23-1024x959.jpg\" alt=\"\" class=\"wp-image-2847\" width=\"512\" height=\"480\" srcset=\"https:\/\/m8.mech.pk.edu.pl\/wp-content\/uploads\/2022\/03\/staze-ips-22-23-1024x959.jpg 1024w, https:\/\/m8.mech.pk.edu.pl\/wp-content\/uploads\/2022\/03\/staze-ips-22-23-300x281.jpg 300w, https:\/\/m8.mech.pk.edu.pl\/wp-content\/uploads\/2022\/03\/staze-ips-22-23-768x719.jpg 768w, https:\/\/m8.mech.pk.edu.pl\/wp-content\/uploads\/2022\/03\/staze-ips-22-23-1536x1438.jpg 1536w, https:\/\/m8.mech.pk.edu.pl\/wp-content\/uploads\/2022\/03\/staze-ips-22-23.jpg 1996w\" sizes=\"auto, (max-width: 512px) 100vw, 512px\" \/><\/figure>\n","protected":false},"excerpt":{"rendered":"<p>23 i 30 marca 2022 odby\u0142y si\u0119 prezentacje ofert sta\u017cowych dla student\u00f3w IV edycji dualnej specjalno\u015bci In\u017cynieria Pojazd\u00f3w Szynowych. Zgodnie z programem studi\u00f3w, studenci podczas ca\u0142ego VII semestru realizuj\u0105 zadania zwi\u0105zane z dzia\u0142alno\u015bci\u0105 wybranej firmy \/ instytucji bran\u017cowej, kt\u00f3re zwie\u0144czone s\u0105 obron\u0105 pracy in\u017cynierskiej.<\/p>\n","protected":false},"author":5,"featured_media":2846,"comment_status":"closed","ping_status":"open","sticky":false,"template":"","format":"standard","meta":{"footnotes":""},"categories":[1],"tags":[],"class_list":["post-2844","post","type-post","status-publish","format-standard","has-post-thumbnail","hentry","category-bez-kategorii"],"yoast_head":"<!-- This site is optimized with the Yoast SEO plugin v27.5 - https:\/\/yoast.com\/product\/yoast-seo-wordpress\/ -->\n<title>Prezentacja ofert sta\u017cowych dla IPS - Katedra Pojazd\u00f3w Szynowych i Transportu<\/title>\n<meta name=\"robots\" content=\"index, follow, max-snippet:-1, max-image-preview:large, max-video-preview:-1\" \/>\n<link rel=\"canonical\" href=\"https:\/\/m8.mech.pk.edu.pl\/index.php\/2022\/03\/30\/prezentacja-ofert-stazowych-dla-ips\/\" \/>\n<meta property=\"og:locale\" content=\"pl_PL\" \/>\n<meta property=\"og:type\" content=\"article\" \/>\n<meta property=\"og:title\" content=\"Prezentacja ofert sta\u017cowych dla IPS - Katedra Pojazd\u00f3w Szynowych i Transportu\" \/>\n<meta property=\"og:description\" content=\"23 i 30 marca 2022 odby\u0142y si\u0119 prezentacje ofert sta\u017cowych dla student\u00f3w IV edycji dualnej specjalno\u015bci In\u017cynieria Pojazd\u00f3w Szynowych. Zgodnie z programem studi\u00f3w, studenci podczas ca\u0142ego VII semestru realizuj\u0105 zadania zwi\u0105zane z dzia\u0142alno\u015bci\u0105 wybranej firmy \/ instytucji bran\u017cowej, kt\u00f3re zwie\u0144czone s\u0105 obron\u0105 pracy in\u017cynierskiej.\" \/>\n<meta property=\"og:url\" content=\"https:\/\/m8.mech.pk.edu.pl\/index.php\/2022\/03\/30\/prezentacja-ofert-stazowych-dla-ips\/\" \/>\n<meta property=\"og:site_name\" content=\"Katedra Pojazd\u00f3w Szynowych i Transportu\" \/>\n<meta property=\"article:publisher\" content=\"https:\/\/facebook.com\/KPSzTPK\" \/>\n<meta property=\"article:published_time\" content=\"2022-03-30T18:09:58+00:00\" \/>\n<meta property=\"article:modified_time\" content=\"2022-03-30T18:10:54+00:00\" \/>\n<meta property=\"og:image\" content=\"https:\/\/m8.mech.pk.edu.pl\/wp-content\/uploads\/2022\/03\/staze-ips-22-23m1.jpg\" \/>\n\t<meta property=\"og:image:width\" content=\"1200\" \/>\n\t<meta property=\"og:image:height\" content=\"767\" \/>\n\t<meta property=\"og:image:type\" content=\"image\/jpeg\" \/>\n<meta name=\"author\" content=\"Maciej\" \/>\n<meta name=\"twitter:card\" content=\"summary_large_image\" \/>\n<meta name=\"twitter:label1\" content=\"Napisane przez\" \/>\n\t<meta name=\"twitter:data1\" content=\"Maciej\" \/>\n\t<meta name=\"twitter:label2\" content=\"Szacowany czas czytania\" \/>\n\t<meta name=\"twitter:data2\" content=\"1 minuta\" \/>\n<script type=\"application\/ld+json\" class=\"yoast-schema-graph\">{\"@context\":\"https:\\\/\\\/schema.org\",\"@graph\":[{\"@type\":\"Article\",\"@id\":\"https:\\\/\\\/m8.mech.pk.edu.pl\\\/index.php\\\/2022\\\/03\\\/30\\\/prezentacja-ofert-stazowych-dla-ips\\\/#article\",\"isPartOf\":{\"@id\":\"https:\\\/\\\/m8.mech.pk.edu.pl\\\/index.php\\\/2022\\\/03\\\/30\\\/prezentacja-ofert-stazowych-dla-ips\\\/\"},\"author\":{\"name\":\"Maciej\",\"@id\":\"https:\\\/\\\/m8.mech.pk.edu.pl\\\/#\\\/schema\\\/person\\\/d8f6c9a11add49a79e366c6d4261d14e\"},\"headline\":\"Prezentacja ofert sta\u017cowych dla IPS\",\"datePublished\":\"2022-03-30T18:09:58+00:00\",\"dateModified\":\"2022-03-30T18:10:54+00:00\",\"mainEntityOfPage\":{\"@id\":\"https:\\\/\\\/m8.mech.pk.edu.pl\\\/index.php\\\/2022\\\/03\\\/30\\\/prezentacja-ofert-stazowych-dla-ips\\\/\"},\"wordCount\":105,\"publisher\":{\"@id\":\"https:\\\/\\\/m8.mech.pk.edu.pl\\\/#organization\"},\"image\":{\"@id\":\"https:\\\/\\\/m8.mech.pk.edu.pl\\\/index.php\\\/2022\\\/03\\\/30\\\/prezentacja-ofert-stazowych-dla-ips\\\/#primaryimage\"},\"thumbnailUrl\":\"https:\\\/\\\/m8.mech.pk.edu.pl\\\/wp-content\\\/uploads\\\/2022\\\/03\\\/staze-ips-22-23m1.jpg\",\"inLanguage\":\"pl-PL\"},{\"@type\":\"WebPage\",\"@id\":\"https:\\\/\\\/m8.mech.pk.edu.pl\\\/index.php\\\/2022\\\/03\\\/30\\\/prezentacja-ofert-stazowych-dla-ips\\\/\",\"url\":\"https:\\\/\\\/m8.mech.pk.edu.pl\\\/index.php\\\/2022\\\/03\\\/30\\\/prezentacja-ofert-stazowych-dla-ips\\\/\",\"name\":\"Prezentacja ofert sta\u017cowych dla IPS - Katedra Pojazd\u00f3w Szynowych i Transportu\",\"isPartOf\":{\"@id\":\"https:\\\/\\\/m8.mech.pk.edu.pl\\\/#website\"},\"primaryImageOfPage\":{\"@id\":\"https:\\\/\\\/m8.mech.pk.edu.pl\\\/index.php\\\/2022\\\/03\\\/30\\\/prezentacja-ofert-stazowych-dla-ips\\\/#primaryimage\"},\"image\":{\"@id\":\"https:\\\/\\\/m8.mech.pk.edu.pl\\\/index.php\\\/2022\\\/03\\\/30\\\/prezentacja-ofert-stazowych-dla-ips\\\/#primaryimage\"},\"thumbnailUrl\":\"https:\\\/\\\/m8.mech.pk.edu.pl\\\/wp-content\\\/uploads\\\/2022\\\/03\\\/staze-ips-22-23m1.jpg\",\"datePublished\":\"2022-03-30T18:09:58+00:00\",\"dateModified\":\"2022-03-30T18:10:54+00:00\",\"breadcrumb\":{\"@id\":\"https:\\\/\\\/m8.mech.pk.edu.pl\\\/index.php\\\/2022\\\/03\\\/30\\\/prezentacja-ofert-stazowych-dla-ips\\\/#breadcrumb\"},\"inLanguage\":\"pl-PL\",\"potentialAction\":[{\"@type\":\"ReadAction\",\"target\":[\"https:\\\/\\\/m8.mech.pk.edu.pl\\\/index.php\\\/2022\\\/03\\\/30\\\/prezentacja-ofert-stazowych-dla-ips\\\/\"]}]},{\"@type\":\"ImageObject\",\"inLanguage\":\"pl-PL\",\"@id\":\"https:\\\/\\\/m8.mech.pk.edu.pl\\\/index.php\\\/2022\\\/03\\\/30\\\/prezentacja-ofert-stazowych-dla-ips\\\/#primaryimage\",\"url\":\"https:\\\/\\\/m8.mech.pk.edu.pl\\\/wp-content\\\/uploads\\\/2022\\\/03\\\/staze-ips-22-23m1.jpg\",\"contentUrl\":\"https:\\\/\\\/m8.mech.pk.edu.pl\\\/wp-content\\\/uploads\\\/2022\\\/03\\\/staze-ips-22-23m1.jpg\",\"width\":1200,\"height\":767},{\"@type\":\"BreadcrumbList\",\"@id\":\"https:\\\/\\\/m8.mech.pk.edu.pl\\\/index.php\\\/2022\\\/03\\\/30\\\/prezentacja-ofert-stazowych-dla-ips\\\/#breadcrumb\",\"itemListElement\":[{\"@type\":\"ListItem\",\"position\":1,\"name\":\"Strona g\u0142\u00f3wna\",\"item\":\"https:\\\/\\\/m8.mech.pk.edu.pl\\\/\"},{\"@type\":\"ListItem\",\"position\":2,\"name\":\"Prezentacja ofert sta\u017cowych dla IPS\"}]},{\"@type\":\"WebSite\",\"@id\":\"https:\\\/\\\/m8.mech.pk.edu.pl\\\/#website\",\"url\":\"https:\\\/\\\/m8.mech.pk.edu.pl\\\/\",\"name\":\"Katedra Pojazd\u00f3w Szynowych i Transportu\",\"description\":\"Katedra Pojazd\u00f3w Szynowych i Transportu Politechniki Krakowskiej na Wydziale Mechanicznym\",\"publisher\":{\"@id\":\"https:\\\/\\\/m8.mech.pk.edu.pl\\\/#organization\"},\"potentialAction\":[{\"@type\":\"SearchAction\",\"target\":{\"@type\":\"EntryPoint\",\"urlTemplate\":\"https:\\\/\\\/m8.mech.pk.edu.pl\\\/?s={search_term_string}\"},\"query-input\":{\"@type\":\"PropertyValueSpecification\",\"valueRequired\":true,\"valueName\":\"search_term_string\"}}],\"inLanguage\":\"pl-PL\"},{\"@type\":\"Organization\",\"@id\":\"https:\\\/\\\/m8.mech.pk.edu.pl\\\/#organization\",\"name\":\"Katedra Pojazd\u00f3w Szynowych\",\"url\":\"https:\\\/\\\/m8.mech.pk.edu.pl\\\/\",\"logo\":{\"@type\":\"ImageObject\",\"inLanguage\":\"pl-PL\",\"@id\":\"https:\\\/\\\/m8.mech.pk.edu.pl\\\/#\\\/schema\\\/logo\\\/image\\\/\",\"url\":\"https:\\\/\\\/m8.mech.pk.edu.pl\\\/wp-content\\\/uploads\\\/2021\\\/01\\\/logo-mail-kpsit.png\",\"contentUrl\":\"https:\\\/\\\/m8.mech.pk.edu.pl\\\/wp-content\\\/uploads\\\/2021\\\/01\\\/logo-mail-kpsit.png\",\"width\":300,\"height\":119,\"caption\":\"Katedra Pojazd\u00f3w Szynowych\"},\"image\":{\"@id\":\"https:\\\/\\\/m8.mech.pk.edu.pl\\\/#\\\/schema\\\/logo\\\/image\\\/\"},\"sameAs\":[\"https:\\\/\\\/facebook.com\\\/KPSzTPK\",\"https:\\\/\\\/www.youtube.com\\\/channel\\\/UCen3PQ3fl3ry92o_lHkyVaQ\"]},{\"@type\":\"Person\",\"@id\":\"https:\\\/\\\/m8.mech.pk.edu.pl\\\/#\\\/schema\\\/person\\\/d8f6c9a11add49a79e366c6d4261d14e\",\"name\":\"Maciej\",\"image\":{\"@type\":\"ImageObject\",\"inLanguage\":\"pl-PL\",\"@id\":\"https:\\\/\\\/secure.gravatar.com\\\/avatar\\\/5a17b3a5a44d4dca9d48ed0eccafb488c6c54063f627f848184a92807a97590b?s=96&d=mm&r=g\",\"url\":\"https:\\\/\\\/secure.gravatar.com\\\/avatar\\\/5a17b3a5a44d4dca9d48ed0eccafb488c6c54063f627f848184a92807a97590b?s=96&d=mm&r=g\",\"contentUrl\":\"https:\\\/\\\/secure.gravatar.com\\\/avatar\\\/5a17b3a5a44d4dca9d48ed0eccafb488c6c54063f627f848184a92807a97590b?s=96&d=mm&r=g\",\"caption\":\"Maciej\"}}]}<\/script>\n<!-- \/ Yoast SEO plugin. -->","yoast_head_json":{"title":"Prezentacja ofert sta\u017cowych dla IPS - Katedra Pojazd\u00f3w Szynowych i Transportu","robots":{"index":"index","follow":"follow","max-snippet":"max-snippet:-1","max-image-preview":"max-image-preview:large","max-video-preview":"max-video-preview:-1"},"canonical":"https:\/\/m8.mech.pk.edu.pl\/index.php\/2022\/03\/30\/prezentacja-ofert-stazowych-dla-ips\/","og_locale":"pl_PL","og_type":"article","og_title":"Prezentacja ofert sta\u017cowych dla IPS - Katedra Pojazd\u00f3w Szynowych i Transportu","og_description":"23 i 30 marca 2022 odby\u0142y si\u0119 prezentacje ofert sta\u017cowych dla student\u00f3w IV edycji dualnej specjalno\u015bci In\u017cynieria Pojazd\u00f3w Szynowych. Zgodnie z programem studi\u00f3w, studenci podczas ca\u0142ego VII semestru realizuj\u0105 zadania zwi\u0105zane z dzia\u0142alno\u015bci\u0105 wybranej firmy \/ instytucji bran\u017cowej, kt\u00f3re zwie\u0144czone s\u0105 obron\u0105 pracy in\u017cynierskiej.","og_url":"https:\/\/m8.mech.pk.edu.pl\/index.php\/2022\/03\/30\/prezentacja-ofert-stazowych-dla-ips\/","og_site_name":"Katedra Pojazd\u00f3w Szynowych i Transportu","article_publisher":"https:\/\/facebook.com\/KPSzTPK","article_published_time":"2022-03-30T18:09:58+00:00","article_modified_time":"2022-03-30T18:10:54+00:00","og_image":[{"width":1200,"height":767,"url":"https:\/\/m8.mech.pk.edu.pl\/wp-content\/uploads\/2022\/03\/staze-ips-22-23m1.jpg","type":"image\/jpeg"}],"author":"Maciej","twitter_card":"summary_large_image","twitter_misc":{"Napisane przez":"Maciej","Szacowany czas czytania":"1 minuta"},"schema":{"@context":"https:\/\/schema.org","@graph":[{"@type":"Article","@id":"https:\/\/m8.mech.pk.edu.pl\/index.php\/2022\/03\/30\/prezentacja-ofert-stazowych-dla-ips\/#article","isPartOf":{"@id":"https:\/\/m8.mech.pk.edu.pl\/index.php\/2022\/03\/30\/prezentacja-ofert-stazowych-dla-ips\/"},"author":{"name":"Maciej","@id":"https:\/\/m8.mech.pk.edu.pl\/#\/schema\/person\/d8f6c9a11add49a79e366c6d4261d14e"},"headline":"Prezentacja ofert sta\u017cowych dla IPS","datePublished":"2022-03-30T18:09:58+00:00","dateModified":"2022-03-30T18:10:54+00:00","mainEntityOfPage":{"@id":"https:\/\/m8.mech.pk.edu.pl\/index.php\/2022\/03\/30\/prezentacja-ofert-stazowych-dla-ips\/"},"wordCount":105,"publisher":{"@id":"https:\/\/m8.mech.pk.edu.pl\/#organization"},"image":{"@id":"https:\/\/m8.mech.pk.edu.pl\/index.php\/2022\/03\/30\/prezentacja-ofert-stazowych-dla-ips\/#primaryimage"},"thumbnailUrl":"https:\/\/m8.mech.pk.edu.pl\/wp-content\/uploads\/2022\/03\/staze-ips-22-23m1.jpg","inLanguage":"pl-PL"},{"@type":"WebPage","@id":"https:\/\/m8.mech.pk.edu.pl\/index.php\/2022\/03\/30\/prezentacja-ofert-stazowych-dla-ips\/","url":"https:\/\/m8.mech.pk.edu.pl\/index.php\/2022\/03\/30\/prezentacja-ofert-stazowych-dla-ips\/","name":"Prezentacja ofert sta\u017cowych dla IPS - Katedra Pojazd\u00f3w Szynowych i Transportu","isPartOf":{"@id":"https:\/\/m8.mech.pk.edu.pl\/#website"},"primaryImageOfPage":{"@id":"https:\/\/m8.mech.pk.edu.pl\/index.php\/2022\/03\/30\/prezentacja-ofert-stazowych-dla-ips\/#primaryimage"},"image":{"@id":"https:\/\/m8.mech.pk.edu.pl\/index.php\/2022\/03\/30\/prezentacja-ofert-stazowych-dla-ips\/#primaryimage"},"thumbnailUrl":"https:\/\/m8.mech.pk.edu.pl\/wp-content\/uploads\/2022\/03\/staze-ips-22-23m1.jpg","datePublished":"2022-03-30T18:09:58+00:00","dateModified":"2022-03-30T18:10:54+00:00","breadcrumb":{"@id":"https:\/\/m8.mech.pk.edu.pl\/index.php\/2022\/03\/30\/prezentacja-ofert-stazowych-dla-ips\/#breadcrumb"},"inLanguage":"pl-PL","potentialAction":[{"@type":"ReadAction","target":["https:\/\/m8.mech.pk.edu.pl\/index.php\/2022\/03\/30\/prezentacja-ofert-stazowych-dla-ips\/"]}]},{"@type":"ImageObject","inLanguage":"pl-PL","@id":"https:\/\/m8.mech.pk.edu.pl\/index.php\/2022\/03\/30\/prezentacja-ofert-stazowych-dla-ips\/#primaryimage","url":"https:\/\/m8.mech.pk.edu.pl\/wp-content\/uploads\/2022\/03\/staze-ips-22-23m1.jpg","contentUrl":"https:\/\/m8.mech.pk.edu.pl\/wp-content\/uploads\/2022\/03\/staze-ips-22-23m1.jpg","width":1200,"height":767},{"@type":"BreadcrumbList","@id":"https:\/\/m8.mech.pk.edu.pl\/index.php\/2022\/03\/30\/prezentacja-ofert-stazowych-dla-ips\/#breadcrumb","itemListElement":[{"@type":"ListItem","position":1,"name":"Strona g\u0142\u00f3wna","item":"https:\/\/m8.mech.pk.edu.pl\/"},{"@type":"ListItem","position":2,"name":"Prezentacja ofert sta\u017cowych dla IPS"}]},{"@type":"WebSite","@id":"https:\/\/m8.mech.pk.edu.pl\/#website","url":"https:\/\/m8.mech.pk.edu.pl\/","name":"Katedra Pojazd\u00f3w Szynowych i Transportu","description":"Katedra Pojazd\u00f3w Szynowych i Transportu Politechniki Krakowskiej na Wydziale Mechanicznym","publisher":{"@id":"https:\/\/m8.mech.pk.edu.pl\/#organization"},"potentialAction":[{"@type":"SearchAction","target":{"@type":"EntryPoint","urlTemplate":"https:\/\/m8.mech.pk.edu.pl\/?s={search_term_string}"},"query-input":{"@type":"PropertyValueSpecification","valueRequired":true,"valueName":"search_term_string"}}],"inLanguage":"pl-PL"},{"@type":"Organization","@id":"https:\/\/m8.mech.pk.edu.pl\/#organization","name":"Katedra Pojazd\u00f3w Szynowych","url":"https:\/\/m8.mech.pk.edu.pl\/","logo":{"@type":"ImageObject","inLanguage":"pl-PL","@id":"https:\/\/m8.mech.pk.edu.pl\/#\/schema\/logo\/image\/","url":"https:\/\/m8.mech.pk.edu.pl\/wp-content\/uploads\/2021\/01\/logo-mail-kpsit.png","contentUrl":"https:\/\/m8.mech.pk.edu.pl\/wp-content\/uploads\/2021\/01\/logo-mail-kpsit.png","width":300,"height":119,"caption":"Katedra Pojazd\u00f3w Szynowych"},"image":{"@id":"https:\/\/m8.mech.pk.edu.pl\/#\/schema\/logo\/image\/"},"sameAs":["https:\/\/facebook.com\/KPSzTPK","https:\/\/www.youtube.com\/channel\/UCen3PQ3fl3ry92o_lHkyVaQ"]},{"@type":"Person","@id":"https:\/\/m8.mech.pk.edu.pl\/#\/schema\/person\/d8f6c9a11add49a79e366c6d4261d14e","name":"Maciej","image":{"@type":"ImageObject","inLanguage":"pl-PL","@id":"https:\/\/secure.gravatar.com\/avatar\/5a17b3a5a44d4dca9d48ed0eccafb488c6c54063f627f848184a92807a97590b?s=96&d=mm&r=g","url":"https:\/\/secure.gravatar.com\/avatar\/5a17b3a5a44d4dca9d48ed0eccafb488c6c54063f627f848184a92807a97590b?s=96&d=mm&r=g","contentUrl":"https:\/\/secure.gravatar.com\/avatar\/5a17b3a5a44d4dca9d48ed0eccafb488c6c54063f627f848184a92807a97590b?s=96&d=mm&r=g","caption":"Maciej"}}]}},"_links":{"self":[{"href":"https:\/\/m8.mech.pk.edu.pl\/index.php\/wp-json\/wp\/v2\/posts\/2844","targetHints":{"allow":["GET"]}}],"collection":[{"href":"https:\/\/m8.mech.pk.edu.pl\/index.php\/wp-json\/wp\/v2\/posts"}],"about":[{"href":"https:\/\/m8.mech.pk.edu.pl\/index.php\/wp-json\/wp\/v2\/types\/post"}],"author":[{"embeddable":true,"href":"https:\/\/m8.mech.pk.edu.pl\/index.php\/wp-json\/wp\/v2\/users\/5"}],"replies":[{"embeddable":true,"href":"https:\/\/m8.mech.pk.edu.pl\/index.php\/wp-json\/wp\/v2\/comments?post=2844"}],"version-history":[{"count":3,"href":"https:\/\/m8.mech.pk.edu.pl\/index.php\/wp-json\/wp\/v2\/posts\/2844\/revisions"}],"predecessor-version":[{"id":2850,"href":"https:\/\/m8.mech.pk.edu.pl\/index.php\/wp-json\/wp\/v2\/posts\/2844\/revisions\/2850"}],"wp:featuredmedia":[{"embeddable":true,"href":"https:\/\/m8.mech.pk.edu.pl\/index.php\/wp-json\/wp\/v2\/media\/2846"}],"wp:attachment":[{"href":"https:\/\/m8.mech.pk.edu.pl\/index.php\/wp-json\/wp\/v2\/media?parent=2844"}],"wp:term":[{"taxonomy":"category","embeddable":true,"href":"https:\/\/m8.mech.pk.edu.pl\/index.php\/wp-json\/wp\/v2\/categories?post=2844"},{"taxonomy":"post_tag","embeddable":true,"href":"https:\/\/m8.mech.pk.edu.pl\/index.php\/wp-json\/wp\/v2\/tags?post=2844"}],"curies":[{"name":"wp","href":"https:\/\/api.w.org\/{rel}","templated":true}]}}