{"id":2528,"date":"2021-11-04T20:54:10","date_gmt":"2021-11-04T19:54:10","guid":{"rendered":"https:\/\/m8.mech.pk.edu.pl\/?p=2528"},"modified":"2021-11-04T20:56:41","modified_gmt":"2021-11-04T19:56:41","slug":"prof-piotr-kisielewski-z-naszej-katedry-otrzymal-medal-zasluzony-dla-komunikacji-miejskiej","status":"publish","type":"post","link":"https:\/\/m8.mech.pk.edu.pl\/index.php\/2021\/11\/04\/prof-piotr-kisielewski-z-naszej-katedry-otrzymal-medal-zasluzony-dla-komunikacji-miejskiej\/","title":{"rendered":"Prof. Piotr Kisielewski z naszej Katedry otrzyma\u0142 medal \u201eZas\u0142u\u017cony dla Komunikacji Miejskiej\u201d"},"content":{"rendered":"\n<p>W czasie XV Mi\u0119dzynarodowych Targ\u00f3w Transportu Zbiorowego, odbywaj\u0105cych si\u0119 pod koniec pa\u017adziernika w Kielcach, dr hab. in\u017c. Piotr Kisielewski, prof. PK z naszej Katedry otrzyma\u0142 odznak\u0119 \u201eZas\u0142u\u017cony dla Komunikacji Miejskiej\u201d, przyznan\u0105 przez Izb\u0119 Gospodarcz\u0105 Komunikacji Miejskiej.\u00a0<\/p>\n\n\n\n<!--more-->\n\n\n\n<p>Medal jest form\u0105 wyr\u00f3\u017cnienia dla os\u00f3b, kt\u00f3re przez swoj\u0105 dzia\u0142alno\u015b\u0107 w szczeg\u00f3lny spos\u00f3b przyczyni\u0142y si\u0119 do rozwoju komunikacji miejskiej w kraju oraz wykonania statutowych zada\u0144 Izby Gospodarczej Komunikacji Miejskiej, a wi\u0119c: inicjowania projekt\u00f3w regulacji prawnych w zakresie komunikacji miejskiej oraz ich opiniowania; upowszechniania najnowszych osi\u0105gni\u0119\u0107 w zakresie komunikacji miejskiej, z uwzgl\u0119dnieniem problem\u00f3w organizacyjnych, ekonomicznych i technicznych; stwarzania warunk\u00f3w do r\u00f3wnoprawnej konkurencji pomi\u0119dzy przewo\u017anikami komunalnymi, prywatnymi i pa\u0144stwowymi; prowadzenia bazy danych o komunikacji miejskiej w Polsce, wsp\u00f3\u0142pracy mi\u0119dzynarodowej.\u00a0 <\/p>\n\n\n\n<p>Dr hab. in\u017c. Piotr Kisielewski, prof. PK pracuje w naszej Katedrze od 1983 r. Pocz\u0105tkowo prof. Kisielewski skupia\u0142 si\u0119 w swojej pracy na zagadnieniach z zakresu dynamiki i wibroakustyki pojazd\u00f3w (zawieszenia aktywne i semiaktywne w pojazdach szynowych; szkodliwy wp\u0142yw wibracji na cz\u0142owieka, komfort jazdy oraz ochrona wibroizolacyjna operator\u00f3w pojazd\u00f3w). Od 1995 r. zajmuje si\u0119 logistyk\u0105 transportu, zw\u0142aszcza problemami komunikacji miejskiej i transportu kolejowego (modelowanie sieci multimodalnej komunikacji pasa\u017cerskiej; planowanie i optymalizacja: rozk\u0142ad\u00f3w jazdy, harmonogram\u00f3w pracy kierowc\u00f3w, zada\u0144 pojazd\u00f3w i kierowc\u00f3w; komputerowe wspomaganie planowania i dyspozycji du\u017cej floty pojazd\u00f3w). W ostatnim okresie koncentruje si\u0119 na zastosowaniu zaawansowanych metod optymalizacyjnych \u2013 g\u0142\u00f3wnie metaheurystycznych \u2013 do rozwi\u0105zywania problem\u00f3w logistyki transportu pasa\u017cerskiego. \u00a0 Prof. Piotr Kisielewski prac\u0119 naukow\u0105 \u0142\u0105czy z praktyk\u0105 in\u017cyniersk\u0105 jako autor i wsp\u00f3\u0142autor wdro\u017conych projekt\u00f3w logistycznych oraz ITS w kolejnictwie i komunikacji miejskiej w Polsce i za granic\u0105, m.in. w Niemczech, Hiszpanii, Izraelu, Czechach, Bu\u0142garii, Serbii, Chorwacji, S\u0142owenii, Rumunii, Finlandii, Kazachstanie, Malezji i na W\u0119grzech. W swoim dorobku naukowym ma 53 publikacje, 71 referat\u00f3w przedstawionych na konferencjach krajowych i mi\u0119dzynarodowych. Prowadzi zaj\u0119cia dla student\u00f3w Wydzia\u0142u Mechanicznego Politechniki Krakowskiej (w j\u0119zykach polskim i angielskim) z przedmiot\u00f3w takich, jak: modelowanie system\u00f3w i proces\u00f3w transportowych, modelowanie system\u00f3w zr\u00f3wnowa\u017conego transportu, metody optymalizacji w logistyce i spedycji, zarz\u0105dzanie flot\u0105 pojazd\u00f3w, inteligentne systemy transportowe, instrumenty zarz\u0105dzania \u0142a\u0144cuchami dostaw, systemy zarz\u0105dzania i telematyki transportu.<\/p>\n\n\n\n<figure class=\"wp-block-image size-full\"><img loading=\"lazy\" decoding=\"async\" width=\"481\" height=\"271\" src=\"https:\/\/m8.mech.pk.edu.pl\/wp-content\/uploads\/2021\/11\/foto-kisielewski3.jpg\" alt=\"\" class=\"wp-image-2529\" srcset=\"https:\/\/m8.mech.pk.edu.pl\/wp-content\/uploads\/2021\/11\/foto-kisielewski3.jpg 481w, https:\/\/m8.mech.pk.edu.pl\/wp-content\/uploads\/2021\/11\/foto-kisielewski3-300x169.jpg 300w\" sizes=\"auto, (max-width: 481px) 100vw, 481px\" \/><\/figure>\n\n\n\n<figure class=\"wp-block-image size-full\"><img loading=\"lazy\" decoding=\"async\" width=\"487\" height=\"274\" src=\"https:\/\/m8.mech.pk.edu.pl\/wp-content\/uploads\/2021\/11\/foto-kisielewski2.jpg\" alt=\"\" class=\"wp-image-2530\" srcset=\"https:\/\/m8.mech.pk.edu.pl\/wp-content\/uploads\/2021\/11\/foto-kisielewski2.jpg 487w, https:\/\/m8.mech.pk.edu.pl\/wp-content\/uploads\/2021\/11\/foto-kisielewski2-300x169.jpg 300w\" sizes=\"auto, (max-width: 487px) 100vw, 487px\" \/><\/figure>\n","protected":false},"excerpt":{"rendered":"<p>W czasie XV Mi\u0119dzynarodowych Targ\u00f3w Transportu Zbiorowego, odbywaj\u0105cych si\u0119 pod koniec pa\u017adziernika w Kielcach, dr hab. in\u017c. Piotr Kisielewski, prof. PK z naszej Katedry otrzyma\u0142 odznak\u0119 \u201eZas\u0142u\u017cony dla Komunikacji Miejskiej\u201d, przyznan\u0105 przez Izb\u0119 Gospodarcz\u0105 Komunikacji Miejskiej.\u00a0<\/p>\n","protected":false},"author":5,"featured_media":2530,"comment_status":"closed","ping_status":"open","sticky":false,"template":"","format":"standard","meta":{"footnotes":""},"categories":[1],"tags":[],"class_list":["post-2528","post","type-post","status-publish","format-standard","has-post-thumbnail","hentry","category-bez-kategorii"],"yoast_head":"<!-- This site is optimized with the Yoast SEO plugin v27.5 - https:\/\/yoast.com\/product\/yoast-seo-wordpress\/ -->\n<title>Prof. Piotr Kisielewski z naszej Katedry otrzyma\u0142 medal \u201eZas\u0142u\u017cony dla Komunikacji Miejskiej\u201d - Katedra Pojazd\u00f3w Szynowych i Transportu<\/title>\n<meta name=\"robots\" content=\"index, follow, max-snippet:-1, max-image-preview:large, max-video-preview:-1\" \/>\n<link rel=\"canonical\" href=\"https:\/\/m8.mech.pk.edu.pl\/index.php\/2021\/11\/04\/prof-piotr-kisielewski-z-naszej-katedry-otrzymal-medal-zasluzony-dla-komunikacji-miejskiej\/\" \/>\n<meta property=\"og:locale\" content=\"pl_PL\" \/>\n<meta property=\"og:type\" content=\"article\" \/>\n<meta property=\"og:title\" content=\"Prof. Piotr Kisielewski z naszej Katedry otrzyma\u0142 medal \u201eZas\u0142u\u017cony dla Komunikacji Miejskiej\u201d - Katedra Pojazd\u00f3w Szynowych i Transportu\" \/>\n<meta property=\"og:description\" content=\"W czasie XV Mi\u0119dzynarodowych Targ\u00f3w Transportu Zbiorowego, odbywaj\u0105cych si\u0119 pod koniec pa\u017adziernika w Kielcach, dr hab. in\u017c. Piotr Kisielewski, prof. PK z naszej Katedry otrzyma\u0142 odznak\u0119 \u201eZas\u0142u\u017cony dla Komunikacji Miejskiej\u201d, przyznan\u0105 przez Izb\u0119 Gospodarcz\u0105 Komunikacji Miejskiej.\u00a0\" \/>\n<meta property=\"og:url\" content=\"https:\/\/m8.mech.pk.edu.pl\/index.php\/2021\/11\/04\/prof-piotr-kisielewski-z-naszej-katedry-otrzymal-medal-zasluzony-dla-komunikacji-miejskiej\/\" \/>\n<meta property=\"og:site_name\" content=\"Katedra Pojazd\u00f3w Szynowych i Transportu\" \/>\n<meta property=\"article:publisher\" content=\"https:\/\/facebook.com\/KPSzTPK\" \/>\n<meta property=\"article:published_time\" content=\"2021-11-04T19:54:10+00:00\" \/>\n<meta property=\"article:modified_time\" content=\"2021-11-04T19:56:41+00:00\" \/>\n<meta property=\"og:image\" content=\"https:\/\/m8.mech.pk.edu.pl\/wp-content\/uploads\/2021\/11\/foto-kisielewski2.jpg\" \/>\n\t<meta property=\"og:image:width\" content=\"487\" \/>\n\t<meta property=\"og:image:height\" content=\"274\" \/>\n\t<meta property=\"og:image:type\" content=\"image\/jpeg\" \/>\n<meta name=\"author\" content=\"Maciej\" \/>\n<meta name=\"twitter:card\" content=\"summary_large_image\" \/>\n<meta name=\"twitter:label1\" content=\"Napisane przez\" \/>\n\t<meta name=\"twitter:data1\" content=\"Maciej\" \/>\n\t<meta name=\"twitter:label2\" content=\"Szacowany czas czytania\" \/>\n\t<meta name=\"twitter:data2\" content=\"2 minuty\" \/>\n<script type=\"application\/ld+json\" class=\"yoast-schema-graph\">{\"@context\":\"https:\\\/\\\/schema.org\",\"@graph\":[{\"@type\":\"Article\",\"@id\":\"https:\\\/\\\/m8.mech.pk.edu.pl\\\/index.php\\\/2021\\\/11\\\/04\\\/prof-piotr-kisielewski-z-naszej-katedry-otrzymal-medal-zasluzony-dla-komunikacji-miejskiej\\\/#article\",\"isPartOf\":{\"@id\":\"https:\\\/\\\/m8.mech.pk.edu.pl\\\/index.php\\\/2021\\\/11\\\/04\\\/prof-piotr-kisielewski-z-naszej-katedry-otrzymal-medal-zasluzony-dla-komunikacji-miejskiej\\\/\"},\"author\":{\"name\":\"Maciej\",\"@id\":\"https:\\\/\\\/m8.mech.pk.edu.pl\\\/#\\\/schema\\\/person\\\/d8f6c9a11add49a79e366c6d4261d14e\"},\"headline\":\"Prof. Piotr Kisielewski z naszej Katedry otrzyma\u0142 medal \u201eZas\u0142u\u017cony dla Komunikacji Miejskiej\u201d\",\"datePublished\":\"2021-11-04T19:54:10+00:00\",\"dateModified\":\"2021-11-04T19:56:41+00:00\",\"mainEntityOfPage\":{\"@id\":\"https:\\\/\\\/m8.mech.pk.edu.pl\\\/index.php\\\/2021\\\/11\\\/04\\\/prof-piotr-kisielewski-z-naszej-katedry-otrzymal-medal-zasluzony-dla-komunikacji-miejskiej\\\/\"},\"wordCount\":406,\"publisher\":{\"@id\":\"https:\\\/\\\/m8.mech.pk.edu.pl\\\/#organization\"},\"image\":{\"@id\":\"https:\\\/\\\/m8.mech.pk.edu.pl\\\/index.php\\\/2021\\\/11\\\/04\\\/prof-piotr-kisielewski-z-naszej-katedry-otrzymal-medal-zasluzony-dla-komunikacji-miejskiej\\\/#primaryimage\"},\"thumbnailUrl\":\"https:\\\/\\\/m8.mech.pk.edu.pl\\\/wp-content\\\/uploads\\\/2021\\\/11\\\/foto-kisielewski2.jpg\",\"inLanguage\":\"pl-PL\"},{\"@type\":\"WebPage\",\"@id\":\"https:\\\/\\\/m8.mech.pk.edu.pl\\\/index.php\\\/2021\\\/11\\\/04\\\/prof-piotr-kisielewski-z-naszej-katedry-otrzymal-medal-zasluzony-dla-komunikacji-miejskiej\\\/\",\"url\":\"https:\\\/\\\/m8.mech.pk.edu.pl\\\/index.php\\\/2021\\\/11\\\/04\\\/prof-piotr-kisielewski-z-naszej-katedry-otrzymal-medal-zasluzony-dla-komunikacji-miejskiej\\\/\",\"name\":\"Prof. Piotr Kisielewski z naszej Katedry otrzyma\u0142 medal \u201eZas\u0142u\u017cony dla Komunikacji Miejskiej\u201d - Katedra Pojazd\u00f3w Szynowych i Transportu\",\"isPartOf\":{\"@id\":\"https:\\\/\\\/m8.mech.pk.edu.pl\\\/#website\"},\"primaryImageOfPage\":{\"@id\":\"https:\\\/\\\/m8.mech.pk.edu.pl\\\/index.php\\\/2021\\\/11\\\/04\\\/prof-piotr-kisielewski-z-naszej-katedry-otrzymal-medal-zasluzony-dla-komunikacji-miejskiej\\\/#primaryimage\"},\"image\":{\"@id\":\"https:\\\/\\\/m8.mech.pk.edu.pl\\\/index.php\\\/2021\\\/11\\\/04\\\/prof-piotr-kisielewski-z-naszej-katedry-otrzymal-medal-zasluzony-dla-komunikacji-miejskiej\\\/#primaryimage\"},\"thumbnailUrl\":\"https:\\\/\\\/m8.mech.pk.edu.pl\\\/wp-content\\\/uploads\\\/2021\\\/11\\\/foto-kisielewski2.jpg\",\"datePublished\":\"2021-11-04T19:54:10+00:00\",\"dateModified\":\"2021-11-04T19:56:41+00:00\",\"breadcrumb\":{\"@id\":\"https:\\\/\\\/m8.mech.pk.edu.pl\\\/index.php\\\/2021\\\/11\\\/04\\\/prof-piotr-kisielewski-z-naszej-katedry-otrzymal-medal-zasluzony-dla-komunikacji-miejskiej\\\/#breadcrumb\"},\"inLanguage\":\"pl-PL\",\"potentialAction\":[{\"@type\":\"ReadAction\",\"target\":[\"https:\\\/\\\/m8.mech.pk.edu.pl\\\/index.php\\\/2021\\\/11\\\/04\\\/prof-piotr-kisielewski-z-naszej-katedry-otrzymal-medal-zasluzony-dla-komunikacji-miejskiej\\\/\"]}]},{\"@type\":\"ImageObject\",\"inLanguage\":\"pl-PL\",\"@id\":\"https:\\\/\\\/m8.mech.pk.edu.pl\\\/index.php\\\/2021\\\/11\\\/04\\\/prof-piotr-kisielewski-z-naszej-katedry-otrzymal-medal-zasluzony-dla-komunikacji-miejskiej\\\/#primaryimage\",\"url\":\"https:\\\/\\\/m8.mech.pk.edu.pl\\\/wp-content\\\/uploads\\\/2021\\\/11\\\/foto-kisielewski2.jpg\",\"contentUrl\":\"https:\\\/\\\/m8.mech.pk.edu.pl\\\/wp-content\\\/uploads\\\/2021\\\/11\\\/foto-kisielewski2.jpg\",\"width\":487,\"height\":274},{\"@type\":\"BreadcrumbList\",\"@id\":\"https:\\\/\\\/m8.mech.pk.edu.pl\\\/index.php\\\/2021\\\/11\\\/04\\\/prof-piotr-kisielewski-z-naszej-katedry-otrzymal-medal-zasluzony-dla-komunikacji-miejskiej\\\/#breadcrumb\",\"itemListElement\":[{\"@type\":\"ListItem\",\"position\":1,\"name\":\"Strona g\u0142\u00f3wna\",\"item\":\"https:\\\/\\\/m8.mech.pk.edu.pl\\\/\"},{\"@type\":\"ListItem\",\"position\":2,\"name\":\"Prof. Piotr Kisielewski z naszej Katedry otrzyma\u0142 medal \u201eZas\u0142u\u017cony dla Komunikacji Miejskiej\u201d\"}]},{\"@type\":\"WebSite\",\"@id\":\"https:\\\/\\\/m8.mech.pk.edu.pl\\\/#website\",\"url\":\"https:\\\/\\\/m8.mech.pk.edu.pl\\\/\",\"name\":\"Katedra Pojazd\u00f3w Szynowych i Transportu\",\"description\":\"Katedra Pojazd\u00f3w Szynowych i Transportu Politechniki Krakowskiej na Wydziale Mechanicznym\",\"publisher\":{\"@id\":\"https:\\\/\\\/m8.mech.pk.edu.pl\\\/#organization\"},\"potentialAction\":[{\"@type\":\"SearchAction\",\"target\":{\"@type\":\"EntryPoint\",\"urlTemplate\":\"https:\\\/\\\/m8.mech.pk.edu.pl\\\/?s={search_term_string}\"},\"query-input\":{\"@type\":\"PropertyValueSpecification\",\"valueRequired\":true,\"valueName\":\"search_term_string\"}}],\"inLanguage\":\"pl-PL\"},{\"@type\":\"Organization\",\"@id\":\"https:\\\/\\\/m8.mech.pk.edu.pl\\\/#organization\",\"name\":\"Katedra Pojazd\u00f3w Szynowych\",\"url\":\"https:\\\/\\\/m8.mech.pk.edu.pl\\\/\",\"logo\":{\"@type\":\"ImageObject\",\"inLanguage\":\"pl-PL\",\"@id\":\"https:\\\/\\\/m8.mech.pk.edu.pl\\\/#\\\/schema\\\/logo\\\/image\\\/\",\"url\":\"https:\\\/\\\/m8.mech.pk.edu.pl\\\/wp-content\\\/uploads\\\/2021\\\/01\\\/logo-mail-kpsit.png\",\"contentUrl\":\"https:\\\/\\\/m8.mech.pk.edu.pl\\\/wp-content\\\/uploads\\\/2021\\\/01\\\/logo-mail-kpsit.png\",\"width\":300,\"height\":119,\"caption\":\"Katedra Pojazd\u00f3w Szynowych\"},\"image\":{\"@id\":\"https:\\\/\\\/m8.mech.pk.edu.pl\\\/#\\\/schema\\\/logo\\\/image\\\/\"},\"sameAs\":[\"https:\\\/\\\/facebook.com\\\/KPSzTPK\",\"https:\\\/\\\/www.youtube.com\\\/channel\\\/UCen3PQ3fl3ry92o_lHkyVaQ\"]},{\"@type\":\"Person\",\"@id\":\"https:\\\/\\\/m8.mech.pk.edu.pl\\\/#\\\/schema\\\/person\\\/d8f6c9a11add49a79e366c6d4261d14e\",\"name\":\"Maciej\",\"image\":{\"@type\":\"ImageObject\",\"inLanguage\":\"pl-PL\",\"@id\":\"https:\\\/\\\/secure.gravatar.com\\\/avatar\\\/5a17b3a5a44d4dca9d48ed0eccafb488c6c54063f627f848184a92807a97590b?s=96&d=mm&r=g\",\"url\":\"https:\\\/\\\/secure.gravatar.com\\\/avatar\\\/5a17b3a5a44d4dca9d48ed0eccafb488c6c54063f627f848184a92807a97590b?s=96&d=mm&r=g\",\"contentUrl\":\"https:\\\/\\\/secure.gravatar.com\\\/avatar\\\/5a17b3a5a44d4dca9d48ed0eccafb488c6c54063f627f848184a92807a97590b?s=96&d=mm&r=g\",\"caption\":\"Maciej\"}}]}<\/script>\n<!-- \/ Yoast SEO plugin. -->","yoast_head_json":{"title":"Prof. Piotr Kisielewski z naszej Katedry otrzyma\u0142 medal \u201eZas\u0142u\u017cony dla Komunikacji Miejskiej\u201d - Katedra Pojazd\u00f3w Szynowych i Transportu","robots":{"index":"index","follow":"follow","max-snippet":"max-snippet:-1","max-image-preview":"max-image-preview:large","max-video-preview":"max-video-preview:-1"},"canonical":"https:\/\/m8.mech.pk.edu.pl\/index.php\/2021\/11\/04\/prof-piotr-kisielewski-z-naszej-katedry-otrzymal-medal-zasluzony-dla-komunikacji-miejskiej\/","og_locale":"pl_PL","og_type":"article","og_title":"Prof. Piotr Kisielewski z naszej Katedry otrzyma\u0142 medal \u201eZas\u0142u\u017cony dla Komunikacji Miejskiej\u201d - Katedra Pojazd\u00f3w Szynowych i Transportu","og_description":"W czasie XV Mi\u0119dzynarodowych Targ\u00f3w Transportu Zbiorowego, odbywaj\u0105cych si\u0119 pod koniec pa\u017adziernika w Kielcach, dr hab. in\u017c. Piotr Kisielewski, prof. PK z naszej Katedry otrzyma\u0142 odznak\u0119 \u201eZas\u0142u\u017cony dla Komunikacji Miejskiej\u201d, przyznan\u0105 przez Izb\u0119 Gospodarcz\u0105 Komunikacji Miejskiej.\u00a0","og_url":"https:\/\/m8.mech.pk.edu.pl\/index.php\/2021\/11\/04\/prof-piotr-kisielewski-z-naszej-katedry-otrzymal-medal-zasluzony-dla-komunikacji-miejskiej\/","og_site_name":"Katedra Pojazd\u00f3w Szynowych i Transportu","article_publisher":"https:\/\/facebook.com\/KPSzTPK","article_published_time":"2021-11-04T19:54:10+00:00","article_modified_time":"2021-11-04T19:56:41+00:00","og_image":[{"width":487,"height":274,"url":"https:\/\/m8.mech.pk.edu.pl\/wp-content\/uploads\/2021\/11\/foto-kisielewski2.jpg","type":"image\/jpeg"}],"author":"Maciej","twitter_card":"summary_large_image","twitter_misc":{"Napisane przez":"Maciej","Szacowany czas czytania":"2 minuty"},"schema":{"@context":"https:\/\/schema.org","@graph":[{"@type":"Article","@id":"https:\/\/m8.mech.pk.edu.pl\/index.php\/2021\/11\/04\/prof-piotr-kisielewski-z-naszej-katedry-otrzymal-medal-zasluzony-dla-komunikacji-miejskiej\/#article","isPartOf":{"@id":"https:\/\/m8.mech.pk.edu.pl\/index.php\/2021\/11\/04\/prof-piotr-kisielewski-z-naszej-katedry-otrzymal-medal-zasluzony-dla-komunikacji-miejskiej\/"},"author":{"name":"Maciej","@id":"https:\/\/m8.mech.pk.edu.pl\/#\/schema\/person\/d8f6c9a11add49a79e366c6d4261d14e"},"headline":"Prof. Piotr Kisielewski z naszej Katedry otrzyma\u0142 medal \u201eZas\u0142u\u017cony dla Komunikacji Miejskiej\u201d","datePublished":"2021-11-04T19:54:10+00:00","dateModified":"2021-11-04T19:56:41+00:00","mainEntityOfPage":{"@id":"https:\/\/m8.mech.pk.edu.pl\/index.php\/2021\/11\/04\/prof-piotr-kisielewski-z-naszej-katedry-otrzymal-medal-zasluzony-dla-komunikacji-miejskiej\/"},"wordCount":406,"publisher":{"@id":"https:\/\/m8.mech.pk.edu.pl\/#organization"},"image":{"@id":"https:\/\/m8.mech.pk.edu.pl\/index.php\/2021\/11\/04\/prof-piotr-kisielewski-z-naszej-katedry-otrzymal-medal-zasluzony-dla-komunikacji-miejskiej\/#primaryimage"},"thumbnailUrl":"https:\/\/m8.mech.pk.edu.pl\/wp-content\/uploads\/2021\/11\/foto-kisielewski2.jpg","inLanguage":"pl-PL"},{"@type":"WebPage","@id":"https:\/\/m8.mech.pk.edu.pl\/index.php\/2021\/11\/04\/prof-piotr-kisielewski-z-naszej-katedry-otrzymal-medal-zasluzony-dla-komunikacji-miejskiej\/","url":"https:\/\/m8.mech.pk.edu.pl\/index.php\/2021\/11\/04\/prof-piotr-kisielewski-z-naszej-katedry-otrzymal-medal-zasluzony-dla-komunikacji-miejskiej\/","name":"Prof. Piotr Kisielewski z naszej Katedry otrzyma\u0142 medal \u201eZas\u0142u\u017cony dla Komunikacji Miejskiej\u201d - Katedra Pojazd\u00f3w Szynowych i Transportu","isPartOf":{"@id":"https:\/\/m8.mech.pk.edu.pl\/#website"},"primaryImageOfPage":{"@id":"https:\/\/m8.mech.pk.edu.pl\/index.php\/2021\/11\/04\/prof-piotr-kisielewski-z-naszej-katedry-otrzymal-medal-zasluzony-dla-komunikacji-miejskiej\/#primaryimage"},"image":{"@id":"https:\/\/m8.mech.pk.edu.pl\/index.php\/2021\/11\/04\/prof-piotr-kisielewski-z-naszej-katedry-otrzymal-medal-zasluzony-dla-komunikacji-miejskiej\/#primaryimage"},"thumbnailUrl":"https:\/\/m8.mech.pk.edu.pl\/wp-content\/uploads\/2021\/11\/foto-kisielewski2.jpg","datePublished":"2021-11-04T19:54:10+00:00","dateModified":"2021-11-04T19:56:41+00:00","breadcrumb":{"@id":"https:\/\/m8.mech.pk.edu.pl\/index.php\/2021\/11\/04\/prof-piotr-kisielewski-z-naszej-katedry-otrzymal-medal-zasluzony-dla-komunikacji-miejskiej\/#breadcrumb"},"inLanguage":"pl-PL","potentialAction":[{"@type":"ReadAction","target":["https:\/\/m8.mech.pk.edu.pl\/index.php\/2021\/11\/04\/prof-piotr-kisielewski-z-naszej-katedry-otrzymal-medal-zasluzony-dla-komunikacji-miejskiej\/"]}]},{"@type":"ImageObject","inLanguage":"pl-PL","@id":"https:\/\/m8.mech.pk.edu.pl\/index.php\/2021\/11\/04\/prof-piotr-kisielewski-z-naszej-katedry-otrzymal-medal-zasluzony-dla-komunikacji-miejskiej\/#primaryimage","url":"https:\/\/m8.mech.pk.edu.pl\/wp-content\/uploads\/2021\/11\/foto-kisielewski2.jpg","contentUrl":"https:\/\/m8.mech.pk.edu.pl\/wp-content\/uploads\/2021\/11\/foto-kisielewski2.jpg","width":487,"height":274},{"@type":"BreadcrumbList","@id":"https:\/\/m8.mech.pk.edu.pl\/index.php\/2021\/11\/04\/prof-piotr-kisielewski-z-naszej-katedry-otrzymal-medal-zasluzony-dla-komunikacji-miejskiej\/#breadcrumb","itemListElement":[{"@type":"ListItem","position":1,"name":"Strona g\u0142\u00f3wna","item":"https:\/\/m8.mech.pk.edu.pl\/"},{"@type":"ListItem","position":2,"name":"Prof. Piotr Kisielewski z naszej Katedry otrzyma\u0142 medal \u201eZas\u0142u\u017cony dla Komunikacji Miejskiej\u201d"}]},{"@type":"WebSite","@id":"https:\/\/m8.mech.pk.edu.pl\/#website","url":"https:\/\/m8.mech.pk.edu.pl\/","name":"Katedra Pojazd\u00f3w Szynowych i Transportu","description":"Katedra Pojazd\u00f3w Szynowych i Transportu Politechniki Krakowskiej na Wydziale Mechanicznym","publisher":{"@id":"https:\/\/m8.mech.pk.edu.pl\/#organization"},"potentialAction":[{"@type":"SearchAction","target":{"@type":"EntryPoint","urlTemplate":"https:\/\/m8.mech.pk.edu.pl\/?s={search_term_string}"},"query-input":{"@type":"PropertyValueSpecification","valueRequired":true,"valueName":"search_term_string"}}],"inLanguage":"pl-PL"},{"@type":"Organization","@id":"https:\/\/m8.mech.pk.edu.pl\/#organization","name":"Katedra Pojazd\u00f3w Szynowych","url":"https:\/\/m8.mech.pk.edu.pl\/","logo":{"@type":"ImageObject","inLanguage":"pl-PL","@id":"https:\/\/m8.mech.pk.edu.pl\/#\/schema\/logo\/image\/","url":"https:\/\/m8.mech.pk.edu.pl\/wp-content\/uploads\/2021\/01\/logo-mail-kpsit.png","contentUrl":"https:\/\/m8.mech.pk.edu.pl\/wp-content\/uploads\/2021\/01\/logo-mail-kpsit.png","width":300,"height":119,"caption":"Katedra Pojazd\u00f3w Szynowych"},"image":{"@id":"https:\/\/m8.mech.pk.edu.pl\/#\/schema\/logo\/image\/"},"sameAs":["https:\/\/facebook.com\/KPSzTPK","https:\/\/www.youtube.com\/channel\/UCen3PQ3fl3ry92o_lHkyVaQ"]},{"@type":"Person","@id":"https:\/\/m8.mech.pk.edu.pl\/#\/schema\/person\/d8f6c9a11add49a79e366c6d4261d14e","name":"Maciej","image":{"@type":"ImageObject","inLanguage":"pl-PL","@id":"https:\/\/secure.gravatar.com\/avatar\/5a17b3a5a44d4dca9d48ed0eccafb488c6c54063f627f848184a92807a97590b?s=96&d=mm&r=g","url":"https:\/\/secure.gravatar.com\/avatar\/5a17b3a5a44d4dca9d48ed0eccafb488c6c54063f627f848184a92807a97590b?s=96&d=mm&r=g","contentUrl":"https:\/\/secure.gravatar.com\/avatar\/5a17b3a5a44d4dca9d48ed0eccafb488c6c54063f627f848184a92807a97590b?s=96&d=mm&r=g","caption":"Maciej"}}]}},"_links":{"self":[{"href":"https:\/\/m8.mech.pk.edu.pl\/index.php\/wp-json\/wp\/v2\/posts\/2528","targetHints":{"allow":["GET"]}}],"collection":[{"href":"https:\/\/m8.mech.pk.edu.pl\/index.php\/wp-json\/wp\/v2\/posts"}],"about":[{"href":"https:\/\/m8.mech.pk.edu.pl\/index.php\/wp-json\/wp\/v2\/types\/post"}],"author":[{"embeddable":true,"href":"https:\/\/m8.mech.pk.edu.pl\/index.php\/wp-json\/wp\/v2\/users\/5"}],"replies":[{"embeddable":true,"href":"https:\/\/m8.mech.pk.edu.pl\/index.php\/wp-json\/wp\/v2\/comments?post=2528"}],"version-history":[{"count":3,"href":"https:\/\/m8.mech.pk.edu.pl\/index.php\/wp-json\/wp\/v2\/posts\/2528\/revisions"}],"predecessor-version":[{"id":2534,"href":"https:\/\/m8.mech.pk.edu.pl\/index.php\/wp-json\/wp\/v2\/posts\/2528\/revisions\/2534"}],"wp:featuredmedia":[{"embeddable":true,"href":"https:\/\/m8.mech.pk.edu.pl\/index.php\/wp-json\/wp\/v2\/media\/2530"}],"wp:attachment":[{"href":"https:\/\/m8.mech.pk.edu.pl\/index.php\/wp-json\/wp\/v2\/media?parent=2528"}],"wp:term":[{"taxonomy":"category","embeddable":true,"href":"https:\/\/m8.mech.pk.edu.pl\/index.php\/wp-json\/wp\/v2\/categories?post=2528"},{"taxonomy":"post_tag","embeddable":true,"href":"https:\/\/m8.mech.pk.edu.pl\/index.php\/wp-json\/wp\/v2\/tags?post=2528"}],"curies":[{"name":"wp","href":"https:\/\/api.w.org\/{rel}","templated":true}]}}