{"id":2516,"date":"2021-10-26T19:01:57","date_gmt":"2021-10-26T17:01:57","guid":{"rendered":"https:\/\/m8.mech.pk.edu.pl\/?p=2516"},"modified":"2021-10-26T19:01:57","modified_gmt":"2021-10-26T17:01:57","slug":"rekrutacja-na-v-edycje-specjalnosci-inzynieria-pojazdow-szynowych","status":"publish","type":"post","link":"https:\/\/m8.mech.pk.edu.pl\/index.php\/2021\/10\/26\/rekrutacja-na-v-edycje-specjalnosci-inzynieria-pojazdow-szynowych\/","title":{"rendered":"Rekrutacja na V edycj\u0119 specjalno\u015bci IN\u017bYNIERIA POJAZD\u00d3W SZYNOWYCH"},"content":{"rendered":"\n<p>27 pa\u017adziernika 2021 roku rozpocz\u0119li\u015bmy rekrutacj\u0119 na V edycj\u0119 specjalno\u015bci IN\u017bYNIERIA POJAZD\u00d3W SZYNOWYCH.<\/p>\n\n\n\n<p>In\u017cynieria Pojazd\u00f3w Szynowych czyli uruchomiona w 2017 roku innowacyjna specjalno\u015b\u0107 kszta\u0142cenia kadry in\u017cynierskiej,\u00a0prowadzona w systemie dualnym na kierunku \u201eIn\u017cynieria \u015arodk\u00f3w Transportu\u201d. Jest ona odpowiedzi\u0105 na dynamicznie rozwijaj\u0105cy si\u0119 sektor budowy i eksploatacji pojazd\u00f3w szynowych oraz id\u0105ce za tym zapotrzebowanie na wykwalifikowan\u0105 kadr\u0119 in\u017cyniersk\u0105 w tej bran\u017cy. Specjalno\u015b\u0107 ta \u0142\u0105czy w sobie teori\u0119 i praktyk\u0119 zgodnie z oczekiwaniami przysz\u0142ych pracodawc\u00f3w. W\u00a0ramach przedmiot\u00f3w specjalno\u015bciowych studenci zdobywaj\u0105 wiedz\u0119, umiej\u0119tno\u015bci oraz do\u015bwiadczenie praktyczne z zakresu budowy, projektowania, technologii, certyfikacji, eksploatacji pojazd\u00f3w szynowych, kt\u00f3re umo\u017cliwiaj\u0105 im \u0142atwe podj\u0119cie pracy w przedsi\u0119biorstwach zwi\u0105zanych z\u00a0transportem szynowym i innych dziedzinach gospodarki.<\/p>\n\n\n\n<!--more-->\n\n\n\n<p>Studenci na omawianej specjalno\u015bci s\u0105 przygotowani do przysz\u0142ej pracy zawodowej w profilach kompetencyjnych takich jak np.: konstruktor mechanik, technolog mechanik, in\u017cynier ds. oblicze\u0144, in\u017cynier projektu, in\u017cynier ds. eksploatacji, in\u017cynier ds. serwisu.<\/p>\n\n\n\n<p>Co rok specjalno\u015b\u0107 ta dzi\u0119ki ma\u0142ej grupie studenckiej i nauczaniu zgodnie z ide\u0105 &#8222;mistrz- ucze\u0144&#8221; cieszy si\u0119 du\u017cym zainteresowaniem, a jej absolwenci zyskuj\u0105 zatrudnienie w renomowanych firmach bran\u017cowych.<\/p>\n\n\n\n<p>Szczeg\u00f3\u0142owe informacje na temat specjalno\u015bci zasad rekrutacji znajduj\u0105 si\u0119 na stronie: <a href=\"https:\/\/m8.mech.pk.edu.pl\/index.php\/inzynieria-pojazdow-szynowych\/\" target=\"_blank\" rel=\"noreferrer noopener\">https:\/\/m8.mech.pk.edu.pl\/IPS<\/a><\/p>\n\n\n\n<figure class=\"wp-block-image size-large\"><img loading=\"lazy\" decoding=\"async\" width=\"1024\" height=\"940\" src=\"https:\/\/m8.mech.pk.edu.pl\/wp-content\/uploads\/2021\/10\/Baner-IPS-rekrutacja5m-1024x940.jpg\" alt=\"\" class=\"wp-image-2513\" srcset=\"https:\/\/m8.mech.pk.edu.pl\/wp-content\/uploads\/2021\/10\/Baner-IPS-rekrutacja5m-1024x940.jpg 1024w, https:\/\/m8.mech.pk.edu.pl\/wp-content\/uploads\/2021\/10\/Baner-IPS-rekrutacja5m-300x276.jpg 300w, https:\/\/m8.mech.pk.edu.pl\/wp-content\/uploads\/2021\/10\/Baner-IPS-rekrutacja5m-768x705.jpg 768w, https:\/\/m8.mech.pk.edu.pl\/wp-content\/uploads\/2021\/10\/Baner-IPS-rekrutacja5m.jpg 1200w\" sizes=\"auto, (max-width: 1024px) 100vw, 1024px\" \/><\/figure>\n\n\n\n<p> <\/p>\n","protected":false},"excerpt":{"rendered":"<p>27 pa\u017adziernika 2021 roku rozpocz\u0119li\u015bmy rekrutacj\u0119 na V edycj\u0119 specjalno\u015bci IN\u017bYNIERIA POJAZD\u00d3W SZYNOWYCH. In\u017cynieria Pojazd\u00f3w Szynowych czyli uruchomiona w 2017 roku innowacyjna specjalno\u015b\u0107 kszta\u0142cenia kadry in\u017cynierskiej,\u00a0prowadzona w systemie dualnym na kierunku \u201eIn\u017cynieria \u015arodk\u00f3w Transportu\u201d. Jest ona odpowiedzi\u0105 na dynamicznie rozwijaj\u0105cy si\u0119 sektor budowy i eksploatacji pojazd\u00f3w szynowych oraz id\u0105ce za tym zapotrzebowanie na wykwalifikowan\u0105 kadr\u0119 [&hellip;]<\/p>\n","protected":false},"author":5,"featured_media":2517,"comment_status":"closed","ping_status":"open","sticky":false,"template":"","format":"standard","meta":{"footnotes":""},"categories":[1],"tags":[],"class_list":["post-2516","post","type-post","status-publish","format-standard","has-post-thumbnail","hentry","category-bez-kategorii"],"yoast_head":"<!-- This site is optimized with the Yoast SEO plugin v27.5 - https:\/\/yoast.com\/product\/yoast-seo-wordpress\/ -->\n<title>Rekrutacja na V edycj\u0119 specjalno\u015bci IN\u017bYNIERIA POJAZD\u00d3W SZYNOWYCH - Katedra Pojazd\u00f3w Szynowych i Transportu<\/title>\n<meta name=\"robots\" content=\"index, follow, max-snippet:-1, max-image-preview:large, max-video-preview:-1\" \/>\n<link rel=\"canonical\" href=\"https:\/\/m8.mech.pk.edu.pl\/index.php\/2021\/10\/26\/rekrutacja-na-v-edycje-specjalnosci-inzynieria-pojazdow-szynowych\/\" \/>\n<meta property=\"og:locale\" content=\"pl_PL\" \/>\n<meta property=\"og:type\" content=\"article\" \/>\n<meta property=\"og:title\" content=\"Rekrutacja na V edycj\u0119 specjalno\u015bci IN\u017bYNIERIA POJAZD\u00d3W SZYNOWYCH - Katedra Pojazd\u00f3w Szynowych i Transportu\" \/>\n<meta property=\"og:description\" content=\"27 pa\u017adziernika 2021 roku rozpocz\u0119li\u015bmy rekrutacj\u0119 na V edycj\u0119 specjalno\u015bci IN\u017bYNIERIA POJAZD\u00d3W SZYNOWYCH. In\u017cynieria Pojazd\u00f3w Szynowych czyli uruchomiona w 2017 roku innowacyjna specjalno\u015b\u0107 kszta\u0142cenia kadry in\u017cynierskiej,\u00a0prowadzona w systemie dualnym na kierunku \u201eIn\u017cynieria \u015arodk\u00f3w Transportu\u201d. Jest ona odpowiedzi\u0105 na dynamicznie rozwijaj\u0105cy si\u0119 sektor budowy i eksploatacji pojazd\u00f3w szynowych oraz id\u0105ce za tym zapotrzebowanie na wykwalifikowan\u0105 kadr\u0119 [&hellip;]\" \/>\n<meta property=\"og:url\" content=\"https:\/\/m8.mech.pk.edu.pl\/index.php\/2021\/10\/26\/rekrutacja-na-v-edycje-specjalnosci-inzynieria-pojazdow-szynowych\/\" \/>\n<meta property=\"og:site_name\" content=\"Katedra Pojazd\u00f3w Szynowych i Transportu\" \/>\n<meta property=\"article:publisher\" content=\"https:\/\/facebook.com\/KPSzTPK\" \/>\n<meta property=\"article:published_time\" content=\"2021-10-26T17:01:57+00:00\" \/>\n<meta property=\"og:image\" content=\"https:\/\/m8.mech.pk.edu.pl\/wp-content\/uploads\/2021\/10\/Baner-IPS-rekrutacja5m-m.jpg\" \/>\n\t<meta property=\"og:image:width\" content=\"1200\" \/>\n\t<meta property=\"og:image:height\" content=\"782\" \/>\n\t<meta property=\"og:image:type\" content=\"image\/jpeg\" \/>\n<meta name=\"author\" content=\"Maciej\" \/>\n<meta name=\"twitter:card\" content=\"summary_large_image\" \/>\n<meta name=\"twitter:label1\" content=\"Napisane przez\" \/>\n\t<meta name=\"twitter:data1\" content=\"Maciej\" \/>\n\t<meta name=\"twitter:label2\" content=\"Szacowany czas czytania\" \/>\n\t<meta name=\"twitter:data2\" content=\"1 minuta\" \/>\n<script type=\"application\/ld+json\" class=\"yoast-schema-graph\">{\"@context\":\"https:\\\/\\\/schema.org\",\"@graph\":[{\"@type\":\"Article\",\"@id\":\"https:\\\/\\\/m8.mech.pk.edu.pl\\\/index.php\\\/2021\\\/10\\\/26\\\/rekrutacja-na-v-edycje-specjalnosci-inzynieria-pojazdow-szynowych\\\/#article\",\"isPartOf\":{\"@id\":\"https:\\\/\\\/m8.mech.pk.edu.pl\\\/index.php\\\/2021\\\/10\\\/26\\\/rekrutacja-na-v-edycje-specjalnosci-inzynieria-pojazdow-szynowych\\\/\"},\"author\":{\"name\":\"Maciej\",\"@id\":\"https:\\\/\\\/m8.mech.pk.edu.pl\\\/#\\\/schema\\\/person\\\/d8f6c9a11add49a79e366c6d4261d14e\"},\"headline\":\"Rekrutacja na V edycj\u0119 specjalno\u015bci IN\u017bYNIERIA POJAZD\u00d3W SZYNOWYCH\",\"datePublished\":\"2021-10-26T17:01:57+00:00\",\"mainEntityOfPage\":{\"@id\":\"https:\\\/\\\/m8.mech.pk.edu.pl\\\/index.php\\\/2021\\\/10\\\/26\\\/rekrutacja-na-v-edycje-specjalnosci-inzynieria-pojazdow-szynowych\\\/\"},\"wordCount\":236,\"publisher\":{\"@id\":\"https:\\\/\\\/m8.mech.pk.edu.pl\\\/#organization\"},\"image\":{\"@id\":\"https:\\\/\\\/m8.mech.pk.edu.pl\\\/index.php\\\/2021\\\/10\\\/26\\\/rekrutacja-na-v-edycje-specjalnosci-inzynieria-pojazdow-szynowych\\\/#primaryimage\"},\"thumbnailUrl\":\"https:\\\/\\\/m8.mech.pk.edu.pl\\\/wp-content\\\/uploads\\\/2021\\\/10\\\/Baner-IPS-rekrutacja5m-m.jpg\",\"inLanguage\":\"pl-PL\"},{\"@type\":\"WebPage\",\"@id\":\"https:\\\/\\\/m8.mech.pk.edu.pl\\\/index.php\\\/2021\\\/10\\\/26\\\/rekrutacja-na-v-edycje-specjalnosci-inzynieria-pojazdow-szynowych\\\/\",\"url\":\"https:\\\/\\\/m8.mech.pk.edu.pl\\\/index.php\\\/2021\\\/10\\\/26\\\/rekrutacja-na-v-edycje-specjalnosci-inzynieria-pojazdow-szynowych\\\/\",\"name\":\"Rekrutacja na V edycj\u0119 specjalno\u015bci IN\u017bYNIERIA POJAZD\u00d3W SZYNOWYCH - Katedra Pojazd\u00f3w Szynowych i Transportu\",\"isPartOf\":{\"@id\":\"https:\\\/\\\/m8.mech.pk.edu.pl\\\/#website\"},\"primaryImageOfPage\":{\"@id\":\"https:\\\/\\\/m8.mech.pk.edu.pl\\\/index.php\\\/2021\\\/10\\\/26\\\/rekrutacja-na-v-edycje-specjalnosci-inzynieria-pojazdow-szynowych\\\/#primaryimage\"},\"image\":{\"@id\":\"https:\\\/\\\/m8.mech.pk.edu.pl\\\/index.php\\\/2021\\\/10\\\/26\\\/rekrutacja-na-v-edycje-specjalnosci-inzynieria-pojazdow-szynowych\\\/#primaryimage\"},\"thumbnailUrl\":\"https:\\\/\\\/m8.mech.pk.edu.pl\\\/wp-content\\\/uploads\\\/2021\\\/10\\\/Baner-IPS-rekrutacja5m-m.jpg\",\"datePublished\":\"2021-10-26T17:01:57+00:00\",\"breadcrumb\":{\"@id\":\"https:\\\/\\\/m8.mech.pk.edu.pl\\\/index.php\\\/2021\\\/10\\\/26\\\/rekrutacja-na-v-edycje-specjalnosci-inzynieria-pojazdow-szynowych\\\/#breadcrumb\"},\"inLanguage\":\"pl-PL\",\"potentialAction\":[{\"@type\":\"ReadAction\",\"target\":[\"https:\\\/\\\/m8.mech.pk.edu.pl\\\/index.php\\\/2021\\\/10\\\/26\\\/rekrutacja-na-v-edycje-specjalnosci-inzynieria-pojazdow-szynowych\\\/\"]}]},{\"@type\":\"ImageObject\",\"inLanguage\":\"pl-PL\",\"@id\":\"https:\\\/\\\/m8.mech.pk.edu.pl\\\/index.php\\\/2021\\\/10\\\/26\\\/rekrutacja-na-v-edycje-specjalnosci-inzynieria-pojazdow-szynowych\\\/#primaryimage\",\"url\":\"https:\\\/\\\/m8.mech.pk.edu.pl\\\/wp-content\\\/uploads\\\/2021\\\/10\\\/Baner-IPS-rekrutacja5m-m.jpg\",\"contentUrl\":\"https:\\\/\\\/m8.mech.pk.edu.pl\\\/wp-content\\\/uploads\\\/2021\\\/10\\\/Baner-IPS-rekrutacja5m-m.jpg\",\"width\":1200,\"height\":782},{\"@type\":\"BreadcrumbList\",\"@id\":\"https:\\\/\\\/m8.mech.pk.edu.pl\\\/index.php\\\/2021\\\/10\\\/26\\\/rekrutacja-na-v-edycje-specjalnosci-inzynieria-pojazdow-szynowych\\\/#breadcrumb\",\"itemListElement\":[{\"@type\":\"ListItem\",\"position\":1,\"name\":\"Strona g\u0142\u00f3wna\",\"item\":\"https:\\\/\\\/m8.mech.pk.edu.pl\\\/\"},{\"@type\":\"ListItem\",\"position\":2,\"name\":\"Rekrutacja na V edycj\u0119 specjalno\u015bci IN\u017bYNIERIA POJAZD\u00d3W SZYNOWYCH\"}]},{\"@type\":\"WebSite\",\"@id\":\"https:\\\/\\\/m8.mech.pk.edu.pl\\\/#website\",\"url\":\"https:\\\/\\\/m8.mech.pk.edu.pl\\\/\",\"name\":\"Katedra Pojazd\u00f3w Szynowych i Transportu\",\"description\":\"Katedra Pojazd\u00f3w Szynowych i Transportu Politechniki Krakowskiej na Wydziale Mechanicznym\",\"publisher\":{\"@id\":\"https:\\\/\\\/m8.mech.pk.edu.pl\\\/#organization\"},\"potentialAction\":[{\"@type\":\"SearchAction\",\"target\":{\"@type\":\"EntryPoint\",\"urlTemplate\":\"https:\\\/\\\/m8.mech.pk.edu.pl\\\/?s={search_term_string}\"},\"query-input\":{\"@type\":\"PropertyValueSpecification\",\"valueRequired\":true,\"valueName\":\"search_term_string\"}}],\"inLanguage\":\"pl-PL\"},{\"@type\":\"Organization\",\"@id\":\"https:\\\/\\\/m8.mech.pk.edu.pl\\\/#organization\",\"name\":\"Katedra Pojazd\u00f3w Szynowych\",\"url\":\"https:\\\/\\\/m8.mech.pk.edu.pl\\\/\",\"logo\":{\"@type\":\"ImageObject\",\"inLanguage\":\"pl-PL\",\"@id\":\"https:\\\/\\\/m8.mech.pk.edu.pl\\\/#\\\/schema\\\/logo\\\/image\\\/\",\"url\":\"https:\\\/\\\/m8.mech.pk.edu.pl\\\/wp-content\\\/uploads\\\/2021\\\/01\\\/logo-mail-kpsit.png\",\"contentUrl\":\"https:\\\/\\\/m8.mech.pk.edu.pl\\\/wp-content\\\/uploads\\\/2021\\\/01\\\/logo-mail-kpsit.png\",\"width\":300,\"height\":119,\"caption\":\"Katedra Pojazd\u00f3w Szynowych\"},\"image\":{\"@id\":\"https:\\\/\\\/m8.mech.pk.edu.pl\\\/#\\\/schema\\\/logo\\\/image\\\/\"},\"sameAs\":[\"https:\\\/\\\/facebook.com\\\/KPSzTPK\",\"https:\\\/\\\/www.youtube.com\\\/channel\\\/UCen3PQ3fl3ry92o_lHkyVaQ\"]},{\"@type\":\"Person\",\"@id\":\"https:\\\/\\\/m8.mech.pk.edu.pl\\\/#\\\/schema\\\/person\\\/d8f6c9a11add49a79e366c6d4261d14e\",\"name\":\"Maciej\",\"image\":{\"@type\":\"ImageObject\",\"inLanguage\":\"pl-PL\",\"@id\":\"https:\\\/\\\/secure.gravatar.com\\\/avatar\\\/5a17b3a5a44d4dca9d48ed0eccafb488c6c54063f627f848184a92807a97590b?s=96&d=mm&r=g\",\"url\":\"https:\\\/\\\/secure.gravatar.com\\\/avatar\\\/5a17b3a5a44d4dca9d48ed0eccafb488c6c54063f627f848184a92807a97590b?s=96&d=mm&r=g\",\"contentUrl\":\"https:\\\/\\\/secure.gravatar.com\\\/avatar\\\/5a17b3a5a44d4dca9d48ed0eccafb488c6c54063f627f848184a92807a97590b?s=96&d=mm&r=g\",\"caption\":\"Maciej\"}}]}<\/script>\n<!-- \/ Yoast SEO plugin. -->","yoast_head_json":{"title":"Rekrutacja na V edycj\u0119 specjalno\u015bci IN\u017bYNIERIA POJAZD\u00d3W SZYNOWYCH - Katedra Pojazd\u00f3w Szynowych i Transportu","robots":{"index":"index","follow":"follow","max-snippet":"max-snippet:-1","max-image-preview":"max-image-preview:large","max-video-preview":"max-video-preview:-1"},"canonical":"https:\/\/m8.mech.pk.edu.pl\/index.php\/2021\/10\/26\/rekrutacja-na-v-edycje-specjalnosci-inzynieria-pojazdow-szynowych\/","og_locale":"pl_PL","og_type":"article","og_title":"Rekrutacja na V edycj\u0119 specjalno\u015bci IN\u017bYNIERIA POJAZD\u00d3W SZYNOWYCH - Katedra Pojazd\u00f3w Szynowych i Transportu","og_description":"27 pa\u017adziernika 2021 roku rozpocz\u0119li\u015bmy rekrutacj\u0119 na V edycj\u0119 specjalno\u015bci IN\u017bYNIERIA POJAZD\u00d3W SZYNOWYCH. In\u017cynieria Pojazd\u00f3w Szynowych czyli uruchomiona w 2017 roku innowacyjna specjalno\u015b\u0107 kszta\u0142cenia kadry in\u017cynierskiej,\u00a0prowadzona w systemie dualnym na kierunku \u201eIn\u017cynieria \u015arodk\u00f3w Transportu\u201d. Jest ona odpowiedzi\u0105 na dynamicznie rozwijaj\u0105cy si\u0119 sektor budowy i eksploatacji pojazd\u00f3w szynowych oraz id\u0105ce za tym zapotrzebowanie na wykwalifikowan\u0105 kadr\u0119 [&hellip;]","og_url":"https:\/\/m8.mech.pk.edu.pl\/index.php\/2021\/10\/26\/rekrutacja-na-v-edycje-specjalnosci-inzynieria-pojazdow-szynowych\/","og_site_name":"Katedra Pojazd\u00f3w Szynowych i Transportu","article_publisher":"https:\/\/facebook.com\/KPSzTPK","article_published_time":"2021-10-26T17:01:57+00:00","og_image":[{"width":1200,"height":782,"url":"https:\/\/m8.mech.pk.edu.pl\/wp-content\/uploads\/2021\/10\/Baner-IPS-rekrutacja5m-m.jpg","type":"image\/jpeg"}],"author":"Maciej","twitter_card":"summary_large_image","twitter_misc":{"Napisane przez":"Maciej","Szacowany czas czytania":"1 minuta"},"schema":{"@context":"https:\/\/schema.org","@graph":[{"@type":"Article","@id":"https:\/\/m8.mech.pk.edu.pl\/index.php\/2021\/10\/26\/rekrutacja-na-v-edycje-specjalnosci-inzynieria-pojazdow-szynowych\/#article","isPartOf":{"@id":"https:\/\/m8.mech.pk.edu.pl\/index.php\/2021\/10\/26\/rekrutacja-na-v-edycje-specjalnosci-inzynieria-pojazdow-szynowych\/"},"author":{"name":"Maciej","@id":"https:\/\/m8.mech.pk.edu.pl\/#\/schema\/person\/d8f6c9a11add49a79e366c6d4261d14e"},"headline":"Rekrutacja na V edycj\u0119 specjalno\u015bci IN\u017bYNIERIA POJAZD\u00d3W SZYNOWYCH","datePublished":"2021-10-26T17:01:57+00:00","mainEntityOfPage":{"@id":"https:\/\/m8.mech.pk.edu.pl\/index.php\/2021\/10\/26\/rekrutacja-na-v-edycje-specjalnosci-inzynieria-pojazdow-szynowych\/"},"wordCount":236,"publisher":{"@id":"https:\/\/m8.mech.pk.edu.pl\/#organization"},"image":{"@id":"https:\/\/m8.mech.pk.edu.pl\/index.php\/2021\/10\/26\/rekrutacja-na-v-edycje-specjalnosci-inzynieria-pojazdow-szynowych\/#primaryimage"},"thumbnailUrl":"https:\/\/m8.mech.pk.edu.pl\/wp-content\/uploads\/2021\/10\/Baner-IPS-rekrutacja5m-m.jpg","inLanguage":"pl-PL"},{"@type":"WebPage","@id":"https:\/\/m8.mech.pk.edu.pl\/index.php\/2021\/10\/26\/rekrutacja-na-v-edycje-specjalnosci-inzynieria-pojazdow-szynowych\/","url":"https:\/\/m8.mech.pk.edu.pl\/index.php\/2021\/10\/26\/rekrutacja-na-v-edycje-specjalnosci-inzynieria-pojazdow-szynowych\/","name":"Rekrutacja na V edycj\u0119 specjalno\u015bci IN\u017bYNIERIA POJAZD\u00d3W SZYNOWYCH - Katedra Pojazd\u00f3w Szynowych i Transportu","isPartOf":{"@id":"https:\/\/m8.mech.pk.edu.pl\/#website"},"primaryImageOfPage":{"@id":"https:\/\/m8.mech.pk.edu.pl\/index.php\/2021\/10\/26\/rekrutacja-na-v-edycje-specjalnosci-inzynieria-pojazdow-szynowych\/#primaryimage"},"image":{"@id":"https:\/\/m8.mech.pk.edu.pl\/index.php\/2021\/10\/26\/rekrutacja-na-v-edycje-specjalnosci-inzynieria-pojazdow-szynowych\/#primaryimage"},"thumbnailUrl":"https:\/\/m8.mech.pk.edu.pl\/wp-content\/uploads\/2021\/10\/Baner-IPS-rekrutacja5m-m.jpg","datePublished":"2021-10-26T17:01:57+00:00","breadcrumb":{"@id":"https:\/\/m8.mech.pk.edu.pl\/index.php\/2021\/10\/26\/rekrutacja-na-v-edycje-specjalnosci-inzynieria-pojazdow-szynowych\/#breadcrumb"},"inLanguage":"pl-PL","potentialAction":[{"@type":"ReadAction","target":["https:\/\/m8.mech.pk.edu.pl\/index.php\/2021\/10\/26\/rekrutacja-na-v-edycje-specjalnosci-inzynieria-pojazdow-szynowych\/"]}]},{"@type":"ImageObject","inLanguage":"pl-PL","@id":"https:\/\/m8.mech.pk.edu.pl\/index.php\/2021\/10\/26\/rekrutacja-na-v-edycje-specjalnosci-inzynieria-pojazdow-szynowych\/#primaryimage","url":"https:\/\/m8.mech.pk.edu.pl\/wp-content\/uploads\/2021\/10\/Baner-IPS-rekrutacja5m-m.jpg","contentUrl":"https:\/\/m8.mech.pk.edu.pl\/wp-content\/uploads\/2021\/10\/Baner-IPS-rekrutacja5m-m.jpg","width":1200,"height":782},{"@type":"BreadcrumbList","@id":"https:\/\/m8.mech.pk.edu.pl\/index.php\/2021\/10\/26\/rekrutacja-na-v-edycje-specjalnosci-inzynieria-pojazdow-szynowych\/#breadcrumb","itemListElement":[{"@type":"ListItem","position":1,"name":"Strona g\u0142\u00f3wna","item":"https:\/\/m8.mech.pk.edu.pl\/"},{"@type":"ListItem","position":2,"name":"Rekrutacja na V edycj\u0119 specjalno\u015bci IN\u017bYNIERIA POJAZD\u00d3W SZYNOWYCH"}]},{"@type":"WebSite","@id":"https:\/\/m8.mech.pk.edu.pl\/#website","url":"https:\/\/m8.mech.pk.edu.pl\/","name":"Katedra Pojazd\u00f3w Szynowych i Transportu","description":"Katedra Pojazd\u00f3w Szynowych i Transportu Politechniki Krakowskiej na Wydziale Mechanicznym","publisher":{"@id":"https:\/\/m8.mech.pk.edu.pl\/#organization"},"potentialAction":[{"@type":"SearchAction","target":{"@type":"EntryPoint","urlTemplate":"https:\/\/m8.mech.pk.edu.pl\/?s={search_term_string}"},"query-input":{"@type":"PropertyValueSpecification","valueRequired":true,"valueName":"search_term_string"}}],"inLanguage":"pl-PL"},{"@type":"Organization","@id":"https:\/\/m8.mech.pk.edu.pl\/#organization","name":"Katedra Pojazd\u00f3w Szynowych","url":"https:\/\/m8.mech.pk.edu.pl\/","logo":{"@type":"ImageObject","inLanguage":"pl-PL","@id":"https:\/\/m8.mech.pk.edu.pl\/#\/schema\/logo\/image\/","url":"https:\/\/m8.mech.pk.edu.pl\/wp-content\/uploads\/2021\/01\/logo-mail-kpsit.png","contentUrl":"https:\/\/m8.mech.pk.edu.pl\/wp-content\/uploads\/2021\/01\/logo-mail-kpsit.png","width":300,"height":119,"caption":"Katedra Pojazd\u00f3w Szynowych"},"image":{"@id":"https:\/\/m8.mech.pk.edu.pl\/#\/schema\/logo\/image\/"},"sameAs":["https:\/\/facebook.com\/KPSzTPK","https:\/\/www.youtube.com\/channel\/UCen3PQ3fl3ry92o_lHkyVaQ"]},{"@type":"Person","@id":"https:\/\/m8.mech.pk.edu.pl\/#\/schema\/person\/d8f6c9a11add49a79e366c6d4261d14e","name":"Maciej","image":{"@type":"ImageObject","inLanguage":"pl-PL","@id":"https:\/\/secure.gravatar.com\/avatar\/5a17b3a5a44d4dca9d48ed0eccafb488c6c54063f627f848184a92807a97590b?s=96&d=mm&r=g","url":"https:\/\/secure.gravatar.com\/avatar\/5a17b3a5a44d4dca9d48ed0eccafb488c6c54063f627f848184a92807a97590b?s=96&d=mm&r=g","contentUrl":"https:\/\/secure.gravatar.com\/avatar\/5a17b3a5a44d4dca9d48ed0eccafb488c6c54063f627f848184a92807a97590b?s=96&d=mm&r=g","caption":"Maciej"}}]}},"_links":{"self":[{"href":"https:\/\/m8.mech.pk.edu.pl\/index.php\/wp-json\/wp\/v2\/posts\/2516","targetHints":{"allow":["GET"]}}],"collection":[{"href":"https:\/\/m8.mech.pk.edu.pl\/index.php\/wp-json\/wp\/v2\/posts"}],"about":[{"href":"https:\/\/m8.mech.pk.edu.pl\/index.php\/wp-json\/wp\/v2\/types\/post"}],"author":[{"embeddable":true,"href":"https:\/\/m8.mech.pk.edu.pl\/index.php\/wp-json\/wp\/v2\/users\/5"}],"replies":[{"embeddable":true,"href":"https:\/\/m8.mech.pk.edu.pl\/index.php\/wp-json\/wp\/v2\/comments?post=2516"}],"version-history":[{"count":1,"href":"https:\/\/m8.mech.pk.edu.pl\/index.php\/wp-json\/wp\/v2\/posts\/2516\/revisions"}],"predecessor-version":[{"id":2518,"href":"https:\/\/m8.mech.pk.edu.pl\/index.php\/wp-json\/wp\/v2\/posts\/2516\/revisions\/2518"}],"wp:featuredmedia":[{"embeddable":true,"href":"https:\/\/m8.mech.pk.edu.pl\/index.php\/wp-json\/wp\/v2\/media\/2517"}],"wp:attachment":[{"href":"https:\/\/m8.mech.pk.edu.pl\/index.php\/wp-json\/wp\/v2\/media?parent=2516"}],"wp:term":[{"taxonomy":"category","embeddable":true,"href":"https:\/\/m8.mech.pk.edu.pl\/index.php\/wp-json\/wp\/v2\/categories?post=2516"},{"taxonomy":"post_tag","embeddable":true,"href":"https:\/\/m8.mech.pk.edu.pl\/index.php\/wp-json\/wp\/v2\/tags?post=2516"}],"curies":[{"name":"wp","href":"https:\/\/api.w.org\/{rel}","templated":true}]}}