{"id":2436,"date":"2021-10-01T22:00:13","date_gmt":"2021-10-01T20:00:13","guid":{"rendered":"https:\/\/m8.mech.pk.edu.pl\/?p=2436"},"modified":"2021-10-01T22:07:39","modified_gmt":"2021-10-01T20:07:39","slug":"inauguracja-roku-akademickiego-2021-22","status":"publish","type":"post","link":"https:\/\/m8.mech.pk.edu.pl\/index.php\/2021\/10\/01\/inauguracja-roku-akademickiego-2021-22\/","title":{"rendered":"Inauguracja roku akademickiego 2021\/22"},"content":{"rendered":"\n<p>1 pa\u017adziernika 2021 roku odby\u0142a si\u0119 inauguracja roku akademickiego 2021\/2022 na Wydziale Mechanicznym PK. Podczas uroczysto\u015bci wyk\u0142ad inauguracyjny poprowadzi\u0142 dr Maciej G\u00f3rowski z naszej Katedry &#8211; laureat nagrody studenckiego plebiscytu na najlepszego e-dydaktyka w kategorii wyk\u0142ady. <br>Podczas uroczysto\u015bci zosta\u0142y r\u00f3wnie\u017c wr\u0119czone nagrody Uczelnianej Sesji K\u00f3\u0142 Naukowych. Nagrod\u0119 za II miejsce odebra\u0142y przedstawicielki Ko\u0142a Naukowego &#8222;TRANSPORT&#8221; KPSiT &#8211; Anna Szyma\u0144ska i Dorota Zawadzka, kt\u00f3re wraz z zespo\u0142em realizowa\u0142y projekt pod nazw\u0105: &#8222;Innowacyjny Peronowy System O\u015bwietlenia Informacyjno-ostrzegawczego RPAS&#8221;. <br>Ca\u0142\u0105 uroczysto\u015b\u0107 inauguracji roku mo\u017cna obejrze\u0107: <a href=\"\/\/www.youtube.com\/watch?v=yeh53QRzzZQ\" target=\"_blank\" rel=\"noreferrer noopener\">https:\/\/www.youtube.com\/watch?v=yeh53QRzzZQ<\/a><\/p>\n\n\n\n<!--more-->\n\n\n\n<figure class=\"wp-block-gallery columns-3 is-cropped wp-block-gallery-1 is-layout-flex wp-block-gallery-is-layout-flex\"><ul class=\"blocks-gallery-grid\"><li class=\"blocks-gallery-item\"><figure><a href=\"https:\/\/m8.mech.pk.edu.pl\/wp-content\/uploads\/2021\/10\/inauguracja0.jpg\"><img loading=\"lazy\" decoding=\"async\" width=\"1024\" height=\"721\" src=\"https:\/\/m8.mech.pk.edu.pl\/wp-content\/uploads\/2021\/10\/inauguracja0-1024x721.jpg\" alt=\"\" data-id=\"2439\" data-full-url=\"https:\/\/m8.mech.pk.edu.pl\/wp-content\/uploads\/2021\/10\/inauguracja0.jpg\" data-link=\"https:\/\/m8.mech.pk.edu.pl\/index.php\/2021\/10\/01\/inauguracja-roku-akademickiego-2021-22\/inauguracja0\/\" class=\"wp-image-2439\" srcset=\"https:\/\/m8.mech.pk.edu.pl\/wp-content\/uploads\/2021\/10\/inauguracja0-1024x721.jpg 1024w, https:\/\/m8.mech.pk.edu.pl\/wp-content\/uploads\/2021\/10\/inauguracja0-300x211.jpg 300w, https:\/\/m8.mech.pk.edu.pl\/wp-content\/uploads\/2021\/10\/inauguracja0-768x540.jpg 768w, https:\/\/m8.mech.pk.edu.pl\/wp-content\/uploads\/2021\/10\/inauguracja0-1536x1081.jpg 1536w, https:\/\/m8.mech.pk.edu.pl\/wp-content\/uploads\/2021\/10\/inauguracja0.jpg 1620w\" sizes=\"auto, (max-width: 1024px) 100vw, 1024px\" \/><\/a><\/figure><\/li><li class=\"blocks-gallery-item\"><figure><a href=\"https:\/\/m8.mech.pk.edu.pl\/wp-content\/uploads\/2021\/10\/inaugracja2.jpg\"><img loading=\"lazy\" decoding=\"async\" width=\"1000\" height=\"750\" src=\"https:\/\/m8.mech.pk.edu.pl\/wp-content\/uploads\/2021\/10\/inaugracja2.jpg\" alt=\"\" data-id=\"2438\" data-full-url=\"https:\/\/m8.mech.pk.edu.pl\/wp-content\/uploads\/2021\/10\/inaugracja2.jpg\" data-link=\"https:\/\/m8.mech.pk.edu.pl\/index.php\/2021\/10\/01\/inauguracja-roku-akademickiego-2021-22\/inaugracja2\/\" class=\"wp-image-2438\" srcset=\"https:\/\/m8.mech.pk.edu.pl\/wp-content\/uploads\/2021\/10\/inaugracja2.jpg 1000w, https:\/\/m8.mech.pk.edu.pl\/wp-content\/uploads\/2021\/10\/inaugracja2-300x225.jpg 300w, https:\/\/m8.mech.pk.edu.pl\/wp-content\/uploads\/2021\/10\/inaugracja2-768x576.jpg 768w\" sizes=\"auto, (max-width: 1000px) 100vw, 1000px\" \/><\/a><\/figure><\/li><li class=\"blocks-gallery-item\"><figure><a href=\"https:\/\/m8.mech.pk.edu.pl\/wp-content\/uploads\/2021\/10\/inaugracja1.jpg\"><img loading=\"lazy\" decoding=\"async\" width=\"1000\" height=\"750\" src=\"https:\/\/m8.mech.pk.edu.pl\/wp-content\/uploads\/2021\/10\/inaugracja1.jpg\" alt=\"\" data-id=\"2437\" data-full-url=\"https:\/\/m8.mech.pk.edu.pl\/wp-content\/uploads\/2021\/10\/inaugracja1.jpg\" data-link=\"https:\/\/m8.mech.pk.edu.pl\/index.php\/2021\/10\/01\/inauguracja-roku-akademickiego-2021-22\/inaugracja1\/\" class=\"wp-image-2437\" srcset=\"https:\/\/m8.mech.pk.edu.pl\/wp-content\/uploads\/2021\/10\/inaugracja1.jpg 1000w, https:\/\/m8.mech.pk.edu.pl\/wp-content\/uploads\/2021\/10\/inaugracja1-300x225.jpg 300w, https:\/\/m8.mech.pk.edu.pl\/wp-content\/uploads\/2021\/10\/inaugracja1-768x576.jpg 768w\" sizes=\"auto, (max-width: 1000px) 100vw, 1000px\" \/><\/a><\/figure><\/li><li class=\"blocks-gallery-item\"><figure><a href=\"https:\/\/m8.mech.pk.edu.pl\/wp-content\/uploads\/2021\/10\/Resized_20211001_145651.jpeg\"><img loading=\"lazy\" decoding=\"async\" width=\"576\" height=\"1024\" src=\"https:\/\/m8.mech.pk.edu.pl\/wp-content\/uploads\/2021\/10\/Resized_20211001_145651-576x1024.jpeg\" alt=\"\" data-id=\"2442\" data-full-url=\"https:\/\/m8.mech.pk.edu.pl\/wp-content\/uploads\/2021\/10\/Resized_20211001_145651.jpeg\" data-link=\"https:\/\/m8.mech.pk.edu.pl\/index.php\/2021\/10\/01\/inauguracja-roku-akademickiego-2021-22\/resized_20211001_145651\/\" class=\"wp-image-2442\" srcset=\"https:\/\/m8.mech.pk.edu.pl\/wp-content\/uploads\/2021\/10\/Resized_20211001_145651-576x1024.jpeg 576w, https:\/\/m8.mech.pk.edu.pl\/wp-content\/uploads\/2021\/10\/Resized_20211001_145651-169x300.jpeg 169w, https:\/\/m8.mech.pk.edu.pl\/wp-content\/uploads\/2021\/10\/Resized_20211001_145651-768x1365.jpeg 768w, https:\/\/m8.mech.pk.edu.pl\/wp-content\/uploads\/2021\/10\/Resized_20211001_145651-864x1536.jpeg 864w, https:\/\/m8.mech.pk.edu.pl\/wp-content\/uploads\/2021\/10\/Resized_20211001_145651-1152x2048.jpeg 1152w, https:\/\/m8.mech.pk.edu.pl\/wp-content\/uploads\/2021\/10\/Resized_20211001_145651.jpeg 1200w\" sizes=\"auto, (max-width: 576px) 100vw, 576px\" \/><\/a><\/figure><\/li><li class=\"blocks-gallery-item\"><figure><a href=\"https:\/\/m8.mech.pk.edu.pl\/wp-content\/uploads\/2021\/10\/inauguracja4-scaled.jpg\"><img loading=\"lazy\" decoding=\"async\" width=\"721\" height=\"1024\" src=\"https:\/\/m8.mech.pk.edu.pl\/wp-content\/uploads\/2021\/10\/inauguracja4-721x1024.jpg\" alt=\"\" data-id=\"2441\" data-full-url=\"https:\/\/m8.mech.pk.edu.pl\/wp-content\/uploads\/2021\/10\/inauguracja4-scaled.jpg\" data-link=\"https:\/\/m8.mech.pk.edu.pl\/index.php\/2021\/10\/01\/inauguracja-roku-akademickiego-2021-22\/inauguracja4\/\" class=\"wp-image-2441\" srcset=\"https:\/\/m8.mech.pk.edu.pl\/wp-content\/uploads\/2021\/10\/inauguracja4-721x1024.jpg 721w, https:\/\/m8.mech.pk.edu.pl\/wp-content\/uploads\/2021\/10\/inauguracja4-211x300.jpg 211w, https:\/\/m8.mech.pk.edu.pl\/wp-content\/uploads\/2021\/10\/inauguracja4-768x1091.jpg 768w, https:\/\/m8.mech.pk.edu.pl\/wp-content\/uploads\/2021\/10\/inauguracja4-1081x1536.jpg 1081w, https:\/\/m8.mech.pk.edu.pl\/wp-content\/uploads\/2021\/10\/inauguracja4-1442x2048.jpg 1442w, https:\/\/m8.mech.pk.edu.pl\/wp-content\/uploads\/2021\/10\/inauguracja4-scaled.jpg 1802w\" sizes=\"auto, (max-width: 721px) 100vw, 721px\" \/><\/a><\/figure><\/li><li class=\"blocks-gallery-item\"><figure><a href=\"https:\/\/m8.mech.pk.edu.pl\/wp-content\/uploads\/2021\/10\/inauguracja3-scaled.jpg\"><img loading=\"lazy\" decoding=\"async\" width=\"725\" height=\"1024\" src=\"https:\/\/m8.mech.pk.edu.pl\/wp-content\/uploads\/2021\/10\/inauguracja3-725x1024.jpg\" alt=\"\" data-id=\"2440\" data-full-url=\"https:\/\/m8.mech.pk.edu.pl\/wp-content\/uploads\/2021\/10\/inauguracja3-scaled.jpg\" data-link=\"https:\/\/m8.mech.pk.edu.pl\/index.php\/2021\/10\/01\/inauguracja-roku-akademickiego-2021-22\/inauguracja3\/\" class=\"wp-image-2440\" srcset=\"https:\/\/m8.mech.pk.edu.pl\/wp-content\/uploads\/2021\/10\/inauguracja3-725x1024.jpg 725w, https:\/\/m8.mech.pk.edu.pl\/wp-content\/uploads\/2021\/10\/inauguracja3-212x300.jpg 212w, https:\/\/m8.mech.pk.edu.pl\/wp-content\/uploads\/2021\/10\/inauguracja3-768x1085.jpg 768w, https:\/\/m8.mech.pk.edu.pl\/wp-content\/uploads\/2021\/10\/inauguracja3-1087x1536.jpg 1087w, https:\/\/m8.mech.pk.edu.pl\/wp-content\/uploads\/2021\/10\/inauguracja3-1449x2048.jpg 1449w, https:\/\/m8.mech.pk.edu.pl\/wp-content\/uploads\/2021\/10\/inauguracja3-scaled.jpg 1812w\" sizes=\"auto, (max-width: 725px) 100vw, 725px\" \/><\/a><\/figure><\/li><li class=\"blocks-gallery-item\"><figure><a href=\"https:\/\/m8.mech.pk.edu.pl\/wp-content\/uploads\/2021\/10\/inauguracja5.jpg\"><img loading=\"lazy\" decoding=\"async\" width=\"1024\" height=\"638\" src=\"https:\/\/m8.mech.pk.edu.pl\/wp-content\/uploads\/2021\/10\/inauguracja5-1024x638.jpg\" alt=\"\" data-id=\"2443\" data-full-url=\"https:\/\/m8.mech.pk.edu.pl\/wp-content\/uploads\/2021\/10\/inauguracja5.jpg\" data-link=\"https:\/\/m8.mech.pk.edu.pl\/index.php\/2021\/10\/01\/inauguracja-roku-akademickiego-2021-22\/inauguracja5\/\" class=\"wp-image-2443\" srcset=\"https:\/\/m8.mech.pk.edu.pl\/wp-content\/uploads\/2021\/10\/inauguracja5-1024x638.jpg 1024w, https:\/\/m8.mech.pk.edu.pl\/wp-content\/uploads\/2021\/10\/inauguracja5-300x187.jpg 300w, https:\/\/m8.mech.pk.edu.pl\/wp-content\/uploads\/2021\/10\/inauguracja5-768x479.jpg 768w, https:\/\/m8.mech.pk.edu.pl\/wp-content\/uploads\/2021\/10\/inauguracja5-1536x958.jpg 1536w, https:\/\/m8.mech.pk.edu.pl\/wp-content\/uploads\/2021\/10\/inauguracja5-2048x1277.jpg 2048w\" sizes=\"auto, (max-width: 1024px) 100vw, 1024px\" \/><\/a><\/figure><\/li><\/ul><\/figure>\n","protected":false},"excerpt":{"rendered":"<p>1 pa\u017adziernika 2021 roku odby\u0142a si\u0119 inauguracja roku akademickiego 2021\/2022 na Wydziale Mechanicznym PK. Podczas uroczysto\u015bci wyk\u0142ad inauguracyjny poprowadzi\u0142 dr Maciej G\u00f3rowski z naszej Katedry &#8211; laureat nagrody studenckiego plebiscytu na najlepszego e-dydaktyka w kategorii wyk\u0142ady. Podczas uroczysto\u015bci zosta\u0142y r\u00f3wnie\u017c wr\u0119czone nagrody Uczelnianej Sesji K\u00f3\u0142 Naukowych. Nagrod\u0119 za II miejsce odebra\u0142y przedstawicielki Ko\u0142a Naukowego &#8222;TRANSPORT&#8221; [&hellip;]<\/p>\n","protected":false},"author":5,"featured_media":2443,"comment_status":"closed","ping_status":"open","sticky":false,"template":"","format":"standard","meta":{"footnotes":""},"categories":[1],"tags":[],"class_list":["post-2436","post","type-post","status-publish","format-standard","has-post-thumbnail","hentry","category-bez-kategorii"],"yoast_head":"<!-- This site is optimized with the Yoast SEO plugin v27.5 - https:\/\/yoast.com\/product\/yoast-seo-wordpress\/ -->\n<title>Inauguracja roku akademickiego 2021\/22 - Katedra Pojazd\u00f3w Szynowych i Transportu<\/title>\n<meta name=\"robots\" content=\"index, follow, max-snippet:-1, max-image-preview:large, max-video-preview:-1\" \/>\n<link rel=\"canonical\" href=\"https:\/\/m8.mech.pk.edu.pl\/index.php\/2021\/10\/01\/inauguracja-roku-akademickiego-2021-22\/\" \/>\n<meta property=\"og:locale\" content=\"pl_PL\" \/>\n<meta property=\"og:type\" content=\"article\" \/>\n<meta property=\"og:title\" content=\"Inauguracja roku akademickiego 2021\/22 - Katedra Pojazd\u00f3w Szynowych i Transportu\" \/>\n<meta property=\"og:description\" content=\"1 pa\u017adziernika 2021 roku odby\u0142a si\u0119 inauguracja roku akademickiego 2021\/2022 na Wydziale Mechanicznym PK. Podczas uroczysto\u015bci wyk\u0142ad inauguracyjny poprowadzi\u0142 dr Maciej G\u00f3rowski z naszej Katedry &#8211; laureat nagrody studenckiego plebiscytu na najlepszego e-dydaktyka w kategorii wyk\u0142ady. Podczas uroczysto\u015bci zosta\u0142y r\u00f3wnie\u017c wr\u0119czone nagrody Uczelnianej Sesji K\u00f3\u0142 Naukowych. Nagrod\u0119 za II miejsce odebra\u0142y przedstawicielki Ko\u0142a Naukowego &#8222;TRANSPORT&#8221; [&hellip;]\" \/>\n<meta property=\"og:url\" content=\"https:\/\/m8.mech.pk.edu.pl\/index.php\/2021\/10\/01\/inauguracja-roku-akademickiego-2021-22\/\" \/>\n<meta property=\"og:site_name\" content=\"Katedra Pojazd\u00f3w Szynowych i Transportu\" \/>\n<meta property=\"article:publisher\" content=\"https:\/\/facebook.com\/KPSzTPK\" \/>\n<meta property=\"article:published_time\" content=\"2021-10-01T20:00:13+00:00\" \/>\n<meta property=\"article:modified_time\" content=\"2021-10-01T20:07:39+00:00\" \/>\n<meta property=\"og:image\" content=\"https:\/\/m8.mech.pk.edu.pl\/wp-content\/uploads\/2021\/10\/inauguracja5.jpg\" \/>\n\t<meta property=\"og:image:width\" content=\"2310\" \/>\n\t<meta property=\"og:image:height\" content=\"1440\" \/>\n\t<meta property=\"og:image:type\" content=\"image\/jpeg\" \/>\n<meta name=\"author\" content=\"Maciej\" \/>\n<meta name=\"twitter:card\" content=\"summary_large_image\" \/>\n<meta name=\"twitter:label1\" content=\"Napisane przez\" \/>\n\t<meta name=\"twitter:data1\" content=\"Maciej\" \/>\n\t<meta name=\"twitter:label2\" content=\"Szacowany czas czytania\" \/>\n\t<meta name=\"twitter:data2\" content=\"2 minuty\" \/>\n<script type=\"application\/ld+json\" class=\"yoast-schema-graph\">{\"@context\":\"https:\\\/\\\/schema.org\",\"@graph\":[{\"@type\":\"Article\",\"@id\":\"https:\\\/\\\/m8.mech.pk.edu.pl\\\/index.php\\\/2021\\\/10\\\/01\\\/inauguracja-roku-akademickiego-2021-22\\\/#article\",\"isPartOf\":{\"@id\":\"https:\\\/\\\/m8.mech.pk.edu.pl\\\/index.php\\\/2021\\\/10\\\/01\\\/inauguracja-roku-akademickiego-2021-22\\\/\"},\"author\":{\"name\":\"Maciej\",\"@id\":\"https:\\\/\\\/m8.mech.pk.edu.pl\\\/#\\\/schema\\\/person\\\/d8f6c9a11add49a79e366c6d4261d14e\"},\"headline\":\"Inauguracja roku akademickiego 2021\\\/22\",\"datePublished\":\"2021-10-01T20:00:13+00:00\",\"dateModified\":\"2021-10-01T20:07:39+00:00\",\"mainEntityOfPage\":{\"@id\":\"https:\\\/\\\/m8.mech.pk.edu.pl\\\/index.php\\\/2021\\\/10\\\/01\\\/inauguracja-roku-akademickiego-2021-22\\\/\"},\"wordCount\":108,\"publisher\":{\"@id\":\"https:\\\/\\\/m8.mech.pk.edu.pl\\\/#organization\"},\"image\":{\"@id\":\"https:\\\/\\\/m8.mech.pk.edu.pl\\\/index.php\\\/2021\\\/10\\\/01\\\/inauguracja-roku-akademickiego-2021-22\\\/#primaryimage\"},\"thumbnailUrl\":\"https:\\\/\\\/m8.mech.pk.edu.pl\\\/wp-content\\\/uploads\\\/2021\\\/10\\\/inauguracja5.jpg\",\"inLanguage\":\"pl-PL\"},{\"@type\":\"WebPage\",\"@id\":\"https:\\\/\\\/m8.mech.pk.edu.pl\\\/index.php\\\/2021\\\/10\\\/01\\\/inauguracja-roku-akademickiego-2021-22\\\/\",\"url\":\"https:\\\/\\\/m8.mech.pk.edu.pl\\\/index.php\\\/2021\\\/10\\\/01\\\/inauguracja-roku-akademickiego-2021-22\\\/\",\"name\":\"Inauguracja roku akademickiego 2021\\\/22 - Katedra Pojazd\u00f3w Szynowych i Transportu\",\"isPartOf\":{\"@id\":\"https:\\\/\\\/m8.mech.pk.edu.pl\\\/#website\"},\"primaryImageOfPage\":{\"@id\":\"https:\\\/\\\/m8.mech.pk.edu.pl\\\/index.php\\\/2021\\\/10\\\/01\\\/inauguracja-roku-akademickiego-2021-22\\\/#primaryimage\"},\"image\":{\"@id\":\"https:\\\/\\\/m8.mech.pk.edu.pl\\\/index.php\\\/2021\\\/10\\\/01\\\/inauguracja-roku-akademickiego-2021-22\\\/#primaryimage\"},\"thumbnailUrl\":\"https:\\\/\\\/m8.mech.pk.edu.pl\\\/wp-content\\\/uploads\\\/2021\\\/10\\\/inauguracja5.jpg\",\"datePublished\":\"2021-10-01T20:00:13+00:00\",\"dateModified\":\"2021-10-01T20:07:39+00:00\",\"breadcrumb\":{\"@id\":\"https:\\\/\\\/m8.mech.pk.edu.pl\\\/index.php\\\/2021\\\/10\\\/01\\\/inauguracja-roku-akademickiego-2021-22\\\/#breadcrumb\"},\"inLanguage\":\"pl-PL\",\"potentialAction\":[{\"@type\":\"ReadAction\",\"target\":[\"https:\\\/\\\/m8.mech.pk.edu.pl\\\/index.php\\\/2021\\\/10\\\/01\\\/inauguracja-roku-akademickiego-2021-22\\\/\"]}]},{\"@type\":\"ImageObject\",\"inLanguage\":\"pl-PL\",\"@id\":\"https:\\\/\\\/m8.mech.pk.edu.pl\\\/index.php\\\/2021\\\/10\\\/01\\\/inauguracja-roku-akademickiego-2021-22\\\/#primaryimage\",\"url\":\"https:\\\/\\\/m8.mech.pk.edu.pl\\\/wp-content\\\/uploads\\\/2021\\\/10\\\/inauguracja5.jpg\",\"contentUrl\":\"https:\\\/\\\/m8.mech.pk.edu.pl\\\/wp-content\\\/uploads\\\/2021\\\/10\\\/inauguracja5.jpg\",\"width\":2310,\"height\":1440},{\"@type\":\"BreadcrumbList\",\"@id\":\"https:\\\/\\\/m8.mech.pk.edu.pl\\\/index.php\\\/2021\\\/10\\\/01\\\/inauguracja-roku-akademickiego-2021-22\\\/#breadcrumb\",\"itemListElement\":[{\"@type\":\"ListItem\",\"position\":1,\"name\":\"Strona g\u0142\u00f3wna\",\"item\":\"https:\\\/\\\/m8.mech.pk.edu.pl\\\/\"},{\"@type\":\"ListItem\",\"position\":2,\"name\":\"Inauguracja roku akademickiego 2021\\\/22\"}]},{\"@type\":\"WebSite\",\"@id\":\"https:\\\/\\\/m8.mech.pk.edu.pl\\\/#website\",\"url\":\"https:\\\/\\\/m8.mech.pk.edu.pl\\\/\",\"name\":\"Katedra Pojazd\u00f3w Szynowych i Transportu\",\"description\":\"Katedra Pojazd\u00f3w Szynowych i Transportu Politechniki Krakowskiej na Wydziale Mechanicznym\",\"publisher\":{\"@id\":\"https:\\\/\\\/m8.mech.pk.edu.pl\\\/#organization\"},\"potentialAction\":[{\"@type\":\"SearchAction\",\"target\":{\"@type\":\"EntryPoint\",\"urlTemplate\":\"https:\\\/\\\/m8.mech.pk.edu.pl\\\/?s={search_term_string}\"},\"query-input\":{\"@type\":\"PropertyValueSpecification\",\"valueRequired\":true,\"valueName\":\"search_term_string\"}}],\"inLanguage\":\"pl-PL\"},{\"@type\":\"Organization\",\"@id\":\"https:\\\/\\\/m8.mech.pk.edu.pl\\\/#organization\",\"name\":\"Katedra Pojazd\u00f3w Szynowych\",\"url\":\"https:\\\/\\\/m8.mech.pk.edu.pl\\\/\",\"logo\":{\"@type\":\"ImageObject\",\"inLanguage\":\"pl-PL\",\"@id\":\"https:\\\/\\\/m8.mech.pk.edu.pl\\\/#\\\/schema\\\/logo\\\/image\\\/\",\"url\":\"https:\\\/\\\/m8.mech.pk.edu.pl\\\/wp-content\\\/uploads\\\/2021\\\/01\\\/logo-mail-kpsit.png\",\"contentUrl\":\"https:\\\/\\\/m8.mech.pk.edu.pl\\\/wp-content\\\/uploads\\\/2021\\\/01\\\/logo-mail-kpsit.png\",\"width\":300,\"height\":119,\"caption\":\"Katedra Pojazd\u00f3w Szynowych\"},\"image\":{\"@id\":\"https:\\\/\\\/m8.mech.pk.edu.pl\\\/#\\\/schema\\\/logo\\\/image\\\/\"},\"sameAs\":[\"https:\\\/\\\/facebook.com\\\/KPSzTPK\",\"https:\\\/\\\/www.youtube.com\\\/channel\\\/UCen3PQ3fl3ry92o_lHkyVaQ\"]},{\"@type\":\"Person\",\"@id\":\"https:\\\/\\\/m8.mech.pk.edu.pl\\\/#\\\/schema\\\/person\\\/d8f6c9a11add49a79e366c6d4261d14e\",\"name\":\"Maciej\",\"image\":{\"@type\":\"ImageObject\",\"inLanguage\":\"pl-PL\",\"@id\":\"https:\\\/\\\/secure.gravatar.com\\\/avatar\\\/5a17b3a5a44d4dca9d48ed0eccafb488c6c54063f627f848184a92807a97590b?s=96&d=mm&r=g\",\"url\":\"https:\\\/\\\/secure.gravatar.com\\\/avatar\\\/5a17b3a5a44d4dca9d48ed0eccafb488c6c54063f627f848184a92807a97590b?s=96&d=mm&r=g\",\"contentUrl\":\"https:\\\/\\\/secure.gravatar.com\\\/avatar\\\/5a17b3a5a44d4dca9d48ed0eccafb488c6c54063f627f848184a92807a97590b?s=96&d=mm&r=g\",\"caption\":\"Maciej\"}}]}<\/script>\n<!-- \/ Yoast SEO plugin. -->","yoast_head_json":{"title":"Inauguracja roku akademickiego 2021\/22 - Katedra Pojazd\u00f3w Szynowych i Transportu","robots":{"index":"index","follow":"follow","max-snippet":"max-snippet:-1","max-image-preview":"max-image-preview:large","max-video-preview":"max-video-preview:-1"},"canonical":"https:\/\/m8.mech.pk.edu.pl\/index.php\/2021\/10\/01\/inauguracja-roku-akademickiego-2021-22\/","og_locale":"pl_PL","og_type":"article","og_title":"Inauguracja roku akademickiego 2021\/22 - Katedra Pojazd\u00f3w Szynowych i Transportu","og_description":"1 pa\u017adziernika 2021 roku odby\u0142a si\u0119 inauguracja roku akademickiego 2021\/2022 na Wydziale Mechanicznym PK. Podczas uroczysto\u015bci wyk\u0142ad inauguracyjny poprowadzi\u0142 dr Maciej G\u00f3rowski z naszej Katedry &#8211; laureat nagrody studenckiego plebiscytu na najlepszego e-dydaktyka w kategorii wyk\u0142ady. Podczas uroczysto\u015bci zosta\u0142y r\u00f3wnie\u017c wr\u0119czone nagrody Uczelnianej Sesji K\u00f3\u0142 Naukowych. Nagrod\u0119 za II miejsce odebra\u0142y przedstawicielki Ko\u0142a Naukowego &#8222;TRANSPORT&#8221; [&hellip;]","og_url":"https:\/\/m8.mech.pk.edu.pl\/index.php\/2021\/10\/01\/inauguracja-roku-akademickiego-2021-22\/","og_site_name":"Katedra Pojazd\u00f3w Szynowych i Transportu","article_publisher":"https:\/\/facebook.com\/KPSzTPK","article_published_time":"2021-10-01T20:00:13+00:00","article_modified_time":"2021-10-01T20:07:39+00:00","og_image":[{"width":2310,"height":1440,"url":"https:\/\/m8.mech.pk.edu.pl\/wp-content\/uploads\/2021\/10\/inauguracja5.jpg","type":"image\/jpeg"}],"author":"Maciej","twitter_card":"summary_large_image","twitter_misc":{"Napisane przez":"Maciej","Szacowany czas czytania":"2 minuty"},"schema":{"@context":"https:\/\/schema.org","@graph":[{"@type":"Article","@id":"https:\/\/m8.mech.pk.edu.pl\/index.php\/2021\/10\/01\/inauguracja-roku-akademickiego-2021-22\/#article","isPartOf":{"@id":"https:\/\/m8.mech.pk.edu.pl\/index.php\/2021\/10\/01\/inauguracja-roku-akademickiego-2021-22\/"},"author":{"name":"Maciej","@id":"https:\/\/m8.mech.pk.edu.pl\/#\/schema\/person\/d8f6c9a11add49a79e366c6d4261d14e"},"headline":"Inauguracja roku akademickiego 2021\/22","datePublished":"2021-10-01T20:00:13+00:00","dateModified":"2021-10-01T20:07:39+00:00","mainEntityOfPage":{"@id":"https:\/\/m8.mech.pk.edu.pl\/index.php\/2021\/10\/01\/inauguracja-roku-akademickiego-2021-22\/"},"wordCount":108,"publisher":{"@id":"https:\/\/m8.mech.pk.edu.pl\/#organization"},"image":{"@id":"https:\/\/m8.mech.pk.edu.pl\/index.php\/2021\/10\/01\/inauguracja-roku-akademickiego-2021-22\/#primaryimage"},"thumbnailUrl":"https:\/\/m8.mech.pk.edu.pl\/wp-content\/uploads\/2021\/10\/inauguracja5.jpg","inLanguage":"pl-PL"},{"@type":"WebPage","@id":"https:\/\/m8.mech.pk.edu.pl\/index.php\/2021\/10\/01\/inauguracja-roku-akademickiego-2021-22\/","url":"https:\/\/m8.mech.pk.edu.pl\/index.php\/2021\/10\/01\/inauguracja-roku-akademickiego-2021-22\/","name":"Inauguracja roku akademickiego 2021\/22 - Katedra Pojazd\u00f3w Szynowych i Transportu","isPartOf":{"@id":"https:\/\/m8.mech.pk.edu.pl\/#website"},"primaryImageOfPage":{"@id":"https:\/\/m8.mech.pk.edu.pl\/index.php\/2021\/10\/01\/inauguracja-roku-akademickiego-2021-22\/#primaryimage"},"image":{"@id":"https:\/\/m8.mech.pk.edu.pl\/index.php\/2021\/10\/01\/inauguracja-roku-akademickiego-2021-22\/#primaryimage"},"thumbnailUrl":"https:\/\/m8.mech.pk.edu.pl\/wp-content\/uploads\/2021\/10\/inauguracja5.jpg","datePublished":"2021-10-01T20:00:13+00:00","dateModified":"2021-10-01T20:07:39+00:00","breadcrumb":{"@id":"https:\/\/m8.mech.pk.edu.pl\/index.php\/2021\/10\/01\/inauguracja-roku-akademickiego-2021-22\/#breadcrumb"},"inLanguage":"pl-PL","potentialAction":[{"@type":"ReadAction","target":["https:\/\/m8.mech.pk.edu.pl\/index.php\/2021\/10\/01\/inauguracja-roku-akademickiego-2021-22\/"]}]},{"@type":"ImageObject","inLanguage":"pl-PL","@id":"https:\/\/m8.mech.pk.edu.pl\/index.php\/2021\/10\/01\/inauguracja-roku-akademickiego-2021-22\/#primaryimage","url":"https:\/\/m8.mech.pk.edu.pl\/wp-content\/uploads\/2021\/10\/inauguracja5.jpg","contentUrl":"https:\/\/m8.mech.pk.edu.pl\/wp-content\/uploads\/2021\/10\/inauguracja5.jpg","width":2310,"height":1440},{"@type":"BreadcrumbList","@id":"https:\/\/m8.mech.pk.edu.pl\/index.php\/2021\/10\/01\/inauguracja-roku-akademickiego-2021-22\/#breadcrumb","itemListElement":[{"@type":"ListItem","position":1,"name":"Strona g\u0142\u00f3wna","item":"https:\/\/m8.mech.pk.edu.pl\/"},{"@type":"ListItem","position":2,"name":"Inauguracja roku akademickiego 2021\/22"}]},{"@type":"WebSite","@id":"https:\/\/m8.mech.pk.edu.pl\/#website","url":"https:\/\/m8.mech.pk.edu.pl\/","name":"Katedra Pojazd\u00f3w Szynowych i Transportu","description":"Katedra Pojazd\u00f3w Szynowych i Transportu Politechniki Krakowskiej na Wydziale Mechanicznym","publisher":{"@id":"https:\/\/m8.mech.pk.edu.pl\/#organization"},"potentialAction":[{"@type":"SearchAction","target":{"@type":"EntryPoint","urlTemplate":"https:\/\/m8.mech.pk.edu.pl\/?s={search_term_string}"},"query-input":{"@type":"PropertyValueSpecification","valueRequired":true,"valueName":"search_term_string"}}],"inLanguage":"pl-PL"},{"@type":"Organization","@id":"https:\/\/m8.mech.pk.edu.pl\/#organization","name":"Katedra Pojazd\u00f3w Szynowych","url":"https:\/\/m8.mech.pk.edu.pl\/","logo":{"@type":"ImageObject","inLanguage":"pl-PL","@id":"https:\/\/m8.mech.pk.edu.pl\/#\/schema\/logo\/image\/","url":"https:\/\/m8.mech.pk.edu.pl\/wp-content\/uploads\/2021\/01\/logo-mail-kpsit.png","contentUrl":"https:\/\/m8.mech.pk.edu.pl\/wp-content\/uploads\/2021\/01\/logo-mail-kpsit.png","width":300,"height":119,"caption":"Katedra Pojazd\u00f3w Szynowych"},"image":{"@id":"https:\/\/m8.mech.pk.edu.pl\/#\/schema\/logo\/image\/"},"sameAs":["https:\/\/facebook.com\/KPSzTPK","https:\/\/www.youtube.com\/channel\/UCen3PQ3fl3ry92o_lHkyVaQ"]},{"@type":"Person","@id":"https:\/\/m8.mech.pk.edu.pl\/#\/schema\/person\/d8f6c9a11add49a79e366c6d4261d14e","name":"Maciej","image":{"@type":"ImageObject","inLanguage":"pl-PL","@id":"https:\/\/secure.gravatar.com\/avatar\/5a17b3a5a44d4dca9d48ed0eccafb488c6c54063f627f848184a92807a97590b?s=96&d=mm&r=g","url":"https:\/\/secure.gravatar.com\/avatar\/5a17b3a5a44d4dca9d48ed0eccafb488c6c54063f627f848184a92807a97590b?s=96&d=mm&r=g","contentUrl":"https:\/\/secure.gravatar.com\/avatar\/5a17b3a5a44d4dca9d48ed0eccafb488c6c54063f627f848184a92807a97590b?s=96&d=mm&r=g","caption":"Maciej"}}]}},"_links":{"self":[{"href":"https:\/\/m8.mech.pk.edu.pl\/index.php\/wp-json\/wp\/v2\/posts\/2436","targetHints":{"allow":["GET"]}}],"collection":[{"href":"https:\/\/m8.mech.pk.edu.pl\/index.php\/wp-json\/wp\/v2\/posts"}],"about":[{"href":"https:\/\/m8.mech.pk.edu.pl\/index.php\/wp-json\/wp\/v2\/types\/post"}],"author":[{"embeddable":true,"href":"https:\/\/m8.mech.pk.edu.pl\/index.php\/wp-json\/wp\/v2\/users\/5"}],"replies":[{"embeddable":true,"href":"https:\/\/m8.mech.pk.edu.pl\/index.php\/wp-json\/wp\/v2\/comments?post=2436"}],"version-history":[{"count":12,"href":"https:\/\/m8.mech.pk.edu.pl\/index.php\/wp-json\/wp\/v2\/posts\/2436\/revisions"}],"predecessor-version":[{"id":2457,"href":"https:\/\/m8.mech.pk.edu.pl\/index.php\/wp-json\/wp\/v2\/posts\/2436\/revisions\/2457"}],"wp:featuredmedia":[{"embeddable":true,"href":"https:\/\/m8.mech.pk.edu.pl\/index.php\/wp-json\/wp\/v2\/media\/2443"}],"wp:attachment":[{"href":"https:\/\/m8.mech.pk.edu.pl\/index.php\/wp-json\/wp\/v2\/media?parent=2436"}],"wp:term":[{"taxonomy":"category","embeddable":true,"href":"https:\/\/m8.mech.pk.edu.pl\/index.php\/wp-json\/wp\/v2\/categories?post=2436"},{"taxonomy":"post_tag","embeddable":true,"href":"https:\/\/m8.mech.pk.edu.pl\/index.php\/wp-json\/wp\/v2\/tags?post=2436"}],"curies":[{"name":"wp","href":"https:\/\/api.w.org\/{rel}","templated":true}]}}