{"id":2347,"date":"2021-09-17T12:18:01","date_gmt":"2021-09-17T10:18:01","guid":{"rendered":"https:\/\/m8.mech.pk.edu.pl\/?p=2347"},"modified":"2021-09-17T12:22:26","modified_gmt":"2021-09-17T10:22:26","slug":"xxiv-konferencja-naukowa-pojazdy-szynowe-2","status":"publish","type":"post","link":"https:\/\/m8.mech.pk.edu.pl\/index.php\/2021\/09\/17\/xxiv-konferencja-naukowa-pojazdy-szynowe-2\/","title":{"rendered":"XXIV Konferencja Naukowa &#8222;POJAZDY SZYNOWE&#8221;"},"content":{"rendered":"\n<p>XXIV edycja Konferencji Naukowej &#8222;POJAZDY SZYNOWE&#8221; jest ju\u017c za nami.<\/p>\n\n\n\n<p>W dniach 12-15 wrze\u015bnia 2021 r. w Hotelu Ar\u0142am\u00f3w odby\u0142a si\u0119 XXIV Konferencja Naukowa POJAZDY SZYNOWE zorganizowana przez Katedr\u0119 Pojazd\u00f3w Szynowych i Transportu Politechniki Krakowskiej przy wsp\u00f3\u0142pracy z NEWAG S.A. Konferencja zosta\u0142a obj\u0119ta patronatem przez JM Rektora Politechniki Krakowskiej prof. dr hab. in\u017c. arch. Andrzeja Bia\u0142kiewicza i Dziekana Wydzia\u0142u Mechanicznego Politechniki Krakowskiej prof. dr hab. in\u017c. Jerzego S\u0142adka, jak r\u00f3wnie\u017c przez Ministerstwo Infrastruktury oraz Prezesa Urz\u0119du Transportu Kolejowego. W Konferencji uczestniczyli przedstawiciele najwy\u017cszych jednostek administracji pa\u0144stwowej zwi\u0105zanych z transportem kolejowym, uczelni wy\u017cszych, producent\u00f3w, przewo\u017anik\u00f3w kolejowych oraz wybitnych o\u015brodk\u00f3w badawczych z Polski i z zagranicy.<\/p>\n\n\n\n<p><\/p>\n\n\n\n<!--more-->\n\n\n\n<div style=\"height:10px\" aria-hidden=\"true\" class=\"wp-block-spacer\"><\/div>\n\n\n\n<figure class=\"wp-block-gallery columns-3 is-cropped wp-block-gallery-1 is-layout-flex wp-block-gallery-is-layout-flex\"><ul class=\"blocks-gallery-grid\"><li class=\"blocks-gallery-item\"><figure><img loading=\"lazy\" decoding=\"async\" width=\"1024\" height=\"640\" src=\"https:\/\/m8.mech.pk.edu.pl\/wp-content\/uploads\/2021\/09\/DSC03174-1024x640.jpg\" alt=\"\" data-id=\"2350\" data-full-url=\"https:\/\/m8.mech.pk.edu.pl\/wp-content\/uploads\/2021\/09\/DSC03174.jpg\" data-link=\"https:\/\/m8.mech.pk.edu.pl\/?attachment_id=2350\" class=\"wp-image-2350\" srcset=\"https:\/\/m8.mech.pk.edu.pl\/wp-content\/uploads\/2021\/09\/DSC03174-1024x640.jpg 1024w, https:\/\/m8.mech.pk.edu.pl\/wp-content\/uploads\/2021\/09\/DSC03174-300x187.jpg 300w, https:\/\/m8.mech.pk.edu.pl\/wp-content\/uploads\/2021\/09\/DSC03174-768x480.jpg 768w, https:\/\/m8.mech.pk.edu.pl\/wp-content\/uploads\/2021\/09\/DSC03174-1536x960.jpg 1536w, https:\/\/m8.mech.pk.edu.pl\/wp-content\/uploads\/2021\/09\/DSC03174-2048x1280.jpg 2048w\" sizes=\"auto, (max-width: 1024px) 100vw, 1024px\" \/><\/figure><\/li><li class=\"blocks-gallery-item\"><figure><img loading=\"lazy\" decoding=\"async\" width=\"1024\" height=\"640\" src=\"https:\/\/m8.mech.pk.edu.pl\/wp-content\/uploads\/2021\/09\/DSC03169-1024x640.jpg\" alt=\"\" data-id=\"2324\" data-full-url=\"https:\/\/m8.mech.pk.edu.pl\/wp-content\/uploads\/2021\/09\/DSC03169.jpg\" data-link=\"https:\/\/m8.mech.pk.edu.pl\/dsc03169\/\" class=\"wp-image-2324\" srcset=\"https:\/\/m8.mech.pk.edu.pl\/wp-content\/uploads\/2021\/09\/DSC03169-1024x640.jpg 1024w, https:\/\/m8.mech.pk.edu.pl\/wp-content\/uploads\/2021\/09\/DSC03169-300x188.jpg 300w, https:\/\/m8.mech.pk.edu.pl\/wp-content\/uploads\/2021\/09\/DSC03169-768x480.jpg 768w, https:\/\/m8.mech.pk.edu.pl\/wp-content\/uploads\/2021\/09\/DSC03169-1536x960.jpg 1536w, https:\/\/m8.mech.pk.edu.pl\/wp-content\/uploads\/2021\/09\/DSC03169-2048x1280.jpg 2048w\" sizes=\"auto, (max-width: 1024px) 100vw, 1024px\" \/><\/figure><\/li><li class=\"blocks-gallery-item\"><figure><img loading=\"lazy\" decoding=\"async\" width=\"1024\" height=\"640\" src=\"https:\/\/m8.mech.pk.edu.pl\/wp-content\/uploads\/2021\/09\/DSC03171-1024x640.jpg\" alt=\"\" data-id=\"2322\" data-full-url=\"https:\/\/m8.mech.pk.edu.pl\/wp-content\/uploads\/2021\/09\/DSC03171.jpg\" data-link=\"https:\/\/m8.mech.pk.edu.pl\/dsc03171\/\" class=\"wp-image-2322\" srcset=\"https:\/\/m8.mech.pk.edu.pl\/wp-content\/uploads\/2021\/09\/DSC03171-1024x640.jpg 1024w, https:\/\/m8.mech.pk.edu.pl\/wp-content\/uploads\/2021\/09\/DSC03171-300x188.jpg 300w, https:\/\/m8.mech.pk.edu.pl\/wp-content\/uploads\/2021\/09\/DSC03171-768x480.jpg 768w, https:\/\/m8.mech.pk.edu.pl\/wp-content\/uploads\/2021\/09\/DSC03171-1536x960.jpg 1536w, https:\/\/m8.mech.pk.edu.pl\/wp-content\/uploads\/2021\/09\/DSC03171-2048x1280.jpg 2048w\" sizes=\"auto, (max-width: 1024px) 100vw, 1024px\" \/><\/figure><\/li><\/ul><\/figure>\n\n\n\n<p><\/p>\n\n\n\n<p>Podczas Konferencji zgromadzono grono wybitnych ekspert\u00f3w z bran\u017cy pojazd\u00f3w szynowych i transportu szynowego, kt\u00f3rzy byli prelegentami na tym wydarzeniu. Og\u00f3\u0142em w Konferencji udzia\u0142 wzi\u0119\u0142o 185 uczestnik\u00f3w stacjonarnie i 25 zdalnie. Wyg\u0142oszono 86 referat\u00f3w zaplanowanych w ramach sesji plenarnej i 12 sesji tematycznych obejmuj\u0105cych szereg zagadnie\u0144 m.in. z projektowania i budowy pojazd\u00f3w szynowych, eksploatacji technicznej, niezawodno\u015bci i bezpiecze\u0144stwa, diagnostyki, badania zespo\u0142\u00f3w i podzespo\u0142\u00f3w pojazd\u00f3w szynowych, aspekt\u00f3w prawnych, logistyki i ekologii w transporcie kolejowym, jak r\u00f3wnie\u017c innowacyjnych rozwi\u0105za\u0144 w pojazdach szynowych.<\/p>\n\n\n\n<p>Przywitanie zaproszonych go\u015bci i otwarcie Konferencji dokona\u0142 dr hab. in\u017c. Maciej Szkoda, prof. PK, Przewodnicz\u0105cy Komitetu Organizacyjnego, Kierownik Katedry Pojazd\u00f3w Szynowych i Transportu PK, a referaty podczas sesji plenarnej wyg\u0142osili:<\/p>\n\n\n\n<ol class=\"wp-block-list\" type=\"1\"><li>Andrzej Bittel, Sekretarz Stanu w Ministerstwie Infrastruktury: \u201eKoleje du\u017cych pr\u0119dko\u015bci w Polsce \u2013 szanse, mo\u017cliwo\u015bci, perspektywy\u201d;<\/li><li>dr in\u017c. Ignacy G\u00f3ra, Prezes Urz\u0119du Transportu Kolejowego: \u201eCz\u0142owiek u podstaw kultury bezpiecze\u0144stwa. Czynnik ludzki i jego wp\u0142yw na bezpiecze\u0144stwo transportu kolejowego\u201d;<\/li><li>prof. dr hab. in\u017c. Andrzej Chudzikiewicz, Uniwersytet Technologiczno-Humanistyczny<br>w Radomiu: \u201eRozwi\u0105zania uk\u0142ad\u00f3w jezdnych szybkich pojazd\u00f3w szynowych\u201d.<\/li><\/ol>\n\n\n\n<p>W\u0142adze Politechniki Krakowskiej na miejscu Konferencji reprezentowa\u0142 Prorektor ds. studenckich dr in\u017c. Marek Bauer wyg\u0142aszaj\u0105c referat: \u201eModelowanie czasu zaj\u0119cia przystank\u00f3w tramwajowych&#8221;.<\/p>\n\n\n\n<figure class=\"wp-block-gallery columns-3 is-cropped wp-block-gallery-2 is-layout-flex wp-block-gallery-is-layout-flex\"><ul class=\"blocks-gallery-grid\"><li class=\"blocks-gallery-item\"><figure><a href=\"https:\/\/m8.mech.pk.edu.pl\/wp-content\/uploads\/2021\/09\/DSC03192.jpg\"><img loading=\"lazy\" decoding=\"async\" width=\"1446\" height=\"2314\" src=\"https:\/\/m8.mech.pk.edu.pl\/wp-content\/uploads\/2021\/09\/DSC03192.jpg\" alt=\"\" data-id=\"2332\" data-link=\"https:\/\/m8.mech.pk.edu.pl\/dsc03192\/\" class=\"wp-image-2332\" srcset=\"https:\/\/m8.mech.pk.edu.pl\/wp-content\/uploads\/2021\/09\/DSC03192.jpg 1446w, https:\/\/m8.mech.pk.edu.pl\/wp-content\/uploads\/2021\/09\/DSC03192-187x300.jpg 187w, https:\/\/m8.mech.pk.edu.pl\/wp-content\/uploads\/2021\/09\/DSC03192-640x1024.jpg 640w, https:\/\/m8.mech.pk.edu.pl\/wp-content\/uploads\/2021\/09\/DSC03192-768x1229.jpg 768w, https:\/\/m8.mech.pk.edu.pl\/wp-content\/uploads\/2021\/09\/DSC03192-960x1536.jpg 960w, https:\/\/m8.mech.pk.edu.pl\/wp-content\/uploads\/2021\/09\/DSC03192-1280x2048.jpg 1280w\" sizes=\"auto, (max-width: 1446px) 100vw, 1446px\" \/><\/a><\/figure><\/li><li class=\"blocks-gallery-item\"><figure><a href=\"https:\/\/m8.mech.pk.edu.pl\/wp-content\/uploads\/2021\/09\/DSC03178.jpg\"><img loading=\"lazy\" decoding=\"async\" width=\"1372\" height=\"2196\" src=\"https:\/\/m8.mech.pk.edu.pl\/wp-content\/uploads\/2021\/09\/DSC03178.jpg\" alt=\"\" data-id=\"2362\" data-link=\"https:\/\/m8.mech.pk.edu.pl\/?attachment_id=2362\" class=\"wp-image-2362\" srcset=\"https:\/\/m8.mech.pk.edu.pl\/wp-content\/uploads\/2021\/09\/DSC03178.jpg 1372w, https:\/\/m8.mech.pk.edu.pl\/wp-content\/uploads\/2021\/09\/DSC03178-187x300.jpg 187w, https:\/\/m8.mech.pk.edu.pl\/wp-content\/uploads\/2021\/09\/DSC03178-640x1024.jpg 640w, https:\/\/m8.mech.pk.edu.pl\/wp-content\/uploads\/2021\/09\/DSC03178-768x1229.jpg 768w, https:\/\/m8.mech.pk.edu.pl\/wp-content\/uploads\/2021\/09\/DSC03178-960x1536.jpg 960w, https:\/\/m8.mech.pk.edu.pl\/wp-content\/uploads\/2021\/09\/DSC03178-1280x2048.jpg 1280w\" sizes=\"auto, (max-width: 1372px) 100vw, 1372px\" \/><\/a><\/figure><\/li><li class=\"blocks-gallery-item\"><figure><a href=\"https:\/\/m8.mech.pk.edu.pl\/wp-content\/uploads\/2021\/09\/DSC03207.jpg\"><img loading=\"lazy\" decoding=\"async\" width=\"1440\" height=\"2303\" src=\"https:\/\/m8.mech.pk.edu.pl\/wp-content\/uploads\/2021\/09\/DSC03207.jpg\" alt=\"\" data-id=\"2331\" data-link=\"https:\/\/m8.mech.pk.edu.pl\/dsc03207\/\" class=\"wp-image-2331\" srcset=\"https:\/\/m8.mech.pk.edu.pl\/wp-content\/uploads\/2021\/09\/DSC03207.jpg 1440w, https:\/\/m8.mech.pk.edu.pl\/wp-content\/uploads\/2021\/09\/DSC03207-188x300.jpg 188w, https:\/\/m8.mech.pk.edu.pl\/wp-content\/uploads\/2021\/09\/DSC03207-640x1024.jpg 640w, https:\/\/m8.mech.pk.edu.pl\/wp-content\/uploads\/2021\/09\/DSC03207-768x1228.jpg 768w, https:\/\/m8.mech.pk.edu.pl\/wp-content\/uploads\/2021\/09\/DSC03207-960x1536.jpg 960w, https:\/\/m8.mech.pk.edu.pl\/wp-content\/uploads\/2021\/09\/DSC03207-1281x2048.jpg 1281w\" sizes=\"auto, (max-width: 1440px) 100vw, 1440px\" \/><\/a><\/figure><\/li><li class=\"blocks-gallery-item\"><figure><a href=\"https:\/\/m8.mech.pk.edu.pl\/wp-content\/uploads\/2021\/09\/DSC03215_2.jpg\"><img loading=\"lazy\" decoding=\"async\" width=\"1597\" height=\"900\" src=\"https:\/\/m8.mech.pk.edu.pl\/wp-content\/uploads\/2021\/09\/DSC03215_2.jpg\" alt=\"\" data-id=\"2377\" data-full-url=\"https:\/\/m8.mech.pk.edu.pl\/wp-content\/uploads\/2021\/09\/DSC03215_2.jpg\" data-link=\"https:\/\/m8.mech.pk.edu.pl\/?attachment_id=2377\" class=\"wp-image-2377\" srcset=\"https:\/\/m8.mech.pk.edu.pl\/wp-content\/uploads\/2021\/09\/DSC03215_2.jpg 1597w, https:\/\/m8.mech.pk.edu.pl\/wp-content\/uploads\/2021\/09\/DSC03215_2-300x169.jpg 300w, https:\/\/m8.mech.pk.edu.pl\/wp-content\/uploads\/2021\/09\/DSC03215_2-1024x577.jpg 1024w, https:\/\/m8.mech.pk.edu.pl\/wp-content\/uploads\/2021\/09\/DSC03215_2-768x433.jpg 768w, https:\/\/m8.mech.pk.edu.pl\/wp-content\/uploads\/2021\/09\/DSC03215_2-1536x866.jpg 1536w\" sizes=\"auto, (max-width: 1597px) 100vw, 1597px\" \/><\/a><\/figure><\/li><li class=\"blocks-gallery-item\"><figure><a href=\"https:\/\/m8.mech.pk.edu.pl\/wp-content\/uploads\/2021\/09\/DSC03198.jpg\"><img loading=\"lazy\" decoding=\"async\" width=\"2259\" height=\"1412\" src=\"https:\/\/m8.mech.pk.edu.pl\/wp-content\/uploads\/2021\/09\/DSC03198.jpg\" alt=\"\" data-id=\"2329\" data-link=\"https:\/\/m8.mech.pk.edu.pl\/dsc03198\/\" class=\"wp-image-2329\" srcset=\"https:\/\/m8.mech.pk.edu.pl\/wp-content\/uploads\/2021\/09\/DSC03198.jpg 2259w, https:\/\/m8.mech.pk.edu.pl\/wp-content\/uploads\/2021\/09\/DSC03198-300x188.jpg 300w, https:\/\/m8.mech.pk.edu.pl\/wp-content\/uploads\/2021\/09\/DSC03198-1024x640.jpg 1024w, https:\/\/m8.mech.pk.edu.pl\/wp-content\/uploads\/2021\/09\/DSC03198-768x480.jpg 768w, https:\/\/m8.mech.pk.edu.pl\/wp-content\/uploads\/2021\/09\/DSC03198-1536x960.jpg 1536w, https:\/\/m8.mech.pk.edu.pl\/wp-content\/uploads\/2021\/09\/DSC03198-2048x1280.jpg 2048w\" sizes=\"auto, (max-width: 2259px) 100vw, 2259px\" \/><\/a><\/figure><\/li><li class=\"blocks-gallery-item\"><figure><a href=\"https:\/\/m8.mech.pk.edu.pl\/wp-content\/uploads\/2021\/09\/DSC03204.jpg\"><img loading=\"lazy\" decoding=\"async\" width=\"2339\" height=\"1462\" src=\"https:\/\/m8.mech.pk.edu.pl\/wp-content\/uploads\/2021\/09\/DSC03204.jpg\" alt=\"\" data-id=\"2330\" data-link=\"https:\/\/m8.mech.pk.edu.pl\/dsc03204\/\" class=\"wp-image-2330\" srcset=\"https:\/\/m8.mech.pk.edu.pl\/wp-content\/uploads\/2021\/09\/DSC03204.jpg 2339w, https:\/\/m8.mech.pk.edu.pl\/wp-content\/uploads\/2021\/09\/DSC03204-300x188.jpg 300w, https:\/\/m8.mech.pk.edu.pl\/wp-content\/uploads\/2021\/09\/DSC03204-1024x640.jpg 1024w, https:\/\/m8.mech.pk.edu.pl\/wp-content\/uploads\/2021\/09\/DSC03204-768x480.jpg 768w, https:\/\/m8.mech.pk.edu.pl\/wp-content\/uploads\/2021\/09\/DSC03204-1536x960.jpg 1536w, https:\/\/m8.mech.pk.edu.pl\/wp-content\/uploads\/2021\/09\/DSC03204-2048x1280.jpg 2048w\" sizes=\"auto, (max-width: 2339px) 100vw, 2339px\" \/><\/a><\/figure><\/li><li class=\"blocks-gallery-item\"><figure><a href=\"https:\/\/m8.mech.pk.edu.pl\/wp-content\/uploads\/2021\/09\/DSC03216-1.jpg\"><img loading=\"lazy\" decoding=\"async\" width=\"2406\" height=\"1504\" src=\"https:\/\/m8.mech.pk.edu.pl\/wp-content\/uploads\/2021\/09\/DSC03216-1.jpg\" alt=\"\" data-id=\"2356\" data-link=\"https:\/\/m8.mech.pk.edu.pl\/?attachment_id=2356\" class=\"wp-image-2356\" srcset=\"https:\/\/m8.mech.pk.edu.pl\/wp-content\/uploads\/2021\/09\/DSC03216-1.jpg 2406w, https:\/\/m8.mech.pk.edu.pl\/wp-content\/uploads\/2021\/09\/DSC03216-1-300x188.jpg 300w, https:\/\/m8.mech.pk.edu.pl\/wp-content\/uploads\/2021\/09\/DSC03216-1-1024x640.jpg 1024w, https:\/\/m8.mech.pk.edu.pl\/wp-content\/uploads\/2021\/09\/DSC03216-1-768x480.jpg 768w, https:\/\/m8.mech.pk.edu.pl\/wp-content\/uploads\/2021\/09\/DSC03216-1-1536x960.jpg 1536w, https:\/\/m8.mech.pk.edu.pl\/wp-content\/uploads\/2021\/09\/DSC03216-1-2048x1280.jpg 2048w\" sizes=\"auto, (max-width: 2406px) 100vw, 2406px\" \/><\/a><\/figure><\/li><\/ul><\/figure>\n\n\n\n<p>W ramach jednej z sesji zaprezentowano In\u017cynieri\u0119 Pojazd\u00f3w Szynowych \u2013 innowacyjn\u0105 specjalno\u015b\u0107 kszta\u0142cenia kadry in\u017cynierskiej prowadzon\u0105 w systemie dualnym na Wydziale Mechanicznym Politechniki Krakowskiej. Po zaprezentowaniu za\u0142o\u017ce\u0144 dydaktycznych specjalno\u015bci, absolwenci pierwszej edycji, przedstawili swoje projekty in\u017cynierskie zrealizowane w ramach prac dyplomowych, a nast\u0119pnie om\u00f3wili wp\u0142yw zdobytych w czasie sta\u017cu kompetencji na ich obecn\u0105 pac\u0119 zawodow\u0105 przy projektowaniu pojazd\u00f3w szynowych. Sesj\u0119 t\u0105 zaszczycili swoj\u0105 obecno\u015bci\u0105 Zbigniew Konieczek &#8211; Prezes Zarz\u0105du NEWAG S.A. oraz dr in\u017c. Ignacy G\u00f3ra &#8211; Prezes Urz\u0119du Transportu Kolejowego.<\/p>\n\n\n\n<figure class=\"wp-block-gallery columns-3 wp-block-gallery-3 is-layout-flex wp-block-gallery-is-layout-flex\"><ul class=\"blocks-gallery-grid\"><li class=\"blocks-gallery-item\"><figure><a href=\"https:\/\/m8.mech.pk.edu.pl\/wp-content\/uploads\/2021\/09\/DSC03290.jpg\"><img loading=\"lazy\" decoding=\"async\" width=\"2070\" height=\"1294\" src=\"https:\/\/m8.mech.pk.edu.pl\/wp-content\/uploads\/2021\/09\/DSC03290.jpg\" alt=\"\" data-id=\"2340\" data-link=\"https:\/\/m8.mech.pk.edu.pl\/dsc03290\/\" class=\"wp-image-2340\" srcset=\"https:\/\/m8.mech.pk.edu.pl\/wp-content\/uploads\/2021\/09\/DSC03290.jpg 2070w, https:\/\/m8.mech.pk.edu.pl\/wp-content\/uploads\/2021\/09\/DSC03290-300x188.jpg 300w, https:\/\/m8.mech.pk.edu.pl\/wp-content\/uploads\/2021\/09\/DSC03290-1024x640.jpg 1024w, https:\/\/m8.mech.pk.edu.pl\/wp-content\/uploads\/2021\/09\/DSC03290-768x480.jpg 768w, https:\/\/m8.mech.pk.edu.pl\/wp-content\/uploads\/2021\/09\/DSC03290-1536x960.jpg 1536w, https:\/\/m8.mech.pk.edu.pl\/wp-content\/uploads\/2021\/09\/DSC03290-2048x1280.jpg 2048w\" sizes=\"auto, (max-width: 2070px) 100vw, 2070px\" \/><\/a><\/figure><\/li><li class=\"blocks-gallery-item\"><figure><a href=\"https:\/\/m8.mech.pk.edu.pl\/wp-content\/uploads\/2021\/09\/DSC03278_2.jpg\"><img loading=\"lazy\" decoding=\"async\" width=\"2406\" height=\"1504\" src=\"https:\/\/m8.mech.pk.edu.pl\/wp-content\/uploads\/2021\/09\/DSC03278_2.jpg\" alt=\"\" data-id=\"2371\" data-link=\"https:\/\/m8.mech.pk.edu.pl\/?attachment_id=2371\" class=\"wp-image-2371\" srcset=\"https:\/\/m8.mech.pk.edu.pl\/wp-content\/uploads\/2021\/09\/DSC03278_2.jpg 2406w, https:\/\/m8.mech.pk.edu.pl\/wp-content\/uploads\/2021\/09\/DSC03278_2-300x188.jpg 300w, https:\/\/m8.mech.pk.edu.pl\/wp-content\/uploads\/2021\/09\/DSC03278_2-1024x640.jpg 1024w, https:\/\/m8.mech.pk.edu.pl\/wp-content\/uploads\/2021\/09\/DSC03278_2-768x480.jpg 768w, https:\/\/m8.mech.pk.edu.pl\/wp-content\/uploads\/2021\/09\/DSC03278_2-1536x960.jpg 1536w, https:\/\/m8.mech.pk.edu.pl\/wp-content\/uploads\/2021\/09\/DSC03278_2-2048x1280.jpg 2048w\" sizes=\"auto, (max-width: 2406px) 100vw, 2406px\" \/><\/a><\/figure><\/li><li class=\"blocks-gallery-item\"><figure><a href=\"https:\/\/m8.mech.pk.edu.pl\/wp-content\/uploads\/2021\/09\/DSC03280.jpg\"><img loading=\"lazy\" decoding=\"async\" width=\"2316\" height=\"1448\" src=\"https:\/\/m8.mech.pk.edu.pl\/wp-content\/uploads\/2021\/09\/DSC03280.jpg\" alt=\"\" data-id=\"2335\" data-link=\"https:\/\/m8.mech.pk.edu.pl\/dsc03280\/\" class=\"wp-image-2335\" srcset=\"https:\/\/m8.mech.pk.edu.pl\/wp-content\/uploads\/2021\/09\/DSC03280.jpg 2316w, https:\/\/m8.mech.pk.edu.pl\/wp-content\/uploads\/2021\/09\/DSC03280-300x188.jpg 300w, https:\/\/m8.mech.pk.edu.pl\/wp-content\/uploads\/2021\/09\/DSC03280-1024x640.jpg 1024w, https:\/\/m8.mech.pk.edu.pl\/wp-content\/uploads\/2021\/09\/DSC03280-768x480.jpg 768w, https:\/\/m8.mech.pk.edu.pl\/wp-content\/uploads\/2021\/09\/DSC03280-1536x960.jpg 1536w, https:\/\/m8.mech.pk.edu.pl\/wp-content\/uploads\/2021\/09\/DSC03280-2048x1280.jpg 2048w\" sizes=\"auto, (max-width: 2316px) 100vw, 2316px\" \/><\/a><\/figure><\/li><li class=\"blocks-gallery-item\"><figure><a href=\"https:\/\/m8.mech.pk.edu.pl\/wp-content\/uploads\/2021\/09\/DSC03286.jpg\"><img loading=\"lazy\" decoding=\"async\" width=\"2406\" height=\"1504\" src=\"https:\/\/m8.mech.pk.edu.pl\/wp-content\/uploads\/2021\/09\/DSC03286.jpg\" alt=\"\" data-id=\"2355\" data-link=\"https:\/\/m8.mech.pk.edu.pl\/?attachment_id=2355\" class=\"wp-image-2355\" srcset=\"https:\/\/m8.mech.pk.edu.pl\/wp-content\/uploads\/2021\/09\/DSC03286.jpg 2406w, https:\/\/m8.mech.pk.edu.pl\/wp-content\/uploads\/2021\/09\/DSC03286-300x188.jpg 300w, https:\/\/m8.mech.pk.edu.pl\/wp-content\/uploads\/2021\/09\/DSC03286-1024x640.jpg 1024w, https:\/\/m8.mech.pk.edu.pl\/wp-content\/uploads\/2021\/09\/DSC03286-768x480.jpg 768w, https:\/\/m8.mech.pk.edu.pl\/wp-content\/uploads\/2021\/09\/DSC03286-1536x960.jpg 1536w, https:\/\/m8.mech.pk.edu.pl\/wp-content\/uploads\/2021\/09\/DSC03286-2048x1280.jpg 2048w\" sizes=\"auto, (max-width: 2406px) 100vw, 2406px\" \/><\/a><\/figure><\/li><li class=\"blocks-gallery-item\"><figure><a href=\"https:\/\/m8.mech.pk.edu.pl\/wp-content\/uploads\/2021\/09\/DSC03285.jpg\"><img loading=\"lazy\" decoding=\"async\" width=\"2216\" height=\"1385\" src=\"https:\/\/m8.mech.pk.edu.pl\/wp-content\/uploads\/2021\/09\/DSC03285.jpg\" alt=\"\" data-id=\"2359\" data-link=\"https:\/\/m8.mech.pk.edu.pl\/?attachment_id=2359\" class=\"wp-image-2359\" srcset=\"https:\/\/m8.mech.pk.edu.pl\/wp-content\/uploads\/2021\/09\/DSC03285.jpg 2216w, https:\/\/m8.mech.pk.edu.pl\/wp-content\/uploads\/2021\/09\/DSC03285-300x188.jpg 300w, https:\/\/m8.mech.pk.edu.pl\/wp-content\/uploads\/2021\/09\/DSC03285-1024x640.jpg 1024w, https:\/\/m8.mech.pk.edu.pl\/wp-content\/uploads\/2021\/09\/DSC03285-768x480.jpg 768w, https:\/\/m8.mech.pk.edu.pl\/wp-content\/uploads\/2021\/09\/DSC03285-1536x960.jpg 1536w, https:\/\/m8.mech.pk.edu.pl\/wp-content\/uploads\/2021\/09\/DSC03285-2048x1280.jpg 2048w\" sizes=\"auto, (max-width: 2216px) 100vw, 2216px\" \/><\/a><\/figure><\/li><li class=\"blocks-gallery-item\"><figure><a href=\"https:\/\/m8.mech.pk.edu.pl\/wp-content\/uploads\/2021\/09\/DSC03298.jpg\"><img loading=\"lazy\" decoding=\"async\" width=\"2406\" height=\"1504\" src=\"https:\/\/m8.mech.pk.edu.pl\/wp-content\/uploads\/2021\/09\/DSC03298.jpg\" alt=\"\" data-id=\"2358\" data-link=\"https:\/\/m8.mech.pk.edu.pl\/?attachment_id=2358\" class=\"wp-image-2358\" srcset=\"https:\/\/m8.mech.pk.edu.pl\/wp-content\/uploads\/2021\/09\/DSC03298.jpg 2406w, https:\/\/m8.mech.pk.edu.pl\/wp-content\/uploads\/2021\/09\/DSC03298-300x188.jpg 300w, https:\/\/m8.mech.pk.edu.pl\/wp-content\/uploads\/2021\/09\/DSC03298-1024x640.jpg 1024w, https:\/\/m8.mech.pk.edu.pl\/wp-content\/uploads\/2021\/09\/DSC03298-768x480.jpg 768w, https:\/\/m8.mech.pk.edu.pl\/wp-content\/uploads\/2021\/09\/DSC03298-1536x960.jpg 1536w, https:\/\/m8.mech.pk.edu.pl\/wp-content\/uploads\/2021\/09\/DSC03298-2048x1280.jpg 2048w\" sizes=\"auto, (max-width: 2406px) 100vw, 2406px\" \/><\/a><\/figure><\/li><li class=\"blocks-gallery-item\"><figure><a href=\"https:\/\/m8.mech.pk.edu.pl\/wp-content\/uploads\/2021\/09\/242147678_563084418230152_8010445893271710364_n.jpg\"><img loading=\"lazy\" decoding=\"async\" width=\"1440\" height=\"1080\" src=\"https:\/\/m8.mech.pk.edu.pl\/wp-content\/uploads\/2021\/09\/242147678_563084418230152_8010445893271710364_n.jpg\" alt=\"\" data-id=\"2373\" data-link=\"https:\/\/m8.mech.pk.edu.pl\/?attachment_id=2373\" class=\"wp-image-2373\" srcset=\"https:\/\/m8.mech.pk.edu.pl\/wp-content\/uploads\/2021\/09\/242147678_563084418230152_8010445893271710364_n.jpg 1440w, https:\/\/m8.mech.pk.edu.pl\/wp-content\/uploads\/2021\/09\/242147678_563084418230152_8010445893271710364_n-300x225.jpg 300w, https:\/\/m8.mech.pk.edu.pl\/wp-content\/uploads\/2021\/09\/242147678_563084418230152_8010445893271710364_n-1024x768.jpg 1024w, https:\/\/m8.mech.pk.edu.pl\/wp-content\/uploads\/2021\/09\/242147678_563084418230152_8010445893271710364_n-768x576.jpg 768w\" sizes=\"auto, (max-width: 1440px) 100vw, 1440px\" \/><\/a><\/figure><\/li><li class=\"blocks-gallery-item\"><figure><a href=\"https:\/\/m8.mech.pk.edu.pl\/wp-content\/uploads\/2021\/09\/242147645_1346281912457701_8540974551649286249_n.jpg\"><img loading=\"lazy\" decoding=\"async\" width=\"1440\" height=\"1080\" src=\"https:\/\/m8.mech.pk.edu.pl\/wp-content\/uploads\/2021\/09\/242147645_1346281912457701_8540974551649286249_n.jpg\" alt=\"\" data-id=\"2374\" data-full-url=\"https:\/\/m8.mech.pk.edu.pl\/wp-content\/uploads\/2021\/09\/242147645_1346281912457701_8540974551649286249_n.jpg\" data-link=\"https:\/\/m8.mech.pk.edu.pl\/?attachment_id=2374\" class=\"wp-image-2374\" srcset=\"https:\/\/m8.mech.pk.edu.pl\/wp-content\/uploads\/2021\/09\/242147645_1346281912457701_8540974551649286249_n.jpg 1440w, https:\/\/m8.mech.pk.edu.pl\/wp-content\/uploads\/2021\/09\/242147645_1346281912457701_8540974551649286249_n-300x225.jpg 300w, https:\/\/m8.mech.pk.edu.pl\/wp-content\/uploads\/2021\/09\/242147645_1346281912457701_8540974551649286249_n-1024x768.jpg 1024w, https:\/\/m8.mech.pk.edu.pl\/wp-content\/uploads\/2021\/09\/242147645_1346281912457701_8540974551649286249_n-768x576.jpg 768w\" sizes=\"auto, (max-width: 1440px) 100vw, 1440px\" \/><\/a><\/figure><\/li><\/ul><\/figure>\n\n\n\n<p>Podczas Konferencji \u201ePojazdy Szynowe\u201d odby\u0142o si\u0119 r\u00f3wnie\u017c posiedzenie Polskiego Naukowo-Technicznego Towarzystwa Eksploatacyjnego oraz Komitetu Transportu Polskiej Akademii Nauk.<\/p>\n\n\n\n<figure class=\"wp-block-gallery columns-3 is-cropped wp-block-gallery-4 is-layout-flex wp-block-gallery-is-layout-flex\"><ul class=\"blocks-gallery-grid\"><li class=\"blocks-gallery-item\"><figure><a href=\"https:\/\/m8.mech.pk.edu.pl\/wp-content\/uploads\/2021\/09\/DSC03395.jpg\"><img loading=\"lazy\" decoding=\"async\" width=\"2379\" height=\"1487\" src=\"https:\/\/m8.mech.pk.edu.pl\/wp-content\/uploads\/2021\/09\/DSC03395.jpg\" alt=\"\" data-id=\"2378\" data-link=\"https:\/\/m8.mech.pk.edu.pl\/?attachment_id=2378\" class=\"wp-image-2378\" srcset=\"https:\/\/m8.mech.pk.edu.pl\/wp-content\/uploads\/2021\/09\/DSC03395.jpg 2379w, https:\/\/m8.mech.pk.edu.pl\/wp-content\/uploads\/2021\/09\/DSC03395-300x188.jpg 300w, https:\/\/m8.mech.pk.edu.pl\/wp-content\/uploads\/2021\/09\/DSC03395-1024x640.jpg 1024w, https:\/\/m8.mech.pk.edu.pl\/wp-content\/uploads\/2021\/09\/DSC03395-768x480.jpg 768w, https:\/\/m8.mech.pk.edu.pl\/wp-content\/uploads\/2021\/09\/DSC03395-1536x960.jpg 1536w, https:\/\/m8.mech.pk.edu.pl\/wp-content\/uploads\/2021\/09\/DSC03395-2048x1280.jpg 2048w\" sizes=\"auto, (max-width: 2379px) 100vw, 2379px\" \/><\/a><\/figure><\/li><li class=\"blocks-gallery-item\"><figure><a href=\"https:\/\/m8.mech.pk.edu.pl\/wp-content\/uploads\/2021\/09\/DSC03423.jpg\"><img loading=\"lazy\" decoding=\"async\" width=\"2379\" height=\"1487\" src=\"https:\/\/m8.mech.pk.edu.pl\/wp-content\/uploads\/2021\/09\/DSC03423.jpg\" alt=\"\" data-id=\"2379\" data-link=\"https:\/\/m8.mech.pk.edu.pl\/?attachment_id=2379\" class=\"wp-image-2379\" srcset=\"https:\/\/m8.mech.pk.edu.pl\/wp-content\/uploads\/2021\/09\/DSC03423.jpg 2379w, https:\/\/m8.mech.pk.edu.pl\/wp-content\/uploads\/2021\/09\/DSC03423-300x188.jpg 300w, https:\/\/m8.mech.pk.edu.pl\/wp-content\/uploads\/2021\/09\/DSC03423-1024x640.jpg 1024w, https:\/\/m8.mech.pk.edu.pl\/wp-content\/uploads\/2021\/09\/DSC03423-768x480.jpg 768w, https:\/\/m8.mech.pk.edu.pl\/wp-content\/uploads\/2021\/09\/DSC03423-1536x960.jpg 1536w, https:\/\/m8.mech.pk.edu.pl\/wp-content\/uploads\/2021\/09\/DSC03423-2048x1280.jpg 2048w\" sizes=\"auto, (max-width: 2379px) 100vw, 2379px\" \/><\/a><\/figure><\/li><li class=\"blocks-gallery-item\"><figure><a href=\"https:\/\/m8.mech.pk.edu.pl\/wp-content\/uploads\/2021\/09\/DSC03426.jpg\"><img loading=\"lazy\" decoding=\"async\" width=\"2248\" height=\"1405\" src=\"https:\/\/m8.mech.pk.edu.pl\/wp-content\/uploads\/2021\/09\/DSC03426.jpg\" alt=\"\" data-id=\"2380\" data-full-url=\"https:\/\/m8.mech.pk.edu.pl\/wp-content\/uploads\/2021\/09\/DSC03426.jpg\" data-link=\"https:\/\/m8.mech.pk.edu.pl\/?attachment_id=2380\" class=\"wp-image-2380\" srcset=\"https:\/\/m8.mech.pk.edu.pl\/wp-content\/uploads\/2021\/09\/DSC03426.jpg 2248w, https:\/\/m8.mech.pk.edu.pl\/wp-content\/uploads\/2021\/09\/DSC03426-300x188.jpg 300w, https:\/\/m8.mech.pk.edu.pl\/wp-content\/uploads\/2021\/09\/DSC03426-1024x640.jpg 1024w, https:\/\/m8.mech.pk.edu.pl\/wp-content\/uploads\/2021\/09\/DSC03426-768x480.jpg 768w, https:\/\/m8.mech.pk.edu.pl\/wp-content\/uploads\/2021\/09\/DSC03426-1536x960.jpg 1536w, https:\/\/m8.mech.pk.edu.pl\/wp-content\/uploads\/2021\/09\/DSC03426-2048x1280.jpg 2048w\" sizes=\"auto, (max-width: 2248px) 100vw, 2248px\" \/><\/a><\/figure><\/li><\/ul><\/figure>\n\n\n\n<p>Publikacje zg\u0142oszone w ramach Konferencji zostan\u0105 wydane w Monografii \u201e\u201cChallenges for the market of production, operation and maintenance of rail vehicles\u201d przygotowanej przez Wydawnictwo Politechniki Krakowskiej oraz w kwartalnikach Transport Problems, Archives of Transport i Pojazdy Szynowe. Kolejna edycja Konferencji Naukowej POJAZDY SZYNOWE zostanie zorganizowana za dwa lata w 2023 r. przez Politechnik\u0119 Wroc\u0142awsk\u0105.<\/p>\n\n\n\n<p>Strona Konferencji: <a href=\"https:\/\/pojazdy-szynowe.eu\" target=\"_blank\" rel=\"noreferrer noopener\">https:\/\/pojazdy-szynowe.eu<\/a><\/p>\n","protected":false},"excerpt":{"rendered":"<p>XXIV edycja Konferencji Naukowej &#8222;POJAZDY SZYNOWE&#8221; jest ju\u017c za nami. W dniach 12-15 wrze\u015bnia 2021 r. w Hotelu Ar\u0142am\u00f3w odby\u0142a si\u0119 XXIV Konferencja Naukowa POJAZDY SZYNOWE zorganizowana przez Katedr\u0119 Pojazd\u00f3w Szynowych i Transportu Politechniki Krakowskiej przy wsp\u00f3\u0142pracy z NEWAG S.A. Konferencja zosta\u0142a obj\u0119ta patronatem przez JM Rektora Politechniki Krakowskiej prof. dr hab. in\u017c. arch. Andrzeja [&hellip;]<\/p>\n","protected":false},"author":1,"featured_media":2326,"comment_status":"closed","ping_status":"open","sticky":false,"template":"","format":"standard","meta":{"footnotes":""},"categories":[1],"tags":[],"class_list":["post-2347","post","type-post","status-publish","format-standard","has-post-thumbnail","hentry","category-bez-kategorii"],"yoast_head":"<!-- This site is optimized with the Yoast SEO plugin v27.5 - https:\/\/yoast.com\/product\/yoast-seo-wordpress\/ -->\n<title>XXIV Konferencja Naukowa &quot;POJAZDY SZYNOWE&quot; - Katedra Pojazd\u00f3w Szynowych i Transportu<\/title>\n<meta name=\"robots\" content=\"index, follow, max-snippet:-1, max-image-preview:large, max-video-preview:-1\" \/>\n<link rel=\"canonical\" href=\"https:\/\/m8.mech.pk.edu.pl\/index.php\/2021\/09\/17\/xxiv-konferencja-naukowa-pojazdy-szynowe-2\/\" \/>\n<meta property=\"og:locale\" content=\"pl_PL\" \/>\n<meta property=\"og:type\" content=\"article\" \/>\n<meta property=\"og:title\" content=\"XXIV Konferencja Naukowa &quot;POJAZDY SZYNOWE&quot; - Katedra Pojazd\u00f3w Szynowych i Transportu\" \/>\n<meta property=\"og:description\" content=\"XXIV edycja Konferencji Naukowej &#8222;POJAZDY SZYNOWE&#8221; jest ju\u017c za nami. W dniach 12-15 wrze\u015bnia 2021 r. w Hotelu Ar\u0142am\u00f3w odby\u0142a si\u0119 XXIV Konferencja Naukowa POJAZDY SZYNOWE zorganizowana przez Katedr\u0119 Pojazd\u00f3w Szynowych i Transportu Politechniki Krakowskiej przy wsp\u00f3\u0142pracy z NEWAG S.A. Konferencja zosta\u0142a obj\u0119ta patronatem przez JM Rektora Politechniki Krakowskiej prof. dr hab. in\u017c. arch. Andrzeja [&hellip;]\" \/>\n<meta property=\"og:url\" content=\"https:\/\/m8.mech.pk.edu.pl\/index.php\/2021\/09\/17\/xxiv-konferencja-naukowa-pojazdy-szynowe-2\/\" \/>\n<meta property=\"og:site_name\" content=\"Katedra Pojazd\u00f3w Szynowych i Transportu\" \/>\n<meta property=\"article:publisher\" content=\"https:\/\/facebook.com\/KPSzTPK\" \/>\n<meta property=\"article:published_time\" content=\"2021-09-17T10:18:01+00:00\" \/>\n<meta property=\"article:modified_time\" content=\"2021-09-17T10:22:26+00:00\" \/>\n<meta property=\"og:image\" content=\"https:\/\/m8.mech.pk.edu.pl\/wp-content\/uploads\/2021\/09\/DSC03187.jpg\" \/>\n\t<meta property=\"og:image:width\" content=\"2379\" \/>\n\t<meta property=\"og:image:height\" content=\"1487\" \/>\n\t<meta property=\"og:image:type\" content=\"image\/jpeg\" \/>\n<meta name=\"author\" content=\"Rafa\u0142\" \/>\n<meta name=\"twitter:card\" content=\"summary_large_image\" \/>\n<meta name=\"twitter:label1\" content=\"Napisane przez\" \/>\n\t<meta name=\"twitter:data1\" content=\"Rafa\u0142\" \/>\n\t<meta name=\"twitter:label2\" content=\"Szacowany czas czytania\" \/>\n\t<meta name=\"twitter:data2\" content=\"7 minut\" \/>\n<script type=\"application\/ld+json\" class=\"yoast-schema-graph\">{\"@context\":\"https:\\\/\\\/schema.org\",\"@graph\":[{\"@type\":\"Article\",\"@id\":\"https:\\\/\\\/m8.mech.pk.edu.pl\\\/index.php\\\/2021\\\/09\\\/17\\\/xxiv-konferencja-naukowa-pojazdy-szynowe-2\\\/#article\",\"isPartOf\":{\"@id\":\"https:\\\/\\\/m8.mech.pk.edu.pl\\\/index.php\\\/2021\\\/09\\\/17\\\/xxiv-konferencja-naukowa-pojazdy-szynowe-2\\\/\"},\"author\":{\"name\":\"Rafa\u0142\",\"@id\":\"https:\\\/\\\/m8.mech.pk.edu.pl\\\/#\\\/schema\\\/person\\\/3b5511cf6f7f9280c1bd99bc362480b0\"},\"headline\":\"XXIV Konferencja Naukowa &#8222;POJAZDY SZYNOWE&#8221;\",\"datePublished\":\"2021-09-17T10:18:01+00:00\",\"dateModified\":\"2021-09-17T10:22:26+00:00\",\"mainEntityOfPage\":{\"@id\":\"https:\\\/\\\/m8.mech.pk.edu.pl\\\/index.php\\\/2021\\\/09\\\/17\\\/xxiv-konferencja-naukowa-pojazdy-szynowe-2\\\/\"},\"wordCount\":531,\"publisher\":{\"@id\":\"https:\\\/\\\/m8.mech.pk.edu.pl\\\/#organization\"},\"image\":{\"@id\":\"https:\\\/\\\/m8.mech.pk.edu.pl\\\/index.php\\\/2021\\\/09\\\/17\\\/xxiv-konferencja-naukowa-pojazdy-szynowe-2\\\/#primaryimage\"},\"thumbnailUrl\":\"https:\\\/\\\/m8.mech.pk.edu.pl\\\/wp-content\\\/uploads\\\/2021\\\/09\\\/DSC03187.jpg\",\"inLanguage\":\"pl-PL\"},{\"@type\":\"WebPage\",\"@id\":\"https:\\\/\\\/m8.mech.pk.edu.pl\\\/index.php\\\/2021\\\/09\\\/17\\\/xxiv-konferencja-naukowa-pojazdy-szynowe-2\\\/\",\"url\":\"https:\\\/\\\/m8.mech.pk.edu.pl\\\/index.php\\\/2021\\\/09\\\/17\\\/xxiv-konferencja-naukowa-pojazdy-szynowe-2\\\/\",\"name\":\"XXIV Konferencja Naukowa \\\"POJAZDY SZYNOWE\\\" - Katedra Pojazd\u00f3w Szynowych i Transportu\",\"isPartOf\":{\"@id\":\"https:\\\/\\\/m8.mech.pk.edu.pl\\\/#website\"},\"primaryImageOfPage\":{\"@id\":\"https:\\\/\\\/m8.mech.pk.edu.pl\\\/index.php\\\/2021\\\/09\\\/17\\\/xxiv-konferencja-naukowa-pojazdy-szynowe-2\\\/#primaryimage\"},\"image\":{\"@id\":\"https:\\\/\\\/m8.mech.pk.edu.pl\\\/index.php\\\/2021\\\/09\\\/17\\\/xxiv-konferencja-naukowa-pojazdy-szynowe-2\\\/#primaryimage\"},\"thumbnailUrl\":\"https:\\\/\\\/m8.mech.pk.edu.pl\\\/wp-content\\\/uploads\\\/2021\\\/09\\\/DSC03187.jpg\",\"datePublished\":\"2021-09-17T10:18:01+00:00\",\"dateModified\":\"2021-09-17T10:22:26+00:00\",\"breadcrumb\":{\"@id\":\"https:\\\/\\\/m8.mech.pk.edu.pl\\\/index.php\\\/2021\\\/09\\\/17\\\/xxiv-konferencja-naukowa-pojazdy-szynowe-2\\\/#breadcrumb\"},\"inLanguage\":\"pl-PL\",\"potentialAction\":[{\"@type\":\"ReadAction\",\"target\":[\"https:\\\/\\\/m8.mech.pk.edu.pl\\\/index.php\\\/2021\\\/09\\\/17\\\/xxiv-konferencja-naukowa-pojazdy-szynowe-2\\\/\"]}]},{\"@type\":\"ImageObject\",\"inLanguage\":\"pl-PL\",\"@id\":\"https:\\\/\\\/m8.mech.pk.edu.pl\\\/index.php\\\/2021\\\/09\\\/17\\\/xxiv-konferencja-naukowa-pojazdy-szynowe-2\\\/#primaryimage\",\"url\":\"https:\\\/\\\/m8.mech.pk.edu.pl\\\/wp-content\\\/uploads\\\/2021\\\/09\\\/DSC03187.jpg\",\"contentUrl\":\"https:\\\/\\\/m8.mech.pk.edu.pl\\\/wp-content\\\/uploads\\\/2021\\\/09\\\/DSC03187.jpg\",\"width\":2379,\"height\":1487},{\"@type\":\"BreadcrumbList\",\"@id\":\"https:\\\/\\\/m8.mech.pk.edu.pl\\\/index.php\\\/2021\\\/09\\\/17\\\/xxiv-konferencja-naukowa-pojazdy-szynowe-2\\\/#breadcrumb\",\"itemListElement\":[{\"@type\":\"ListItem\",\"position\":1,\"name\":\"Strona g\u0142\u00f3wna\",\"item\":\"https:\\\/\\\/m8.mech.pk.edu.pl\\\/\"},{\"@type\":\"ListItem\",\"position\":2,\"name\":\"XXIV Konferencja Naukowa &#8222;POJAZDY SZYNOWE&#8221;\"}]},{\"@type\":\"WebSite\",\"@id\":\"https:\\\/\\\/m8.mech.pk.edu.pl\\\/#website\",\"url\":\"https:\\\/\\\/m8.mech.pk.edu.pl\\\/\",\"name\":\"Katedra Pojazd\u00f3w Szynowych i Transportu\",\"description\":\"Katedra Pojazd\u00f3w Szynowych i Transportu Politechniki Krakowskiej na Wydziale Mechanicznym\",\"publisher\":{\"@id\":\"https:\\\/\\\/m8.mech.pk.edu.pl\\\/#organization\"},\"potentialAction\":[{\"@type\":\"SearchAction\",\"target\":{\"@type\":\"EntryPoint\",\"urlTemplate\":\"https:\\\/\\\/m8.mech.pk.edu.pl\\\/?s={search_term_string}\"},\"query-input\":{\"@type\":\"PropertyValueSpecification\",\"valueRequired\":true,\"valueName\":\"search_term_string\"}}],\"inLanguage\":\"pl-PL\"},{\"@type\":\"Organization\",\"@id\":\"https:\\\/\\\/m8.mech.pk.edu.pl\\\/#organization\",\"name\":\"Katedra Pojazd\u00f3w Szynowych\",\"url\":\"https:\\\/\\\/m8.mech.pk.edu.pl\\\/\",\"logo\":{\"@type\":\"ImageObject\",\"inLanguage\":\"pl-PL\",\"@id\":\"https:\\\/\\\/m8.mech.pk.edu.pl\\\/#\\\/schema\\\/logo\\\/image\\\/\",\"url\":\"https:\\\/\\\/m8.mech.pk.edu.pl\\\/wp-content\\\/uploads\\\/2021\\\/01\\\/logo-mail-kpsit.png\",\"contentUrl\":\"https:\\\/\\\/m8.mech.pk.edu.pl\\\/wp-content\\\/uploads\\\/2021\\\/01\\\/logo-mail-kpsit.png\",\"width\":300,\"height\":119,\"caption\":\"Katedra Pojazd\u00f3w Szynowych\"},\"image\":{\"@id\":\"https:\\\/\\\/m8.mech.pk.edu.pl\\\/#\\\/schema\\\/logo\\\/image\\\/\"},\"sameAs\":[\"https:\\\/\\\/facebook.com\\\/KPSzTPK\",\"https:\\\/\\\/www.youtube.com\\\/channel\\\/UCen3PQ3fl3ry92o_lHkyVaQ\"]},{\"@type\":\"Person\",\"@id\":\"https:\\\/\\\/m8.mech.pk.edu.pl\\\/#\\\/schema\\\/person\\\/3b5511cf6f7f9280c1bd99bc362480b0\",\"name\":\"Rafa\u0142\",\"image\":{\"@type\":\"ImageObject\",\"inLanguage\":\"pl-PL\",\"@id\":\"https:\\\/\\\/secure.gravatar.com\\\/avatar\\\/8e9c17f2eb0d64a51c937221d111e08df2f3a6fafdb5fa07d5aef9e5e9c39e51?s=96&d=mm&r=g\",\"url\":\"https:\\\/\\\/secure.gravatar.com\\\/avatar\\\/8e9c17f2eb0d64a51c937221d111e08df2f3a6fafdb5fa07d5aef9e5e9c39e51?s=96&d=mm&r=g\",\"contentUrl\":\"https:\\\/\\\/secure.gravatar.com\\\/avatar\\\/8e9c17f2eb0d64a51c937221d111e08df2f3a6fafdb5fa07d5aef9e5e9c39e51?s=96&d=mm&r=g\",\"caption\":\"Rafa\u0142\"},\"sameAs\":[\"http:\\\/\\\/149.156.155.135\"]}]}<\/script>\n<!-- \/ Yoast SEO plugin. -->","yoast_head_json":{"title":"XXIV Konferencja Naukowa \"POJAZDY SZYNOWE\" - Katedra Pojazd\u00f3w Szynowych i Transportu","robots":{"index":"index","follow":"follow","max-snippet":"max-snippet:-1","max-image-preview":"max-image-preview:large","max-video-preview":"max-video-preview:-1"},"canonical":"https:\/\/m8.mech.pk.edu.pl\/index.php\/2021\/09\/17\/xxiv-konferencja-naukowa-pojazdy-szynowe-2\/","og_locale":"pl_PL","og_type":"article","og_title":"XXIV Konferencja Naukowa \"POJAZDY SZYNOWE\" - Katedra Pojazd\u00f3w Szynowych i Transportu","og_description":"XXIV edycja Konferencji Naukowej &#8222;POJAZDY SZYNOWE&#8221; jest ju\u017c za nami. W dniach 12-15 wrze\u015bnia 2021 r. w Hotelu Ar\u0142am\u00f3w odby\u0142a si\u0119 XXIV Konferencja Naukowa POJAZDY SZYNOWE zorganizowana przez Katedr\u0119 Pojazd\u00f3w Szynowych i Transportu Politechniki Krakowskiej przy wsp\u00f3\u0142pracy z NEWAG S.A. Konferencja zosta\u0142a obj\u0119ta patronatem przez JM Rektora Politechniki Krakowskiej prof. dr hab. in\u017c. arch. Andrzeja [&hellip;]","og_url":"https:\/\/m8.mech.pk.edu.pl\/index.php\/2021\/09\/17\/xxiv-konferencja-naukowa-pojazdy-szynowe-2\/","og_site_name":"Katedra Pojazd\u00f3w Szynowych i Transportu","article_publisher":"https:\/\/facebook.com\/KPSzTPK","article_published_time":"2021-09-17T10:18:01+00:00","article_modified_time":"2021-09-17T10:22:26+00:00","og_image":[{"width":2379,"height":1487,"url":"https:\/\/m8.mech.pk.edu.pl\/wp-content\/uploads\/2021\/09\/DSC03187.jpg","type":"image\/jpeg"}],"author":"Rafa\u0142","twitter_card":"summary_large_image","twitter_misc":{"Napisane przez":"Rafa\u0142","Szacowany czas czytania":"7 minut"},"schema":{"@context":"https:\/\/schema.org","@graph":[{"@type":"Article","@id":"https:\/\/m8.mech.pk.edu.pl\/index.php\/2021\/09\/17\/xxiv-konferencja-naukowa-pojazdy-szynowe-2\/#article","isPartOf":{"@id":"https:\/\/m8.mech.pk.edu.pl\/index.php\/2021\/09\/17\/xxiv-konferencja-naukowa-pojazdy-szynowe-2\/"},"author":{"name":"Rafa\u0142","@id":"https:\/\/m8.mech.pk.edu.pl\/#\/schema\/person\/3b5511cf6f7f9280c1bd99bc362480b0"},"headline":"XXIV Konferencja Naukowa &#8222;POJAZDY SZYNOWE&#8221;","datePublished":"2021-09-17T10:18:01+00:00","dateModified":"2021-09-17T10:22:26+00:00","mainEntityOfPage":{"@id":"https:\/\/m8.mech.pk.edu.pl\/index.php\/2021\/09\/17\/xxiv-konferencja-naukowa-pojazdy-szynowe-2\/"},"wordCount":531,"publisher":{"@id":"https:\/\/m8.mech.pk.edu.pl\/#organization"},"image":{"@id":"https:\/\/m8.mech.pk.edu.pl\/index.php\/2021\/09\/17\/xxiv-konferencja-naukowa-pojazdy-szynowe-2\/#primaryimage"},"thumbnailUrl":"https:\/\/m8.mech.pk.edu.pl\/wp-content\/uploads\/2021\/09\/DSC03187.jpg","inLanguage":"pl-PL"},{"@type":"WebPage","@id":"https:\/\/m8.mech.pk.edu.pl\/index.php\/2021\/09\/17\/xxiv-konferencja-naukowa-pojazdy-szynowe-2\/","url":"https:\/\/m8.mech.pk.edu.pl\/index.php\/2021\/09\/17\/xxiv-konferencja-naukowa-pojazdy-szynowe-2\/","name":"XXIV Konferencja Naukowa \"POJAZDY SZYNOWE\" - Katedra Pojazd\u00f3w Szynowych i Transportu","isPartOf":{"@id":"https:\/\/m8.mech.pk.edu.pl\/#website"},"primaryImageOfPage":{"@id":"https:\/\/m8.mech.pk.edu.pl\/index.php\/2021\/09\/17\/xxiv-konferencja-naukowa-pojazdy-szynowe-2\/#primaryimage"},"image":{"@id":"https:\/\/m8.mech.pk.edu.pl\/index.php\/2021\/09\/17\/xxiv-konferencja-naukowa-pojazdy-szynowe-2\/#primaryimage"},"thumbnailUrl":"https:\/\/m8.mech.pk.edu.pl\/wp-content\/uploads\/2021\/09\/DSC03187.jpg","datePublished":"2021-09-17T10:18:01+00:00","dateModified":"2021-09-17T10:22:26+00:00","breadcrumb":{"@id":"https:\/\/m8.mech.pk.edu.pl\/index.php\/2021\/09\/17\/xxiv-konferencja-naukowa-pojazdy-szynowe-2\/#breadcrumb"},"inLanguage":"pl-PL","potentialAction":[{"@type":"ReadAction","target":["https:\/\/m8.mech.pk.edu.pl\/index.php\/2021\/09\/17\/xxiv-konferencja-naukowa-pojazdy-szynowe-2\/"]}]},{"@type":"ImageObject","inLanguage":"pl-PL","@id":"https:\/\/m8.mech.pk.edu.pl\/index.php\/2021\/09\/17\/xxiv-konferencja-naukowa-pojazdy-szynowe-2\/#primaryimage","url":"https:\/\/m8.mech.pk.edu.pl\/wp-content\/uploads\/2021\/09\/DSC03187.jpg","contentUrl":"https:\/\/m8.mech.pk.edu.pl\/wp-content\/uploads\/2021\/09\/DSC03187.jpg","width":2379,"height":1487},{"@type":"BreadcrumbList","@id":"https:\/\/m8.mech.pk.edu.pl\/index.php\/2021\/09\/17\/xxiv-konferencja-naukowa-pojazdy-szynowe-2\/#breadcrumb","itemListElement":[{"@type":"ListItem","position":1,"name":"Strona g\u0142\u00f3wna","item":"https:\/\/m8.mech.pk.edu.pl\/"},{"@type":"ListItem","position":2,"name":"XXIV Konferencja Naukowa &#8222;POJAZDY SZYNOWE&#8221;"}]},{"@type":"WebSite","@id":"https:\/\/m8.mech.pk.edu.pl\/#website","url":"https:\/\/m8.mech.pk.edu.pl\/","name":"Katedra Pojazd\u00f3w Szynowych i Transportu","description":"Katedra Pojazd\u00f3w Szynowych i Transportu Politechniki Krakowskiej na Wydziale Mechanicznym","publisher":{"@id":"https:\/\/m8.mech.pk.edu.pl\/#organization"},"potentialAction":[{"@type":"SearchAction","target":{"@type":"EntryPoint","urlTemplate":"https:\/\/m8.mech.pk.edu.pl\/?s={search_term_string}"},"query-input":{"@type":"PropertyValueSpecification","valueRequired":true,"valueName":"search_term_string"}}],"inLanguage":"pl-PL"},{"@type":"Organization","@id":"https:\/\/m8.mech.pk.edu.pl\/#organization","name":"Katedra Pojazd\u00f3w Szynowych","url":"https:\/\/m8.mech.pk.edu.pl\/","logo":{"@type":"ImageObject","inLanguage":"pl-PL","@id":"https:\/\/m8.mech.pk.edu.pl\/#\/schema\/logo\/image\/","url":"https:\/\/m8.mech.pk.edu.pl\/wp-content\/uploads\/2021\/01\/logo-mail-kpsit.png","contentUrl":"https:\/\/m8.mech.pk.edu.pl\/wp-content\/uploads\/2021\/01\/logo-mail-kpsit.png","width":300,"height":119,"caption":"Katedra Pojazd\u00f3w Szynowych"},"image":{"@id":"https:\/\/m8.mech.pk.edu.pl\/#\/schema\/logo\/image\/"},"sameAs":["https:\/\/facebook.com\/KPSzTPK","https:\/\/www.youtube.com\/channel\/UCen3PQ3fl3ry92o_lHkyVaQ"]},{"@type":"Person","@id":"https:\/\/m8.mech.pk.edu.pl\/#\/schema\/person\/3b5511cf6f7f9280c1bd99bc362480b0","name":"Rafa\u0142","image":{"@type":"ImageObject","inLanguage":"pl-PL","@id":"https:\/\/secure.gravatar.com\/avatar\/8e9c17f2eb0d64a51c937221d111e08df2f3a6fafdb5fa07d5aef9e5e9c39e51?s=96&d=mm&r=g","url":"https:\/\/secure.gravatar.com\/avatar\/8e9c17f2eb0d64a51c937221d111e08df2f3a6fafdb5fa07d5aef9e5e9c39e51?s=96&d=mm&r=g","contentUrl":"https:\/\/secure.gravatar.com\/avatar\/8e9c17f2eb0d64a51c937221d111e08df2f3a6fafdb5fa07d5aef9e5e9c39e51?s=96&d=mm&r=g","caption":"Rafa\u0142"},"sameAs":["http:\/\/149.156.155.135"]}]}},"_links":{"self":[{"href":"https:\/\/m8.mech.pk.edu.pl\/index.php\/wp-json\/wp\/v2\/posts\/2347","targetHints":{"allow":["GET"]}}],"collection":[{"href":"https:\/\/m8.mech.pk.edu.pl\/index.php\/wp-json\/wp\/v2\/posts"}],"about":[{"href":"https:\/\/m8.mech.pk.edu.pl\/index.php\/wp-json\/wp\/v2\/types\/post"}],"author":[{"embeddable":true,"href":"https:\/\/m8.mech.pk.edu.pl\/index.php\/wp-json\/wp\/v2\/users\/1"}],"replies":[{"embeddable":true,"href":"https:\/\/m8.mech.pk.edu.pl\/index.php\/wp-json\/wp\/v2\/comments?post=2347"}],"version-history":[{"count":16,"href":"https:\/\/m8.mech.pk.edu.pl\/index.php\/wp-json\/wp\/v2\/posts\/2347\/revisions"}],"predecessor-version":[{"id":2385,"href":"https:\/\/m8.mech.pk.edu.pl\/index.php\/wp-json\/wp\/v2\/posts\/2347\/revisions\/2385"}],"wp:featuredmedia":[{"embeddable":true,"href":"https:\/\/m8.mech.pk.edu.pl\/index.php\/wp-json\/wp\/v2\/media\/2326"}],"wp:attachment":[{"href":"https:\/\/m8.mech.pk.edu.pl\/index.php\/wp-json\/wp\/v2\/media?parent=2347"}],"wp:term":[{"taxonomy":"category","embeddable":true,"href":"https:\/\/m8.mech.pk.edu.pl\/index.php\/wp-json\/wp\/v2\/categories?post=2347"},{"taxonomy":"post_tag","embeddable":true,"href":"https:\/\/m8.mech.pk.edu.pl\/index.php\/wp-json\/wp\/v2\/tags?post=2347"}],"curies":[{"name":"wp","href":"https:\/\/api.w.org\/{rel}","templated":true}]}}