{"id":2299,"date":"2021-09-12T11:14:34","date_gmt":"2021-09-12T09:14:34","guid":{"rendered":"https:\/\/m8.mech.pk.edu.pl\/?p=2299"},"modified":"2021-09-12T11:25:25","modified_gmt":"2021-09-12T09:25:25","slug":"xxiv-konferencja-naukowa-pojazdy-szynowe","status":"publish","type":"post","link":"https:\/\/m8.mech.pk.edu.pl\/index.php\/2021\/09\/12\/xxiv-konferencja-naukowa-pojazdy-szynowe\/","title":{"rendered":"XXIV Konferencja Naukowa &#8222;POJAZDY SZYNOWE&#8221;"},"content":{"rendered":"\n<p>Ju\u017c dzisiaj rozpoczyna si\u0119 XXIV Konferencja Naukowa &#8222;POJAZDY SZYNOWE&#8221; organizowana przez nasz\u0105 Katedr\u0119 oraz firm\u0119 <a href=\"http:\/\/www.newag.pl\">NEWAG S.A.<\/a> To jedno z najwi\u0119kszych wydarze\u0144 bran\u017cowych w Polsce. Przez najbli\u017csze trzy dni blisko 200 specjalist\u00f3w b\u0119dzie podczas licznych prelekcji porusza\u0107 problematyk\u0119 zwi\u0105zan\u0105 transportem szynowym. <\/p>\n\n\n\n<!--more-->\n\n\n\n<div style=\"height:5px\" aria-hidden=\"true\" class=\"wp-block-spacer\"><\/div>\n\n\n\n<p>Tematyka konferencji dotyka tematyki:<br>&#8211; projektowania, konstrukcji, eksploatacji i utrzymania pojazd\u00f3w szynowych,<br>&#8211; niezawodno\u015bci i bezpiecze\u0144stwa w transporcie szynowym,<br>&#8211; diagnostyki, bada\u0144 zespo\u0142\u00f3w i podzespo\u0142\u00f3w pojazd\u00f3w szynowych,<br>&#8211; certyfikacji i tematyki formalno-prawnej,<br>&#8211; logistyki, ekologii w transporcie kolejowym,<br>&#8211; transportu szynowego w logistyce miejskiej (metro, tramwaj),<br>&#8211; innowacyjnych rozwi\u0105za\u0144 i efektywno\u015bci transportu.<br><\/p>\n\n\n\n<p>Szczeg\u00f3\u0142owe informacje o konferencji znajduj\u0105 si\u0119 na stronie: <a href=\"http:\/\/ynowe.eu\" rel=\"noreferrer noopener\" target=\"_blank\">www.pojazdy-szynowe.eu<\/a> <\/p>\n\n\n\n<p>O pojazdach szynowych m\u00f3wimy z pasj\u0105!<\/p>\n\n\n\n<figure class=\"wp-block-image size-large is-resized\"><img loading=\"lazy\" decoding=\"async\" src=\"https:\/\/m8.mech.pk.edu.pl\/wp-content\/uploads\/2021\/09\/Intro-PS-GIF.gif\" alt=\"\" width=\"619\" height=\"463\"\/><\/figure>\n","protected":false},"excerpt":{"rendered":"<p>Ju\u017c dzisiaj rozpoczyna si\u0119 XXIV Konferencja Naukowa &#8222;POJAZDY SZYNOWE&#8221; organizowana przez nasz\u0105 Katedr\u0119 oraz firm\u0119 NEWAG S.A. To jedno z najwi\u0119kszych wydarze\u0144 bran\u017cowych w Polsce. Przez najbli\u017csze trzy dni blisko 200 specjalist\u00f3w b\u0119dzie podczas licznych prelekcji porusza\u0107 problematyk\u0119 zwi\u0105zan\u0105 transportem szynowym.<\/p>\n","protected":false},"author":5,"featured_media":2303,"comment_status":"closed","ping_status":"open","sticky":false,"template":"","format":"standard","meta":{"footnotes":""},"categories":[1],"tags":[],"class_list":["post-2299","post","type-post","status-publish","format-standard","has-post-thumbnail","hentry","category-bez-kategorii"],"yoast_head":"<!-- This site is optimized with the Yoast SEO plugin v27.5 - https:\/\/yoast.com\/product\/yoast-seo-wordpress\/ -->\n<title>XXIV Konferencja Naukowa &quot;POJAZDY SZYNOWE&quot; - Katedra Pojazd\u00f3w Szynowych i Transportu<\/title>\n<meta name=\"robots\" content=\"index, follow, max-snippet:-1, max-image-preview:large, max-video-preview:-1\" \/>\n<link rel=\"canonical\" href=\"https:\/\/m8.mech.pk.edu.pl\/index.php\/2021\/09\/12\/xxiv-konferencja-naukowa-pojazdy-szynowe\/\" \/>\n<meta property=\"og:locale\" content=\"pl_PL\" \/>\n<meta property=\"og:type\" content=\"article\" \/>\n<meta property=\"og:title\" content=\"XXIV Konferencja Naukowa &quot;POJAZDY SZYNOWE&quot; - Katedra Pojazd\u00f3w Szynowych i Transportu\" \/>\n<meta property=\"og:description\" content=\"Ju\u017c dzisiaj rozpoczyna si\u0119 XXIV Konferencja Naukowa &#8222;POJAZDY SZYNOWE&#8221; organizowana przez nasz\u0105 Katedr\u0119 oraz firm\u0119 NEWAG S.A. To jedno z najwi\u0119kszych wydarze\u0144 bran\u017cowych w Polsce. Przez najbli\u017csze trzy dni blisko 200 specjalist\u00f3w b\u0119dzie podczas licznych prelekcji porusza\u0107 problematyk\u0119 zwi\u0105zan\u0105 transportem szynowym.\" \/>\n<meta property=\"og:url\" content=\"https:\/\/m8.mech.pk.edu.pl\/index.php\/2021\/09\/12\/xxiv-konferencja-naukowa-pojazdy-szynowe\/\" \/>\n<meta property=\"og:site_name\" content=\"Katedra Pojazd\u00f3w Szynowych i Transportu\" \/>\n<meta property=\"article:publisher\" content=\"https:\/\/facebook.com\/KPSzTPK\" \/>\n<meta property=\"article:published_time\" content=\"2021-09-12T09:14:34+00:00\" \/>\n<meta property=\"article:modified_time\" content=\"2021-09-12T09:25:25+00:00\" \/>\n<meta property=\"og:image\" content=\"https:\/\/m8.mech.pk.edu.pl\/wp-content\/uploads\/2021\/09\/IntroPS-1mss.jpg\" \/>\n\t<meta property=\"og:image:width\" content=\"1535\" \/>\n\t<meta property=\"og:image:height\" content=\"899\" \/>\n\t<meta property=\"og:image:type\" content=\"image\/jpeg\" \/>\n<meta name=\"author\" content=\"Maciej\" \/>\n<meta name=\"twitter:card\" content=\"summary_large_image\" \/>\n<meta name=\"twitter:label1\" content=\"Napisane przez\" \/>\n\t<meta name=\"twitter:data1\" content=\"Maciej\" \/>\n\t<meta name=\"twitter:label2\" content=\"Szacowany czas czytania\" \/>\n\t<meta name=\"twitter:data2\" content=\"1 minuta\" \/>\n<script type=\"application\/ld+json\" class=\"yoast-schema-graph\">{\"@context\":\"https:\\\/\\\/schema.org\",\"@graph\":[{\"@type\":\"Article\",\"@id\":\"https:\\\/\\\/m8.mech.pk.edu.pl\\\/index.php\\\/2021\\\/09\\\/12\\\/xxiv-konferencja-naukowa-pojazdy-szynowe\\\/#article\",\"isPartOf\":{\"@id\":\"https:\\\/\\\/m8.mech.pk.edu.pl\\\/index.php\\\/2021\\\/09\\\/12\\\/xxiv-konferencja-naukowa-pojazdy-szynowe\\\/\"},\"author\":{\"name\":\"Maciej\",\"@id\":\"https:\\\/\\\/m8.mech.pk.edu.pl\\\/#\\\/schema\\\/person\\\/d8f6c9a11add49a79e366c6d4261d14e\"},\"headline\":\"XXIV Konferencja Naukowa &#8222;POJAZDY SZYNOWE&#8221;\",\"datePublished\":\"2021-09-12T09:14:34+00:00\",\"dateModified\":\"2021-09-12T09:25:25+00:00\",\"mainEntityOfPage\":{\"@id\":\"https:\\\/\\\/m8.mech.pk.edu.pl\\\/index.php\\\/2021\\\/09\\\/12\\\/xxiv-konferencja-naukowa-pojazdy-szynowe\\\/\"},\"wordCount\":131,\"publisher\":{\"@id\":\"https:\\\/\\\/m8.mech.pk.edu.pl\\\/#organization\"},\"image\":{\"@id\":\"https:\\\/\\\/m8.mech.pk.edu.pl\\\/index.php\\\/2021\\\/09\\\/12\\\/xxiv-konferencja-naukowa-pojazdy-szynowe\\\/#primaryimage\"},\"thumbnailUrl\":\"https:\\\/\\\/m8.mech.pk.edu.pl\\\/wp-content\\\/uploads\\\/2021\\\/09\\\/IntroPS-1mss.jpg\",\"inLanguage\":\"pl-PL\"},{\"@type\":\"WebPage\",\"@id\":\"https:\\\/\\\/m8.mech.pk.edu.pl\\\/index.php\\\/2021\\\/09\\\/12\\\/xxiv-konferencja-naukowa-pojazdy-szynowe\\\/\",\"url\":\"https:\\\/\\\/m8.mech.pk.edu.pl\\\/index.php\\\/2021\\\/09\\\/12\\\/xxiv-konferencja-naukowa-pojazdy-szynowe\\\/\",\"name\":\"XXIV Konferencja Naukowa \\\"POJAZDY SZYNOWE\\\" - Katedra Pojazd\u00f3w Szynowych i Transportu\",\"isPartOf\":{\"@id\":\"https:\\\/\\\/m8.mech.pk.edu.pl\\\/#website\"},\"primaryImageOfPage\":{\"@id\":\"https:\\\/\\\/m8.mech.pk.edu.pl\\\/index.php\\\/2021\\\/09\\\/12\\\/xxiv-konferencja-naukowa-pojazdy-szynowe\\\/#primaryimage\"},\"image\":{\"@id\":\"https:\\\/\\\/m8.mech.pk.edu.pl\\\/index.php\\\/2021\\\/09\\\/12\\\/xxiv-konferencja-naukowa-pojazdy-szynowe\\\/#primaryimage\"},\"thumbnailUrl\":\"https:\\\/\\\/m8.mech.pk.edu.pl\\\/wp-content\\\/uploads\\\/2021\\\/09\\\/IntroPS-1mss.jpg\",\"datePublished\":\"2021-09-12T09:14:34+00:00\",\"dateModified\":\"2021-09-12T09:25:25+00:00\",\"breadcrumb\":{\"@id\":\"https:\\\/\\\/m8.mech.pk.edu.pl\\\/index.php\\\/2021\\\/09\\\/12\\\/xxiv-konferencja-naukowa-pojazdy-szynowe\\\/#breadcrumb\"},\"inLanguage\":\"pl-PL\",\"potentialAction\":[{\"@type\":\"ReadAction\",\"target\":[\"https:\\\/\\\/m8.mech.pk.edu.pl\\\/index.php\\\/2021\\\/09\\\/12\\\/xxiv-konferencja-naukowa-pojazdy-szynowe\\\/\"]}]},{\"@type\":\"ImageObject\",\"inLanguage\":\"pl-PL\",\"@id\":\"https:\\\/\\\/m8.mech.pk.edu.pl\\\/index.php\\\/2021\\\/09\\\/12\\\/xxiv-konferencja-naukowa-pojazdy-szynowe\\\/#primaryimage\",\"url\":\"https:\\\/\\\/m8.mech.pk.edu.pl\\\/wp-content\\\/uploads\\\/2021\\\/09\\\/IntroPS-1mss.jpg\",\"contentUrl\":\"https:\\\/\\\/m8.mech.pk.edu.pl\\\/wp-content\\\/uploads\\\/2021\\\/09\\\/IntroPS-1mss.jpg\",\"width\":1535,\"height\":899},{\"@type\":\"BreadcrumbList\",\"@id\":\"https:\\\/\\\/m8.mech.pk.edu.pl\\\/index.php\\\/2021\\\/09\\\/12\\\/xxiv-konferencja-naukowa-pojazdy-szynowe\\\/#breadcrumb\",\"itemListElement\":[{\"@type\":\"ListItem\",\"position\":1,\"name\":\"Strona g\u0142\u00f3wna\",\"item\":\"https:\\\/\\\/m8.mech.pk.edu.pl\\\/\"},{\"@type\":\"ListItem\",\"position\":2,\"name\":\"XXIV Konferencja Naukowa &#8222;POJAZDY SZYNOWE&#8221;\"}]},{\"@type\":\"WebSite\",\"@id\":\"https:\\\/\\\/m8.mech.pk.edu.pl\\\/#website\",\"url\":\"https:\\\/\\\/m8.mech.pk.edu.pl\\\/\",\"name\":\"Katedra Pojazd\u00f3w Szynowych i Transportu\",\"description\":\"Katedra Pojazd\u00f3w Szynowych i Transportu Politechniki Krakowskiej na Wydziale Mechanicznym\",\"publisher\":{\"@id\":\"https:\\\/\\\/m8.mech.pk.edu.pl\\\/#organization\"},\"potentialAction\":[{\"@type\":\"SearchAction\",\"target\":{\"@type\":\"EntryPoint\",\"urlTemplate\":\"https:\\\/\\\/m8.mech.pk.edu.pl\\\/?s={search_term_string}\"},\"query-input\":{\"@type\":\"PropertyValueSpecification\",\"valueRequired\":true,\"valueName\":\"search_term_string\"}}],\"inLanguage\":\"pl-PL\"},{\"@type\":\"Organization\",\"@id\":\"https:\\\/\\\/m8.mech.pk.edu.pl\\\/#organization\",\"name\":\"Katedra Pojazd\u00f3w Szynowych\",\"url\":\"https:\\\/\\\/m8.mech.pk.edu.pl\\\/\",\"logo\":{\"@type\":\"ImageObject\",\"inLanguage\":\"pl-PL\",\"@id\":\"https:\\\/\\\/m8.mech.pk.edu.pl\\\/#\\\/schema\\\/logo\\\/image\\\/\",\"url\":\"https:\\\/\\\/m8.mech.pk.edu.pl\\\/wp-content\\\/uploads\\\/2021\\\/01\\\/logo-mail-kpsit.png\",\"contentUrl\":\"https:\\\/\\\/m8.mech.pk.edu.pl\\\/wp-content\\\/uploads\\\/2021\\\/01\\\/logo-mail-kpsit.png\",\"width\":300,\"height\":119,\"caption\":\"Katedra Pojazd\u00f3w Szynowych\"},\"image\":{\"@id\":\"https:\\\/\\\/m8.mech.pk.edu.pl\\\/#\\\/schema\\\/logo\\\/image\\\/\"},\"sameAs\":[\"https:\\\/\\\/facebook.com\\\/KPSzTPK\",\"https:\\\/\\\/www.youtube.com\\\/channel\\\/UCen3PQ3fl3ry92o_lHkyVaQ\"]},{\"@type\":\"Person\",\"@id\":\"https:\\\/\\\/m8.mech.pk.edu.pl\\\/#\\\/schema\\\/person\\\/d8f6c9a11add49a79e366c6d4261d14e\",\"name\":\"Maciej\",\"image\":{\"@type\":\"ImageObject\",\"inLanguage\":\"pl-PL\",\"@id\":\"https:\\\/\\\/secure.gravatar.com\\\/avatar\\\/5a17b3a5a44d4dca9d48ed0eccafb488c6c54063f627f848184a92807a97590b?s=96&d=mm&r=g\",\"url\":\"https:\\\/\\\/secure.gravatar.com\\\/avatar\\\/5a17b3a5a44d4dca9d48ed0eccafb488c6c54063f627f848184a92807a97590b?s=96&d=mm&r=g\",\"contentUrl\":\"https:\\\/\\\/secure.gravatar.com\\\/avatar\\\/5a17b3a5a44d4dca9d48ed0eccafb488c6c54063f627f848184a92807a97590b?s=96&d=mm&r=g\",\"caption\":\"Maciej\"}}]}<\/script>\n<!-- \/ Yoast SEO plugin. -->","yoast_head_json":{"title":"XXIV Konferencja Naukowa \"POJAZDY SZYNOWE\" - Katedra Pojazd\u00f3w Szynowych i Transportu","robots":{"index":"index","follow":"follow","max-snippet":"max-snippet:-1","max-image-preview":"max-image-preview:large","max-video-preview":"max-video-preview:-1"},"canonical":"https:\/\/m8.mech.pk.edu.pl\/index.php\/2021\/09\/12\/xxiv-konferencja-naukowa-pojazdy-szynowe\/","og_locale":"pl_PL","og_type":"article","og_title":"XXIV Konferencja Naukowa \"POJAZDY SZYNOWE\" - Katedra Pojazd\u00f3w Szynowych i Transportu","og_description":"Ju\u017c dzisiaj rozpoczyna si\u0119 XXIV Konferencja Naukowa &#8222;POJAZDY SZYNOWE&#8221; organizowana przez nasz\u0105 Katedr\u0119 oraz firm\u0119 NEWAG S.A. To jedno z najwi\u0119kszych wydarze\u0144 bran\u017cowych w Polsce. Przez najbli\u017csze trzy dni blisko 200 specjalist\u00f3w b\u0119dzie podczas licznych prelekcji porusza\u0107 problematyk\u0119 zwi\u0105zan\u0105 transportem szynowym.","og_url":"https:\/\/m8.mech.pk.edu.pl\/index.php\/2021\/09\/12\/xxiv-konferencja-naukowa-pojazdy-szynowe\/","og_site_name":"Katedra Pojazd\u00f3w Szynowych i Transportu","article_publisher":"https:\/\/facebook.com\/KPSzTPK","article_published_time":"2021-09-12T09:14:34+00:00","article_modified_time":"2021-09-12T09:25:25+00:00","og_image":[{"width":1535,"height":899,"url":"https:\/\/m8.mech.pk.edu.pl\/wp-content\/uploads\/2021\/09\/IntroPS-1mss.jpg","type":"image\/jpeg"}],"author":"Maciej","twitter_card":"summary_large_image","twitter_misc":{"Napisane przez":"Maciej","Szacowany czas czytania":"1 minuta"},"schema":{"@context":"https:\/\/schema.org","@graph":[{"@type":"Article","@id":"https:\/\/m8.mech.pk.edu.pl\/index.php\/2021\/09\/12\/xxiv-konferencja-naukowa-pojazdy-szynowe\/#article","isPartOf":{"@id":"https:\/\/m8.mech.pk.edu.pl\/index.php\/2021\/09\/12\/xxiv-konferencja-naukowa-pojazdy-szynowe\/"},"author":{"name":"Maciej","@id":"https:\/\/m8.mech.pk.edu.pl\/#\/schema\/person\/d8f6c9a11add49a79e366c6d4261d14e"},"headline":"XXIV Konferencja Naukowa &#8222;POJAZDY SZYNOWE&#8221;","datePublished":"2021-09-12T09:14:34+00:00","dateModified":"2021-09-12T09:25:25+00:00","mainEntityOfPage":{"@id":"https:\/\/m8.mech.pk.edu.pl\/index.php\/2021\/09\/12\/xxiv-konferencja-naukowa-pojazdy-szynowe\/"},"wordCount":131,"publisher":{"@id":"https:\/\/m8.mech.pk.edu.pl\/#organization"},"image":{"@id":"https:\/\/m8.mech.pk.edu.pl\/index.php\/2021\/09\/12\/xxiv-konferencja-naukowa-pojazdy-szynowe\/#primaryimage"},"thumbnailUrl":"https:\/\/m8.mech.pk.edu.pl\/wp-content\/uploads\/2021\/09\/IntroPS-1mss.jpg","inLanguage":"pl-PL"},{"@type":"WebPage","@id":"https:\/\/m8.mech.pk.edu.pl\/index.php\/2021\/09\/12\/xxiv-konferencja-naukowa-pojazdy-szynowe\/","url":"https:\/\/m8.mech.pk.edu.pl\/index.php\/2021\/09\/12\/xxiv-konferencja-naukowa-pojazdy-szynowe\/","name":"XXIV Konferencja Naukowa \"POJAZDY SZYNOWE\" - Katedra Pojazd\u00f3w Szynowych i Transportu","isPartOf":{"@id":"https:\/\/m8.mech.pk.edu.pl\/#website"},"primaryImageOfPage":{"@id":"https:\/\/m8.mech.pk.edu.pl\/index.php\/2021\/09\/12\/xxiv-konferencja-naukowa-pojazdy-szynowe\/#primaryimage"},"image":{"@id":"https:\/\/m8.mech.pk.edu.pl\/index.php\/2021\/09\/12\/xxiv-konferencja-naukowa-pojazdy-szynowe\/#primaryimage"},"thumbnailUrl":"https:\/\/m8.mech.pk.edu.pl\/wp-content\/uploads\/2021\/09\/IntroPS-1mss.jpg","datePublished":"2021-09-12T09:14:34+00:00","dateModified":"2021-09-12T09:25:25+00:00","breadcrumb":{"@id":"https:\/\/m8.mech.pk.edu.pl\/index.php\/2021\/09\/12\/xxiv-konferencja-naukowa-pojazdy-szynowe\/#breadcrumb"},"inLanguage":"pl-PL","potentialAction":[{"@type":"ReadAction","target":["https:\/\/m8.mech.pk.edu.pl\/index.php\/2021\/09\/12\/xxiv-konferencja-naukowa-pojazdy-szynowe\/"]}]},{"@type":"ImageObject","inLanguage":"pl-PL","@id":"https:\/\/m8.mech.pk.edu.pl\/index.php\/2021\/09\/12\/xxiv-konferencja-naukowa-pojazdy-szynowe\/#primaryimage","url":"https:\/\/m8.mech.pk.edu.pl\/wp-content\/uploads\/2021\/09\/IntroPS-1mss.jpg","contentUrl":"https:\/\/m8.mech.pk.edu.pl\/wp-content\/uploads\/2021\/09\/IntroPS-1mss.jpg","width":1535,"height":899},{"@type":"BreadcrumbList","@id":"https:\/\/m8.mech.pk.edu.pl\/index.php\/2021\/09\/12\/xxiv-konferencja-naukowa-pojazdy-szynowe\/#breadcrumb","itemListElement":[{"@type":"ListItem","position":1,"name":"Strona g\u0142\u00f3wna","item":"https:\/\/m8.mech.pk.edu.pl\/"},{"@type":"ListItem","position":2,"name":"XXIV Konferencja Naukowa &#8222;POJAZDY SZYNOWE&#8221;"}]},{"@type":"WebSite","@id":"https:\/\/m8.mech.pk.edu.pl\/#website","url":"https:\/\/m8.mech.pk.edu.pl\/","name":"Katedra Pojazd\u00f3w Szynowych i Transportu","description":"Katedra Pojazd\u00f3w Szynowych i Transportu Politechniki Krakowskiej na Wydziale Mechanicznym","publisher":{"@id":"https:\/\/m8.mech.pk.edu.pl\/#organization"},"potentialAction":[{"@type":"SearchAction","target":{"@type":"EntryPoint","urlTemplate":"https:\/\/m8.mech.pk.edu.pl\/?s={search_term_string}"},"query-input":{"@type":"PropertyValueSpecification","valueRequired":true,"valueName":"search_term_string"}}],"inLanguage":"pl-PL"},{"@type":"Organization","@id":"https:\/\/m8.mech.pk.edu.pl\/#organization","name":"Katedra Pojazd\u00f3w Szynowych","url":"https:\/\/m8.mech.pk.edu.pl\/","logo":{"@type":"ImageObject","inLanguage":"pl-PL","@id":"https:\/\/m8.mech.pk.edu.pl\/#\/schema\/logo\/image\/","url":"https:\/\/m8.mech.pk.edu.pl\/wp-content\/uploads\/2021\/01\/logo-mail-kpsit.png","contentUrl":"https:\/\/m8.mech.pk.edu.pl\/wp-content\/uploads\/2021\/01\/logo-mail-kpsit.png","width":300,"height":119,"caption":"Katedra Pojazd\u00f3w Szynowych"},"image":{"@id":"https:\/\/m8.mech.pk.edu.pl\/#\/schema\/logo\/image\/"},"sameAs":["https:\/\/facebook.com\/KPSzTPK","https:\/\/www.youtube.com\/channel\/UCen3PQ3fl3ry92o_lHkyVaQ"]},{"@type":"Person","@id":"https:\/\/m8.mech.pk.edu.pl\/#\/schema\/person\/d8f6c9a11add49a79e366c6d4261d14e","name":"Maciej","image":{"@type":"ImageObject","inLanguage":"pl-PL","@id":"https:\/\/secure.gravatar.com\/avatar\/5a17b3a5a44d4dca9d48ed0eccafb488c6c54063f627f848184a92807a97590b?s=96&d=mm&r=g","url":"https:\/\/secure.gravatar.com\/avatar\/5a17b3a5a44d4dca9d48ed0eccafb488c6c54063f627f848184a92807a97590b?s=96&d=mm&r=g","contentUrl":"https:\/\/secure.gravatar.com\/avatar\/5a17b3a5a44d4dca9d48ed0eccafb488c6c54063f627f848184a92807a97590b?s=96&d=mm&r=g","caption":"Maciej"}}]}},"_links":{"self":[{"href":"https:\/\/m8.mech.pk.edu.pl\/index.php\/wp-json\/wp\/v2\/posts\/2299","targetHints":{"allow":["GET"]}}],"collection":[{"href":"https:\/\/m8.mech.pk.edu.pl\/index.php\/wp-json\/wp\/v2\/posts"}],"about":[{"href":"https:\/\/m8.mech.pk.edu.pl\/index.php\/wp-json\/wp\/v2\/types\/post"}],"author":[{"embeddable":true,"href":"https:\/\/m8.mech.pk.edu.pl\/index.php\/wp-json\/wp\/v2\/users\/5"}],"replies":[{"embeddable":true,"href":"https:\/\/m8.mech.pk.edu.pl\/index.php\/wp-json\/wp\/v2\/comments?post=2299"}],"version-history":[{"count":8,"href":"https:\/\/m8.mech.pk.edu.pl\/index.php\/wp-json\/wp\/v2\/posts\/2299\/revisions"}],"predecessor-version":[{"id":2313,"href":"https:\/\/m8.mech.pk.edu.pl\/index.php\/wp-json\/wp\/v2\/posts\/2299\/revisions\/2313"}],"wp:featuredmedia":[{"embeddable":true,"href":"https:\/\/m8.mech.pk.edu.pl\/index.php\/wp-json\/wp\/v2\/media\/2303"}],"wp:attachment":[{"href":"https:\/\/m8.mech.pk.edu.pl\/index.php\/wp-json\/wp\/v2\/media?parent=2299"}],"wp:term":[{"taxonomy":"category","embeddable":true,"href":"https:\/\/m8.mech.pk.edu.pl\/index.php\/wp-json\/wp\/v2\/categories?post=2299"},{"taxonomy":"post_tag","embeddable":true,"href":"https:\/\/m8.mech.pk.edu.pl\/index.php\/wp-json\/wp\/v2\/tags?post=2299"}],"curies":[{"name":"wp","href":"https:\/\/api.w.org\/{rel}","templated":true}]}}