{"id":2206,"date":"2021-06-09T18:24:12","date_gmt":"2021-06-09T16:24:12","guid":{"rendered":"https:\/\/m8.mech.pk.edu.pl\/?p=2206"},"modified":"2021-06-09T18:24:13","modified_gmt":"2021-06-09T16:24:13","slug":"pierwsze-miejsce-projektu-kola-naukowego-transport","status":"publish","type":"post","link":"https:\/\/m8.mech.pk.edu.pl\/index.php\/2021\/06\/09\/pierwsze-miejsce-projektu-kola-naukowego-transport\/","title":{"rendered":"Pierwsze miejsce projektu Ko\u0142a Naukowego &#8222;Transport&#8221;"},"content":{"rendered":"\n<p>Z wielk\u0105 przyjemno\u015bci\u0105 informujemy, \u017ce w tegorocznej Sesji Studenckich K\u00f3\u0142 Naukowych pierwsze miejsce zaj\u0105\u0142 projekt pt.: &#8222;Innowacyjny Peronowy System O\u015bwietlenia Informacyjno-ostrzegawczego RPAS&#8221; realizowany w <a href=\"https:\/\/www.facebook.com\/pojazdyszynoweknt\/?__cft__[0]=AZWFgjdc40SmOL6A541o7kG_zwSdjb07x5IcC6xCTKVPYLwisOe8Wrkk0OG4cL1jUka4bEhGXZnt40FvHNZMh4rMIBCQdR2uQOEIV-hasKxn7U7QF_f_Z5iAx9hdF41K1hoq5yKlM5IO4I1WaUv9uuSL1u2nTrVXB7zLNEbyMtZCu8bjRBwh8CM9QlHuDRPfbus&amp;__tn__=kK-R\">Kole Naukowym &#8222;Transport&#8221;<\/a>. Serdecznie gratulujemy wszystkim autorom projektu oraz pozosta\u0142ym laureatom.<\/p>\n\n\n\n<p>Wi\u0119cej informacji:<br><a href=\"http:\/\/mech.pk.edu.pl\/wydarzenia\/wydarzenie\/wyniki-e-sesji-studenckich-kol-naukowych-w-roku-ak-2020-21\/\">http:\/\/mech.pk.edu.pl\/wydarzenia\/wydarzenie\/wyniki-e-sesji-studenckich-kol-naukowych-w-roku-ak-2020-21\/<\/a><br><\/p>\n","protected":false},"excerpt":{"rendered":"<p>Z wielk\u0105 przyjemno\u015bci\u0105 informujemy, \u017ce w tegorocznej Sesji Studenckich K\u00f3\u0142 Naukowych pierwsze miejsce zaj\u0105\u0142 projekt pt.: &#8222;Innowacyjny Peronowy System O\u015bwietlenia Informacyjno-ostrzegawczego RPAS&#8221; realizowany w Kole Naukowym &#8222;Transport&#8221;. Serdecznie gratulujemy wszystkim autorom projektu oraz pozosta\u0142ym laureatom. Wi\u0119cej informacji:http:\/\/mech.pk.edu.pl\/wydarzenia\/wydarzenie\/wyniki-e-sesji-studenckich-kol-naukowych-w-roku-ak-2020-21\/<\/p>\n","protected":false},"author":5,"featured_media":2207,"comment_status":"closed","ping_status":"open","sticky":false,"template":"","format":"standard","meta":{"footnotes":""},"categories":[1],"tags":[],"class_list":["post-2206","post","type-post","status-publish","format-standard","has-post-thumbnail","hentry","category-bez-kategorii"],"yoast_head":"<!-- This site is optimized with the Yoast SEO plugin v27.5 - https:\/\/yoast.com\/product\/yoast-seo-wordpress\/ -->\n<title>Pierwsze miejsce projektu Ko\u0142a Naukowego &quot;Transport&quot; - Katedra Pojazd\u00f3w Szynowych i Transportu<\/title>\n<meta name=\"robots\" content=\"index, follow, max-snippet:-1, max-image-preview:large, max-video-preview:-1\" \/>\n<link rel=\"canonical\" href=\"https:\/\/m8.mech.pk.edu.pl\/index.php\/2021\/06\/09\/pierwsze-miejsce-projektu-kola-naukowego-transport\/\" \/>\n<meta property=\"og:locale\" content=\"pl_PL\" \/>\n<meta property=\"og:type\" content=\"article\" \/>\n<meta property=\"og:title\" content=\"Pierwsze miejsce projektu Ko\u0142a Naukowego &quot;Transport&quot; - Katedra Pojazd\u00f3w Szynowych i Transportu\" \/>\n<meta property=\"og:description\" content=\"Z wielk\u0105 przyjemno\u015bci\u0105 informujemy, \u017ce w tegorocznej Sesji Studenckich K\u00f3\u0142 Naukowych pierwsze miejsce zaj\u0105\u0142 projekt pt.: &#8222;Innowacyjny Peronowy System O\u015bwietlenia Informacyjno-ostrzegawczego RPAS&#8221; realizowany w Kole Naukowym &#8222;Transport&#8221;. Serdecznie gratulujemy wszystkim autorom projektu oraz pozosta\u0142ym laureatom. Wi\u0119cej informacji:http:\/\/mech.pk.edu.pl\/wydarzenia\/wydarzenie\/wyniki-e-sesji-studenckich-kol-naukowych-w-roku-ak-2020-21\/\" \/>\n<meta property=\"og:url\" content=\"https:\/\/m8.mech.pk.edu.pl\/index.php\/2021\/06\/09\/pierwsze-miejsce-projektu-kola-naukowego-transport\/\" \/>\n<meta property=\"og:site_name\" content=\"Katedra Pojazd\u00f3w Szynowych i Transportu\" \/>\n<meta property=\"article:publisher\" content=\"https:\/\/facebook.com\/KPSzTPK\" \/>\n<meta property=\"article:published_time\" content=\"2021-06-09T16:24:12+00:00\" \/>\n<meta property=\"article:modified_time\" content=\"2021-06-09T16:24:13+00:00\" \/>\n<meta property=\"og:image\" content=\"https:\/\/m8.mech.pk.edu.pl\/wp-content\/uploads\/2021\/06\/kokos-knt1.jpg\" \/>\n\t<meta property=\"og:image:width\" content=\"1200\" \/>\n\t<meta property=\"og:image:height\" content=\"800\" \/>\n\t<meta property=\"og:image:type\" content=\"image\/jpeg\" \/>\n<meta name=\"author\" content=\"Maciej\" \/>\n<meta name=\"twitter:card\" content=\"summary_large_image\" \/>\n<meta name=\"twitter:label1\" content=\"Napisane przez\" \/>\n\t<meta name=\"twitter:data1\" content=\"Maciej\" \/>\n\t<meta name=\"twitter:label2\" content=\"Szacowany czas czytania\" \/>\n\t<meta name=\"twitter:data2\" content=\"1 minuta\" \/>\n<script type=\"application\/ld+json\" class=\"yoast-schema-graph\">{\"@context\":\"https:\\\/\\\/schema.org\",\"@graph\":[{\"@type\":\"Article\",\"@id\":\"https:\\\/\\\/m8.mech.pk.edu.pl\\\/index.php\\\/2021\\\/06\\\/09\\\/pierwsze-miejsce-projektu-kola-naukowego-transport\\\/#article\",\"isPartOf\":{\"@id\":\"https:\\\/\\\/m8.mech.pk.edu.pl\\\/index.php\\\/2021\\\/06\\\/09\\\/pierwsze-miejsce-projektu-kola-naukowego-transport\\\/\"},\"author\":{\"name\":\"Maciej\",\"@id\":\"https:\\\/\\\/m8.mech.pk.edu.pl\\\/#\\\/schema\\\/person\\\/d8f6c9a11add49a79e366c6d4261d14e\"},\"headline\":\"Pierwsze miejsce projektu Ko\u0142a Naukowego &#8222;Transport&#8221;\",\"datePublished\":\"2021-06-09T16:24:12+00:00\",\"dateModified\":\"2021-06-09T16:24:13+00:00\",\"mainEntityOfPage\":{\"@id\":\"https:\\\/\\\/m8.mech.pk.edu.pl\\\/index.php\\\/2021\\\/06\\\/09\\\/pierwsze-miejsce-projektu-kola-naukowego-transport\\\/\"},\"wordCount\":57,\"publisher\":{\"@id\":\"https:\\\/\\\/m8.mech.pk.edu.pl\\\/#organization\"},\"image\":{\"@id\":\"https:\\\/\\\/m8.mech.pk.edu.pl\\\/index.php\\\/2021\\\/06\\\/09\\\/pierwsze-miejsce-projektu-kola-naukowego-transport\\\/#primaryimage\"},\"thumbnailUrl\":\"https:\\\/\\\/m8.mech.pk.edu.pl\\\/wp-content\\\/uploads\\\/2021\\\/06\\\/kokos-knt1.jpg\",\"inLanguage\":\"pl-PL\"},{\"@type\":\"WebPage\",\"@id\":\"https:\\\/\\\/m8.mech.pk.edu.pl\\\/index.php\\\/2021\\\/06\\\/09\\\/pierwsze-miejsce-projektu-kola-naukowego-transport\\\/\",\"url\":\"https:\\\/\\\/m8.mech.pk.edu.pl\\\/index.php\\\/2021\\\/06\\\/09\\\/pierwsze-miejsce-projektu-kola-naukowego-transport\\\/\",\"name\":\"Pierwsze miejsce projektu Ko\u0142a Naukowego \\\"Transport\\\" - Katedra Pojazd\u00f3w Szynowych i Transportu\",\"isPartOf\":{\"@id\":\"https:\\\/\\\/m8.mech.pk.edu.pl\\\/#website\"},\"primaryImageOfPage\":{\"@id\":\"https:\\\/\\\/m8.mech.pk.edu.pl\\\/index.php\\\/2021\\\/06\\\/09\\\/pierwsze-miejsce-projektu-kola-naukowego-transport\\\/#primaryimage\"},\"image\":{\"@id\":\"https:\\\/\\\/m8.mech.pk.edu.pl\\\/index.php\\\/2021\\\/06\\\/09\\\/pierwsze-miejsce-projektu-kola-naukowego-transport\\\/#primaryimage\"},\"thumbnailUrl\":\"https:\\\/\\\/m8.mech.pk.edu.pl\\\/wp-content\\\/uploads\\\/2021\\\/06\\\/kokos-knt1.jpg\",\"datePublished\":\"2021-06-09T16:24:12+00:00\",\"dateModified\":\"2021-06-09T16:24:13+00:00\",\"breadcrumb\":{\"@id\":\"https:\\\/\\\/m8.mech.pk.edu.pl\\\/index.php\\\/2021\\\/06\\\/09\\\/pierwsze-miejsce-projektu-kola-naukowego-transport\\\/#breadcrumb\"},\"inLanguage\":\"pl-PL\",\"potentialAction\":[{\"@type\":\"ReadAction\",\"target\":[\"https:\\\/\\\/m8.mech.pk.edu.pl\\\/index.php\\\/2021\\\/06\\\/09\\\/pierwsze-miejsce-projektu-kola-naukowego-transport\\\/\"]}]},{\"@type\":\"ImageObject\",\"inLanguage\":\"pl-PL\",\"@id\":\"https:\\\/\\\/m8.mech.pk.edu.pl\\\/index.php\\\/2021\\\/06\\\/09\\\/pierwsze-miejsce-projektu-kola-naukowego-transport\\\/#primaryimage\",\"url\":\"https:\\\/\\\/m8.mech.pk.edu.pl\\\/wp-content\\\/uploads\\\/2021\\\/06\\\/kokos-knt1.jpg\",\"contentUrl\":\"https:\\\/\\\/m8.mech.pk.edu.pl\\\/wp-content\\\/uploads\\\/2021\\\/06\\\/kokos-knt1.jpg\",\"width\":1200,\"height\":800},{\"@type\":\"BreadcrumbList\",\"@id\":\"https:\\\/\\\/m8.mech.pk.edu.pl\\\/index.php\\\/2021\\\/06\\\/09\\\/pierwsze-miejsce-projektu-kola-naukowego-transport\\\/#breadcrumb\",\"itemListElement\":[{\"@type\":\"ListItem\",\"position\":1,\"name\":\"Strona g\u0142\u00f3wna\",\"item\":\"https:\\\/\\\/m8.mech.pk.edu.pl\\\/\"},{\"@type\":\"ListItem\",\"position\":2,\"name\":\"Pierwsze miejsce projektu Ko\u0142a Naukowego &#8222;Transport&#8221;\"}]},{\"@type\":\"WebSite\",\"@id\":\"https:\\\/\\\/m8.mech.pk.edu.pl\\\/#website\",\"url\":\"https:\\\/\\\/m8.mech.pk.edu.pl\\\/\",\"name\":\"Katedra Pojazd\u00f3w Szynowych i Transportu\",\"description\":\"Katedra Pojazd\u00f3w Szynowych i Transportu Politechniki Krakowskiej na Wydziale Mechanicznym\",\"publisher\":{\"@id\":\"https:\\\/\\\/m8.mech.pk.edu.pl\\\/#organization\"},\"potentialAction\":[{\"@type\":\"SearchAction\",\"target\":{\"@type\":\"EntryPoint\",\"urlTemplate\":\"https:\\\/\\\/m8.mech.pk.edu.pl\\\/?s={search_term_string}\"},\"query-input\":{\"@type\":\"PropertyValueSpecification\",\"valueRequired\":true,\"valueName\":\"search_term_string\"}}],\"inLanguage\":\"pl-PL\"},{\"@type\":\"Organization\",\"@id\":\"https:\\\/\\\/m8.mech.pk.edu.pl\\\/#organization\",\"name\":\"Katedra Pojazd\u00f3w Szynowych\",\"url\":\"https:\\\/\\\/m8.mech.pk.edu.pl\\\/\",\"logo\":{\"@type\":\"ImageObject\",\"inLanguage\":\"pl-PL\",\"@id\":\"https:\\\/\\\/m8.mech.pk.edu.pl\\\/#\\\/schema\\\/logo\\\/image\\\/\",\"url\":\"https:\\\/\\\/m8.mech.pk.edu.pl\\\/wp-content\\\/uploads\\\/2021\\\/01\\\/logo-mail-kpsit.png\",\"contentUrl\":\"https:\\\/\\\/m8.mech.pk.edu.pl\\\/wp-content\\\/uploads\\\/2021\\\/01\\\/logo-mail-kpsit.png\",\"width\":300,\"height\":119,\"caption\":\"Katedra Pojazd\u00f3w Szynowych\"},\"image\":{\"@id\":\"https:\\\/\\\/m8.mech.pk.edu.pl\\\/#\\\/schema\\\/logo\\\/image\\\/\"},\"sameAs\":[\"https:\\\/\\\/facebook.com\\\/KPSzTPK\",\"https:\\\/\\\/www.youtube.com\\\/channel\\\/UCen3PQ3fl3ry92o_lHkyVaQ\"]},{\"@type\":\"Person\",\"@id\":\"https:\\\/\\\/m8.mech.pk.edu.pl\\\/#\\\/schema\\\/person\\\/d8f6c9a11add49a79e366c6d4261d14e\",\"name\":\"Maciej\",\"image\":{\"@type\":\"ImageObject\",\"inLanguage\":\"pl-PL\",\"@id\":\"https:\\\/\\\/secure.gravatar.com\\\/avatar\\\/5a17b3a5a44d4dca9d48ed0eccafb488c6c54063f627f848184a92807a97590b?s=96&d=mm&r=g\",\"url\":\"https:\\\/\\\/secure.gravatar.com\\\/avatar\\\/5a17b3a5a44d4dca9d48ed0eccafb488c6c54063f627f848184a92807a97590b?s=96&d=mm&r=g\",\"contentUrl\":\"https:\\\/\\\/secure.gravatar.com\\\/avatar\\\/5a17b3a5a44d4dca9d48ed0eccafb488c6c54063f627f848184a92807a97590b?s=96&d=mm&r=g\",\"caption\":\"Maciej\"}}]}<\/script>\n<!-- \/ Yoast SEO plugin. -->","yoast_head_json":{"title":"Pierwsze miejsce projektu Ko\u0142a Naukowego \"Transport\" - Katedra Pojazd\u00f3w Szynowych i Transportu","robots":{"index":"index","follow":"follow","max-snippet":"max-snippet:-1","max-image-preview":"max-image-preview:large","max-video-preview":"max-video-preview:-1"},"canonical":"https:\/\/m8.mech.pk.edu.pl\/index.php\/2021\/06\/09\/pierwsze-miejsce-projektu-kola-naukowego-transport\/","og_locale":"pl_PL","og_type":"article","og_title":"Pierwsze miejsce projektu Ko\u0142a Naukowego \"Transport\" - Katedra Pojazd\u00f3w Szynowych i Transportu","og_description":"Z wielk\u0105 przyjemno\u015bci\u0105 informujemy, \u017ce w tegorocznej Sesji Studenckich K\u00f3\u0142 Naukowych pierwsze miejsce zaj\u0105\u0142 projekt pt.: &#8222;Innowacyjny Peronowy System O\u015bwietlenia Informacyjno-ostrzegawczego RPAS&#8221; realizowany w Kole Naukowym &#8222;Transport&#8221;. Serdecznie gratulujemy wszystkim autorom projektu oraz pozosta\u0142ym laureatom. Wi\u0119cej informacji:http:\/\/mech.pk.edu.pl\/wydarzenia\/wydarzenie\/wyniki-e-sesji-studenckich-kol-naukowych-w-roku-ak-2020-21\/","og_url":"https:\/\/m8.mech.pk.edu.pl\/index.php\/2021\/06\/09\/pierwsze-miejsce-projektu-kola-naukowego-transport\/","og_site_name":"Katedra Pojazd\u00f3w Szynowych i Transportu","article_publisher":"https:\/\/facebook.com\/KPSzTPK","article_published_time":"2021-06-09T16:24:12+00:00","article_modified_time":"2021-06-09T16:24:13+00:00","og_image":[{"width":1200,"height":800,"url":"https:\/\/m8.mech.pk.edu.pl\/wp-content\/uploads\/2021\/06\/kokos-knt1.jpg","type":"image\/jpeg"}],"author":"Maciej","twitter_card":"summary_large_image","twitter_misc":{"Napisane przez":"Maciej","Szacowany czas czytania":"1 minuta"},"schema":{"@context":"https:\/\/schema.org","@graph":[{"@type":"Article","@id":"https:\/\/m8.mech.pk.edu.pl\/index.php\/2021\/06\/09\/pierwsze-miejsce-projektu-kola-naukowego-transport\/#article","isPartOf":{"@id":"https:\/\/m8.mech.pk.edu.pl\/index.php\/2021\/06\/09\/pierwsze-miejsce-projektu-kola-naukowego-transport\/"},"author":{"name":"Maciej","@id":"https:\/\/m8.mech.pk.edu.pl\/#\/schema\/person\/d8f6c9a11add49a79e366c6d4261d14e"},"headline":"Pierwsze miejsce projektu Ko\u0142a Naukowego &#8222;Transport&#8221;","datePublished":"2021-06-09T16:24:12+00:00","dateModified":"2021-06-09T16:24:13+00:00","mainEntityOfPage":{"@id":"https:\/\/m8.mech.pk.edu.pl\/index.php\/2021\/06\/09\/pierwsze-miejsce-projektu-kola-naukowego-transport\/"},"wordCount":57,"publisher":{"@id":"https:\/\/m8.mech.pk.edu.pl\/#organization"},"image":{"@id":"https:\/\/m8.mech.pk.edu.pl\/index.php\/2021\/06\/09\/pierwsze-miejsce-projektu-kola-naukowego-transport\/#primaryimage"},"thumbnailUrl":"https:\/\/m8.mech.pk.edu.pl\/wp-content\/uploads\/2021\/06\/kokos-knt1.jpg","inLanguage":"pl-PL"},{"@type":"WebPage","@id":"https:\/\/m8.mech.pk.edu.pl\/index.php\/2021\/06\/09\/pierwsze-miejsce-projektu-kola-naukowego-transport\/","url":"https:\/\/m8.mech.pk.edu.pl\/index.php\/2021\/06\/09\/pierwsze-miejsce-projektu-kola-naukowego-transport\/","name":"Pierwsze miejsce projektu Ko\u0142a Naukowego \"Transport\" - Katedra Pojazd\u00f3w Szynowych i Transportu","isPartOf":{"@id":"https:\/\/m8.mech.pk.edu.pl\/#website"},"primaryImageOfPage":{"@id":"https:\/\/m8.mech.pk.edu.pl\/index.php\/2021\/06\/09\/pierwsze-miejsce-projektu-kola-naukowego-transport\/#primaryimage"},"image":{"@id":"https:\/\/m8.mech.pk.edu.pl\/index.php\/2021\/06\/09\/pierwsze-miejsce-projektu-kola-naukowego-transport\/#primaryimage"},"thumbnailUrl":"https:\/\/m8.mech.pk.edu.pl\/wp-content\/uploads\/2021\/06\/kokos-knt1.jpg","datePublished":"2021-06-09T16:24:12+00:00","dateModified":"2021-06-09T16:24:13+00:00","breadcrumb":{"@id":"https:\/\/m8.mech.pk.edu.pl\/index.php\/2021\/06\/09\/pierwsze-miejsce-projektu-kola-naukowego-transport\/#breadcrumb"},"inLanguage":"pl-PL","potentialAction":[{"@type":"ReadAction","target":["https:\/\/m8.mech.pk.edu.pl\/index.php\/2021\/06\/09\/pierwsze-miejsce-projektu-kola-naukowego-transport\/"]}]},{"@type":"ImageObject","inLanguage":"pl-PL","@id":"https:\/\/m8.mech.pk.edu.pl\/index.php\/2021\/06\/09\/pierwsze-miejsce-projektu-kola-naukowego-transport\/#primaryimage","url":"https:\/\/m8.mech.pk.edu.pl\/wp-content\/uploads\/2021\/06\/kokos-knt1.jpg","contentUrl":"https:\/\/m8.mech.pk.edu.pl\/wp-content\/uploads\/2021\/06\/kokos-knt1.jpg","width":1200,"height":800},{"@type":"BreadcrumbList","@id":"https:\/\/m8.mech.pk.edu.pl\/index.php\/2021\/06\/09\/pierwsze-miejsce-projektu-kola-naukowego-transport\/#breadcrumb","itemListElement":[{"@type":"ListItem","position":1,"name":"Strona g\u0142\u00f3wna","item":"https:\/\/m8.mech.pk.edu.pl\/"},{"@type":"ListItem","position":2,"name":"Pierwsze miejsce projektu Ko\u0142a Naukowego &#8222;Transport&#8221;"}]},{"@type":"WebSite","@id":"https:\/\/m8.mech.pk.edu.pl\/#website","url":"https:\/\/m8.mech.pk.edu.pl\/","name":"Katedra Pojazd\u00f3w Szynowych i Transportu","description":"Katedra Pojazd\u00f3w Szynowych i Transportu Politechniki Krakowskiej na Wydziale Mechanicznym","publisher":{"@id":"https:\/\/m8.mech.pk.edu.pl\/#organization"},"potentialAction":[{"@type":"SearchAction","target":{"@type":"EntryPoint","urlTemplate":"https:\/\/m8.mech.pk.edu.pl\/?s={search_term_string}"},"query-input":{"@type":"PropertyValueSpecification","valueRequired":true,"valueName":"search_term_string"}}],"inLanguage":"pl-PL"},{"@type":"Organization","@id":"https:\/\/m8.mech.pk.edu.pl\/#organization","name":"Katedra Pojazd\u00f3w Szynowych","url":"https:\/\/m8.mech.pk.edu.pl\/","logo":{"@type":"ImageObject","inLanguage":"pl-PL","@id":"https:\/\/m8.mech.pk.edu.pl\/#\/schema\/logo\/image\/","url":"https:\/\/m8.mech.pk.edu.pl\/wp-content\/uploads\/2021\/01\/logo-mail-kpsit.png","contentUrl":"https:\/\/m8.mech.pk.edu.pl\/wp-content\/uploads\/2021\/01\/logo-mail-kpsit.png","width":300,"height":119,"caption":"Katedra Pojazd\u00f3w Szynowych"},"image":{"@id":"https:\/\/m8.mech.pk.edu.pl\/#\/schema\/logo\/image\/"},"sameAs":["https:\/\/facebook.com\/KPSzTPK","https:\/\/www.youtube.com\/channel\/UCen3PQ3fl3ry92o_lHkyVaQ"]},{"@type":"Person","@id":"https:\/\/m8.mech.pk.edu.pl\/#\/schema\/person\/d8f6c9a11add49a79e366c6d4261d14e","name":"Maciej","image":{"@type":"ImageObject","inLanguage":"pl-PL","@id":"https:\/\/secure.gravatar.com\/avatar\/5a17b3a5a44d4dca9d48ed0eccafb488c6c54063f627f848184a92807a97590b?s=96&d=mm&r=g","url":"https:\/\/secure.gravatar.com\/avatar\/5a17b3a5a44d4dca9d48ed0eccafb488c6c54063f627f848184a92807a97590b?s=96&d=mm&r=g","contentUrl":"https:\/\/secure.gravatar.com\/avatar\/5a17b3a5a44d4dca9d48ed0eccafb488c6c54063f627f848184a92807a97590b?s=96&d=mm&r=g","caption":"Maciej"}}]}},"_links":{"self":[{"href":"https:\/\/m8.mech.pk.edu.pl\/index.php\/wp-json\/wp\/v2\/posts\/2206","targetHints":{"allow":["GET"]}}],"collection":[{"href":"https:\/\/m8.mech.pk.edu.pl\/index.php\/wp-json\/wp\/v2\/posts"}],"about":[{"href":"https:\/\/m8.mech.pk.edu.pl\/index.php\/wp-json\/wp\/v2\/types\/post"}],"author":[{"embeddable":true,"href":"https:\/\/m8.mech.pk.edu.pl\/index.php\/wp-json\/wp\/v2\/users\/5"}],"replies":[{"embeddable":true,"href":"https:\/\/m8.mech.pk.edu.pl\/index.php\/wp-json\/wp\/v2\/comments?post=2206"}],"version-history":[{"count":1,"href":"https:\/\/m8.mech.pk.edu.pl\/index.php\/wp-json\/wp\/v2\/posts\/2206\/revisions"}],"predecessor-version":[{"id":2208,"href":"https:\/\/m8.mech.pk.edu.pl\/index.php\/wp-json\/wp\/v2\/posts\/2206\/revisions\/2208"}],"wp:featuredmedia":[{"embeddable":true,"href":"https:\/\/m8.mech.pk.edu.pl\/index.php\/wp-json\/wp\/v2\/media\/2207"}],"wp:attachment":[{"href":"https:\/\/m8.mech.pk.edu.pl\/index.php\/wp-json\/wp\/v2\/media?parent=2206"}],"wp:term":[{"taxonomy":"category","embeddable":true,"href":"https:\/\/m8.mech.pk.edu.pl\/index.php\/wp-json\/wp\/v2\/categories?post=2206"},{"taxonomy":"post_tag","embeddable":true,"href":"https:\/\/m8.mech.pk.edu.pl\/index.php\/wp-json\/wp\/v2\/tags?post=2206"}],"curies":[{"name":"wp","href":"https:\/\/api.w.org\/{rel}","templated":true}]}}