{"id":2150,"date":"2021-05-25T07:51:32","date_gmt":"2021-05-25T05:51:32","guid":{"rendered":"https:\/\/m8.mech.pk.edu.pl\/?p=2150"},"modified":"2021-05-25T08:06:24","modified_gmt":"2021-05-25T06:06:24","slug":"aktywnosc-kola-naukowego-transport","status":"publish","type":"post","link":"https:\/\/m8.mech.pk.edu.pl\/index.php\/2021\/05\/25\/aktywnosc-kola-naukowego-transport\/","title":{"rendered":"Aktywno\u015b\u0107 ko\u0142a naukowego &#8222;Transport&#8221;"},"content":{"rendered":"\n<p>W dniu 20.05.2021 r. przedstawiciele Ko\u0142a Naukowego &#8222;Transport&#8221; z <a href=\"https:\/\/www.facebook.com\/mechpk\/?__cft__%5b0%5d=AZU6THL7pwvv66b1DJaNh2cOh3GlcXnXEZkcvfYKPh7m6MhFFL2UPZ-YuPNBvs-cN1P-XuyOUfW445Ppj_tbEejmWC4LA9nZfYNLwMDvAkzK2O24lfstcTEQxyqfxONU5ceLvbv2LBBXnNdvyMrMyWFRmiGC_bG1qoCPG7S23A4GwjGepLw9A-Pas4b8wQf5gfQ&amp;__tn__=kK-R\">Wydzia\u0142u Mechanicznego PK<\/a> wzi\u0119li udzia\u0142 w IV edycji Og\u00f3lnopolskiej Konferencji Naukowo &#8211; Technicznej \u201eTransport Kolejowy 2021 Przesz\u0142o\u015b\u0107 \u2013 Tera\u017aniejszo\u015b\u0107 \u2013 Przysz\u0142o\u015b\u0107\u201d organizowanej przez Prezesa Urz\u0119du Transportu Kolejowego.<\/p>\n\n\n\n<!--more-->\n\n\n\n<p>W sesji plakatowej konferencji zosta\u0142 przedstawiony plakat autorstwa <a href=\"https:\/\/www.facebook.com\/dorota.zawadzka.184?__cft__%5b0%5d=AZU6THL7pwvv66b1DJaNh2cOh3GlcXnXEZkcvfYKPh7m6MhFFL2UPZ-YuPNBvs-cN1P-XuyOUfW445Ppj_tbEejmWC4LA9nZfYNLwMDvAkzK2O24lfstcTEQxyqfxONU5ceLvbv2LBBXnNdvyMrMyWFRmiGC_bG1qoCPG7S23A4GwjGepLw9A-Pas4b8wQf5gfQ&amp;__tn__=-%5dK-R\">Doroty Zawadzkiej <\/a>oraz Jana Strojnego na temat \u201ePor\u00f3wnanie system\u00f3w zasilania kolejowej sieci trakcyjnej w Europie\u201d.<\/p>\n\n\n\n<p>Natomiast w sesji plenarnej <a href=\"https:\/\/www.facebook.com\/gajosek26?__cft__%5b0%5d=AZU6THL7pwvv66b1DJaNh2cOh3GlcXnXEZkcvfYKPh7m6MhFFL2UPZ-YuPNBvs-cN1P-XuyOUfW445Ppj_tbEejmWC4LA9nZfYNLwMDvAkzK2O24lfstcTEQxyqfxONU5ceLvbv2LBBXnNdvyMrMyWFRmiGC_bG1qoCPG7S23A4GwjGepLw9A-Pas4b8wQf5gfQ&amp;__tn__=-%5dK-R\">Pawe\u0142 Gajos<\/a> oraz Micha\u0142 Knefel wyg\u0142osili referat pod tytu\u0142em \u201eTabor pi\u0119trowy, niewykorzystany potencja\u0142 polskiej kolei\u201d, kt\u00f3ry zosta\u0142 wyr\u00f3\u017cniony przez Komitet Naukowy Konferencji.<\/p>\n\n\n\n<p>Serdecznie Gratulujemy!!!<\/p>\n\n\n\n<p><strong>Wi\u0119cej o wydarzeniu:<a href=\"https:\/\/utk.gov.pl\/pl\/aktualnosci\/17380,IV-Ogolnopolska-Konferencja-Naukowo-Techniczna.html?fbclid=IwAR1Rv5kxnmfwBebufGaJiOY4bUbAp3W7WHKMGhl1-f3-3q-IEfCeOx1_jvM\">https:\/\/utk.gov.pl\/pl\/aktualnosci\/17380,IV-Ogolnopolska-Konferencja-Naukowo-Techniczna.html?fbclid=IwAR1Rv5kxnmfwBebufGaJiOY4bUbAp3W7WHKMGhl1-f3-3q-IEfCeOx1_jvM<\/a><\/strong><\/p>\n\n\n\n<div style=\"height:50px\" aria-hidden=\"true\" class=\"wp-block-spacer\"><\/div>\n\n\n\n<figure class=\"wp-block-gallery aligncenter columns-1 is-cropped wp-block-gallery-1 is-layout-flex wp-block-gallery-is-layout-flex\"><ul class=\"blocks-gallery-grid\"><li class=\"blocks-gallery-item\"><figure><a href=\"https:\/\/m8.mech.pk.edu.pl\/wp-content\/uploads\/2021\/05\/Gajos_Knefel.png\"><img loading=\"lazy\" decoding=\"async\" width=\"1024\" height=\"558\" src=\"https:\/\/m8.mech.pk.edu.pl\/wp-content\/uploads\/2021\/05\/Gajos_Knefel-1024x558.png\" alt=\"\" data-id=\"2151\" data-full-url=\"https:\/\/m8.mech.pk.edu.pl\/wp-content\/uploads\/2021\/05\/Gajos_Knefel.png\" data-link=\"https:\/\/m8.mech.pk.edu.pl\/?attachment_id=2151\" class=\"wp-image-2151\" srcset=\"https:\/\/m8.mech.pk.edu.pl\/wp-content\/uploads\/2021\/05\/Gajos_Knefel-1024x558.png 1024w, https:\/\/m8.mech.pk.edu.pl\/wp-content\/uploads\/2021\/05\/Gajos_Knefel-300x163.png 300w, https:\/\/m8.mech.pk.edu.pl\/wp-content\/uploads\/2021\/05\/Gajos_Knefel-768x418.png 768w, https:\/\/m8.mech.pk.edu.pl\/wp-content\/uploads\/2021\/05\/Gajos_Knefel.png 1449w\" sizes=\"auto, (max-width: 1024px) 100vw, 1024px\" \/><\/a><\/figure><\/li><li class=\"blocks-gallery-item\"><figure><a href=\"https:\/\/m8.mech.pk.edu.pl\/wp-content\/uploads\/2021\/05\/Zawadzka_Strojny.png\"><img loading=\"lazy\" decoding=\"async\" width=\"1024\" height=\"726\" src=\"https:\/\/m8.mech.pk.edu.pl\/wp-content\/uploads\/2021\/05\/Zawadzka_Strojny-1024x726.png\" alt=\"\" data-id=\"2152\" data-full-url=\"https:\/\/m8.mech.pk.edu.pl\/wp-content\/uploads\/2021\/05\/Zawadzka_Strojny.png\" data-link=\"https:\/\/m8.mech.pk.edu.pl\/?attachment_id=2152\" class=\"wp-image-2152\" srcset=\"https:\/\/m8.mech.pk.edu.pl\/wp-content\/uploads\/2021\/05\/Zawadzka_Strojny-1024x726.png 1024w, https:\/\/m8.mech.pk.edu.pl\/wp-content\/uploads\/2021\/05\/Zawadzka_Strojny-300x213.png 300w, https:\/\/m8.mech.pk.edu.pl\/wp-content\/uploads\/2021\/05\/Zawadzka_Strojny-768x545.png 768w, https:\/\/m8.mech.pk.edu.pl\/wp-content\/uploads\/2021\/05\/Zawadzka_Strojny.png 1268w\" sizes=\"auto, (max-width: 1024px) 100vw, 1024px\" \/><\/a><\/figure><\/li><\/ul><\/figure>\n","protected":false},"excerpt":{"rendered":"<p>W dniu 20.05.2021 r. przedstawiciele Ko\u0142a Naukowego &#8222;Transport&#8221; z Wydzia\u0142u Mechanicznego PK wzi\u0119li udzia\u0142 w IV edycji Og\u00f3lnopolskiej Konferencji Naukowo &#8211; Technicznej \u201eTransport Kolejowy 2021 Przesz\u0142o\u015b\u0107 \u2013 Tera\u017aniejszo\u015b\u0107 \u2013 Przysz\u0142o\u015b\u0107\u201d organizowanej przez Prezesa Urz\u0119du Transportu Kolejowego.<\/p>\n","protected":false},"author":1,"featured_media":2159,"comment_status":"closed","ping_status":"open","sticky":false,"template":"","format":"standard","meta":{"footnotes":""},"categories":[1],"tags":[],"class_list":["post-2150","post","type-post","status-publish","format-standard","has-post-thumbnail","hentry","category-bez-kategorii"],"yoast_head":"<!-- This site is optimized with the Yoast SEO plugin v27.5 - https:\/\/yoast.com\/product\/yoast-seo-wordpress\/ -->\n<title>Aktywno\u015b\u0107 ko\u0142a naukowego &quot;Transport&quot; - Katedra Pojazd\u00f3w Szynowych i Transportu<\/title>\n<meta name=\"robots\" content=\"index, follow, max-snippet:-1, max-image-preview:large, max-video-preview:-1\" \/>\n<link rel=\"canonical\" href=\"https:\/\/m8.mech.pk.edu.pl\/index.php\/2021\/05\/25\/aktywnosc-kola-naukowego-transport\/\" \/>\n<meta property=\"og:locale\" content=\"pl_PL\" \/>\n<meta property=\"og:type\" content=\"article\" \/>\n<meta property=\"og:title\" content=\"Aktywno\u015b\u0107 ko\u0142a naukowego &quot;Transport&quot; - Katedra Pojazd\u00f3w Szynowych i Transportu\" \/>\n<meta property=\"og:description\" content=\"W dniu 20.05.2021 r. przedstawiciele Ko\u0142a Naukowego &#8222;Transport&#8221; z Wydzia\u0142u Mechanicznego PK wzi\u0119li udzia\u0142 w IV edycji Og\u00f3lnopolskiej Konferencji Naukowo &#8211; Technicznej \u201eTransport Kolejowy 2021 Przesz\u0142o\u015b\u0107 \u2013 Tera\u017aniejszo\u015b\u0107 \u2013 Przysz\u0142o\u015b\u0107\u201d organizowanej przez Prezesa Urz\u0119du Transportu Kolejowego.\" \/>\n<meta property=\"og:url\" content=\"https:\/\/m8.mech.pk.edu.pl\/index.php\/2021\/05\/25\/aktywnosc-kola-naukowego-transport\/\" \/>\n<meta property=\"og:site_name\" content=\"Katedra Pojazd\u00f3w Szynowych i Transportu\" \/>\n<meta property=\"article:publisher\" content=\"https:\/\/facebook.com\/KPSzTPK\" \/>\n<meta property=\"article:published_time\" content=\"2021-05-25T05:51:32+00:00\" \/>\n<meta property=\"article:modified_time\" content=\"2021-05-25T06:06:24+00:00\" \/>\n<meta property=\"og:image\" content=\"https:\/\/m8.mech.pk.edu.pl\/wp-content\/uploads\/2021\/05\/pobrane.jpg\" \/>\n\t<meta property=\"og:image:width\" content=\"240\" \/>\n\t<meta property=\"og:image:height\" content=\"210\" \/>\n\t<meta property=\"og:image:type\" content=\"image\/jpeg\" \/>\n<meta name=\"author\" content=\"Rafa\u0142\" \/>\n<meta name=\"twitter:card\" content=\"summary_large_image\" \/>\n<meta name=\"twitter:label1\" content=\"Napisane przez\" \/>\n\t<meta name=\"twitter:data1\" content=\"Rafa\u0142\" \/>\n\t<meta name=\"twitter:label2\" content=\"Szacowany czas czytania\" \/>\n\t<meta name=\"twitter:data2\" content=\"1 minuta\" \/>\n<script type=\"application\/ld+json\" class=\"yoast-schema-graph\">{\"@context\":\"https:\\\/\\\/schema.org\",\"@graph\":[{\"@type\":\"Article\",\"@id\":\"https:\\\/\\\/m8.mech.pk.edu.pl\\\/index.php\\\/2021\\\/05\\\/25\\\/aktywnosc-kola-naukowego-transport\\\/#article\",\"isPartOf\":{\"@id\":\"https:\\\/\\\/m8.mech.pk.edu.pl\\\/index.php\\\/2021\\\/05\\\/25\\\/aktywnosc-kola-naukowego-transport\\\/\"},\"author\":{\"name\":\"Rafa\u0142\",\"@id\":\"https:\\\/\\\/m8.mech.pk.edu.pl\\\/#\\\/schema\\\/person\\\/3b5511cf6f7f9280c1bd99bc362480b0\"},\"headline\":\"Aktywno\u015b\u0107 ko\u0142a naukowego &#8222;Transport&#8221;\",\"datePublished\":\"2021-05-25T05:51:32+00:00\",\"dateModified\":\"2021-05-25T06:06:24+00:00\",\"mainEntityOfPage\":{\"@id\":\"https:\\\/\\\/m8.mech.pk.edu.pl\\\/index.php\\\/2021\\\/05\\\/25\\\/aktywnosc-kola-naukowego-transport\\\/\"},\"wordCount\":126,\"publisher\":{\"@id\":\"https:\\\/\\\/m8.mech.pk.edu.pl\\\/#organization\"},\"image\":{\"@id\":\"https:\\\/\\\/m8.mech.pk.edu.pl\\\/index.php\\\/2021\\\/05\\\/25\\\/aktywnosc-kola-naukowego-transport\\\/#primaryimage\"},\"thumbnailUrl\":\"https:\\\/\\\/m8.mech.pk.edu.pl\\\/wp-content\\\/uploads\\\/2021\\\/05\\\/pobrane.jpg\",\"inLanguage\":\"pl-PL\"},{\"@type\":\"WebPage\",\"@id\":\"https:\\\/\\\/m8.mech.pk.edu.pl\\\/index.php\\\/2021\\\/05\\\/25\\\/aktywnosc-kola-naukowego-transport\\\/\",\"url\":\"https:\\\/\\\/m8.mech.pk.edu.pl\\\/index.php\\\/2021\\\/05\\\/25\\\/aktywnosc-kola-naukowego-transport\\\/\",\"name\":\"Aktywno\u015b\u0107 ko\u0142a naukowego \\\"Transport\\\" - Katedra Pojazd\u00f3w Szynowych i Transportu\",\"isPartOf\":{\"@id\":\"https:\\\/\\\/m8.mech.pk.edu.pl\\\/#website\"},\"primaryImageOfPage\":{\"@id\":\"https:\\\/\\\/m8.mech.pk.edu.pl\\\/index.php\\\/2021\\\/05\\\/25\\\/aktywnosc-kola-naukowego-transport\\\/#primaryimage\"},\"image\":{\"@id\":\"https:\\\/\\\/m8.mech.pk.edu.pl\\\/index.php\\\/2021\\\/05\\\/25\\\/aktywnosc-kola-naukowego-transport\\\/#primaryimage\"},\"thumbnailUrl\":\"https:\\\/\\\/m8.mech.pk.edu.pl\\\/wp-content\\\/uploads\\\/2021\\\/05\\\/pobrane.jpg\",\"datePublished\":\"2021-05-25T05:51:32+00:00\",\"dateModified\":\"2021-05-25T06:06:24+00:00\",\"breadcrumb\":{\"@id\":\"https:\\\/\\\/m8.mech.pk.edu.pl\\\/index.php\\\/2021\\\/05\\\/25\\\/aktywnosc-kola-naukowego-transport\\\/#breadcrumb\"},\"inLanguage\":\"pl-PL\",\"potentialAction\":[{\"@type\":\"ReadAction\",\"target\":[\"https:\\\/\\\/m8.mech.pk.edu.pl\\\/index.php\\\/2021\\\/05\\\/25\\\/aktywnosc-kola-naukowego-transport\\\/\"]}]},{\"@type\":\"ImageObject\",\"inLanguage\":\"pl-PL\",\"@id\":\"https:\\\/\\\/m8.mech.pk.edu.pl\\\/index.php\\\/2021\\\/05\\\/25\\\/aktywnosc-kola-naukowego-transport\\\/#primaryimage\",\"url\":\"https:\\\/\\\/m8.mech.pk.edu.pl\\\/wp-content\\\/uploads\\\/2021\\\/05\\\/pobrane.jpg\",\"contentUrl\":\"https:\\\/\\\/m8.mech.pk.edu.pl\\\/wp-content\\\/uploads\\\/2021\\\/05\\\/pobrane.jpg\",\"width\":240,\"height\":210},{\"@type\":\"BreadcrumbList\",\"@id\":\"https:\\\/\\\/m8.mech.pk.edu.pl\\\/index.php\\\/2021\\\/05\\\/25\\\/aktywnosc-kola-naukowego-transport\\\/#breadcrumb\",\"itemListElement\":[{\"@type\":\"ListItem\",\"position\":1,\"name\":\"Strona g\u0142\u00f3wna\",\"item\":\"https:\\\/\\\/m8.mech.pk.edu.pl\\\/\"},{\"@type\":\"ListItem\",\"position\":2,\"name\":\"Aktywno\u015b\u0107 ko\u0142a naukowego &#8222;Transport&#8221;\"}]},{\"@type\":\"WebSite\",\"@id\":\"https:\\\/\\\/m8.mech.pk.edu.pl\\\/#website\",\"url\":\"https:\\\/\\\/m8.mech.pk.edu.pl\\\/\",\"name\":\"Katedra Pojazd\u00f3w Szynowych i Transportu\",\"description\":\"Katedra Pojazd\u00f3w Szynowych i Transportu Politechniki Krakowskiej na Wydziale Mechanicznym\",\"publisher\":{\"@id\":\"https:\\\/\\\/m8.mech.pk.edu.pl\\\/#organization\"},\"potentialAction\":[{\"@type\":\"SearchAction\",\"target\":{\"@type\":\"EntryPoint\",\"urlTemplate\":\"https:\\\/\\\/m8.mech.pk.edu.pl\\\/?s={search_term_string}\"},\"query-input\":{\"@type\":\"PropertyValueSpecification\",\"valueRequired\":true,\"valueName\":\"search_term_string\"}}],\"inLanguage\":\"pl-PL\"},{\"@type\":\"Organization\",\"@id\":\"https:\\\/\\\/m8.mech.pk.edu.pl\\\/#organization\",\"name\":\"Katedra Pojazd\u00f3w Szynowych\",\"url\":\"https:\\\/\\\/m8.mech.pk.edu.pl\\\/\",\"logo\":{\"@type\":\"ImageObject\",\"inLanguage\":\"pl-PL\",\"@id\":\"https:\\\/\\\/m8.mech.pk.edu.pl\\\/#\\\/schema\\\/logo\\\/image\\\/\",\"url\":\"https:\\\/\\\/m8.mech.pk.edu.pl\\\/wp-content\\\/uploads\\\/2021\\\/01\\\/logo-mail-kpsit.png\",\"contentUrl\":\"https:\\\/\\\/m8.mech.pk.edu.pl\\\/wp-content\\\/uploads\\\/2021\\\/01\\\/logo-mail-kpsit.png\",\"width\":300,\"height\":119,\"caption\":\"Katedra Pojazd\u00f3w Szynowych\"},\"image\":{\"@id\":\"https:\\\/\\\/m8.mech.pk.edu.pl\\\/#\\\/schema\\\/logo\\\/image\\\/\"},\"sameAs\":[\"https:\\\/\\\/facebook.com\\\/KPSzTPK\",\"https:\\\/\\\/www.youtube.com\\\/channel\\\/UCen3PQ3fl3ry92o_lHkyVaQ\"]},{\"@type\":\"Person\",\"@id\":\"https:\\\/\\\/m8.mech.pk.edu.pl\\\/#\\\/schema\\\/person\\\/3b5511cf6f7f9280c1bd99bc362480b0\",\"name\":\"Rafa\u0142\",\"image\":{\"@type\":\"ImageObject\",\"inLanguage\":\"pl-PL\",\"@id\":\"https:\\\/\\\/secure.gravatar.com\\\/avatar\\\/8e9c17f2eb0d64a51c937221d111e08df2f3a6fafdb5fa07d5aef9e5e9c39e51?s=96&d=mm&r=g\",\"url\":\"https:\\\/\\\/secure.gravatar.com\\\/avatar\\\/8e9c17f2eb0d64a51c937221d111e08df2f3a6fafdb5fa07d5aef9e5e9c39e51?s=96&d=mm&r=g\",\"contentUrl\":\"https:\\\/\\\/secure.gravatar.com\\\/avatar\\\/8e9c17f2eb0d64a51c937221d111e08df2f3a6fafdb5fa07d5aef9e5e9c39e51?s=96&d=mm&r=g\",\"caption\":\"Rafa\u0142\"},\"sameAs\":[\"http:\\\/\\\/149.156.155.135\"]}]}<\/script>\n<!-- \/ Yoast SEO plugin. -->","yoast_head_json":{"title":"Aktywno\u015b\u0107 ko\u0142a naukowego \"Transport\" - Katedra Pojazd\u00f3w Szynowych i Transportu","robots":{"index":"index","follow":"follow","max-snippet":"max-snippet:-1","max-image-preview":"max-image-preview:large","max-video-preview":"max-video-preview:-1"},"canonical":"https:\/\/m8.mech.pk.edu.pl\/index.php\/2021\/05\/25\/aktywnosc-kola-naukowego-transport\/","og_locale":"pl_PL","og_type":"article","og_title":"Aktywno\u015b\u0107 ko\u0142a naukowego \"Transport\" - Katedra Pojazd\u00f3w Szynowych i Transportu","og_description":"W dniu 20.05.2021 r. przedstawiciele Ko\u0142a Naukowego &#8222;Transport&#8221; z Wydzia\u0142u Mechanicznego PK wzi\u0119li udzia\u0142 w IV edycji Og\u00f3lnopolskiej Konferencji Naukowo &#8211; Technicznej \u201eTransport Kolejowy 2021 Przesz\u0142o\u015b\u0107 \u2013 Tera\u017aniejszo\u015b\u0107 \u2013 Przysz\u0142o\u015b\u0107\u201d organizowanej przez Prezesa Urz\u0119du Transportu Kolejowego.","og_url":"https:\/\/m8.mech.pk.edu.pl\/index.php\/2021\/05\/25\/aktywnosc-kola-naukowego-transport\/","og_site_name":"Katedra Pojazd\u00f3w Szynowych i Transportu","article_publisher":"https:\/\/facebook.com\/KPSzTPK","article_published_time":"2021-05-25T05:51:32+00:00","article_modified_time":"2021-05-25T06:06:24+00:00","og_image":[{"width":240,"height":210,"url":"https:\/\/m8.mech.pk.edu.pl\/wp-content\/uploads\/2021\/05\/pobrane.jpg","type":"image\/jpeg"}],"author":"Rafa\u0142","twitter_card":"summary_large_image","twitter_misc":{"Napisane przez":"Rafa\u0142","Szacowany czas czytania":"1 minuta"},"schema":{"@context":"https:\/\/schema.org","@graph":[{"@type":"Article","@id":"https:\/\/m8.mech.pk.edu.pl\/index.php\/2021\/05\/25\/aktywnosc-kola-naukowego-transport\/#article","isPartOf":{"@id":"https:\/\/m8.mech.pk.edu.pl\/index.php\/2021\/05\/25\/aktywnosc-kola-naukowego-transport\/"},"author":{"name":"Rafa\u0142","@id":"https:\/\/m8.mech.pk.edu.pl\/#\/schema\/person\/3b5511cf6f7f9280c1bd99bc362480b0"},"headline":"Aktywno\u015b\u0107 ko\u0142a naukowego &#8222;Transport&#8221;","datePublished":"2021-05-25T05:51:32+00:00","dateModified":"2021-05-25T06:06:24+00:00","mainEntityOfPage":{"@id":"https:\/\/m8.mech.pk.edu.pl\/index.php\/2021\/05\/25\/aktywnosc-kola-naukowego-transport\/"},"wordCount":126,"publisher":{"@id":"https:\/\/m8.mech.pk.edu.pl\/#organization"},"image":{"@id":"https:\/\/m8.mech.pk.edu.pl\/index.php\/2021\/05\/25\/aktywnosc-kola-naukowego-transport\/#primaryimage"},"thumbnailUrl":"https:\/\/m8.mech.pk.edu.pl\/wp-content\/uploads\/2021\/05\/pobrane.jpg","inLanguage":"pl-PL"},{"@type":"WebPage","@id":"https:\/\/m8.mech.pk.edu.pl\/index.php\/2021\/05\/25\/aktywnosc-kola-naukowego-transport\/","url":"https:\/\/m8.mech.pk.edu.pl\/index.php\/2021\/05\/25\/aktywnosc-kola-naukowego-transport\/","name":"Aktywno\u015b\u0107 ko\u0142a naukowego \"Transport\" - Katedra Pojazd\u00f3w Szynowych i Transportu","isPartOf":{"@id":"https:\/\/m8.mech.pk.edu.pl\/#website"},"primaryImageOfPage":{"@id":"https:\/\/m8.mech.pk.edu.pl\/index.php\/2021\/05\/25\/aktywnosc-kola-naukowego-transport\/#primaryimage"},"image":{"@id":"https:\/\/m8.mech.pk.edu.pl\/index.php\/2021\/05\/25\/aktywnosc-kola-naukowego-transport\/#primaryimage"},"thumbnailUrl":"https:\/\/m8.mech.pk.edu.pl\/wp-content\/uploads\/2021\/05\/pobrane.jpg","datePublished":"2021-05-25T05:51:32+00:00","dateModified":"2021-05-25T06:06:24+00:00","breadcrumb":{"@id":"https:\/\/m8.mech.pk.edu.pl\/index.php\/2021\/05\/25\/aktywnosc-kola-naukowego-transport\/#breadcrumb"},"inLanguage":"pl-PL","potentialAction":[{"@type":"ReadAction","target":["https:\/\/m8.mech.pk.edu.pl\/index.php\/2021\/05\/25\/aktywnosc-kola-naukowego-transport\/"]}]},{"@type":"ImageObject","inLanguage":"pl-PL","@id":"https:\/\/m8.mech.pk.edu.pl\/index.php\/2021\/05\/25\/aktywnosc-kola-naukowego-transport\/#primaryimage","url":"https:\/\/m8.mech.pk.edu.pl\/wp-content\/uploads\/2021\/05\/pobrane.jpg","contentUrl":"https:\/\/m8.mech.pk.edu.pl\/wp-content\/uploads\/2021\/05\/pobrane.jpg","width":240,"height":210},{"@type":"BreadcrumbList","@id":"https:\/\/m8.mech.pk.edu.pl\/index.php\/2021\/05\/25\/aktywnosc-kola-naukowego-transport\/#breadcrumb","itemListElement":[{"@type":"ListItem","position":1,"name":"Strona g\u0142\u00f3wna","item":"https:\/\/m8.mech.pk.edu.pl\/"},{"@type":"ListItem","position":2,"name":"Aktywno\u015b\u0107 ko\u0142a naukowego &#8222;Transport&#8221;"}]},{"@type":"WebSite","@id":"https:\/\/m8.mech.pk.edu.pl\/#website","url":"https:\/\/m8.mech.pk.edu.pl\/","name":"Katedra Pojazd\u00f3w Szynowych i Transportu","description":"Katedra Pojazd\u00f3w Szynowych i Transportu Politechniki Krakowskiej na Wydziale Mechanicznym","publisher":{"@id":"https:\/\/m8.mech.pk.edu.pl\/#organization"},"potentialAction":[{"@type":"SearchAction","target":{"@type":"EntryPoint","urlTemplate":"https:\/\/m8.mech.pk.edu.pl\/?s={search_term_string}"},"query-input":{"@type":"PropertyValueSpecification","valueRequired":true,"valueName":"search_term_string"}}],"inLanguage":"pl-PL"},{"@type":"Organization","@id":"https:\/\/m8.mech.pk.edu.pl\/#organization","name":"Katedra Pojazd\u00f3w Szynowych","url":"https:\/\/m8.mech.pk.edu.pl\/","logo":{"@type":"ImageObject","inLanguage":"pl-PL","@id":"https:\/\/m8.mech.pk.edu.pl\/#\/schema\/logo\/image\/","url":"https:\/\/m8.mech.pk.edu.pl\/wp-content\/uploads\/2021\/01\/logo-mail-kpsit.png","contentUrl":"https:\/\/m8.mech.pk.edu.pl\/wp-content\/uploads\/2021\/01\/logo-mail-kpsit.png","width":300,"height":119,"caption":"Katedra Pojazd\u00f3w Szynowych"},"image":{"@id":"https:\/\/m8.mech.pk.edu.pl\/#\/schema\/logo\/image\/"},"sameAs":["https:\/\/facebook.com\/KPSzTPK","https:\/\/www.youtube.com\/channel\/UCen3PQ3fl3ry92o_lHkyVaQ"]},{"@type":"Person","@id":"https:\/\/m8.mech.pk.edu.pl\/#\/schema\/person\/3b5511cf6f7f9280c1bd99bc362480b0","name":"Rafa\u0142","image":{"@type":"ImageObject","inLanguage":"pl-PL","@id":"https:\/\/secure.gravatar.com\/avatar\/8e9c17f2eb0d64a51c937221d111e08df2f3a6fafdb5fa07d5aef9e5e9c39e51?s=96&d=mm&r=g","url":"https:\/\/secure.gravatar.com\/avatar\/8e9c17f2eb0d64a51c937221d111e08df2f3a6fafdb5fa07d5aef9e5e9c39e51?s=96&d=mm&r=g","contentUrl":"https:\/\/secure.gravatar.com\/avatar\/8e9c17f2eb0d64a51c937221d111e08df2f3a6fafdb5fa07d5aef9e5e9c39e51?s=96&d=mm&r=g","caption":"Rafa\u0142"},"sameAs":["http:\/\/149.156.155.135"]}]}},"_links":{"self":[{"href":"https:\/\/m8.mech.pk.edu.pl\/index.php\/wp-json\/wp\/v2\/posts\/2150","targetHints":{"allow":["GET"]}}],"collection":[{"href":"https:\/\/m8.mech.pk.edu.pl\/index.php\/wp-json\/wp\/v2\/posts"}],"about":[{"href":"https:\/\/m8.mech.pk.edu.pl\/index.php\/wp-json\/wp\/v2\/types\/post"}],"author":[{"embeddable":true,"href":"https:\/\/m8.mech.pk.edu.pl\/index.php\/wp-json\/wp\/v2\/users\/1"}],"replies":[{"embeddable":true,"href":"https:\/\/m8.mech.pk.edu.pl\/index.php\/wp-json\/wp\/v2\/comments?post=2150"}],"version-history":[{"count":8,"href":"https:\/\/m8.mech.pk.edu.pl\/index.php\/wp-json\/wp\/v2\/posts\/2150\/revisions"}],"predecessor-version":[{"id":2168,"href":"https:\/\/m8.mech.pk.edu.pl\/index.php\/wp-json\/wp\/v2\/posts\/2150\/revisions\/2168"}],"wp:featuredmedia":[{"embeddable":true,"href":"https:\/\/m8.mech.pk.edu.pl\/index.php\/wp-json\/wp\/v2\/media\/2159"}],"wp:attachment":[{"href":"https:\/\/m8.mech.pk.edu.pl\/index.php\/wp-json\/wp\/v2\/media?parent=2150"}],"wp:term":[{"taxonomy":"category","embeddable":true,"href":"https:\/\/m8.mech.pk.edu.pl\/index.php\/wp-json\/wp\/v2\/categories?post=2150"},{"taxonomy":"post_tag","embeddable":true,"href":"https:\/\/m8.mech.pk.edu.pl\/index.php\/wp-json\/wp\/v2\/tags?post=2150"}],"curies":[{"name":"wp","href":"https:\/\/api.w.org\/{rel}","templated":true}]}}