{"id":2121,"date":"2021-04-15T21:46:56","date_gmt":"2021-04-15T19:46:56","guid":{"rendered":"https:\/\/m8.mech.pk.edu.pl\/?p=2121"},"modified":"2021-04-15T21:50:43","modified_gmt":"2021-04-15T19:50:43","slug":"konferencja-pojazdy-szynowe-doceniona-przez-komisje-europejska","status":"publish","type":"post","link":"https:\/\/m8.mech.pk.edu.pl\/index.php\/2021\/04\/15\/konferencja-pojazdy-szynowe-doceniona-przez-komisje-europejska\/","title":{"rendered":"Konferencja &#8222;Pojazdy Szynowe&#8221; doceniona przez Komisj\u0119 Europejsk\u0105"},"content":{"rendered":"\n<p>Z przyjemno\u015bci\u0105 informujemy, \u017ce XXIV Konferencja Naukowa <a href=\"https:\/\/pojazdy-szynowe.eu\">POJAZDY SZYNOWE<\/a>, organizowana przez nasz\u0105 Katedr\u0119, &nbsp; pod patronatem Rektora Politechniki Krakowskiej prof. dr hab. in\u017c. arch. Andrzeja Bia\u0142kiewicza, zosta\u0142a uznana przez Komisj\u0119 Europejsk\u0105 (DG MOVE) jako wydarzenie promuj\u0105ce Europejski Rok Kolei (szczeg\u00f3\u0142y <a href=\"https:\/\/europa.eu\/year-of-rail\/events\/24th-scientific-conference-rail-vehicles_en\">tutaj<\/a>). Jego celem jest promowanie kolei jako zr\u00f3wnowa\u017conego, inteligentnego i bezpiecznego \u015brodka transportu. Wzrost popularno\u015bci kolei mo\u017ce w du\u017cym stopniu przyczyni\u0107 si\u0119 do realizacji jednego z najwa\u017cniejszych cel\u00f3w zapisanych w Europejskim Zielonym \u0141adzie, czyli osi\u0105gni\u0119cia przez UE neutralno\u015bci klimatycznej do 2050 roku.<\/p>\n\n\n\n<!--more-->\n\n\n\n<p>Celem konferencji jest wymiana do\u015bwiadcze\u0144 w zakresie aktualnych problem\u00f3w badawczych realizowanych w jednostkach naukowych w Polsce, jak r\u00f3wnie\u017c prezentacja osi\u0105gni\u0119\u0107 i wyzwa\u0144 przedsi\u0119biorstw z bran\u017cy pojazd\u00f3w szynowych i transportu szynowego. Tematyka XXIV edycji Konferencji Naukowej POJAZDY SZYNOWE 2020 obejmuje szeroki zakres zagadnie\u0144 zwi\u0105zanych z transportem szynowym.<\/p>\n\n\n\n<p>Szczeg\u00f3\u0142owe informacje: <a href=\"https:\/\/pojazdy-szynowe.eu\/\" target=\"_blank\" rel=\"noreferrer noopener\">https:\/\/pojazdy-szynowe.eu<\/a><\/p>\n\n\n\n<figure class=\"wp-block-image size-large is-resized\"><img loading=\"lazy\" decoding=\"async\" src=\"https:\/\/m8.mech.pk.edu.pl\/wp-content\/uploads\/2021\/04\/ke-ps1-1024x369.jpg\" alt=\"\" class=\"wp-image-2122\" width=\"512\" height=\"185\" srcset=\"https:\/\/m8.mech.pk.edu.pl\/wp-content\/uploads\/2021\/04\/ke-ps1-1024x369.jpg 1024w, https:\/\/m8.mech.pk.edu.pl\/wp-content\/uploads\/2021\/04\/ke-ps1-300x108.jpg 300w, https:\/\/m8.mech.pk.edu.pl\/wp-content\/uploads\/2021\/04\/ke-ps1-768x276.jpg 768w, https:\/\/m8.mech.pk.edu.pl\/wp-content\/uploads\/2021\/04\/ke-ps1-1536x553.jpg 1536w, https:\/\/m8.mech.pk.edu.pl\/wp-content\/uploads\/2021\/04\/ke-ps1.jpg 1884w\" sizes=\"auto, (max-width: 512px) 100vw, 512px\" \/><\/figure>\n","protected":false},"excerpt":{"rendered":"<p>Z przyjemno\u015bci\u0105 informujemy, \u017ce XXIV Konferencja Naukowa POJAZDY SZYNOWE, organizowana przez nasz\u0105 Katedr\u0119, &nbsp; pod patronatem Rektora Politechniki Krakowskiej prof. dr hab. in\u017c. arch. Andrzeja Bia\u0142kiewicza, zosta\u0142a uznana przez Komisj\u0119 Europejsk\u0105 (DG MOVE) jako wydarzenie promuj\u0105ce Europejski Rok Kolei (szczeg\u00f3\u0142y tutaj). Jego celem jest promowanie kolei jako zr\u00f3wnowa\u017conego, inteligentnego i bezpiecznego \u015brodka transportu. Wzrost popularno\u015bci [&hellip;]<\/p>\n","protected":false},"author":5,"featured_media":2122,"comment_status":"closed","ping_status":"open","sticky":false,"template":"","format":"standard","meta":{"footnotes":""},"categories":[1],"tags":[],"class_list":["post-2121","post","type-post","status-publish","format-standard","has-post-thumbnail","hentry","category-bez-kategorii"],"yoast_head":"<!-- This site is optimized with the Yoast SEO plugin v27.5 - https:\/\/yoast.com\/product\/yoast-seo-wordpress\/ -->\n<title>Konferencja &quot;Pojazdy Szynowe&quot; doceniona przez Komisj\u0119 Europejsk\u0105 - Katedra Pojazd\u00f3w Szynowych i Transportu<\/title>\n<meta name=\"robots\" content=\"index, follow, max-snippet:-1, max-image-preview:large, max-video-preview:-1\" \/>\n<link rel=\"canonical\" href=\"https:\/\/m8.mech.pk.edu.pl\/index.php\/2021\/04\/15\/konferencja-pojazdy-szynowe-doceniona-przez-komisje-europejska\/\" \/>\n<meta property=\"og:locale\" content=\"pl_PL\" \/>\n<meta property=\"og:type\" content=\"article\" \/>\n<meta property=\"og:title\" content=\"Konferencja &quot;Pojazdy Szynowe&quot; doceniona przez Komisj\u0119 Europejsk\u0105 - Katedra Pojazd\u00f3w Szynowych i Transportu\" \/>\n<meta property=\"og:description\" content=\"Z przyjemno\u015bci\u0105 informujemy, \u017ce XXIV Konferencja Naukowa POJAZDY SZYNOWE, organizowana przez nasz\u0105 Katedr\u0119, &nbsp; pod patronatem Rektora Politechniki Krakowskiej prof. dr hab. in\u017c. arch. Andrzeja Bia\u0142kiewicza, zosta\u0142a uznana przez Komisj\u0119 Europejsk\u0105 (DG MOVE) jako wydarzenie promuj\u0105ce Europejski Rok Kolei (szczeg\u00f3\u0142y tutaj). Jego celem jest promowanie kolei jako zr\u00f3wnowa\u017conego, inteligentnego i bezpiecznego \u015brodka transportu. Wzrost popularno\u015bci [&hellip;]\" \/>\n<meta property=\"og:url\" content=\"https:\/\/m8.mech.pk.edu.pl\/index.php\/2021\/04\/15\/konferencja-pojazdy-szynowe-doceniona-przez-komisje-europejska\/\" \/>\n<meta property=\"og:site_name\" content=\"Katedra Pojazd\u00f3w Szynowych i Transportu\" \/>\n<meta property=\"article:publisher\" content=\"https:\/\/facebook.com\/KPSzTPK\" \/>\n<meta property=\"article:published_time\" content=\"2021-04-15T19:46:56+00:00\" \/>\n<meta property=\"article:modified_time\" content=\"2021-04-15T19:50:43+00:00\" \/>\n<meta property=\"og:image\" content=\"https:\/\/m8.mech.pk.edu.pl\/wp-content\/uploads\/2021\/04\/ke-ps1.jpg\" \/>\n\t<meta property=\"og:image:width\" content=\"1884\" \/>\n\t<meta property=\"og:image:height\" content=\"678\" \/>\n\t<meta property=\"og:image:type\" content=\"image\/jpeg\" \/>\n<meta name=\"author\" content=\"Maciej\" \/>\n<meta name=\"twitter:card\" content=\"summary_large_image\" \/>\n<meta name=\"twitter:label1\" content=\"Napisane przez\" \/>\n\t<meta name=\"twitter:data1\" content=\"Maciej\" \/>\n\t<meta name=\"twitter:label2\" content=\"Szacowany czas czytania\" \/>\n\t<meta name=\"twitter:data2\" content=\"1 minuta\" \/>\n<script type=\"application\/ld+json\" class=\"yoast-schema-graph\">{\"@context\":\"https:\\\/\\\/schema.org\",\"@graph\":[{\"@type\":\"Article\",\"@id\":\"https:\\\/\\\/m8.mech.pk.edu.pl\\\/index.php\\\/2021\\\/04\\\/15\\\/konferencja-pojazdy-szynowe-doceniona-przez-komisje-europejska\\\/#article\",\"isPartOf\":{\"@id\":\"https:\\\/\\\/m8.mech.pk.edu.pl\\\/index.php\\\/2021\\\/04\\\/15\\\/konferencja-pojazdy-szynowe-doceniona-przez-komisje-europejska\\\/\"},\"author\":{\"name\":\"Maciej\",\"@id\":\"https:\\\/\\\/m8.mech.pk.edu.pl\\\/#\\\/schema\\\/person\\\/d8f6c9a11add49a79e366c6d4261d14e\"},\"headline\":\"Konferencja &#8222;Pojazdy Szynowe&#8221; doceniona przez Komisj\u0119 Europejsk\u0105\",\"datePublished\":\"2021-04-15T19:46:56+00:00\",\"dateModified\":\"2021-04-15T19:50:43+00:00\",\"mainEntityOfPage\":{\"@id\":\"https:\\\/\\\/m8.mech.pk.edu.pl\\\/index.php\\\/2021\\\/04\\\/15\\\/konferencja-pojazdy-szynowe-doceniona-przez-komisje-europejska\\\/\"},\"wordCount\":162,\"publisher\":{\"@id\":\"https:\\\/\\\/m8.mech.pk.edu.pl\\\/#organization\"},\"image\":{\"@id\":\"https:\\\/\\\/m8.mech.pk.edu.pl\\\/index.php\\\/2021\\\/04\\\/15\\\/konferencja-pojazdy-szynowe-doceniona-przez-komisje-europejska\\\/#primaryimage\"},\"thumbnailUrl\":\"https:\\\/\\\/m8.mech.pk.edu.pl\\\/wp-content\\\/uploads\\\/2021\\\/04\\\/ke-ps1.jpg\",\"inLanguage\":\"pl-PL\"},{\"@type\":\"WebPage\",\"@id\":\"https:\\\/\\\/m8.mech.pk.edu.pl\\\/index.php\\\/2021\\\/04\\\/15\\\/konferencja-pojazdy-szynowe-doceniona-przez-komisje-europejska\\\/\",\"url\":\"https:\\\/\\\/m8.mech.pk.edu.pl\\\/index.php\\\/2021\\\/04\\\/15\\\/konferencja-pojazdy-szynowe-doceniona-przez-komisje-europejska\\\/\",\"name\":\"Konferencja \\\"Pojazdy Szynowe\\\" doceniona przez Komisj\u0119 Europejsk\u0105 - Katedra Pojazd\u00f3w Szynowych i Transportu\",\"isPartOf\":{\"@id\":\"https:\\\/\\\/m8.mech.pk.edu.pl\\\/#website\"},\"primaryImageOfPage\":{\"@id\":\"https:\\\/\\\/m8.mech.pk.edu.pl\\\/index.php\\\/2021\\\/04\\\/15\\\/konferencja-pojazdy-szynowe-doceniona-przez-komisje-europejska\\\/#primaryimage\"},\"image\":{\"@id\":\"https:\\\/\\\/m8.mech.pk.edu.pl\\\/index.php\\\/2021\\\/04\\\/15\\\/konferencja-pojazdy-szynowe-doceniona-przez-komisje-europejska\\\/#primaryimage\"},\"thumbnailUrl\":\"https:\\\/\\\/m8.mech.pk.edu.pl\\\/wp-content\\\/uploads\\\/2021\\\/04\\\/ke-ps1.jpg\",\"datePublished\":\"2021-04-15T19:46:56+00:00\",\"dateModified\":\"2021-04-15T19:50:43+00:00\",\"breadcrumb\":{\"@id\":\"https:\\\/\\\/m8.mech.pk.edu.pl\\\/index.php\\\/2021\\\/04\\\/15\\\/konferencja-pojazdy-szynowe-doceniona-przez-komisje-europejska\\\/#breadcrumb\"},\"inLanguage\":\"pl-PL\",\"potentialAction\":[{\"@type\":\"ReadAction\",\"target\":[\"https:\\\/\\\/m8.mech.pk.edu.pl\\\/index.php\\\/2021\\\/04\\\/15\\\/konferencja-pojazdy-szynowe-doceniona-przez-komisje-europejska\\\/\"]}]},{\"@type\":\"ImageObject\",\"inLanguage\":\"pl-PL\",\"@id\":\"https:\\\/\\\/m8.mech.pk.edu.pl\\\/index.php\\\/2021\\\/04\\\/15\\\/konferencja-pojazdy-szynowe-doceniona-przez-komisje-europejska\\\/#primaryimage\",\"url\":\"https:\\\/\\\/m8.mech.pk.edu.pl\\\/wp-content\\\/uploads\\\/2021\\\/04\\\/ke-ps1.jpg\",\"contentUrl\":\"https:\\\/\\\/m8.mech.pk.edu.pl\\\/wp-content\\\/uploads\\\/2021\\\/04\\\/ke-ps1.jpg\",\"width\":1884,\"height\":678},{\"@type\":\"BreadcrumbList\",\"@id\":\"https:\\\/\\\/m8.mech.pk.edu.pl\\\/index.php\\\/2021\\\/04\\\/15\\\/konferencja-pojazdy-szynowe-doceniona-przez-komisje-europejska\\\/#breadcrumb\",\"itemListElement\":[{\"@type\":\"ListItem\",\"position\":1,\"name\":\"Strona g\u0142\u00f3wna\",\"item\":\"https:\\\/\\\/m8.mech.pk.edu.pl\\\/\"},{\"@type\":\"ListItem\",\"position\":2,\"name\":\"Konferencja &#8222;Pojazdy Szynowe&#8221; doceniona przez Komisj\u0119 Europejsk\u0105\"}]},{\"@type\":\"WebSite\",\"@id\":\"https:\\\/\\\/m8.mech.pk.edu.pl\\\/#website\",\"url\":\"https:\\\/\\\/m8.mech.pk.edu.pl\\\/\",\"name\":\"Katedra Pojazd\u00f3w Szynowych i Transportu\",\"description\":\"Katedra Pojazd\u00f3w Szynowych i Transportu Politechniki Krakowskiej na Wydziale Mechanicznym\",\"publisher\":{\"@id\":\"https:\\\/\\\/m8.mech.pk.edu.pl\\\/#organization\"},\"potentialAction\":[{\"@type\":\"SearchAction\",\"target\":{\"@type\":\"EntryPoint\",\"urlTemplate\":\"https:\\\/\\\/m8.mech.pk.edu.pl\\\/?s={search_term_string}\"},\"query-input\":{\"@type\":\"PropertyValueSpecification\",\"valueRequired\":true,\"valueName\":\"search_term_string\"}}],\"inLanguage\":\"pl-PL\"},{\"@type\":\"Organization\",\"@id\":\"https:\\\/\\\/m8.mech.pk.edu.pl\\\/#organization\",\"name\":\"Katedra Pojazd\u00f3w Szynowych\",\"url\":\"https:\\\/\\\/m8.mech.pk.edu.pl\\\/\",\"logo\":{\"@type\":\"ImageObject\",\"inLanguage\":\"pl-PL\",\"@id\":\"https:\\\/\\\/m8.mech.pk.edu.pl\\\/#\\\/schema\\\/logo\\\/image\\\/\",\"url\":\"https:\\\/\\\/m8.mech.pk.edu.pl\\\/wp-content\\\/uploads\\\/2021\\\/01\\\/logo-mail-kpsit.png\",\"contentUrl\":\"https:\\\/\\\/m8.mech.pk.edu.pl\\\/wp-content\\\/uploads\\\/2021\\\/01\\\/logo-mail-kpsit.png\",\"width\":300,\"height\":119,\"caption\":\"Katedra Pojazd\u00f3w Szynowych\"},\"image\":{\"@id\":\"https:\\\/\\\/m8.mech.pk.edu.pl\\\/#\\\/schema\\\/logo\\\/image\\\/\"},\"sameAs\":[\"https:\\\/\\\/facebook.com\\\/KPSzTPK\",\"https:\\\/\\\/www.youtube.com\\\/channel\\\/UCen3PQ3fl3ry92o_lHkyVaQ\"]},{\"@type\":\"Person\",\"@id\":\"https:\\\/\\\/m8.mech.pk.edu.pl\\\/#\\\/schema\\\/person\\\/d8f6c9a11add49a79e366c6d4261d14e\",\"name\":\"Maciej\",\"image\":{\"@type\":\"ImageObject\",\"inLanguage\":\"pl-PL\",\"@id\":\"https:\\\/\\\/secure.gravatar.com\\\/avatar\\\/5a17b3a5a44d4dca9d48ed0eccafb488c6c54063f627f848184a92807a97590b?s=96&d=mm&r=g\",\"url\":\"https:\\\/\\\/secure.gravatar.com\\\/avatar\\\/5a17b3a5a44d4dca9d48ed0eccafb488c6c54063f627f848184a92807a97590b?s=96&d=mm&r=g\",\"contentUrl\":\"https:\\\/\\\/secure.gravatar.com\\\/avatar\\\/5a17b3a5a44d4dca9d48ed0eccafb488c6c54063f627f848184a92807a97590b?s=96&d=mm&r=g\",\"caption\":\"Maciej\"}}]}<\/script>\n<!-- \/ Yoast SEO plugin. -->","yoast_head_json":{"title":"Konferencja \"Pojazdy Szynowe\" doceniona przez Komisj\u0119 Europejsk\u0105 - Katedra Pojazd\u00f3w Szynowych i Transportu","robots":{"index":"index","follow":"follow","max-snippet":"max-snippet:-1","max-image-preview":"max-image-preview:large","max-video-preview":"max-video-preview:-1"},"canonical":"https:\/\/m8.mech.pk.edu.pl\/index.php\/2021\/04\/15\/konferencja-pojazdy-szynowe-doceniona-przez-komisje-europejska\/","og_locale":"pl_PL","og_type":"article","og_title":"Konferencja \"Pojazdy Szynowe\" doceniona przez Komisj\u0119 Europejsk\u0105 - Katedra Pojazd\u00f3w Szynowych i Transportu","og_description":"Z przyjemno\u015bci\u0105 informujemy, \u017ce XXIV Konferencja Naukowa POJAZDY SZYNOWE, organizowana przez nasz\u0105 Katedr\u0119, &nbsp; pod patronatem Rektora Politechniki Krakowskiej prof. dr hab. in\u017c. arch. Andrzeja Bia\u0142kiewicza, zosta\u0142a uznana przez Komisj\u0119 Europejsk\u0105 (DG MOVE) jako wydarzenie promuj\u0105ce Europejski Rok Kolei (szczeg\u00f3\u0142y tutaj). Jego celem jest promowanie kolei jako zr\u00f3wnowa\u017conego, inteligentnego i bezpiecznego \u015brodka transportu. Wzrost popularno\u015bci [&hellip;]","og_url":"https:\/\/m8.mech.pk.edu.pl\/index.php\/2021\/04\/15\/konferencja-pojazdy-szynowe-doceniona-przez-komisje-europejska\/","og_site_name":"Katedra Pojazd\u00f3w Szynowych i Transportu","article_publisher":"https:\/\/facebook.com\/KPSzTPK","article_published_time":"2021-04-15T19:46:56+00:00","article_modified_time":"2021-04-15T19:50:43+00:00","og_image":[{"width":1884,"height":678,"url":"https:\/\/m8.mech.pk.edu.pl\/wp-content\/uploads\/2021\/04\/ke-ps1.jpg","type":"image\/jpeg"}],"author":"Maciej","twitter_card":"summary_large_image","twitter_misc":{"Napisane przez":"Maciej","Szacowany czas czytania":"1 minuta"},"schema":{"@context":"https:\/\/schema.org","@graph":[{"@type":"Article","@id":"https:\/\/m8.mech.pk.edu.pl\/index.php\/2021\/04\/15\/konferencja-pojazdy-szynowe-doceniona-przez-komisje-europejska\/#article","isPartOf":{"@id":"https:\/\/m8.mech.pk.edu.pl\/index.php\/2021\/04\/15\/konferencja-pojazdy-szynowe-doceniona-przez-komisje-europejska\/"},"author":{"name":"Maciej","@id":"https:\/\/m8.mech.pk.edu.pl\/#\/schema\/person\/d8f6c9a11add49a79e366c6d4261d14e"},"headline":"Konferencja &#8222;Pojazdy Szynowe&#8221; doceniona przez Komisj\u0119 Europejsk\u0105","datePublished":"2021-04-15T19:46:56+00:00","dateModified":"2021-04-15T19:50:43+00:00","mainEntityOfPage":{"@id":"https:\/\/m8.mech.pk.edu.pl\/index.php\/2021\/04\/15\/konferencja-pojazdy-szynowe-doceniona-przez-komisje-europejska\/"},"wordCount":162,"publisher":{"@id":"https:\/\/m8.mech.pk.edu.pl\/#organization"},"image":{"@id":"https:\/\/m8.mech.pk.edu.pl\/index.php\/2021\/04\/15\/konferencja-pojazdy-szynowe-doceniona-przez-komisje-europejska\/#primaryimage"},"thumbnailUrl":"https:\/\/m8.mech.pk.edu.pl\/wp-content\/uploads\/2021\/04\/ke-ps1.jpg","inLanguage":"pl-PL"},{"@type":"WebPage","@id":"https:\/\/m8.mech.pk.edu.pl\/index.php\/2021\/04\/15\/konferencja-pojazdy-szynowe-doceniona-przez-komisje-europejska\/","url":"https:\/\/m8.mech.pk.edu.pl\/index.php\/2021\/04\/15\/konferencja-pojazdy-szynowe-doceniona-przez-komisje-europejska\/","name":"Konferencja \"Pojazdy Szynowe\" doceniona przez Komisj\u0119 Europejsk\u0105 - Katedra Pojazd\u00f3w Szynowych i Transportu","isPartOf":{"@id":"https:\/\/m8.mech.pk.edu.pl\/#website"},"primaryImageOfPage":{"@id":"https:\/\/m8.mech.pk.edu.pl\/index.php\/2021\/04\/15\/konferencja-pojazdy-szynowe-doceniona-przez-komisje-europejska\/#primaryimage"},"image":{"@id":"https:\/\/m8.mech.pk.edu.pl\/index.php\/2021\/04\/15\/konferencja-pojazdy-szynowe-doceniona-przez-komisje-europejska\/#primaryimage"},"thumbnailUrl":"https:\/\/m8.mech.pk.edu.pl\/wp-content\/uploads\/2021\/04\/ke-ps1.jpg","datePublished":"2021-04-15T19:46:56+00:00","dateModified":"2021-04-15T19:50:43+00:00","breadcrumb":{"@id":"https:\/\/m8.mech.pk.edu.pl\/index.php\/2021\/04\/15\/konferencja-pojazdy-szynowe-doceniona-przez-komisje-europejska\/#breadcrumb"},"inLanguage":"pl-PL","potentialAction":[{"@type":"ReadAction","target":["https:\/\/m8.mech.pk.edu.pl\/index.php\/2021\/04\/15\/konferencja-pojazdy-szynowe-doceniona-przez-komisje-europejska\/"]}]},{"@type":"ImageObject","inLanguage":"pl-PL","@id":"https:\/\/m8.mech.pk.edu.pl\/index.php\/2021\/04\/15\/konferencja-pojazdy-szynowe-doceniona-przez-komisje-europejska\/#primaryimage","url":"https:\/\/m8.mech.pk.edu.pl\/wp-content\/uploads\/2021\/04\/ke-ps1.jpg","contentUrl":"https:\/\/m8.mech.pk.edu.pl\/wp-content\/uploads\/2021\/04\/ke-ps1.jpg","width":1884,"height":678},{"@type":"BreadcrumbList","@id":"https:\/\/m8.mech.pk.edu.pl\/index.php\/2021\/04\/15\/konferencja-pojazdy-szynowe-doceniona-przez-komisje-europejska\/#breadcrumb","itemListElement":[{"@type":"ListItem","position":1,"name":"Strona g\u0142\u00f3wna","item":"https:\/\/m8.mech.pk.edu.pl\/"},{"@type":"ListItem","position":2,"name":"Konferencja &#8222;Pojazdy Szynowe&#8221; doceniona przez Komisj\u0119 Europejsk\u0105"}]},{"@type":"WebSite","@id":"https:\/\/m8.mech.pk.edu.pl\/#website","url":"https:\/\/m8.mech.pk.edu.pl\/","name":"Katedra Pojazd\u00f3w Szynowych i Transportu","description":"Katedra Pojazd\u00f3w Szynowych i Transportu Politechniki Krakowskiej na Wydziale Mechanicznym","publisher":{"@id":"https:\/\/m8.mech.pk.edu.pl\/#organization"},"potentialAction":[{"@type":"SearchAction","target":{"@type":"EntryPoint","urlTemplate":"https:\/\/m8.mech.pk.edu.pl\/?s={search_term_string}"},"query-input":{"@type":"PropertyValueSpecification","valueRequired":true,"valueName":"search_term_string"}}],"inLanguage":"pl-PL"},{"@type":"Organization","@id":"https:\/\/m8.mech.pk.edu.pl\/#organization","name":"Katedra Pojazd\u00f3w Szynowych","url":"https:\/\/m8.mech.pk.edu.pl\/","logo":{"@type":"ImageObject","inLanguage":"pl-PL","@id":"https:\/\/m8.mech.pk.edu.pl\/#\/schema\/logo\/image\/","url":"https:\/\/m8.mech.pk.edu.pl\/wp-content\/uploads\/2021\/01\/logo-mail-kpsit.png","contentUrl":"https:\/\/m8.mech.pk.edu.pl\/wp-content\/uploads\/2021\/01\/logo-mail-kpsit.png","width":300,"height":119,"caption":"Katedra Pojazd\u00f3w Szynowych"},"image":{"@id":"https:\/\/m8.mech.pk.edu.pl\/#\/schema\/logo\/image\/"},"sameAs":["https:\/\/facebook.com\/KPSzTPK","https:\/\/www.youtube.com\/channel\/UCen3PQ3fl3ry92o_lHkyVaQ"]},{"@type":"Person","@id":"https:\/\/m8.mech.pk.edu.pl\/#\/schema\/person\/d8f6c9a11add49a79e366c6d4261d14e","name":"Maciej","image":{"@type":"ImageObject","inLanguage":"pl-PL","@id":"https:\/\/secure.gravatar.com\/avatar\/5a17b3a5a44d4dca9d48ed0eccafb488c6c54063f627f848184a92807a97590b?s=96&d=mm&r=g","url":"https:\/\/secure.gravatar.com\/avatar\/5a17b3a5a44d4dca9d48ed0eccafb488c6c54063f627f848184a92807a97590b?s=96&d=mm&r=g","contentUrl":"https:\/\/secure.gravatar.com\/avatar\/5a17b3a5a44d4dca9d48ed0eccafb488c6c54063f627f848184a92807a97590b?s=96&d=mm&r=g","caption":"Maciej"}}]}},"_links":{"self":[{"href":"https:\/\/m8.mech.pk.edu.pl\/index.php\/wp-json\/wp\/v2\/posts\/2121","targetHints":{"allow":["GET"]}}],"collection":[{"href":"https:\/\/m8.mech.pk.edu.pl\/index.php\/wp-json\/wp\/v2\/posts"}],"about":[{"href":"https:\/\/m8.mech.pk.edu.pl\/index.php\/wp-json\/wp\/v2\/types\/post"}],"author":[{"embeddable":true,"href":"https:\/\/m8.mech.pk.edu.pl\/index.php\/wp-json\/wp\/v2\/users\/5"}],"replies":[{"embeddable":true,"href":"https:\/\/m8.mech.pk.edu.pl\/index.php\/wp-json\/wp\/v2\/comments?post=2121"}],"version-history":[{"count":4,"href":"https:\/\/m8.mech.pk.edu.pl\/index.php\/wp-json\/wp\/v2\/posts\/2121\/revisions"}],"predecessor-version":[{"id":2128,"href":"https:\/\/m8.mech.pk.edu.pl\/index.php\/wp-json\/wp\/v2\/posts\/2121\/revisions\/2128"}],"wp:featuredmedia":[{"embeddable":true,"href":"https:\/\/m8.mech.pk.edu.pl\/index.php\/wp-json\/wp\/v2\/media\/2122"}],"wp:attachment":[{"href":"https:\/\/m8.mech.pk.edu.pl\/index.php\/wp-json\/wp\/v2\/media?parent=2121"}],"wp:term":[{"taxonomy":"category","embeddable":true,"href":"https:\/\/m8.mech.pk.edu.pl\/index.php\/wp-json\/wp\/v2\/categories?post=2121"},{"taxonomy":"post_tag","embeddable":true,"href":"https:\/\/m8.mech.pk.edu.pl\/index.php\/wp-json\/wp\/v2\/tags?post=2121"}],"curies":[{"name":"wp","href":"https:\/\/api.w.org\/{rel}","templated":true}]}}