{"id":2105,"date":"2021-04-07T18:44:19","date_gmt":"2021-04-07T16:44:19","guid":{"rendered":"https:\/\/m8.mech.pk.edu.pl\/?p=2105"},"modified":"2021-04-07T18:46:01","modified_gmt":"2021-04-07T16:46:01","slug":"projekt-inzynierski-nagrodzony-w-konkursie","status":"publish","type":"post","link":"https:\/\/m8.mech.pk.edu.pl\/index.php\/2021\/04\/07\/projekt-inzynierski-nagrodzony-w-konkursie\/","title":{"rendered":"Projekt in\u017cynierski nagrodzony w konkursie"},"content":{"rendered":"\n<p>Z wielk\u0105 przyjemno\u015bci\u0105 informujemy, \u017ce projekt in\u017cynierski Pana Piotra Cebuli pt.: &#8222;Koncepcja wagonu sypialnego\u201d, zosta\u0142 nagrodzony w konkursie \u201eProjekty wzornicze nowych poci\u0105g\u00f3w klasy Intercity oraz koncepcje us\u0142ug \u015bwiadczonych w czasie podr\u00f3\u017cy\u201d, zorganizowanym przez firmy: PESA Bydgoszcz SA i PKP INTERCITY SA. Konkurs skierowany by\u0142 do m\u0142odych projektant\u00f3w i mia\u0142 na celu wy\u0142onienie najlepszych projekt\u00f3w spe\u0142niaj\u0105cych wymagania przewidziane Regulaminem z uwzgl\u0119dnieniem kryteri\u00f3w dotycz\u0105cych poziomu innowacyjno\u015bci, kompleksowo\u015bci opracowania oraz mo\u017cliwo\u015bci wdro\u017cenia przy realizacji \u201eProgramu budowania potrzeb i do\u015bwiadcze\u0144 u\u017cytkownik\u00f3w w poci\u0105gach Intercity\u201d. Serdecznie gratulujemy.<br>Wi\u0119cej informacji: <a href=\"http:\/\/pesa.pl\/ogloszenie-wynikow-konkursu\/\" target=\"_blank\" rel=\"noreferrer noopener\">http:\/\/pesa.pl\/ogloszenie-wynikow-konkursu\/<\/a><\/p>\n\n\n\n<!--more-->\n\n\n\n<figure class=\"wp-block-gallery columns-2 is-cropped wp-block-gallery-1 is-layout-flex wp-block-gallery-is-layout-flex\"><ul class=\"blocks-gallery-grid\"><li class=\"blocks-gallery-item\"><figure><img loading=\"lazy\" decoding=\"async\" width=\"1024\" height=\"772\" src=\"https:\/\/m8.mech.pk.edu.pl\/wp-content\/uploads\/2021\/04\/proj-wagon1-1024x772.jpg\" alt=\"\" data-id=\"2107\" data-full-url=\"https:\/\/m8.mech.pk.edu.pl\/wp-content\/uploads\/2021\/04\/proj-wagon1.jpg\" data-link=\"https:\/\/m8.mech.pk.edu.pl\/index.php\/2021\/04\/07\/projekt-inzynierski-nagrodzony-w-konkursie\/proj-wagon1\/\" class=\"wp-image-2107\" srcset=\"https:\/\/m8.mech.pk.edu.pl\/wp-content\/uploads\/2021\/04\/proj-wagon1-1024x772.jpg 1024w, https:\/\/m8.mech.pk.edu.pl\/wp-content\/uploads\/2021\/04\/proj-wagon1-300x226.jpg 300w, https:\/\/m8.mech.pk.edu.pl\/wp-content\/uploads\/2021\/04\/proj-wagon1-768x579.jpg 768w, https:\/\/m8.mech.pk.edu.pl\/wp-content\/uploads\/2021\/04\/proj-wagon1.jpg 1512w\" sizes=\"auto, (max-width: 1024px) 100vw, 1024px\" \/><\/figure><\/li><li class=\"blocks-gallery-item\"><figure><img loading=\"lazy\" decoding=\"async\" width=\"1024\" height=\"664\" src=\"https:\/\/m8.mech.pk.edu.pl\/wp-content\/uploads\/2021\/04\/proj-wagon2-1024x664.jpg\" alt=\"\" data-id=\"2108\" data-full-url=\"https:\/\/m8.mech.pk.edu.pl\/wp-content\/uploads\/2021\/04\/proj-wagon2.jpg\" data-link=\"https:\/\/m8.mech.pk.edu.pl\/index.php\/2021\/04\/07\/projekt-inzynierski-nagrodzony-w-konkursie\/proj-wagon2\/\" class=\"wp-image-2108\" srcset=\"https:\/\/m8.mech.pk.edu.pl\/wp-content\/uploads\/2021\/04\/proj-wagon2-1024x664.jpg 1024w, https:\/\/m8.mech.pk.edu.pl\/wp-content\/uploads\/2021\/04\/proj-wagon2-300x195.jpg 300w, https:\/\/m8.mech.pk.edu.pl\/wp-content\/uploads\/2021\/04\/proj-wagon2-768x498.jpg 768w, https:\/\/m8.mech.pk.edu.pl\/wp-content\/uploads\/2021\/04\/proj-wagon2-230x150.jpg 230w, https:\/\/m8.mech.pk.edu.pl\/wp-content\/uploads\/2021\/04\/proj-wagon2.jpg 1219w\" sizes=\"auto, (max-width: 1024px) 100vw, 1024px\" \/><\/figure><\/li><\/ul><\/figure>\n\n\n\n<p><\/p>\n","protected":false},"excerpt":{"rendered":"<p>Z wielk\u0105 przyjemno\u015bci\u0105 informujemy, \u017ce projekt in\u017cynierski Pana Piotra Cebuli pt.: &#8222;Koncepcja wagonu sypialnego\u201d, zosta\u0142 nagrodzony w konkursie \u201eProjekty wzornicze nowych poci\u0105g\u00f3w klasy Intercity oraz koncepcje us\u0142ug \u015bwiadczonych w czasie podr\u00f3\u017cy\u201d, zorganizowanym przez firmy: PESA Bydgoszcz SA i PKP INTERCITY SA. Konkurs skierowany by\u0142 do m\u0142odych projektant\u00f3w i mia\u0142 na celu wy\u0142onienie najlepszych projekt\u00f3w spe\u0142niaj\u0105cych [&hellip;]<\/p>\n","protected":false},"author":5,"featured_media":2108,"comment_status":"closed","ping_status":"open","sticky":false,"template":"","format":"standard","meta":{"footnotes":""},"categories":[1],"tags":[],"class_list":["post-2105","post","type-post","status-publish","format-standard","has-post-thumbnail","hentry","category-bez-kategorii"],"yoast_head":"<!-- This site is optimized with the Yoast SEO plugin v27.5 - https:\/\/yoast.com\/product\/yoast-seo-wordpress\/ -->\n<title>Projekt in\u017cynierski nagrodzony w konkursie - Katedra Pojazd\u00f3w Szynowych i Transportu<\/title>\n<meta name=\"robots\" content=\"index, follow, max-snippet:-1, max-image-preview:large, max-video-preview:-1\" \/>\n<link rel=\"canonical\" href=\"https:\/\/m8.mech.pk.edu.pl\/index.php\/2021\/04\/07\/projekt-inzynierski-nagrodzony-w-konkursie\/\" \/>\n<meta property=\"og:locale\" content=\"pl_PL\" \/>\n<meta property=\"og:type\" content=\"article\" \/>\n<meta property=\"og:title\" content=\"Projekt in\u017cynierski nagrodzony w konkursie - Katedra Pojazd\u00f3w Szynowych i Transportu\" \/>\n<meta property=\"og:description\" content=\"Z wielk\u0105 przyjemno\u015bci\u0105 informujemy, \u017ce projekt in\u017cynierski Pana Piotra Cebuli pt.: &#8222;Koncepcja wagonu sypialnego\u201d, zosta\u0142 nagrodzony w konkursie \u201eProjekty wzornicze nowych poci\u0105g\u00f3w klasy Intercity oraz koncepcje us\u0142ug \u015bwiadczonych w czasie podr\u00f3\u017cy\u201d, zorganizowanym przez firmy: PESA Bydgoszcz SA i PKP INTERCITY SA. Konkurs skierowany by\u0142 do m\u0142odych projektant\u00f3w i mia\u0142 na celu wy\u0142onienie najlepszych projekt\u00f3w spe\u0142niaj\u0105cych [&hellip;]\" \/>\n<meta property=\"og:url\" content=\"https:\/\/m8.mech.pk.edu.pl\/index.php\/2021\/04\/07\/projekt-inzynierski-nagrodzony-w-konkursie\/\" \/>\n<meta property=\"og:site_name\" content=\"Katedra Pojazd\u00f3w Szynowych i Transportu\" \/>\n<meta property=\"article:publisher\" content=\"https:\/\/facebook.com\/KPSzTPK\" \/>\n<meta property=\"article:published_time\" content=\"2021-04-07T16:44:19+00:00\" \/>\n<meta property=\"article:modified_time\" content=\"2021-04-07T16:46:01+00:00\" \/>\n<meta property=\"og:image\" content=\"https:\/\/m8.mech.pk.edu.pl\/wp-content\/uploads\/2021\/04\/proj-wagon2.jpg\" \/>\n\t<meta property=\"og:image:width\" content=\"1219\" \/>\n\t<meta property=\"og:image:height\" content=\"791\" \/>\n\t<meta property=\"og:image:type\" content=\"image\/jpeg\" \/>\n<meta name=\"author\" content=\"Maciej\" \/>\n<meta name=\"twitter:card\" content=\"summary_large_image\" \/>\n<meta name=\"twitter:label1\" content=\"Napisane przez\" \/>\n\t<meta name=\"twitter:data1\" content=\"Maciej\" \/>\n\t<meta name=\"twitter:label2\" content=\"Szacowany czas czytania\" \/>\n\t<meta name=\"twitter:data2\" content=\"1 minuta\" \/>\n<script type=\"application\/ld+json\" class=\"yoast-schema-graph\">{\"@context\":\"https:\\\/\\\/schema.org\",\"@graph\":[{\"@type\":\"Article\",\"@id\":\"https:\\\/\\\/m8.mech.pk.edu.pl\\\/index.php\\\/2021\\\/04\\\/07\\\/projekt-inzynierski-nagrodzony-w-konkursie\\\/#article\",\"isPartOf\":{\"@id\":\"https:\\\/\\\/m8.mech.pk.edu.pl\\\/index.php\\\/2021\\\/04\\\/07\\\/projekt-inzynierski-nagrodzony-w-konkursie\\\/\"},\"author\":{\"name\":\"Maciej\",\"@id\":\"https:\\\/\\\/m8.mech.pk.edu.pl\\\/#\\\/schema\\\/person\\\/d8f6c9a11add49a79e366c6d4261d14e\"},\"headline\":\"Projekt in\u017cynierski nagrodzony w konkursie\",\"datePublished\":\"2021-04-07T16:44:19+00:00\",\"dateModified\":\"2021-04-07T16:46:01+00:00\",\"mainEntityOfPage\":{\"@id\":\"https:\\\/\\\/m8.mech.pk.edu.pl\\\/index.php\\\/2021\\\/04\\\/07\\\/projekt-inzynierski-nagrodzony-w-konkursie\\\/\"},\"wordCount\":119,\"publisher\":{\"@id\":\"https:\\\/\\\/m8.mech.pk.edu.pl\\\/#organization\"},\"image\":{\"@id\":\"https:\\\/\\\/m8.mech.pk.edu.pl\\\/index.php\\\/2021\\\/04\\\/07\\\/projekt-inzynierski-nagrodzony-w-konkursie\\\/#primaryimage\"},\"thumbnailUrl\":\"https:\\\/\\\/m8.mech.pk.edu.pl\\\/wp-content\\\/uploads\\\/2021\\\/04\\\/proj-wagon2.jpg\",\"inLanguage\":\"pl-PL\"},{\"@type\":\"WebPage\",\"@id\":\"https:\\\/\\\/m8.mech.pk.edu.pl\\\/index.php\\\/2021\\\/04\\\/07\\\/projekt-inzynierski-nagrodzony-w-konkursie\\\/\",\"url\":\"https:\\\/\\\/m8.mech.pk.edu.pl\\\/index.php\\\/2021\\\/04\\\/07\\\/projekt-inzynierski-nagrodzony-w-konkursie\\\/\",\"name\":\"Projekt in\u017cynierski nagrodzony w konkursie - Katedra Pojazd\u00f3w Szynowych i Transportu\",\"isPartOf\":{\"@id\":\"https:\\\/\\\/m8.mech.pk.edu.pl\\\/#website\"},\"primaryImageOfPage\":{\"@id\":\"https:\\\/\\\/m8.mech.pk.edu.pl\\\/index.php\\\/2021\\\/04\\\/07\\\/projekt-inzynierski-nagrodzony-w-konkursie\\\/#primaryimage\"},\"image\":{\"@id\":\"https:\\\/\\\/m8.mech.pk.edu.pl\\\/index.php\\\/2021\\\/04\\\/07\\\/projekt-inzynierski-nagrodzony-w-konkursie\\\/#primaryimage\"},\"thumbnailUrl\":\"https:\\\/\\\/m8.mech.pk.edu.pl\\\/wp-content\\\/uploads\\\/2021\\\/04\\\/proj-wagon2.jpg\",\"datePublished\":\"2021-04-07T16:44:19+00:00\",\"dateModified\":\"2021-04-07T16:46:01+00:00\",\"breadcrumb\":{\"@id\":\"https:\\\/\\\/m8.mech.pk.edu.pl\\\/index.php\\\/2021\\\/04\\\/07\\\/projekt-inzynierski-nagrodzony-w-konkursie\\\/#breadcrumb\"},\"inLanguage\":\"pl-PL\",\"potentialAction\":[{\"@type\":\"ReadAction\",\"target\":[\"https:\\\/\\\/m8.mech.pk.edu.pl\\\/index.php\\\/2021\\\/04\\\/07\\\/projekt-inzynierski-nagrodzony-w-konkursie\\\/\"]}]},{\"@type\":\"ImageObject\",\"inLanguage\":\"pl-PL\",\"@id\":\"https:\\\/\\\/m8.mech.pk.edu.pl\\\/index.php\\\/2021\\\/04\\\/07\\\/projekt-inzynierski-nagrodzony-w-konkursie\\\/#primaryimage\",\"url\":\"https:\\\/\\\/m8.mech.pk.edu.pl\\\/wp-content\\\/uploads\\\/2021\\\/04\\\/proj-wagon2.jpg\",\"contentUrl\":\"https:\\\/\\\/m8.mech.pk.edu.pl\\\/wp-content\\\/uploads\\\/2021\\\/04\\\/proj-wagon2.jpg\",\"width\":1219,\"height\":791},{\"@type\":\"BreadcrumbList\",\"@id\":\"https:\\\/\\\/m8.mech.pk.edu.pl\\\/index.php\\\/2021\\\/04\\\/07\\\/projekt-inzynierski-nagrodzony-w-konkursie\\\/#breadcrumb\",\"itemListElement\":[{\"@type\":\"ListItem\",\"position\":1,\"name\":\"Strona g\u0142\u00f3wna\",\"item\":\"https:\\\/\\\/m8.mech.pk.edu.pl\\\/\"},{\"@type\":\"ListItem\",\"position\":2,\"name\":\"Projekt in\u017cynierski nagrodzony w konkursie\"}]},{\"@type\":\"WebSite\",\"@id\":\"https:\\\/\\\/m8.mech.pk.edu.pl\\\/#website\",\"url\":\"https:\\\/\\\/m8.mech.pk.edu.pl\\\/\",\"name\":\"Katedra Pojazd\u00f3w Szynowych i Transportu\",\"description\":\"Katedra Pojazd\u00f3w Szynowych i Transportu Politechniki Krakowskiej na Wydziale Mechanicznym\",\"publisher\":{\"@id\":\"https:\\\/\\\/m8.mech.pk.edu.pl\\\/#organization\"},\"potentialAction\":[{\"@type\":\"SearchAction\",\"target\":{\"@type\":\"EntryPoint\",\"urlTemplate\":\"https:\\\/\\\/m8.mech.pk.edu.pl\\\/?s={search_term_string}\"},\"query-input\":{\"@type\":\"PropertyValueSpecification\",\"valueRequired\":true,\"valueName\":\"search_term_string\"}}],\"inLanguage\":\"pl-PL\"},{\"@type\":\"Organization\",\"@id\":\"https:\\\/\\\/m8.mech.pk.edu.pl\\\/#organization\",\"name\":\"Katedra Pojazd\u00f3w Szynowych\",\"url\":\"https:\\\/\\\/m8.mech.pk.edu.pl\\\/\",\"logo\":{\"@type\":\"ImageObject\",\"inLanguage\":\"pl-PL\",\"@id\":\"https:\\\/\\\/m8.mech.pk.edu.pl\\\/#\\\/schema\\\/logo\\\/image\\\/\",\"url\":\"https:\\\/\\\/m8.mech.pk.edu.pl\\\/wp-content\\\/uploads\\\/2021\\\/01\\\/logo-mail-kpsit.png\",\"contentUrl\":\"https:\\\/\\\/m8.mech.pk.edu.pl\\\/wp-content\\\/uploads\\\/2021\\\/01\\\/logo-mail-kpsit.png\",\"width\":300,\"height\":119,\"caption\":\"Katedra Pojazd\u00f3w Szynowych\"},\"image\":{\"@id\":\"https:\\\/\\\/m8.mech.pk.edu.pl\\\/#\\\/schema\\\/logo\\\/image\\\/\"},\"sameAs\":[\"https:\\\/\\\/facebook.com\\\/KPSzTPK\",\"https:\\\/\\\/www.youtube.com\\\/channel\\\/UCen3PQ3fl3ry92o_lHkyVaQ\"]},{\"@type\":\"Person\",\"@id\":\"https:\\\/\\\/m8.mech.pk.edu.pl\\\/#\\\/schema\\\/person\\\/d8f6c9a11add49a79e366c6d4261d14e\",\"name\":\"Maciej\",\"image\":{\"@type\":\"ImageObject\",\"inLanguage\":\"pl-PL\",\"@id\":\"https:\\\/\\\/secure.gravatar.com\\\/avatar\\\/5a17b3a5a44d4dca9d48ed0eccafb488c6c54063f627f848184a92807a97590b?s=96&d=mm&r=g\",\"url\":\"https:\\\/\\\/secure.gravatar.com\\\/avatar\\\/5a17b3a5a44d4dca9d48ed0eccafb488c6c54063f627f848184a92807a97590b?s=96&d=mm&r=g\",\"contentUrl\":\"https:\\\/\\\/secure.gravatar.com\\\/avatar\\\/5a17b3a5a44d4dca9d48ed0eccafb488c6c54063f627f848184a92807a97590b?s=96&d=mm&r=g\",\"caption\":\"Maciej\"}}]}<\/script>\n<!-- \/ Yoast SEO plugin. -->","yoast_head_json":{"title":"Projekt in\u017cynierski nagrodzony w konkursie - Katedra Pojazd\u00f3w Szynowych i Transportu","robots":{"index":"index","follow":"follow","max-snippet":"max-snippet:-1","max-image-preview":"max-image-preview:large","max-video-preview":"max-video-preview:-1"},"canonical":"https:\/\/m8.mech.pk.edu.pl\/index.php\/2021\/04\/07\/projekt-inzynierski-nagrodzony-w-konkursie\/","og_locale":"pl_PL","og_type":"article","og_title":"Projekt in\u017cynierski nagrodzony w konkursie - Katedra Pojazd\u00f3w Szynowych i Transportu","og_description":"Z wielk\u0105 przyjemno\u015bci\u0105 informujemy, \u017ce projekt in\u017cynierski Pana Piotra Cebuli pt.: &#8222;Koncepcja wagonu sypialnego\u201d, zosta\u0142 nagrodzony w konkursie \u201eProjekty wzornicze nowych poci\u0105g\u00f3w klasy Intercity oraz koncepcje us\u0142ug \u015bwiadczonych w czasie podr\u00f3\u017cy\u201d, zorganizowanym przez firmy: PESA Bydgoszcz SA i PKP INTERCITY SA. Konkurs skierowany by\u0142 do m\u0142odych projektant\u00f3w i mia\u0142 na celu wy\u0142onienie najlepszych projekt\u00f3w spe\u0142niaj\u0105cych [&hellip;]","og_url":"https:\/\/m8.mech.pk.edu.pl\/index.php\/2021\/04\/07\/projekt-inzynierski-nagrodzony-w-konkursie\/","og_site_name":"Katedra Pojazd\u00f3w Szynowych i Transportu","article_publisher":"https:\/\/facebook.com\/KPSzTPK","article_published_time":"2021-04-07T16:44:19+00:00","article_modified_time":"2021-04-07T16:46:01+00:00","og_image":[{"width":1219,"height":791,"url":"https:\/\/m8.mech.pk.edu.pl\/wp-content\/uploads\/2021\/04\/proj-wagon2.jpg","type":"image\/jpeg"}],"author":"Maciej","twitter_card":"summary_large_image","twitter_misc":{"Napisane przez":"Maciej","Szacowany czas czytania":"1 minuta"},"schema":{"@context":"https:\/\/schema.org","@graph":[{"@type":"Article","@id":"https:\/\/m8.mech.pk.edu.pl\/index.php\/2021\/04\/07\/projekt-inzynierski-nagrodzony-w-konkursie\/#article","isPartOf":{"@id":"https:\/\/m8.mech.pk.edu.pl\/index.php\/2021\/04\/07\/projekt-inzynierski-nagrodzony-w-konkursie\/"},"author":{"name":"Maciej","@id":"https:\/\/m8.mech.pk.edu.pl\/#\/schema\/person\/d8f6c9a11add49a79e366c6d4261d14e"},"headline":"Projekt in\u017cynierski nagrodzony w konkursie","datePublished":"2021-04-07T16:44:19+00:00","dateModified":"2021-04-07T16:46:01+00:00","mainEntityOfPage":{"@id":"https:\/\/m8.mech.pk.edu.pl\/index.php\/2021\/04\/07\/projekt-inzynierski-nagrodzony-w-konkursie\/"},"wordCount":119,"publisher":{"@id":"https:\/\/m8.mech.pk.edu.pl\/#organization"},"image":{"@id":"https:\/\/m8.mech.pk.edu.pl\/index.php\/2021\/04\/07\/projekt-inzynierski-nagrodzony-w-konkursie\/#primaryimage"},"thumbnailUrl":"https:\/\/m8.mech.pk.edu.pl\/wp-content\/uploads\/2021\/04\/proj-wagon2.jpg","inLanguage":"pl-PL"},{"@type":"WebPage","@id":"https:\/\/m8.mech.pk.edu.pl\/index.php\/2021\/04\/07\/projekt-inzynierski-nagrodzony-w-konkursie\/","url":"https:\/\/m8.mech.pk.edu.pl\/index.php\/2021\/04\/07\/projekt-inzynierski-nagrodzony-w-konkursie\/","name":"Projekt in\u017cynierski nagrodzony w konkursie - Katedra Pojazd\u00f3w Szynowych i Transportu","isPartOf":{"@id":"https:\/\/m8.mech.pk.edu.pl\/#website"},"primaryImageOfPage":{"@id":"https:\/\/m8.mech.pk.edu.pl\/index.php\/2021\/04\/07\/projekt-inzynierski-nagrodzony-w-konkursie\/#primaryimage"},"image":{"@id":"https:\/\/m8.mech.pk.edu.pl\/index.php\/2021\/04\/07\/projekt-inzynierski-nagrodzony-w-konkursie\/#primaryimage"},"thumbnailUrl":"https:\/\/m8.mech.pk.edu.pl\/wp-content\/uploads\/2021\/04\/proj-wagon2.jpg","datePublished":"2021-04-07T16:44:19+00:00","dateModified":"2021-04-07T16:46:01+00:00","breadcrumb":{"@id":"https:\/\/m8.mech.pk.edu.pl\/index.php\/2021\/04\/07\/projekt-inzynierski-nagrodzony-w-konkursie\/#breadcrumb"},"inLanguage":"pl-PL","potentialAction":[{"@type":"ReadAction","target":["https:\/\/m8.mech.pk.edu.pl\/index.php\/2021\/04\/07\/projekt-inzynierski-nagrodzony-w-konkursie\/"]}]},{"@type":"ImageObject","inLanguage":"pl-PL","@id":"https:\/\/m8.mech.pk.edu.pl\/index.php\/2021\/04\/07\/projekt-inzynierski-nagrodzony-w-konkursie\/#primaryimage","url":"https:\/\/m8.mech.pk.edu.pl\/wp-content\/uploads\/2021\/04\/proj-wagon2.jpg","contentUrl":"https:\/\/m8.mech.pk.edu.pl\/wp-content\/uploads\/2021\/04\/proj-wagon2.jpg","width":1219,"height":791},{"@type":"BreadcrumbList","@id":"https:\/\/m8.mech.pk.edu.pl\/index.php\/2021\/04\/07\/projekt-inzynierski-nagrodzony-w-konkursie\/#breadcrumb","itemListElement":[{"@type":"ListItem","position":1,"name":"Strona g\u0142\u00f3wna","item":"https:\/\/m8.mech.pk.edu.pl\/"},{"@type":"ListItem","position":2,"name":"Projekt in\u017cynierski nagrodzony w konkursie"}]},{"@type":"WebSite","@id":"https:\/\/m8.mech.pk.edu.pl\/#website","url":"https:\/\/m8.mech.pk.edu.pl\/","name":"Katedra Pojazd\u00f3w Szynowych i Transportu","description":"Katedra Pojazd\u00f3w Szynowych i Transportu Politechniki Krakowskiej na Wydziale Mechanicznym","publisher":{"@id":"https:\/\/m8.mech.pk.edu.pl\/#organization"},"potentialAction":[{"@type":"SearchAction","target":{"@type":"EntryPoint","urlTemplate":"https:\/\/m8.mech.pk.edu.pl\/?s={search_term_string}"},"query-input":{"@type":"PropertyValueSpecification","valueRequired":true,"valueName":"search_term_string"}}],"inLanguage":"pl-PL"},{"@type":"Organization","@id":"https:\/\/m8.mech.pk.edu.pl\/#organization","name":"Katedra Pojazd\u00f3w Szynowych","url":"https:\/\/m8.mech.pk.edu.pl\/","logo":{"@type":"ImageObject","inLanguage":"pl-PL","@id":"https:\/\/m8.mech.pk.edu.pl\/#\/schema\/logo\/image\/","url":"https:\/\/m8.mech.pk.edu.pl\/wp-content\/uploads\/2021\/01\/logo-mail-kpsit.png","contentUrl":"https:\/\/m8.mech.pk.edu.pl\/wp-content\/uploads\/2021\/01\/logo-mail-kpsit.png","width":300,"height":119,"caption":"Katedra Pojazd\u00f3w Szynowych"},"image":{"@id":"https:\/\/m8.mech.pk.edu.pl\/#\/schema\/logo\/image\/"},"sameAs":["https:\/\/facebook.com\/KPSzTPK","https:\/\/www.youtube.com\/channel\/UCen3PQ3fl3ry92o_lHkyVaQ"]},{"@type":"Person","@id":"https:\/\/m8.mech.pk.edu.pl\/#\/schema\/person\/d8f6c9a11add49a79e366c6d4261d14e","name":"Maciej","image":{"@type":"ImageObject","inLanguage":"pl-PL","@id":"https:\/\/secure.gravatar.com\/avatar\/5a17b3a5a44d4dca9d48ed0eccafb488c6c54063f627f848184a92807a97590b?s=96&d=mm&r=g","url":"https:\/\/secure.gravatar.com\/avatar\/5a17b3a5a44d4dca9d48ed0eccafb488c6c54063f627f848184a92807a97590b?s=96&d=mm&r=g","contentUrl":"https:\/\/secure.gravatar.com\/avatar\/5a17b3a5a44d4dca9d48ed0eccafb488c6c54063f627f848184a92807a97590b?s=96&d=mm&r=g","caption":"Maciej"}}]}},"_links":{"self":[{"href":"https:\/\/m8.mech.pk.edu.pl\/index.php\/wp-json\/wp\/v2\/posts\/2105","targetHints":{"allow":["GET"]}}],"collection":[{"href":"https:\/\/m8.mech.pk.edu.pl\/index.php\/wp-json\/wp\/v2\/posts"}],"about":[{"href":"https:\/\/m8.mech.pk.edu.pl\/index.php\/wp-json\/wp\/v2\/types\/post"}],"author":[{"embeddable":true,"href":"https:\/\/m8.mech.pk.edu.pl\/index.php\/wp-json\/wp\/v2\/users\/5"}],"replies":[{"embeddable":true,"href":"https:\/\/m8.mech.pk.edu.pl\/index.php\/wp-json\/wp\/v2\/comments?post=2105"}],"version-history":[{"count":3,"href":"https:\/\/m8.mech.pk.edu.pl\/index.php\/wp-json\/wp\/v2\/posts\/2105\/revisions"}],"predecessor-version":[{"id":2111,"href":"https:\/\/m8.mech.pk.edu.pl\/index.php\/wp-json\/wp\/v2\/posts\/2105\/revisions\/2111"}],"wp:featuredmedia":[{"embeddable":true,"href":"https:\/\/m8.mech.pk.edu.pl\/index.php\/wp-json\/wp\/v2\/media\/2108"}],"wp:attachment":[{"href":"https:\/\/m8.mech.pk.edu.pl\/index.php\/wp-json\/wp\/v2\/media?parent=2105"}],"wp:term":[{"taxonomy":"category","embeddable":true,"href":"https:\/\/m8.mech.pk.edu.pl\/index.php\/wp-json\/wp\/v2\/categories?post=2105"},{"taxonomy":"post_tag","embeddable":true,"href":"https:\/\/m8.mech.pk.edu.pl\/index.php\/wp-json\/wp\/v2\/tags?post=2105"}],"curies":[{"name":"wp","href":"https:\/\/api.w.org\/{rel}","templated":true}]}}